{"id":327568,"date":"2024-04-28T09:36:58","date_gmt":"2024-04-28T12:36:58","guid":{"rendered":"https:\/\/www.notibras.com\/site\/?p=327568"},"modified":"2024-04-28T09:36:58","modified_gmt":"2024-04-28T12:36:58","slug":"meioca-a-cachorra-que-me-acompanhou-por-anos","status":"publish","type":"post","link":"https:\/\/www.notibras.com\/site\/meioca-a-cachorra-que-me-acompanhou-por-anos\/","title":{"rendered":"Meioca, a cachorra que me acompanhou por anos"},"content":{"rendered":"<p>Minha av\u00f3 chegou carregando uma caixa de sapatos. Pela apar\u00eancia gasta, imaginei que receberia mais um novo velho par de algum primo, j\u00e1 que eu havia nascido com a sina dos mais novos: herdar roupas e cal\u00e7ados que j\u00e1 n\u00e3o serviam nos maiores.<\/p>\n<p>Ela me estendeu a caixa, que peguei provavelmente com um sorriso for\u00e7ado nos l\u00e1bios. No entanto, logo percebi que algo se mexia ali dentro. Curioso que era, tratei logo de tirar a tampa e me deparei com uma linda cadelinha quase toda marrom, caso n\u00e3o fosse por aquelas manchas nas patas, que pareciam luvas e meias.<\/p>\n<p>N\u00e3o me contive e a peguei no colo e encostamos nariz com nariz. O dela era de um geladinho, que, a princ\u00edpio, me reportou aos cubos de gelo que mam\u00e3e adorava mastigar. Entretanto, quase ao mesmo tempo, senti aquele cheiro, verdadeiro fetiche que os filhotes de cachorro despertam at\u00e9 mesmo no mais insens\u00edvel cora\u00e7\u00e3o de n\u00f3s, meros humanos.<\/p>\n<p>Minha tia Doroteia se aproximou e me perguntou que nome eu daria para a minha cachorrinha. Pipocaram sugest\u00f5es de todas as bocas presentes: Princesa, Luna, Diana, Safira&#8230; At\u00e9 que minha av\u00f3, do alto da sua perspic\u00e1cia, tocou os p\u00e9s da minha, a partir daquele momento, maior companheira. N\u00e3o tive d\u00favida e balbuciei, quase ao mesmo tempo em que os l\u00e1bios da minha av\u00f3 se mexiam: Meioca.<\/p>\n<p>&#8211; Meioca? Que nome esquisito! &#8211; disse tia Doroteia.<\/p>\n<p>&#8211; Meioca, sim! Se o Gustavinho escolheu, t\u00e1 escolhido! &#8211; minha v\u00f3 falou e, logo, todos entenderam que estava falado.<\/p>\n<p>Dos meus 8 aos 21, Meioca e eu passamos a maior parte do tempo juntos. \u00c9 verdade que, assim que passei no vestibular, nossas brincadeiras se tornaram menos frequentes, mesmo porque fui morar na cidade vizinha. Mas, sempre que voltava para casa, \u00edamos ao lago nos refrescar. E, nos seus \u00faltimos meses de vida, eu a carregava no colo e sent\u00e1vamos debaixo de uma mangueira, cujas ra\u00edzes tocavam as margens, como se dedos fossem.<\/p>\n<p>Meioca j\u00e1 n\u00e3o possu\u00eda aquele vigor, mas seus olhos, apesar de cada vez mais tomados pela catarata, continuavam a me acompanhar, como se me protegendo de algo enquanto eu dava um mergulho. Era n\u00edtido seu al\u00edvio quando eu retornava para seu lado, tamanha sua euforia. Divid\u00edamos um sandu\u00edche de carne, at\u00e9 que a tarde se esva\u00eda e eu tomava minha amiga nos bra\u00e7os e retorn\u00e1vamos para casa, onde nos esparram\u00e1vamos no sof\u00e1 e devor\u00e1vamos uma bacia cheia de pipoca, enquanto assist\u00edamos a mais um programa sobre a vida selvagem.<\/p>\n<p>N\u00e3o sei se a Meioca entendia o que era aquele monte de animais na televis\u00e3o, mas sempre se mostrou muito interessada, especialmente quando surgia algum lobo. Talvez ela soubesse que aquele animal, muito maior do que a minha amiga, possu\u00eda uma liga\u00e7\u00e3o forte com a sua exist\u00eancia.<\/p>\n<p>Outros bichos que faziam os olhos de Meioca brilharem eram tigres, le\u00f5es, on\u00e7as e leopardos. Ela chegava a se erguer, orelhas voltadas para a tela. Mam\u00e3e, quando notava esses momentos, falava sempre a mesma frase: &#8220;Meioca, essas feras podem devor\u00e1-la!&#8221; Minha cadela encarava minha m\u00e3e, como se dissesse: &#8220;Que nada! S\u00e3o apenas gatos!&#8221;<\/p>\n<p>Foi no outono de 1982, quando Meioca fechou os olhos pela \u00faltima vez. Minha m\u00e3e chorou por n\u00f3s dois, j\u00e1 que eu s\u00f3 fiquei sabendo no final de semana, quando cheguei \u00e0 nossa casa. Estava na faculdade e, antes de eu abrir o port\u00e3o, percebi que algo estava diferente. Meioca n\u00e3o me esperava na varanda, como sempre. Tamb\u00e9m notei um pequeno monte de terra debaixo da goiabeira pr\u00f3xima ao muro. Uma l\u00e1grima escorreu pelo meu rosto, e in\u00fameras outras fizeram o mesmo caminho.<\/p>\n<p>Naquele dia, prometi que jamais teria outro cachorro, tamanha a dor que senti e que me acompanha desde ent\u00e3o. Quase duas d\u00e9cadas ap\u00f3s, resisti aos apelos dos meus filhos, que tanto me imploraram por um c\u00e3ozinho. Mantive-me firme at\u00e9 a semana passada, quando minha primeira neta veio at\u00e9 mim: &#8220;Vov\u00f4, o papai n\u00e3o quer me dar um cachorro. O senhor me d\u00e1?&#8221;<\/p>\n<p>Pois \u00e9, eis que aqui estou, perto de completar 60 primaveras, com essa caixa na m\u00e3o, onde uma criatura peluda n\u00e3o para de abanar o rabo. Minha neta vai ter uma surpresa daquelas e, tenho certeza, ter\u00e1 um companheiro insepar\u00e1vel por um bom tempo.<\/p>\n","protected":false},"excerpt":{"rendered":"<p>Minha av\u00f3 chegou carregando uma caixa de sapatos. Pela apar\u00eancia gasta, imaginei que receberia mais um novo velho par de algum primo, j\u00e1 que eu havia nascido com a sina dos mais novos: herdar roupas e cal\u00e7ados que j\u00e1 n\u00e3o serviam nos maiores. Ela me estendeu a caixa, que peguei provavelmente com um sorriso for\u00e7ado [&hellip;]<\/p>\n","protected":false},"author":2,"featured_media":327569,"comment_status":"closed","ping_status":"closed","sticky":false,"template":"","format":"standard","meta":{"_acf_changed":false,"footnotes":""},"categories":[161],"tags":[],"class_list":["post-327568","post","type-post","status-publish","format-standard","has-post-thumbnail","hentry","category-quadradinho-em-foco"],"acf":[],"yoast_head":"<!-- This site is optimized with the Yoast SEO plugin v27.5 - https:\/\/yoast.com\/product\/yoast-seo-wordpress\/ -->\n<title>Meioca, a cachorra que me acompanhou por anos - Notibras<\/title>\n<meta name=\"robots\" content=\"index, follow, max-snippet:-1, max-image-preview:large, max-video-preview:-1\" \/>\n<link rel=\"canonical\" href=\"https:\/\/www.notibras.com\/site\/meioca-a-cachorra-que-me-acompanhou-por-anos\/\" \/>\n<meta property=\"og:locale\" content=\"pt_BR\" \/>\n<meta property=\"og:type\" content=\"article\" \/>\n<meta property=\"og:title\" content=\"Meioca, a cachorra que me acompanhou por anos - Notibras\" \/>\n<meta property=\"og:description\" content=\"Minha av\u00f3 chegou carregando uma caixa de sapatos. Pela apar\u00eancia gasta, imaginei que receberia mais um novo velho par de algum primo, j\u00e1 que eu havia nascido com a sina dos mais novos: herdar roupas e cal\u00e7ados que j\u00e1 n\u00e3o serviam nos maiores. Ela me estendeu a caixa, que peguei provavelmente com um sorriso for\u00e7ado [&hellip;]\" \/>\n<meta property=\"og:url\" content=\"https:\/\/www.notibras.com\/site\/meioca-a-cachorra-que-me-acompanhou-por-anos\/\" \/>\n<meta property=\"og:site_name\" content=\"Notibras\" \/>\n<meta property=\"article:publisher\" content=\"https:\/\/www.facebook.com\/notibras\/\" \/>\n<meta property=\"article:published_time\" content=\"2024-04-28T12:36:58+00:00\" \/>\n<meta property=\"og:image\" content=\"https:\/\/www.notibras.com\/site\/wp-content\/uploads\/2024\/04\/37ea09bf-79dd-4fd2-9f2d-007b8f8f5a0d.jpg\" \/>\n\t<meta property=\"og:image:width\" content=\"1024\" \/>\n\t<meta property=\"og:image:height\" content=\"1024\" \/>\n\t<meta property=\"og:image:type\" content=\"image\/jpeg\" \/>\n<meta name=\"author\" content=\"Reda\u00e7\u00e3o\" \/>\n<meta name=\"twitter:card\" content=\"summary_large_image\" \/>\n<meta name=\"twitter:creator\" content=\"@Notibras\" \/>\n<meta name=\"twitter:site\" content=\"@Notibras\" \/>\n<meta name=\"twitter:label1\" content=\"Escrito por\" \/>\n\t<meta name=\"twitter:data1\" content=\"Reda\u00e7\u00e3o\" \/>\n\t<meta name=\"twitter:label2\" content=\"Est. tempo de leitura\" \/>\n\t<meta name=\"twitter:data2\" content=\"5 minutos\" \/>\n<script type=\"application\/ld+json\" class=\"yoast-schema-graph\">{\"@context\":\"https:\\\/\\\/schema.org\",\"@graph\":[{\"@type\":\"Article\",\"@id\":\"https:\\\/\\\/www.notibras.com\\\/site\\\/meioca-a-cachorra-que-me-acompanhou-por-anos\\\/#article\",\"isPartOf\":{\"@id\":\"https:\\\/\\\/www.notibras.com\\\/site\\\/meioca-a-cachorra-que-me-acompanhou-por-anos\\\/\"},\"author\":{\"name\":\"Reda\u00e7\u00e3o\",\"@id\":\"https:\\\/\\\/www.notibras.com\\\/site\\\/#\\\/schema\\\/person\\\/36ab0979449956132d3e5b517ea76ac8\"},\"headline\":\"Meioca, a cachorra que me acompanhou por anos\",\"datePublished\":\"2024-04-28T12:36:58+00:00\",\"mainEntityOfPage\":{\"@id\":\"https:\\\/\\\/www.notibras.com\\\/site\\\/meioca-a-cachorra-que-me-acompanhou-por-anos\\\/\"},\"wordCount\":764,\"publisher\":{\"@id\":\"https:\\\/\\\/www.notibras.com\\\/site\\\/#organization\"},\"image\":{\"@id\":\"https:\\\/\\\/www.notibras.com\\\/site\\\/meioca-a-cachorra-que-me-acompanhou-por-anos\\\/#primaryimage\"},\"thumbnailUrl\":\"https:\\\/\\\/www.notibras.com\\\/site\\\/wp-content\\\/uploads\\\/2024\\\/04\\\/37ea09bf-79dd-4fd2-9f2d-007b8f8f5a0d.jpg\",\"articleSection\":[\"Quadradinho em Foco\"],\"inLanguage\":\"pt-BR\"},{\"@type\":\"WebPage\",\"@id\":\"https:\\\/\\\/www.notibras.com\\\/site\\\/meioca-a-cachorra-que-me-acompanhou-por-anos\\\/\",\"url\":\"https:\\\/\\\/www.notibras.com\\\/site\\\/meioca-a-cachorra-que-me-acompanhou-por-anos\\\/\",\"name\":\"Meioca, a cachorra que me acompanhou por anos - Notibras\",\"isPartOf\":{\"@id\":\"https:\\\/\\\/www.notibras.com\\\/site\\\/#website\"},\"primaryImageOfPage\":{\"@id\":\"https:\\\/\\\/www.notibras.com\\\/site\\\/meioca-a-cachorra-que-me-acompanhou-por-anos\\\/#primaryimage\"},\"image\":{\"@id\":\"https:\\\/\\\/www.notibras.com\\\/site\\\/meioca-a-cachorra-que-me-acompanhou-por-anos\\\/#primaryimage\"},\"thumbnailUrl\":\"https:\\\/\\\/www.notibras.com\\\/site\\\/wp-content\\\/uploads\\\/2024\\\/04\\\/37ea09bf-79dd-4fd2-9f2d-007b8f8f5a0d.jpg\",\"datePublished\":\"2024-04-28T12:36:58+00:00\",\"breadcrumb\":{\"@id\":\"https:\\\/\\\/www.notibras.com\\\/site\\\/meioca-a-cachorra-que-me-acompanhou-por-anos\\\/#breadcrumb\"},\"inLanguage\":\"pt-BR\",\"potentialAction\":[{\"@type\":\"ReadAction\",\"target\":[\"https:\\\/\\\/www.notibras.com\\\/site\\\/meioca-a-cachorra-que-me-acompanhou-por-anos\\\/\"]}]},{\"@type\":\"ImageObject\",\"inLanguage\":\"pt-BR\",\"@id\":\"https:\\\/\\\/www.notibras.com\\\/site\\\/meioca-a-cachorra-que-me-acompanhou-por-anos\\\/#primaryimage\",\"url\":\"https:\\\/\\\/www.notibras.com\\\/site\\\/wp-content\\\/uploads\\\/2024\\\/04\\\/37ea09bf-79dd-4fd2-9f2d-007b8f8f5a0d.jpg\",\"contentUrl\":\"https:\\\/\\\/www.notibras.com\\\/site\\\/wp-content\\\/uploads\\\/2024\\\/04\\\/37ea09bf-79dd-4fd2-9f2d-007b8f8f5a0d.jpg\",\"width\":1024,\"height\":1024},{\"@type\":\"BreadcrumbList\",\"@id\":\"https:\\\/\\\/www.notibras.com\\\/site\\\/meioca-a-cachorra-que-me-acompanhou-por-anos\\\/#breadcrumb\",\"itemListElement\":[{\"@type\":\"ListItem\",\"position\":1,\"name\":\"In\u00edcio\",\"item\":\"https:\\\/\\\/www.notibras.com\\\/site\\\/\"},{\"@type\":\"ListItem\",\"position\":2,\"name\":\"Meioca, a cachorra que me acompanhou por anos\"}]},{\"@type\":\"WebSite\",\"@id\":\"https:\\\/\\\/www.notibras.com\\\/site\\\/#website\",\"url\":\"https:\\\/\\\/www.notibras.com\\\/site\\\/\",\"name\":\"Notibras\",\"description\":\"Not\u00edcias de Bras\u00edlia, do Brasil e do Mundo\",\"publisher\":{\"@id\":\"https:\\\/\\\/www.notibras.com\\\/site\\\/#organization\"},\"potentialAction\":[{\"@type\":\"SearchAction\",\"target\":{\"@type\":\"EntryPoint\",\"urlTemplate\":\"https:\\\/\\\/www.notibras.com\\\/site\\\/?s={search_term_string}\"},\"query-input\":{\"@type\":\"PropertyValueSpecification\",\"valueRequired\":true,\"valueName\":\"search_term_string\"}}],\"inLanguage\":\"pt-BR\"},{\"@type\":\"Organization\",\"@id\":\"https:\\\/\\\/www.notibras.com\\\/site\\\/#organization\",\"name\":\"Grupo Notibras de Comunica\u00e7\u00e3o\",\"url\":\"https:\\\/\\\/www.notibras.com\\\/site\\\/\",\"logo\":{\"@type\":\"ImageObject\",\"inLanguage\":\"pt-BR\",\"@id\":\"https:\\\/\\\/www.notibras.com\\\/site\\\/#\\\/schema\\\/logo\\\/image\\\/\",\"url\":\"https:\\\/\\\/www.notibras.com\\\/site\\\/wp-content\\\/uploads\\\/2023\\\/01\\\/notibras23.png\",\"contentUrl\":\"https:\\\/\\\/www.notibras.com\\\/site\\\/wp-content\\\/uploads\\\/2023\\\/01\\\/notibras23.png\",\"width\":350,\"height\":87,\"caption\":\"Grupo Notibras de Comunica\u00e7\u00e3o\"},\"image\":{\"@id\":\"https:\\\/\\\/www.notibras.com\\\/site\\\/#\\\/schema\\\/logo\\\/image\\\/\"},\"sameAs\":[\"https:\\\/\\\/www.facebook.com\\\/notibras\\\/\",\"https:\\\/\\\/x.com\\\/Notibras\",\"https:\\\/\\\/www.instagram.com\\\/notibras\\\/\"]},{\"@type\":\"Person\",\"@id\":\"https:\\\/\\\/www.notibras.com\\\/site\\\/#\\\/schema\\\/person\\\/36ab0979449956132d3e5b517ea76ac8\",\"name\":\"Reda\u00e7\u00e3o\",\"image\":{\"@type\":\"ImageObject\",\"inLanguage\":\"pt-BR\",\"@id\":\"https:\\\/\\\/secure.gravatar.com\\\/avatar\\\/e0a867bdedb85fd243eadf09663511f96fc81e0720a4a42581f334ad4303aa6b?s=96&d=mm&r=g\",\"url\":\"https:\\\/\\\/secure.gravatar.com\\\/avatar\\\/e0a867bdedb85fd243eadf09663511f96fc81e0720a4a42581f334ad4303aa6b?s=96&d=mm&r=g\",\"contentUrl\":\"https:\\\/\\\/secure.gravatar.com\\\/avatar\\\/e0a867bdedb85fd243eadf09663511f96fc81e0720a4a42581f334ad4303aa6b?s=96&d=mm&r=g\",\"caption\":\"Reda\u00e7\u00e3o\"}}]}<\/script>\n<!-- \/ Yoast SEO plugin. -->","yoast_head_json":{"title":"Meioca, a cachorra que me acompanhou por anos - Notibras","robots":{"index":"index","follow":"follow","max-snippet":"max-snippet:-1","max-image-preview":"max-image-preview:large","max-video-preview":"max-video-preview:-1"},"canonical":"https:\/\/www.notibras.com\/site\/meioca-a-cachorra-que-me-acompanhou-por-anos\/","og_locale":"pt_BR","og_type":"article","og_title":"Meioca, a cachorra que me acompanhou por anos - Notibras","og_description":"Minha av\u00f3 chegou carregando uma caixa de sapatos. Pela apar\u00eancia gasta, imaginei que receberia mais um novo velho par de algum primo, j\u00e1 que eu havia nascido com a sina dos mais novos: herdar roupas e cal\u00e7ados que j\u00e1 n\u00e3o serviam nos maiores. Ela me estendeu a caixa, que peguei provavelmente com um sorriso for\u00e7ado [&hellip;]","og_url":"https:\/\/www.notibras.com\/site\/meioca-a-cachorra-que-me-acompanhou-por-anos\/","og_site_name":"Notibras","article_publisher":"https:\/\/www.facebook.com\/notibras\/","article_published_time":"2024-04-28T12:36:58+00:00","og_image":[{"width":1024,"height":1024,"url":"https:\/\/www.notibras.com\/site\/wp-content\/uploads\/2024\/04\/37ea09bf-79dd-4fd2-9f2d-007b8f8f5a0d.jpg","type":"image\/jpeg"}],"author":"Reda\u00e7\u00e3o","twitter_card":"summary_large_image","twitter_creator":"@Notibras","twitter_site":"@Notibras","twitter_misc":{"Escrito por":"Reda\u00e7\u00e3o","Est. tempo de leitura":"5 minutos"},"schema":{"@context":"https:\/\/schema.org","@graph":[{"@type":"Article","@id":"https:\/\/www.notibras.com\/site\/meioca-a-cachorra-que-me-acompanhou-por-anos\/#article","isPartOf":{"@id":"https:\/\/www.notibras.com\/site\/meioca-a-cachorra-que-me-acompanhou-por-anos\/"},"author":{"name":"Reda\u00e7\u00e3o","@id":"https:\/\/www.notibras.com\/site\/#\/schema\/person\/36ab0979449956132d3e5b517ea76ac8"},"headline":"Meioca, a cachorra que me acompanhou por anos","datePublished":"2024-04-28T12:36:58+00:00","mainEntityOfPage":{"@id":"https:\/\/www.notibras.com\/site\/meioca-a-cachorra-que-me-acompanhou-por-anos\/"},"wordCount":764,"publisher":{"@id":"https:\/\/www.notibras.com\/site\/#organization"},"image":{"@id":"https:\/\/www.notibras.com\/site\/meioca-a-cachorra-que-me-acompanhou-por-anos\/#primaryimage"},"thumbnailUrl":"https:\/\/www.notibras.com\/site\/wp-content\/uploads\/2024\/04\/37ea09bf-79dd-4fd2-9f2d-007b8f8f5a0d.jpg","articleSection":["Quadradinho em Foco"],"inLanguage":"pt-BR"},{"@type":"WebPage","@id":"https:\/\/www.notibras.com\/site\/meioca-a-cachorra-que-me-acompanhou-por-anos\/","url":"https:\/\/www.notibras.com\/site\/meioca-a-cachorra-que-me-acompanhou-por-anos\/","name":"Meioca, a cachorra que me acompanhou por anos - Notibras","isPartOf":{"@id":"https:\/\/www.notibras.com\/site\/#website"},"primaryImageOfPage":{"@id":"https:\/\/www.notibras.com\/site\/meioca-a-cachorra-que-me-acompanhou-por-anos\/#primaryimage"},"image":{"@id":"https:\/\/www.notibras.com\/site\/meioca-a-cachorra-que-me-acompanhou-por-anos\/#primaryimage"},"thumbnailUrl":"https:\/\/www.notibras.com\/site\/wp-content\/uploads\/2024\/04\/37ea09bf-79dd-4fd2-9f2d-007b8f8f5a0d.jpg","datePublished":"2024-04-28T12:36:58+00:00","breadcrumb":{"@id":"https:\/\/www.notibras.com\/site\/meioca-a-cachorra-que-me-acompanhou-por-anos\/#breadcrumb"},"inLanguage":"pt-BR","potentialAction":[{"@type":"ReadAction","target":["https:\/\/www.notibras.com\/site\/meioca-a-cachorra-que-me-acompanhou-por-anos\/"]}]},{"@type":"ImageObject","inLanguage":"pt-BR","@id":"https:\/\/www.notibras.com\/site\/meioca-a-cachorra-que-me-acompanhou-por-anos\/#primaryimage","url":"https:\/\/www.notibras.com\/site\/wp-content\/uploads\/2024\/04\/37ea09bf-79dd-4fd2-9f2d-007b8f8f5a0d.jpg","contentUrl":"https:\/\/www.notibras.com\/site\/wp-content\/uploads\/2024\/04\/37ea09bf-79dd-4fd2-9f2d-007b8f8f5a0d.jpg","width":1024,"height":1024},{"@type":"BreadcrumbList","@id":"https:\/\/www.notibras.com\/site\/meioca-a-cachorra-que-me-acompanhou-por-anos\/#breadcrumb","itemListElement":[{"@type":"ListItem","position":1,"name":"In\u00edcio","item":"https:\/\/www.notibras.com\/site\/"},{"@type":"ListItem","position":2,"name":"Meioca, a cachorra que me acompanhou por anos"}]},{"@type":"WebSite","@id":"https:\/\/www.notibras.com\/site\/#website","url":"https:\/\/www.notibras.com\/site\/","name":"Notibras","description":"Not\u00edcias de Bras\u00edlia, do Brasil e do Mundo","publisher":{"@id":"https:\/\/www.notibras.com\/site\/#organization"},"potentialAction":[{"@type":"SearchAction","target":{"@type":"EntryPoint","urlTemplate":"https:\/\/www.notibras.com\/site\/?s={search_term_string}"},"query-input":{"@type":"PropertyValueSpecification","valueRequired":true,"valueName":"search_term_string"}}],"inLanguage":"pt-BR"},{"@type":"Organization","@id":"https:\/\/www.notibras.com\/site\/#organization","name":"Grupo Notibras de Comunica\u00e7\u00e3o","url":"https:\/\/www.notibras.com\/site\/","logo":{"@type":"ImageObject","inLanguage":"pt-BR","@id":"https:\/\/www.notibras.com\/site\/#\/schema\/logo\/image\/","url":"https:\/\/www.notibras.com\/site\/wp-content\/uploads\/2023\/01\/notibras23.png","contentUrl":"https:\/\/www.notibras.com\/site\/wp-content\/uploads\/2023\/01\/notibras23.png","width":350,"height":87,"caption":"Grupo Notibras de Comunica\u00e7\u00e3o"},"image":{"@id":"https:\/\/www.notibras.com\/site\/#\/schema\/logo\/image\/"},"sameAs":["https:\/\/www.facebook.com\/notibras\/","https:\/\/x.com\/Notibras","https:\/\/www.instagram.com\/notibras\/"]},{"@type":"Person","@id":"https:\/\/www.notibras.com\/site\/#\/schema\/person\/36ab0979449956132d3e5b517ea76ac8","name":"Reda\u00e7\u00e3o","image":{"@type":"ImageObject","inLanguage":"pt-BR","@id":"https:\/\/secure.gravatar.com\/avatar\/e0a867bdedb85fd243eadf09663511f96fc81e0720a4a42581f334ad4303aa6b?s=96&d=mm&r=g","url":"https:\/\/secure.gravatar.com\/avatar\/e0a867bdedb85fd243eadf09663511f96fc81e0720a4a42581f334ad4303aa6b?s=96&d=mm&r=g","contentUrl":"https:\/\/secure.gravatar.com\/avatar\/e0a867bdedb85fd243eadf09663511f96fc81e0720a4a42581f334ad4303aa6b?s=96&d=mm&r=g","caption":"Reda\u00e7\u00e3o"}}]}},"amp_enabled":true,"_links":{"self":[{"href":"https:\/\/www.notibras.com\/site\/wp-json\/wp\/v2\/posts\/327568","targetHints":{"allow":["GET"]}}],"collection":[{"href":"https:\/\/www.notibras.com\/site\/wp-json\/wp\/v2\/posts"}],"about":[{"href":"https:\/\/www.notibras.com\/site\/wp-json\/wp\/v2\/types\/post"}],"author":[{"embeddable":true,"href":"https:\/\/www.notibras.com\/site\/wp-json\/wp\/v2\/users\/2"}],"replies":[{"embeddable":true,"href":"https:\/\/www.notibras.com\/site\/wp-json\/wp\/v2\/comments?post=327568"}],"version-history":[{"count":1,"href":"https:\/\/www.notibras.com\/site\/wp-json\/wp\/v2\/posts\/327568\/revisions"}],"predecessor-version":[{"id":327570,"href":"https:\/\/www.notibras.com\/site\/wp-json\/wp\/v2\/posts\/327568\/revisions\/327570"}],"wp:featuredmedia":[{"embeddable":true,"href":"https:\/\/www.notibras.com\/site\/wp-json\/wp\/v2\/media\/327569"}],"wp:attachment":[{"href":"https:\/\/www.notibras.com\/site\/wp-json\/wp\/v2\/media?parent=327568"}],"wp:term":[{"taxonomy":"category","embeddable":true,"href":"https:\/\/www.notibras.com\/site\/wp-json\/wp\/v2\/categories?post=327568"},{"taxonomy":"post_tag","embeddable":true,"href":"https:\/\/www.notibras.com\/site\/wp-json\/wp\/v2\/tags?post=327568"}],"curies":[{"name":"wp","href":"https:\/\/api.w.org\/{rel}","templated":true}]}}