{"id":327571,"date":"2024-04-28T09:30:59","date_gmt":"2024-04-28T12:30:59","guid":{"rendered":"https:\/\/www.notibras.com\/site\/?p=327571"},"modified":"2024-04-28T10:00:52","modified_gmt":"2024-04-28T13:00:52","slug":"mais-de-12-mil-atendimentos-nas-novas-unidades-de-acolhimento","status":"publish","type":"post","link":"https:\/\/www.notibras.com\/site\/mais-de-12-mil-atendimentos-nas-novas-unidades-de-acolhimento\/","title":{"rendered":"Mais de 12 mil atendimentos nas novas unidades de acolhimento"},"content":{"rendered":"<p>As novas tendas instaladas pelo Governo do Distrito Federal (GDF) para o combate \u00e0 dengue atenderam 1,4 mil pessoas neste s\u00e1bado (27), quando passou a funcionar a estrutura montada no Varj\u00e3o. Desta forma, desde a implanta\u00e7\u00e3o da primeira unidade, em 11 de abril, foram feitas mais de 12,9 mil assist\u00eancias.<\/p>\n<p>Ao todo, j\u00e1 s\u00e3o dez espa\u00e7os em opera\u00e7\u00e3o, onde a popula\u00e7\u00e3o tem acesso a exames e consultas, sendo tr\u00eas com funcionamento 24 horas e os demais com atividade das 7h \u00e0s 19h. Em cada um deles, h\u00e1 mais de 60 profissionais da sa\u00fade para atender uma m\u00e9dia de 150 pessoas por dia.<\/p>\n<p>Neste domingo (28), ser\u00e1 instalada a \u00faltima das 11 tendas previstas pelo GDF. Ela ficar\u00e1 localizada no estacionamento da Unidade B\u00e1sica de Sa\u00fade (UBS) 2 do Areal. As outras, j\u00e1 inauguradas, est\u00e3o espalhadas pelo Guar\u00e1, Gama, Parano\u00e1, Planaltina, Plano Piloto, Ceil\u00e2ndia, Samambaia, Taguatinga, Vicente Pires e Varj\u00e3o.<\/p>\n<p>Os espa\u00e7os funcionam diariamente, com estrutura semelhante a hospitais de campanha, e est\u00e3o estrategicamente posicionados pr\u00f3ximo a hospitais regulares, unidades de pronto atendimento (UPAs) e unidades b\u00e1sicas de sa\u00fade (UBSs) a fim de garantir um atendimento mais r\u00e1pido aos pacientes sintom\u00e1ticos da doen\u00e7a e, consequentemente, reduzir a press\u00e3o sobre o Sistema \u00danico de Sa\u00fade (SUS).<\/p>\n","protected":false},"excerpt":{"rendered":"<p>As novas tendas instaladas pelo Governo do Distrito Federal (GDF) para o combate \u00e0 dengue atenderam 1,4 mil pessoas neste s\u00e1bado (27), quando passou a funcionar a estrutura montada no Varj\u00e3o. Desta forma, desde a implanta\u00e7\u00e3o da primeira unidade, em 11 de abril, foram feitas mais de 12,9 mil assist\u00eancias. Ao todo, j\u00e1 s\u00e3o dez [&hellip;]<\/p>\n","protected":false},"author":2,"featured_media":327572,"comment_status":"closed","ping_status":"closed","sticky":false,"template":"","format":"standard","meta":{"_acf_changed":false,"footnotes":""},"categories":[161],"tags":[],"class_list":["post-327571","post","type-post","status-publish","format-standard","has-post-thumbnail","hentry","category-quadradinho-em-foco"],"acf":[],"yoast_head":"<!-- This site is optimized with the Yoast SEO plugin v27.5 - https:\/\/yoast.com\/product\/yoast-seo-wordpress\/ -->\n<title>Mais de 12 mil atendimentos nas novas unidades de acolhimento - Notibras<\/title>\n<meta name=\"robots\" content=\"index, follow, max-snippet:-1, max-image-preview:large, max-video-preview:-1\" \/>\n<link rel=\"canonical\" href=\"https:\/\/www.notibras.com\/site\/mais-de-12-mil-atendimentos-nas-novas-unidades-de-acolhimento\/\" \/>\n<meta property=\"og:locale\" content=\"pt_BR\" \/>\n<meta property=\"og:type\" content=\"article\" \/>\n<meta property=\"og:title\" content=\"Mais de 12 mil atendimentos nas novas unidades de acolhimento - Notibras\" \/>\n<meta property=\"og:description\" content=\"As novas tendas instaladas pelo Governo do Distrito Federal (GDF) para o combate \u00e0 dengue atenderam 1,4 mil pessoas neste s\u00e1bado (27), quando passou a funcionar a estrutura montada no Varj\u00e3o. Desta forma, desde a implanta\u00e7\u00e3o da primeira unidade, em 11 de abril, foram feitas mais de 12,9 mil assist\u00eancias. Ao todo, j\u00e1 s\u00e3o dez [&hellip;]\" \/>\n<meta property=\"og:url\" content=\"https:\/\/www.notibras.com\/site\/mais-de-12-mil-atendimentos-nas-novas-unidades-de-acolhimento\/\" \/>\n<meta property=\"og:site_name\" content=\"Notibras\" \/>\n<meta property=\"article:publisher\" content=\"https:\/\/www.facebook.com\/notibras\/\" \/>\n<meta property=\"article:published_time\" content=\"2024-04-28T12:30:59+00:00\" \/>\n<meta property=\"article:modified_time\" content=\"2024-04-28T13:00:52+00:00\" \/>\n<meta property=\"og:image\" content=\"https:\/\/www.notibras.com\/site\/wp-content\/uploads\/2024\/04\/WhatsApp-Image-2024-04-24-at-17.43.44-1.jpeg\" \/>\n\t<meta property=\"og:image:width\" content=\"799\" \/>\n\t<meta property=\"og:image:height\" content=\"533\" \/>\n\t<meta property=\"og:image:type\" content=\"image\/jpeg\" \/>\n<meta name=\"author\" content=\"Reda\u00e7\u00e3o\" \/>\n<meta name=\"twitter:card\" content=\"summary_large_image\" \/>\n<meta name=\"twitter:creator\" content=\"@Notibras\" \/>\n<meta name=\"twitter:site\" content=\"@Notibras\" \/>\n<meta name=\"twitter:label1\" content=\"Escrito por\" \/>\n\t<meta name=\"twitter:data1\" content=\"Reda\u00e7\u00e3o\" \/>\n\t<meta name=\"twitter:label2\" content=\"Est. tempo de leitura\" \/>\n\t<meta name=\"twitter:data2\" content=\"2 minutos\" \/>\n<script type=\"application\/ld+json\" class=\"yoast-schema-graph\">{\"@context\":\"https:\\\/\\\/schema.org\",\"@graph\":[{\"@type\":\"Article\",\"@id\":\"https:\\\/\\\/www.notibras.com\\\/site\\\/mais-de-12-mil-atendimentos-nas-novas-unidades-de-acolhimento\\\/#article\",\"isPartOf\":{\"@id\":\"https:\\\/\\\/www.notibras.com\\\/site\\\/mais-de-12-mil-atendimentos-nas-novas-unidades-de-acolhimento\\\/\"},\"author\":{\"name\":\"Reda\u00e7\u00e3o\",\"@id\":\"https:\\\/\\\/www.notibras.com\\\/site\\\/#\\\/schema\\\/person\\\/36ab0979449956132d3e5b517ea76ac8\"},\"headline\":\"Mais de 12 mil atendimentos nas novas unidades de acolhimento\",\"datePublished\":\"2024-04-28T12:30:59+00:00\",\"dateModified\":\"2024-04-28T13:00:52+00:00\",\"mainEntityOfPage\":{\"@id\":\"https:\\\/\\\/www.notibras.com\\\/site\\\/mais-de-12-mil-atendimentos-nas-novas-unidades-de-acolhimento\\\/\"},\"wordCount\":228,\"publisher\":{\"@id\":\"https:\\\/\\\/www.notibras.com\\\/site\\\/#organization\"},\"image\":{\"@id\":\"https:\\\/\\\/www.notibras.com\\\/site\\\/mais-de-12-mil-atendimentos-nas-novas-unidades-de-acolhimento\\\/#primaryimage\"},\"thumbnailUrl\":\"https:\\\/\\\/www.notibras.com\\\/site\\\/wp-content\\\/uploads\\\/2024\\\/04\\\/WhatsApp-Image-2024-04-24-at-17.43.44-1.jpeg\",\"articleSection\":[\"Quadradinho em Foco\"],\"inLanguage\":\"pt-BR\"},{\"@type\":\"WebPage\",\"@id\":\"https:\\\/\\\/www.notibras.com\\\/site\\\/mais-de-12-mil-atendimentos-nas-novas-unidades-de-acolhimento\\\/\",\"url\":\"https:\\\/\\\/www.notibras.com\\\/site\\\/mais-de-12-mil-atendimentos-nas-novas-unidades-de-acolhimento\\\/\",\"name\":\"Mais de 12 mil atendimentos nas novas unidades de acolhimento - Notibras\",\"isPartOf\":{\"@id\":\"https:\\\/\\\/www.notibras.com\\\/site\\\/#website\"},\"primaryImageOfPage\":{\"@id\":\"https:\\\/\\\/www.notibras.com\\\/site\\\/mais-de-12-mil-atendimentos-nas-novas-unidades-de-acolhimento\\\/#primaryimage\"},\"image\":{\"@id\":\"https:\\\/\\\/www.notibras.com\\\/site\\\/mais-de-12-mil-atendimentos-nas-novas-unidades-de-acolhimento\\\/#primaryimage\"},\"thumbnailUrl\":\"https:\\\/\\\/www.notibras.com\\\/site\\\/wp-content\\\/uploads\\\/2024\\\/04\\\/WhatsApp-Image-2024-04-24-at-17.43.44-1.jpeg\",\"datePublished\":\"2024-04-28T12:30:59+00:00\",\"dateModified\":\"2024-04-28T13:00:52+00:00\",\"breadcrumb\":{\"@id\":\"https:\\\/\\\/www.notibras.com\\\/site\\\/mais-de-12-mil-atendimentos-nas-novas-unidades-de-acolhimento\\\/#breadcrumb\"},\"inLanguage\":\"pt-BR\",\"potentialAction\":[{\"@type\":\"ReadAction\",\"target\":[\"https:\\\/\\\/www.notibras.com\\\/site\\\/mais-de-12-mil-atendimentos-nas-novas-unidades-de-acolhimento\\\/\"]}]},{\"@type\":\"ImageObject\",\"inLanguage\":\"pt-BR\",\"@id\":\"https:\\\/\\\/www.notibras.com\\\/site\\\/mais-de-12-mil-atendimentos-nas-novas-unidades-de-acolhimento\\\/#primaryimage\",\"url\":\"https:\\\/\\\/www.notibras.com\\\/site\\\/wp-content\\\/uploads\\\/2024\\\/04\\\/WhatsApp-Image-2024-04-24-at-17.43.44-1.jpeg\",\"contentUrl\":\"https:\\\/\\\/www.notibras.com\\\/site\\\/wp-content\\\/uploads\\\/2024\\\/04\\\/WhatsApp-Image-2024-04-24-at-17.43.44-1.jpeg\",\"width\":799,\"height\":533},{\"@type\":\"BreadcrumbList\",\"@id\":\"https:\\\/\\\/www.notibras.com\\\/site\\\/mais-de-12-mil-atendimentos-nas-novas-unidades-de-acolhimento\\\/#breadcrumb\",\"itemListElement\":[{\"@type\":\"ListItem\",\"position\":1,\"name\":\"In\u00edcio\",\"item\":\"https:\\\/\\\/www.notibras.com\\\/site\\\/\"},{\"@type\":\"ListItem\",\"position\":2,\"name\":\"Mais de 12 mil atendimentos nas novas unidades de acolhimento\"}]},{\"@type\":\"WebSite\",\"@id\":\"https:\\\/\\\/www.notibras.com\\\/site\\\/#website\",\"url\":\"https:\\\/\\\/www.notibras.com\\\/site\\\/\",\"name\":\"Notibras\",\"description\":\"Not\u00edcias de Bras\u00edlia, do Brasil e do Mundo\",\"publisher\":{\"@id\":\"https:\\\/\\\/www.notibras.com\\\/site\\\/#organization\"},\"potentialAction\":[{\"@type\":\"SearchAction\",\"target\":{\"@type\":\"EntryPoint\",\"urlTemplate\":\"https:\\\/\\\/www.notibras.com\\\/site\\\/?s={search_term_string}\"},\"query-input\":{\"@type\":\"PropertyValueSpecification\",\"valueRequired\":true,\"valueName\":\"search_term_string\"}}],\"inLanguage\":\"pt-BR\"},{\"@type\":\"Organization\",\"@id\":\"https:\\\/\\\/www.notibras.com\\\/site\\\/#organization\",\"name\":\"Grupo Notibras de Comunica\u00e7\u00e3o\",\"url\":\"https:\\\/\\\/www.notibras.com\\\/site\\\/\",\"logo\":{\"@type\":\"ImageObject\",\"inLanguage\":\"pt-BR\",\"@id\":\"https:\\\/\\\/www.notibras.com\\\/site\\\/#\\\/schema\\\/logo\\\/image\\\/\",\"url\":\"https:\\\/\\\/www.notibras.com\\\/site\\\/wp-content\\\/uploads\\\/2023\\\/01\\\/notibras23.png\",\"contentUrl\":\"https:\\\/\\\/www.notibras.com\\\/site\\\/wp-content\\\/uploads\\\/2023\\\/01\\\/notibras23.png\",\"width\":350,\"height\":87,\"caption\":\"Grupo Notibras de Comunica\u00e7\u00e3o\"},\"image\":{\"@id\":\"https:\\\/\\\/www.notibras.com\\\/site\\\/#\\\/schema\\\/logo\\\/image\\\/\"},\"sameAs\":[\"https:\\\/\\\/www.facebook.com\\\/notibras\\\/\",\"https:\\\/\\\/x.com\\\/Notibras\",\"https:\\\/\\\/www.instagram.com\\\/notibras\\\/\"]},{\"@type\":\"Person\",\"@id\":\"https:\\\/\\\/www.notibras.com\\\/site\\\/#\\\/schema\\\/person\\\/36ab0979449956132d3e5b517ea76ac8\",\"name\":\"Reda\u00e7\u00e3o\",\"image\":{\"@type\":\"ImageObject\",\"inLanguage\":\"pt-BR\",\"@id\":\"https:\\\/\\\/secure.gravatar.com\\\/avatar\\\/e0a867bdedb85fd243eadf09663511f96fc81e0720a4a42581f334ad4303aa6b?s=96&d=mm&r=g\",\"url\":\"https:\\\/\\\/secure.gravatar.com\\\/avatar\\\/e0a867bdedb85fd243eadf09663511f96fc81e0720a4a42581f334ad4303aa6b?s=96&d=mm&r=g\",\"contentUrl\":\"https:\\\/\\\/secure.gravatar.com\\\/avatar\\\/e0a867bdedb85fd243eadf09663511f96fc81e0720a4a42581f334ad4303aa6b?s=96&d=mm&r=g\",\"caption\":\"Reda\u00e7\u00e3o\"}}]}<\/script>\n<!-- \/ Yoast SEO plugin. -->","yoast_head_json":{"title":"Mais de 12 mil atendimentos nas novas unidades de acolhimento - Notibras","robots":{"index":"index","follow":"follow","max-snippet":"max-snippet:-1","max-image-preview":"max-image-preview:large","max-video-preview":"max-video-preview:-1"},"canonical":"https:\/\/www.notibras.com\/site\/mais-de-12-mil-atendimentos-nas-novas-unidades-de-acolhimento\/","og_locale":"pt_BR","og_type":"article","og_title":"Mais de 12 mil atendimentos nas novas unidades de acolhimento - Notibras","og_description":"As novas tendas instaladas pelo Governo do Distrito Federal (GDF) para o combate \u00e0 dengue atenderam 1,4 mil pessoas neste s\u00e1bado (27), quando passou a funcionar a estrutura montada no Varj\u00e3o. Desta forma, desde a implanta\u00e7\u00e3o da primeira unidade, em 11 de abril, foram feitas mais de 12,9 mil assist\u00eancias. Ao todo, j\u00e1 s\u00e3o dez [&hellip;]","og_url":"https:\/\/www.notibras.com\/site\/mais-de-12-mil-atendimentos-nas-novas-unidades-de-acolhimento\/","og_site_name":"Notibras","article_publisher":"https:\/\/www.facebook.com\/notibras\/","article_published_time":"2024-04-28T12:30:59+00:00","article_modified_time":"2024-04-28T13:00:52+00:00","og_image":[{"width":799,"height":533,"url":"https:\/\/www.notibras.com\/site\/wp-content\/uploads\/2024\/04\/WhatsApp-Image-2024-04-24-at-17.43.44-1.jpeg","type":"image\/jpeg"}],"author":"Reda\u00e7\u00e3o","twitter_card":"summary_large_image","twitter_creator":"@Notibras","twitter_site":"@Notibras","twitter_misc":{"Escrito por":"Reda\u00e7\u00e3o","Est. tempo de leitura":"2 minutos"},"schema":{"@context":"https:\/\/schema.org","@graph":[{"@type":"Article","@id":"https:\/\/www.notibras.com\/site\/mais-de-12-mil-atendimentos-nas-novas-unidades-de-acolhimento\/#article","isPartOf":{"@id":"https:\/\/www.notibras.com\/site\/mais-de-12-mil-atendimentos-nas-novas-unidades-de-acolhimento\/"},"author":{"name":"Reda\u00e7\u00e3o","@id":"https:\/\/www.notibras.com\/site\/#\/schema\/person\/36ab0979449956132d3e5b517ea76ac8"},"headline":"Mais de 12 mil atendimentos nas novas unidades de acolhimento","datePublished":"2024-04-28T12:30:59+00:00","dateModified":"2024-04-28T13:00:52+00:00","mainEntityOfPage":{"@id":"https:\/\/www.notibras.com\/site\/mais-de-12-mil-atendimentos-nas-novas-unidades-de-acolhimento\/"},"wordCount":228,"publisher":{"@id":"https:\/\/www.notibras.com\/site\/#organization"},"image":{"@id":"https:\/\/www.notibras.com\/site\/mais-de-12-mil-atendimentos-nas-novas-unidades-de-acolhimento\/#primaryimage"},"thumbnailUrl":"https:\/\/www.notibras.com\/site\/wp-content\/uploads\/2024\/04\/WhatsApp-Image-2024-04-24-at-17.43.44-1.jpeg","articleSection":["Quadradinho em Foco"],"inLanguage":"pt-BR"},{"@type":"WebPage","@id":"https:\/\/www.notibras.com\/site\/mais-de-12-mil-atendimentos-nas-novas-unidades-de-acolhimento\/","url":"https:\/\/www.notibras.com\/site\/mais-de-12-mil-atendimentos-nas-novas-unidades-de-acolhimento\/","name":"Mais de 12 mil atendimentos nas novas unidades de acolhimento - Notibras","isPartOf":{"@id":"https:\/\/www.notibras.com\/site\/#website"},"primaryImageOfPage":{"@id":"https:\/\/www.notibras.com\/site\/mais-de-12-mil-atendimentos-nas-novas-unidades-de-acolhimento\/#primaryimage"},"image":{"@id":"https:\/\/www.notibras.com\/site\/mais-de-12-mil-atendimentos-nas-novas-unidades-de-acolhimento\/#primaryimage"},"thumbnailUrl":"https:\/\/www.notibras.com\/site\/wp-content\/uploads\/2024\/04\/WhatsApp-Image-2024-04-24-at-17.43.44-1.jpeg","datePublished":"2024-04-28T12:30:59+00:00","dateModified":"2024-04-28T13:00:52+00:00","breadcrumb":{"@id":"https:\/\/www.notibras.com\/site\/mais-de-12-mil-atendimentos-nas-novas-unidades-de-acolhimento\/#breadcrumb"},"inLanguage":"pt-BR","potentialAction":[{"@type":"ReadAction","target":["https:\/\/www.notibras.com\/site\/mais-de-12-mil-atendimentos-nas-novas-unidades-de-acolhimento\/"]}]},{"@type":"ImageObject","inLanguage":"pt-BR","@id":"https:\/\/www.notibras.com\/site\/mais-de-12-mil-atendimentos-nas-novas-unidades-de-acolhimento\/#primaryimage","url":"https:\/\/www.notibras.com\/site\/wp-content\/uploads\/2024\/04\/WhatsApp-Image-2024-04-24-at-17.43.44-1.jpeg","contentUrl":"https:\/\/www.notibras.com\/site\/wp-content\/uploads\/2024\/04\/WhatsApp-Image-2024-04-24-at-17.43.44-1.jpeg","width":799,"height":533},{"@type":"BreadcrumbList","@id":"https:\/\/www.notibras.com\/site\/mais-de-12-mil-atendimentos-nas-novas-unidades-de-acolhimento\/#breadcrumb","itemListElement":[{"@type":"ListItem","position":1,"name":"In\u00edcio","item":"https:\/\/www.notibras.com\/site\/"},{"@type":"ListItem","position":2,"name":"Mais de 12 mil atendimentos nas novas unidades de acolhimento"}]},{"@type":"WebSite","@id":"https:\/\/www.notibras.com\/site\/#website","url":"https:\/\/www.notibras.com\/site\/","name":"Notibras","description":"Not\u00edcias de Bras\u00edlia, do Brasil e do Mundo","publisher":{"@id":"https:\/\/www.notibras.com\/site\/#organization"},"potentialAction":[{"@type":"SearchAction","target":{"@type":"EntryPoint","urlTemplate":"https:\/\/www.notibras.com\/site\/?s={search_term_string}"},"query-input":{"@type":"PropertyValueSpecification","valueRequired":true,"valueName":"search_term_string"}}],"inLanguage":"pt-BR"},{"@type":"Organization","@id":"https:\/\/www.notibras.com\/site\/#organization","name":"Grupo Notibras de Comunica\u00e7\u00e3o","url":"https:\/\/www.notibras.com\/site\/","logo":{"@type":"ImageObject","inLanguage":"pt-BR","@id":"https:\/\/www.notibras.com\/site\/#\/schema\/logo\/image\/","url":"https:\/\/www.notibras.com\/site\/wp-content\/uploads\/2023\/01\/notibras23.png","contentUrl":"https:\/\/www.notibras.com\/site\/wp-content\/uploads\/2023\/01\/notibras23.png","width":350,"height":87,"caption":"Grupo Notibras de Comunica\u00e7\u00e3o"},"image":{"@id":"https:\/\/www.notibras.com\/site\/#\/schema\/logo\/image\/"},"sameAs":["https:\/\/www.facebook.com\/notibras\/","https:\/\/x.com\/Notibras","https:\/\/www.instagram.com\/notibras\/"]},{"@type":"Person","@id":"https:\/\/www.notibras.com\/site\/#\/schema\/person\/36ab0979449956132d3e5b517ea76ac8","name":"Reda\u00e7\u00e3o","image":{"@type":"ImageObject","inLanguage":"pt-BR","@id":"https:\/\/secure.gravatar.com\/avatar\/e0a867bdedb85fd243eadf09663511f96fc81e0720a4a42581f334ad4303aa6b?s=96&d=mm&r=g","url":"https:\/\/secure.gravatar.com\/avatar\/e0a867bdedb85fd243eadf09663511f96fc81e0720a4a42581f334ad4303aa6b?s=96&d=mm&r=g","contentUrl":"https:\/\/secure.gravatar.com\/avatar\/e0a867bdedb85fd243eadf09663511f96fc81e0720a4a42581f334ad4303aa6b?s=96&d=mm&r=g","caption":"Reda\u00e7\u00e3o"}}]}},"amp_enabled":true,"_links":{"self":[{"href":"https:\/\/www.notibras.com\/site\/wp-json\/wp\/v2\/posts\/327571","targetHints":{"allow":["GET"]}}],"collection":[{"href":"https:\/\/www.notibras.com\/site\/wp-json\/wp\/v2\/posts"}],"about":[{"href":"https:\/\/www.notibras.com\/site\/wp-json\/wp\/v2\/types\/post"}],"author":[{"embeddable":true,"href":"https:\/\/www.notibras.com\/site\/wp-json\/wp\/v2\/users\/2"}],"replies":[{"embeddable":true,"href":"https:\/\/www.notibras.com\/site\/wp-json\/wp\/v2\/comments?post=327571"}],"version-history":[{"count":1,"href":"https:\/\/www.notibras.com\/site\/wp-json\/wp\/v2\/posts\/327571\/revisions"}],"predecessor-version":[{"id":327573,"href":"https:\/\/www.notibras.com\/site\/wp-json\/wp\/v2\/posts\/327571\/revisions\/327573"}],"wp:featuredmedia":[{"embeddable":true,"href":"https:\/\/www.notibras.com\/site\/wp-json\/wp\/v2\/media\/327572"}],"wp:attachment":[{"href":"https:\/\/www.notibras.com\/site\/wp-json\/wp\/v2\/media?parent=327571"}],"wp:term":[{"taxonomy":"category","embeddable":true,"href":"https:\/\/www.notibras.com\/site\/wp-json\/wp\/v2\/categories?post=327571"},{"taxonomy":"post_tag","embeddable":true,"href":"https:\/\/www.notibras.com\/site\/wp-json\/wp\/v2\/tags?post=327571"}],"curies":[{"name":"wp","href":"https:\/\/api.w.org\/{rel}","templated":true}]}}