{"id":327574,"date":"2024-04-28T00:00:06","date_gmt":"2024-04-28T03:00:06","guid":{"rendered":"https:\/\/www.notibras.com\/site\/?p=327574"},"modified":"2024-04-28T10:07:20","modified_gmt":"2024-04-28T13:07:20","slug":"trabalhadores-estendem-horario-para-acelerar-obra-na-w3-sul","status":"publish","type":"post","link":"https:\/\/www.notibras.com\/site\/trabalhadores-estendem-horario-para-acelerar-obra-na-w3-sul\/","title":{"rendered":"Trabalhadores estendem hor\u00e1rio para acelerar obra na W3 Sul"},"content":{"rendered":"<p>As obras na W3 Sul, no sentido Centro-Sul, tiveram o hor\u00e1rio estendido para acelerar ainda mais os trabalhos de concretagem neste s\u00e1bado (27), que seguiram at\u00e9 as 20h. M\u00e1quinas e oper\u00e1rios entraram em a\u00e7\u00e3o na via antes das 8h e, em 12 horas, foram feitos os servi\u00e7os de terraplanagem, compacta\u00e7\u00e3o do solo e concretagem da faixa destinada aos \u00f4nibus. Com investimentos da ordem de R$ 25,6 milh\u00f5es, a obra gera cerca de 240 empregos diretos e indiretos.<\/p>\n<p>A iniciativa atende pedido de comerciantes e varejistas da regi\u00e3o para dar mais conforto aos clientes durante as vendas de Dia das M\u00e3es, celebrado em 12 de maio. As atividades noturnas deste s\u00e1bado contaram com cerca de 60 oper\u00e1rios, que realizaram a concretagem na altura do shopping P\u00e1tio Brasil para reativar a parada de \u00f4nibus que d\u00e1 acesso ao centro comercial nos pr\u00f3ximos dias.<\/p>\n<p>\u201cQuando terminarmos de concretar, vamos conseguir liberar o tr\u00e2nsito de pedestres para pegar o transporte coletivo. Vai facilitar bastante porque nesse local tem muito fluxo de pessoas e vamos acabar com a necessidade de fazer o passageiro se deslocar at\u00e9 outra parada. Al\u00e9m disso, vamos dar mais conforto aos motoristas, tendo em vista que a ideia \u00e9 liberar mais uma faixa de rolamento no sentido Centro-Sul pelos pr\u00f3ximos dias\u201d, revelou o secret\u00e1rio de Obras e Infraestrutura, Valter Casimiro.<\/p>\n<p>A expectativa de reativar a parada de \u00f4nibus em frente ao shopping P\u00e1tio Brasil foi comemorada pelo gerente de opera\u00e7\u00f5es do estabelecimento, Guilherme Carvalho. \u201cEstava muito ruim sem o ponto. Com o Dia das M\u00e3es se aproximando, a gente espera que as vendas sejam melhores para os lojistas. Essa \u00e9 a segunda data mais importante para o varejo, ficando atr\u00e1s apenas do Natal. Ent\u00e3o, estamos empolgados para que o fluxo aumente ainda mais\u201d, admite.<\/p>\n<p>Um novo cronograma para fixar o hor\u00e1rio ampliado de trabalho dos oper\u00e1rios ser\u00e1 estudado junto \u00e0s empresas licitadas. A expectativa \u00e9 que, assim como na W3 Sul, outras obras p\u00fablicas em andamento no Distrito Federal tamb\u00e9m tenham o hor\u00e1rio estendido durante o per\u00edodo de estiagem.<\/p>\n<p>Para quem passava pelo local \u00e0 noite, a sensa\u00e7\u00e3o foi de al\u00edvio em ver as m\u00e1quinas e os oper\u00e1rios trabalhando ap\u00f3s \u00e0s 18h. A aposentada Haeyang, 63 anos, revelou estar empolgada com a reativa\u00e7\u00e3o do ponto de \u00f4nibus. \u201c\u00c9 muito importante ter um abrigo enquanto aguarda o transporte coletivo. D\u00e1 a certeza de que vai passar um \u00f4nibus ali. Com as interdi\u00e7\u00f5es, n\u00e3o temos essa garantia. Mas, quando reativar, teremos mais seguran\u00e7a para ficar na parada e aguardar\u201d, disse.<\/p>\n<p><strong>Sobre a obra<\/strong><br \/>\nA reforma na W3 Sul, considerada uma das avenidas mais ic\u00f4nicas da capital federal, mobilizou investimento de R$ 25,6 milh\u00f5es. Os recursos s\u00e3o da Ag\u00eancia de Desenvolvimento do Distrito Federal (Terracap) e foram repassados \u00e0 Secretaria de Obras e Infraestrutura do DF por meio de conv\u00eanio.<\/p>\n<p>\u201cA decis\u00e3o por acelerar as obras na W3 Sul mostra o quanto o governo est\u00e1 alinhado e comprometido com as nossas demandas. Essa medida \u00e9 crucial para minimizar os transtornos durante um per\u00edodo t\u00e3o importante para o com\u00e9rcio, como o Dia das M\u00e3es. Estamos confiantes de que essa medida contribuir\u00e1 para a mobilidade e acesso dos consumidores \u00e0s lojas, garantindo uma experi\u00eancia mais fluida e segura para todos\u201d, defendeu o presidente do Sistema Fecom\u00e9rcio-DF, Jos\u00e9 Aparecido Freire.<\/p>\n<p>As obras \u00e0 noite na W3 Sul tamb\u00e9m foram elogiadas pela C\u00e2mara de Dirigentes Lojistas do Distrito Federal (CDL-DF). \u201cEssa foi uma das demandas que levamos ao secret\u00e1rio Valter Casimiro para minimizar o impacto das obras no fluxo de clientes na regi\u00e3o onde est\u00e3o ocorrendo. O pleno funcionamento do com\u00e9rcio contribui de maneira decisiva para o desenvolvimento do DF e a medida adotada pelo governo demonstra sensibilidade no assunto\u201d, avaliou o presidente da CDL-DF, Wagner da Silveira.<\/p>\n<p><strong>Obras entregues<\/strong><br \/>\nO pavimento r\u00edgido na faixa destinada aos \u00f4nibus foi conclu\u00eddo ao longo do trecho entre as quadras 703 e 716. No sentido contr\u00e1rio da via, no lado comercial, os trabalhos est\u00e3o na etapa de escava\u00e7\u00f5es e constru\u00e7\u00e3o de estruturas, na altura da 516 Sul. Para dar agilidade ao servi\u00e7o, as frentes de trabalho s\u00e3o executadas simultaneamente.<\/p>\n<p>Ap\u00f3s finalizar um curso no Setor Comercial Sul, a cabeleireira Divanir Lima, 53 anos, presenciou as equipes trabalhando com hor\u00e1rio ampliado neste s\u00e1bado. Para ela, os servi\u00e7os fora do hor\u00e1rio comercial trazem mais seguran\u00e7a de que a obra est\u00e1 tendo andamento. \u201c\u00c9 \u00f3timo poder ver essa agilidade nos servi\u00e7os. A parada de \u00f4nibus que foi desativada est\u00e1 fazendo falta, mas depois vai ficar muito bom, al\u00e9m de fazer uma diferen\u00e7a enorme na vida de quem trabalha ou frequenta o shopping.\u201d<\/p>\n<p>O concreto \u00e9 um material mais resistente, duradouro e de f\u00e1cil manuten\u00e7\u00e3o. Tem maior espessura que o asfalto e tende a durar at\u00e9 20 anos. Com uma vida \u00fatil superior ao asfalto comum, ele suporta cargas mais pesadas, como caminh\u00f5es e \u00f4nibus, sem sofrer deforma\u00e7\u00f5es ou danos significativos, e por isso \u00e9 indicado a rodovias de grande movimenta\u00e7\u00e3o.<\/p>\n<p>Al\u00e9m da constru\u00e7\u00e3o do pavimento r\u00edgido, o projeto prev\u00ea a execu\u00e7\u00e3o de redes de drenagem, abertura de bocas de lobo e pavimenta\u00e7\u00e3o. Bem como a constru\u00e7\u00e3o de cal\u00e7adas, meios-fios, paisagismo e sinaliza\u00e7\u00e3o.<\/p>\n<p>Assim que for conclu\u00edda a obra, cada sentido da W3 Sul ter\u00e1 uma faixa de rolamento com pavimento r\u00edgido, por onde passar\u00e1 o transporte p\u00fablico, e duas com pavimento flex\u00edvel, para o fluxo de carros e motocicletas.<\/p>\n","protected":false},"excerpt":{"rendered":"<p>As obras na W3 Sul, no sentido Centro-Sul, tiveram o hor\u00e1rio estendido para acelerar ainda mais os trabalhos de concretagem neste s\u00e1bado (27), que seguiram at\u00e9 as 20h. M\u00e1quinas e oper\u00e1rios entraram em a\u00e7\u00e3o na via antes das 8h e, em 12 horas, foram feitos os servi\u00e7os de terraplanagem, compacta\u00e7\u00e3o do solo e concretagem da [&hellip;]<\/p>\n","protected":false},"author":2,"featured_media":327575,"comment_status":"closed","ping_status":"closed","sticky":false,"template":"","format":"standard","meta":{"_acf_changed":false,"footnotes":""},"categories":[161],"tags":[],"class_list":["post-327574","post","type-post","status-publish","format-standard","has-post-thumbnail","hentry","category-quadradinho-em-foco"],"acf":[],"yoast_head":"<!-- This site is optimized with the Yoast SEO plugin v27.5 - https:\/\/yoast.com\/product\/yoast-seo-wordpress\/ -->\n<title>Trabalhadores estendem hor\u00e1rio para acelerar obra na W3 Sul - Notibras<\/title>\n<meta name=\"robots\" content=\"index, follow, max-snippet:-1, max-image-preview:large, max-video-preview:-1\" \/>\n<link rel=\"canonical\" href=\"https:\/\/www.notibras.com\/site\/trabalhadores-estendem-horario-para-acelerar-obra-na-w3-sul\/\" \/>\n<meta property=\"og:locale\" content=\"pt_BR\" \/>\n<meta property=\"og:type\" content=\"article\" \/>\n<meta property=\"og:title\" content=\"Trabalhadores estendem hor\u00e1rio para acelerar obra na W3 Sul - Notibras\" \/>\n<meta property=\"og:description\" content=\"As obras na W3 Sul, no sentido Centro-Sul, tiveram o hor\u00e1rio estendido para acelerar ainda mais os trabalhos de concretagem neste s\u00e1bado (27), que seguiram at\u00e9 as 20h. M\u00e1quinas e oper\u00e1rios entraram em a\u00e7\u00e3o na via antes das 8h e, em 12 horas, foram feitos os servi\u00e7os de terraplanagem, compacta\u00e7\u00e3o do solo e concretagem da [&hellip;]\" \/>\n<meta property=\"og:url\" content=\"https:\/\/www.notibras.com\/site\/trabalhadores-estendem-horario-para-acelerar-obra-na-w3-sul\/\" \/>\n<meta property=\"og:site_name\" content=\"Notibras\" \/>\n<meta property=\"article:publisher\" content=\"https:\/\/www.facebook.com\/notibras\/\" \/>\n<meta property=\"article:published_time\" content=\"2024-04-28T03:00:06+00:00\" \/>\n<meta property=\"article:modified_time\" content=\"2024-04-28T13:07:20+00:00\" \/>\n<meta property=\"og:image\" content=\"https:\/\/www.notibras.com\/site\/wp-content\/uploads\/2024\/04\/WhatsApp-Image-2024-04-27-at-20.21.07-1536x1023-1.jpeg\" \/>\n\t<meta property=\"og:image:width\" content=\"1536\" \/>\n\t<meta property=\"og:image:height\" content=\"1023\" \/>\n\t<meta property=\"og:image:type\" content=\"image\/jpeg\" \/>\n<meta name=\"author\" content=\"Reda\u00e7\u00e3o\" \/>\n<meta name=\"twitter:card\" content=\"summary_large_image\" \/>\n<meta name=\"twitter:creator\" content=\"@Notibras\" \/>\n<meta name=\"twitter:site\" content=\"@Notibras\" \/>\n<meta name=\"twitter:label1\" content=\"Escrito por\" \/>\n\t<meta name=\"twitter:data1\" content=\"Reda\u00e7\u00e3o\" \/>\n\t<meta name=\"twitter:label2\" content=\"Est. tempo de leitura\" \/>\n\t<meta name=\"twitter:data2\" content=\"6 minutos\" \/>\n<script type=\"application\/ld+json\" class=\"yoast-schema-graph\">{\"@context\":\"https:\\\/\\\/schema.org\",\"@graph\":[{\"@type\":\"Article\",\"@id\":\"https:\\\/\\\/www.notibras.com\\\/site\\\/trabalhadores-estendem-horario-para-acelerar-obra-na-w3-sul\\\/#article\",\"isPartOf\":{\"@id\":\"https:\\\/\\\/www.notibras.com\\\/site\\\/trabalhadores-estendem-horario-para-acelerar-obra-na-w3-sul\\\/\"},\"author\":{\"name\":\"Reda\u00e7\u00e3o\",\"@id\":\"https:\\\/\\\/www.notibras.com\\\/site\\\/#\\\/schema\\\/person\\\/36ab0979449956132d3e5b517ea76ac8\"},\"headline\":\"Trabalhadores estendem hor\u00e1rio para acelerar obra na W3 Sul\",\"datePublished\":\"2024-04-28T03:00:06+00:00\",\"dateModified\":\"2024-04-28T13:07:20+00:00\",\"mainEntityOfPage\":{\"@id\":\"https:\\\/\\\/www.notibras.com\\\/site\\\/trabalhadores-estendem-horario-para-acelerar-obra-na-w3-sul\\\/\"},\"wordCount\":961,\"publisher\":{\"@id\":\"https:\\\/\\\/www.notibras.com\\\/site\\\/#organization\"},\"image\":{\"@id\":\"https:\\\/\\\/www.notibras.com\\\/site\\\/trabalhadores-estendem-horario-para-acelerar-obra-na-w3-sul\\\/#primaryimage\"},\"thumbnailUrl\":\"https:\\\/\\\/www.notibras.com\\\/site\\\/wp-content\\\/uploads\\\/2024\\\/04\\\/WhatsApp-Image-2024-04-27-at-20.21.07-1536x1023-1.jpeg\",\"articleSection\":[\"Quadradinho em Foco\"],\"inLanguage\":\"pt-BR\"},{\"@type\":\"WebPage\",\"@id\":\"https:\\\/\\\/www.notibras.com\\\/site\\\/trabalhadores-estendem-horario-para-acelerar-obra-na-w3-sul\\\/\",\"url\":\"https:\\\/\\\/www.notibras.com\\\/site\\\/trabalhadores-estendem-horario-para-acelerar-obra-na-w3-sul\\\/\",\"name\":\"Trabalhadores estendem hor\u00e1rio para acelerar obra na W3 Sul - Notibras\",\"isPartOf\":{\"@id\":\"https:\\\/\\\/www.notibras.com\\\/site\\\/#website\"},\"primaryImageOfPage\":{\"@id\":\"https:\\\/\\\/www.notibras.com\\\/site\\\/trabalhadores-estendem-horario-para-acelerar-obra-na-w3-sul\\\/#primaryimage\"},\"image\":{\"@id\":\"https:\\\/\\\/www.notibras.com\\\/site\\\/trabalhadores-estendem-horario-para-acelerar-obra-na-w3-sul\\\/#primaryimage\"},\"thumbnailUrl\":\"https:\\\/\\\/www.notibras.com\\\/site\\\/wp-content\\\/uploads\\\/2024\\\/04\\\/WhatsApp-Image-2024-04-27-at-20.21.07-1536x1023-1.jpeg\",\"datePublished\":\"2024-04-28T03:00:06+00:00\",\"dateModified\":\"2024-04-28T13:07:20+00:00\",\"breadcrumb\":{\"@id\":\"https:\\\/\\\/www.notibras.com\\\/site\\\/trabalhadores-estendem-horario-para-acelerar-obra-na-w3-sul\\\/#breadcrumb\"},\"inLanguage\":\"pt-BR\",\"potentialAction\":[{\"@type\":\"ReadAction\",\"target\":[\"https:\\\/\\\/www.notibras.com\\\/site\\\/trabalhadores-estendem-horario-para-acelerar-obra-na-w3-sul\\\/\"]}]},{\"@type\":\"ImageObject\",\"inLanguage\":\"pt-BR\",\"@id\":\"https:\\\/\\\/www.notibras.com\\\/site\\\/trabalhadores-estendem-horario-para-acelerar-obra-na-w3-sul\\\/#primaryimage\",\"url\":\"https:\\\/\\\/www.notibras.com\\\/site\\\/wp-content\\\/uploads\\\/2024\\\/04\\\/WhatsApp-Image-2024-04-27-at-20.21.07-1536x1023-1.jpeg\",\"contentUrl\":\"https:\\\/\\\/www.notibras.com\\\/site\\\/wp-content\\\/uploads\\\/2024\\\/04\\\/WhatsApp-Image-2024-04-27-at-20.21.07-1536x1023-1.jpeg\",\"width\":1536,\"height\":1023},{\"@type\":\"BreadcrumbList\",\"@id\":\"https:\\\/\\\/www.notibras.com\\\/site\\\/trabalhadores-estendem-horario-para-acelerar-obra-na-w3-sul\\\/#breadcrumb\",\"itemListElement\":[{\"@type\":\"ListItem\",\"position\":1,\"name\":\"In\u00edcio\",\"item\":\"https:\\\/\\\/www.notibras.com\\\/site\\\/\"},{\"@type\":\"ListItem\",\"position\":2,\"name\":\"Trabalhadores estendem hor\u00e1rio para acelerar obra na W3 Sul\"}]},{\"@type\":\"WebSite\",\"@id\":\"https:\\\/\\\/www.notibras.com\\\/site\\\/#website\",\"url\":\"https:\\\/\\\/www.notibras.com\\\/site\\\/\",\"name\":\"Notibras\",\"description\":\"Not\u00edcias de Bras\u00edlia, do Brasil e do Mundo\",\"publisher\":{\"@id\":\"https:\\\/\\\/www.notibras.com\\\/site\\\/#organization\"},\"potentialAction\":[{\"@type\":\"SearchAction\",\"target\":{\"@type\":\"EntryPoint\",\"urlTemplate\":\"https:\\\/\\\/www.notibras.com\\\/site\\\/?s={search_term_string}\"},\"query-input\":{\"@type\":\"PropertyValueSpecification\",\"valueRequired\":true,\"valueName\":\"search_term_string\"}}],\"inLanguage\":\"pt-BR\"},{\"@type\":\"Organization\",\"@id\":\"https:\\\/\\\/www.notibras.com\\\/site\\\/#organization\",\"name\":\"Grupo Notibras de Comunica\u00e7\u00e3o\",\"url\":\"https:\\\/\\\/www.notibras.com\\\/site\\\/\",\"logo\":{\"@type\":\"ImageObject\",\"inLanguage\":\"pt-BR\",\"@id\":\"https:\\\/\\\/www.notibras.com\\\/site\\\/#\\\/schema\\\/logo\\\/image\\\/\",\"url\":\"https:\\\/\\\/www.notibras.com\\\/site\\\/wp-content\\\/uploads\\\/2023\\\/01\\\/notibras23.png\",\"contentUrl\":\"https:\\\/\\\/www.notibras.com\\\/site\\\/wp-content\\\/uploads\\\/2023\\\/01\\\/notibras23.png\",\"width\":350,\"height\":87,\"caption\":\"Grupo Notibras de Comunica\u00e7\u00e3o\"},\"image\":{\"@id\":\"https:\\\/\\\/www.notibras.com\\\/site\\\/#\\\/schema\\\/logo\\\/image\\\/\"},\"sameAs\":[\"https:\\\/\\\/www.facebook.com\\\/notibras\\\/\",\"https:\\\/\\\/x.com\\\/Notibras\",\"https:\\\/\\\/www.instagram.com\\\/notibras\\\/\"]},{\"@type\":\"Person\",\"@id\":\"https:\\\/\\\/www.notibras.com\\\/site\\\/#\\\/schema\\\/person\\\/36ab0979449956132d3e5b517ea76ac8\",\"name\":\"Reda\u00e7\u00e3o\",\"image\":{\"@type\":\"ImageObject\",\"inLanguage\":\"pt-BR\",\"@id\":\"https:\\\/\\\/secure.gravatar.com\\\/avatar\\\/e0a867bdedb85fd243eadf09663511f96fc81e0720a4a42581f334ad4303aa6b?s=96&d=mm&r=g\",\"url\":\"https:\\\/\\\/secure.gravatar.com\\\/avatar\\\/e0a867bdedb85fd243eadf09663511f96fc81e0720a4a42581f334ad4303aa6b?s=96&d=mm&r=g\",\"contentUrl\":\"https:\\\/\\\/secure.gravatar.com\\\/avatar\\\/e0a867bdedb85fd243eadf09663511f96fc81e0720a4a42581f334ad4303aa6b?s=96&d=mm&r=g\",\"caption\":\"Reda\u00e7\u00e3o\"}}]}<\/script>\n<!-- \/ Yoast SEO plugin. -->","yoast_head_json":{"title":"Trabalhadores estendem hor\u00e1rio para acelerar obra na W3 Sul - Notibras","robots":{"index":"index","follow":"follow","max-snippet":"max-snippet:-1","max-image-preview":"max-image-preview:large","max-video-preview":"max-video-preview:-1"},"canonical":"https:\/\/www.notibras.com\/site\/trabalhadores-estendem-horario-para-acelerar-obra-na-w3-sul\/","og_locale":"pt_BR","og_type":"article","og_title":"Trabalhadores estendem hor\u00e1rio para acelerar obra na W3 Sul - Notibras","og_description":"As obras na W3 Sul, no sentido Centro-Sul, tiveram o hor\u00e1rio estendido para acelerar ainda mais os trabalhos de concretagem neste s\u00e1bado (27), que seguiram at\u00e9 as 20h. M\u00e1quinas e oper\u00e1rios entraram em a\u00e7\u00e3o na via antes das 8h e, em 12 horas, foram feitos os servi\u00e7os de terraplanagem, compacta\u00e7\u00e3o do solo e concretagem da [&hellip;]","og_url":"https:\/\/www.notibras.com\/site\/trabalhadores-estendem-horario-para-acelerar-obra-na-w3-sul\/","og_site_name":"Notibras","article_publisher":"https:\/\/www.facebook.com\/notibras\/","article_published_time":"2024-04-28T03:00:06+00:00","article_modified_time":"2024-04-28T13:07:20+00:00","og_image":[{"width":1536,"height":1023,"url":"https:\/\/www.notibras.com\/site\/wp-content\/uploads\/2024\/04\/WhatsApp-Image-2024-04-27-at-20.21.07-1536x1023-1.jpeg","type":"image\/jpeg"}],"author":"Reda\u00e7\u00e3o","twitter_card":"summary_large_image","twitter_creator":"@Notibras","twitter_site":"@Notibras","twitter_misc":{"Escrito por":"Reda\u00e7\u00e3o","Est. tempo de leitura":"6 minutos"},"schema":{"@context":"https:\/\/schema.org","@graph":[{"@type":"Article","@id":"https:\/\/www.notibras.com\/site\/trabalhadores-estendem-horario-para-acelerar-obra-na-w3-sul\/#article","isPartOf":{"@id":"https:\/\/www.notibras.com\/site\/trabalhadores-estendem-horario-para-acelerar-obra-na-w3-sul\/"},"author":{"name":"Reda\u00e7\u00e3o","@id":"https:\/\/www.notibras.com\/site\/#\/schema\/person\/36ab0979449956132d3e5b517ea76ac8"},"headline":"Trabalhadores estendem hor\u00e1rio para acelerar obra na W3 Sul","datePublished":"2024-04-28T03:00:06+00:00","dateModified":"2024-04-28T13:07:20+00:00","mainEntityOfPage":{"@id":"https:\/\/www.notibras.com\/site\/trabalhadores-estendem-horario-para-acelerar-obra-na-w3-sul\/"},"wordCount":961,"publisher":{"@id":"https:\/\/www.notibras.com\/site\/#organization"},"image":{"@id":"https:\/\/www.notibras.com\/site\/trabalhadores-estendem-horario-para-acelerar-obra-na-w3-sul\/#primaryimage"},"thumbnailUrl":"https:\/\/www.notibras.com\/site\/wp-content\/uploads\/2024\/04\/WhatsApp-Image-2024-04-27-at-20.21.07-1536x1023-1.jpeg","articleSection":["Quadradinho em Foco"],"inLanguage":"pt-BR"},{"@type":"WebPage","@id":"https:\/\/www.notibras.com\/site\/trabalhadores-estendem-horario-para-acelerar-obra-na-w3-sul\/","url":"https:\/\/www.notibras.com\/site\/trabalhadores-estendem-horario-para-acelerar-obra-na-w3-sul\/","name":"Trabalhadores estendem hor\u00e1rio para acelerar obra na W3 Sul - Notibras","isPartOf":{"@id":"https:\/\/www.notibras.com\/site\/#website"},"primaryImageOfPage":{"@id":"https:\/\/www.notibras.com\/site\/trabalhadores-estendem-horario-para-acelerar-obra-na-w3-sul\/#primaryimage"},"image":{"@id":"https:\/\/www.notibras.com\/site\/trabalhadores-estendem-horario-para-acelerar-obra-na-w3-sul\/#primaryimage"},"thumbnailUrl":"https:\/\/www.notibras.com\/site\/wp-content\/uploads\/2024\/04\/WhatsApp-Image-2024-04-27-at-20.21.07-1536x1023-1.jpeg","datePublished":"2024-04-28T03:00:06+00:00","dateModified":"2024-04-28T13:07:20+00:00","breadcrumb":{"@id":"https:\/\/www.notibras.com\/site\/trabalhadores-estendem-horario-para-acelerar-obra-na-w3-sul\/#breadcrumb"},"inLanguage":"pt-BR","potentialAction":[{"@type":"ReadAction","target":["https:\/\/www.notibras.com\/site\/trabalhadores-estendem-horario-para-acelerar-obra-na-w3-sul\/"]}]},{"@type":"ImageObject","inLanguage":"pt-BR","@id":"https:\/\/www.notibras.com\/site\/trabalhadores-estendem-horario-para-acelerar-obra-na-w3-sul\/#primaryimage","url":"https:\/\/www.notibras.com\/site\/wp-content\/uploads\/2024\/04\/WhatsApp-Image-2024-04-27-at-20.21.07-1536x1023-1.jpeg","contentUrl":"https:\/\/www.notibras.com\/site\/wp-content\/uploads\/2024\/04\/WhatsApp-Image-2024-04-27-at-20.21.07-1536x1023-1.jpeg","width":1536,"height":1023},{"@type":"BreadcrumbList","@id":"https:\/\/www.notibras.com\/site\/trabalhadores-estendem-horario-para-acelerar-obra-na-w3-sul\/#breadcrumb","itemListElement":[{"@type":"ListItem","position":1,"name":"In\u00edcio","item":"https:\/\/www.notibras.com\/site\/"},{"@type":"ListItem","position":2,"name":"Trabalhadores estendem hor\u00e1rio para acelerar obra na W3 Sul"}]},{"@type":"WebSite","@id":"https:\/\/www.notibras.com\/site\/#website","url":"https:\/\/www.notibras.com\/site\/","name":"Notibras","description":"Not\u00edcias de Bras\u00edlia, do Brasil e do Mundo","publisher":{"@id":"https:\/\/www.notibras.com\/site\/#organization"},"potentialAction":[{"@type":"SearchAction","target":{"@type":"EntryPoint","urlTemplate":"https:\/\/www.notibras.com\/site\/?s={search_term_string}"},"query-input":{"@type":"PropertyValueSpecification","valueRequired":true,"valueName":"search_term_string"}}],"inLanguage":"pt-BR"},{"@type":"Organization","@id":"https:\/\/www.notibras.com\/site\/#organization","name":"Grupo Notibras de Comunica\u00e7\u00e3o","url":"https:\/\/www.notibras.com\/site\/","logo":{"@type":"ImageObject","inLanguage":"pt-BR","@id":"https:\/\/www.notibras.com\/site\/#\/schema\/logo\/image\/","url":"https:\/\/www.notibras.com\/site\/wp-content\/uploads\/2023\/01\/notibras23.png","contentUrl":"https:\/\/www.notibras.com\/site\/wp-content\/uploads\/2023\/01\/notibras23.png","width":350,"height":87,"caption":"Grupo Notibras de Comunica\u00e7\u00e3o"},"image":{"@id":"https:\/\/www.notibras.com\/site\/#\/schema\/logo\/image\/"},"sameAs":["https:\/\/www.facebook.com\/notibras\/","https:\/\/x.com\/Notibras","https:\/\/www.instagram.com\/notibras\/"]},{"@type":"Person","@id":"https:\/\/www.notibras.com\/site\/#\/schema\/person\/36ab0979449956132d3e5b517ea76ac8","name":"Reda\u00e7\u00e3o","image":{"@type":"ImageObject","inLanguage":"pt-BR","@id":"https:\/\/secure.gravatar.com\/avatar\/e0a867bdedb85fd243eadf09663511f96fc81e0720a4a42581f334ad4303aa6b?s=96&d=mm&r=g","url":"https:\/\/secure.gravatar.com\/avatar\/e0a867bdedb85fd243eadf09663511f96fc81e0720a4a42581f334ad4303aa6b?s=96&d=mm&r=g","contentUrl":"https:\/\/secure.gravatar.com\/avatar\/e0a867bdedb85fd243eadf09663511f96fc81e0720a4a42581f334ad4303aa6b?s=96&d=mm&r=g","caption":"Reda\u00e7\u00e3o"}}]}},"amp_enabled":true,"_links":{"self":[{"href":"https:\/\/www.notibras.com\/site\/wp-json\/wp\/v2\/posts\/327574","targetHints":{"allow":["GET"]}}],"collection":[{"href":"https:\/\/www.notibras.com\/site\/wp-json\/wp\/v2\/posts"}],"about":[{"href":"https:\/\/www.notibras.com\/site\/wp-json\/wp\/v2\/types\/post"}],"author":[{"embeddable":true,"href":"https:\/\/www.notibras.com\/site\/wp-json\/wp\/v2\/users\/2"}],"replies":[{"embeddable":true,"href":"https:\/\/www.notibras.com\/site\/wp-json\/wp\/v2\/comments?post=327574"}],"version-history":[{"count":1,"href":"https:\/\/www.notibras.com\/site\/wp-json\/wp\/v2\/posts\/327574\/revisions"}],"predecessor-version":[{"id":327576,"href":"https:\/\/www.notibras.com\/site\/wp-json\/wp\/v2\/posts\/327574\/revisions\/327576"}],"wp:featuredmedia":[{"embeddable":true,"href":"https:\/\/www.notibras.com\/site\/wp-json\/wp\/v2\/media\/327575"}],"wp:attachment":[{"href":"https:\/\/www.notibras.com\/site\/wp-json\/wp\/v2\/media?parent=327574"}],"wp:term":[{"taxonomy":"category","embeddable":true,"href":"https:\/\/www.notibras.com\/site\/wp-json\/wp\/v2\/categories?post=327574"},{"taxonomy":"post_tag","embeddable":true,"href":"https:\/\/www.notibras.com\/site\/wp-json\/wp\/v2\/tags?post=327574"}],"curies":[{"name":"wp","href":"https:\/\/api.w.org\/{rel}","templated":true}]}}