{"id":327577,"date":"2024-04-28T00:09:57","date_gmt":"2024-04-28T03:09:57","guid":{"rendered":"https:\/\/www.notibras.com\/site\/?p=327577"},"modified":"2024-04-28T10:11:29","modified_gmt":"2024-04-28T13:11:29","slug":"estacao-ecologica-tera-acao-para-reduzir-riscos-de-grandes-incendios","status":"publish","type":"post","link":"https:\/\/www.notibras.com\/site\/estacao-ecologica-tera-acao-para-reduzir-riscos-de-grandes-incendios\/","title":{"rendered":"Esta\u00e7\u00e3o Ecol\u00f3gica ter\u00e1 a\u00e7\u00e3o para reduzir riscos de grandes inc\u00eandios"},"content":{"rendered":"<p>O Instituto Bras\u00edlia Ambiental promove nesta segunda-feira (29) na Esta\u00e7\u00e3o Ecol\u00f3gica \u00c1guas Emendadas (Esecae), localizada em Planaltina, a queima prescrita em uma \u00e1rea demarcada de 70 hectares, equivalente a 0,5% da \u00e1rea total da unidade de conserva\u00e7\u00e3o, que possui mais de 10 mil hectares. A a\u00e7\u00e3o, que ser\u00e1 realizada entre 10h e 16h, tem como objetivo reduzir a biomassa (mat\u00e9ria org\u00e2nica) acumulada e, assim, minimizar os riscos de um eventual inc\u00eandio florestal de grandes propor\u00e7\u00f5es.<\/p>\n<p>A iniciativa faz parte do Programa de Manejo Integrado do Fogo (PMIF) da Esecae e ser\u00e1 comandada pela Diretoria de Preven\u00e7\u00e3o e Combate aos Inc\u00eandios Florestais do Instituto (DPCIF). A a\u00e7\u00e3o conta com a parceria do Plano de Preven\u00e7\u00e3o e Combate a Inc\u00eandios Florestais (PPCIF), coordenado pela Secretaria de Meio Ambiente e Prote\u00e7\u00e3o Animal (Sema), que articulou o apoio t\u00e9cnico dos combatentes do Parque Nacional de Bras\u00edlia e do Grupamento de Prote\u00e7\u00e3o Ambiental (Gepram\/CBM).<\/p>\n<p>Segundo a superintendente de Unidades de Conserva\u00e7\u00e3o do Bras\u00edlia Ambiental, Marcela Versiani, o manejo com fogo \u00e9 um instrumento de prote\u00e7\u00e3o feito antes da chegada do per\u00edodo de estiagem no Distrito Federal, quando ainda h\u00e1 mais umidade na superf\u00edcie e as equipes conseguem controlar a queima somente de esp\u00e9cies n\u00e3o pertencentes ao bioma Cerrado.<\/p>\n<p>\u201cO intuito \u00e9 diminuir a quantidade de capins ex\u00f3ticos e brachiarias (forrageira de origem africana) para que no per\u00edodo de seca n\u00e3o tenha tanto material combust\u00edvel, pois, em um inc\u00eandio florestal, elas provocam queimas com temperaturas mais altas, labaredas muito maiores e por um per\u00edodo mais prolongado, comprometendo a fauna e flora nativa\u201d, esclarece Versiani.<\/p>\n<p>A \u00e1rea onde ser\u00e1 realizada a a\u00e7\u00e3o funcionar\u00e1 como uma faixa de prote\u00e7\u00e3o das \u00e1reas sens\u00edveis da unidade de conserva\u00e7\u00e3o, tais como a vereda e as matas, com esp\u00e9cies nativas da flora do Cerrado.<\/p>\n<p><strong>Queima prescrita<\/strong><br \/>\n\u00b7 Data \u2013 Segunda-feira (29)<br \/>\n\u00b7 Hora \u2013 Das 10h \u00e0s 16h<br \/>\n\u00b7 Local \u2013 Esta\u00e7\u00e3o Ecol\u00f3gica \u00c1guas Emendadas (Esecae), em Planaltina<\/p>\n","protected":false},"excerpt":{"rendered":"<p>O Instituto Bras\u00edlia Ambiental promove nesta segunda-feira (29) na Esta\u00e7\u00e3o Ecol\u00f3gica \u00c1guas Emendadas (Esecae), localizada em Planaltina, a queima prescrita em uma \u00e1rea demarcada de 70 hectares, equivalente a 0,5% da \u00e1rea total da unidade de conserva\u00e7\u00e3o, que possui mais de 10 mil hectares. A a\u00e7\u00e3o, que ser\u00e1 realizada entre 10h e 16h, tem como [&hellip;]<\/p>\n","protected":false},"author":2,"featured_media":327578,"comment_status":"closed","ping_status":"closed","sticky":false,"template":"","format":"standard","meta":{"_acf_changed":false,"footnotes":""},"categories":[161],"tags":[],"class_list":["post-327577","post","type-post","status-publish","format-standard","has-post-thumbnail","hentry","category-quadradinho-em-foco"],"acf":[],"yoast_head":"<!-- This site is optimized with the Yoast SEO plugin v27.5 - https:\/\/yoast.com\/product\/yoast-seo-wordpress\/ -->\n<title>Esta\u00e7\u00e3o Ecol\u00f3gica ter\u00e1 a\u00e7\u00e3o para reduzir riscos de grandes inc\u00eandios - Notibras<\/title>\n<meta name=\"robots\" content=\"index, follow, max-snippet:-1, max-image-preview:large, max-video-preview:-1\" \/>\n<link rel=\"canonical\" href=\"https:\/\/www.notibras.com\/site\/estacao-ecologica-tera-acao-para-reduzir-riscos-de-grandes-incendios\/\" \/>\n<meta property=\"og:locale\" content=\"pt_BR\" \/>\n<meta property=\"og:type\" content=\"article\" \/>\n<meta property=\"og:title\" content=\"Esta\u00e7\u00e3o Ecol\u00f3gica ter\u00e1 a\u00e7\u00e3o para reduzir riscos de grandes inc\u00eandios - Notibras\" \/>\n<meta property=\"og:description\" content=\"O Instituto Bras\u00edlia Ambiental promove nesta segunda-feira (29) na Esta\u00e7\u00e3o Ecol\u00f3gica \u00c1guas Emendadas (Esecae), localizada em Planaltina, a queima prescrita em uma \u00e1rea demarcada de 70 hectares, equivalente a 0,5% da \u00e1rea total da unidade de conserva\u00e7\u00e3o, que possui mais de 10 mil hectares. A a\u00e7\u00e3o, que ser\u00e1 realizada entre 10h e 16h, tem como [&hellip;]\" \/>\n<meta property=\"og:url\" content=\"https:\/\/www.notibras.com\/site\/estacao-ecologica-tera-acao-para-reduzir-riscos-de-grandes-incendios\/\" \/>\n<meta property=\"og:site_name\" content=\"Notibras\" \/>\n<meta property=\"article:publisher\" content=\"https:\/\/www.facebook.com\/notibras\/\" \/>\n<meta property=\"article:published_time\" content=\"2024-04-28T03:09:57+00:00\" \/>\n<meta property=\"article:modified_time\" content=\"2024-04-28T13:11:29+00:00\" \/>\n<meta property=\"og:image\" content=\"https:\/\/www.notibras.com\/site\/wp-content\/uploads\/2024\/04\/Brigadistas-Brasilia-Ambiental.jpeg\" \/>\n\t<meta property=\"og:image:width\" content=\"1280\" \/>\n\t<meta property=\"og:image:height\" content=\"960\" \/>\n\t<meta property=\"og:image:type\" content=\"image\/jpeg\" \/>\n<meta name=\"author\" content=\"Reda\u00e7\u00e3o\" \/>\n<meta name=\"twitter:card\" content=\"summary_large_image\" \/>\n<meta name=\"twitter:creator\" content=\"@Notibras\" \/>\n<meta name=\"twitter:site\" content=\"@Notibras\" \/>\n<meta name=\"twitter:label1\" content=\"Escrito por\" \/>\n\t<meta name=\"twitter:data1\" content=\"Reda\u00e7\u00e3o\" \/>\n\t<meta name=\"twitter:label2\" content=\"Est. tempo de leitura\" \/>\n\t<meta name=\"twitter:data2\" content=\"2 minutos\" \/>\n<script type=\"application\/ld+json\" class=\"yoast-schema-graph\">{\"@context\":\"https:\\\/\\\/schema.org\",\"@graph\":[{\"@type\":\"Article\",\"@id\":\"https:\\\/\\\/www.notibras.com\\\/site\\\/estacao-ecologica-tera-acao-para-reduzir-riscos-de-grandes-incendios\\\/#article\",\"isPartOf\":{\"@id\":\"https:\\\/\\\/www.notibras.com\\\/site\\\/estacao-ecologica-tera-acao-para-reduzir-riscos-de-grandes-incendios\\\/\"},\"author\":{\"name\":\"Reda\u00e7\u00e3o\",\"@id\":\"https:\\\/\\\/www.notibras.com\\\/site\\\/#\\\/schema\\\/person\\\/36ab0979449956132d3e5b517ea76ac8\"},\"headline\":\"Esta\u00e7\u00e3o Ecol\u00f3gica ter\u00e1 a\u00e7\u00e3o para reduzir riscos de grandes inc\u00eandios\",\"datePublished\":\"2024-04-28T03:09:57+00:00\",\"dateModified\":\"2024-04-28T13:11:29+00:00\",\"mainEntityOfPage\":{\"@id\":\"https:\\\/\\\/www.notibras.com\\\/site\\\/estacao-ecologica-tera-acao-para-reduzir-riscos-de-grandes-incendios\\\/\"},\"wordCount\":356,\"publisher\":{\"@id\":\"https:\\\/\\\/www.notibras.com\\\/site\\\/#organization\"},\"image\":{\"@id\":\"https:\\\/\\\/www.notibras.com\\\/site\\\/estacao-ecologica-tera-acao-para-reduzir-riscos-de-grandes-incendios\\\/#primaryimage\"},\"thumbnailUrl\":\"https:\\\/\\\/www.notibras.com\\\/site\\\/wp-content\\\/uploads\\\/2024\\\/04\\\/Brigadistas-Brasilia-Ambiental.jpeg\",\"articleSection\":[\"Quadradinho em Foco\"],\"inLanguage\":\"pt-BR\"},{\"@type\":\"WebPage\",\"@id\":\"https:\\\/\\\/www.notibras.com\\\/site\\\/estacao-ecologica-tera-acao-para-reduzir-riscos-de-grandes-incendios\\\/\",\"url\":\"https:\\\/\\\/www.notibras.com\\\/site\\\/estacao-ecologica-tera-acao-para-reduzir-riscos-de-grandes-incendios\\\/\",\"name\":\"Esta\u00e7\u00e3o Ecol\u00f3gica ter\u00e1 a\u00e7\u00e3o para reduzir riscos de grandes inc\u00eandios - Notibras\",\"isPartOf\":{\"@id\":\"https:\\\/\\\/www.notibras.com\\\/site\\\/#website\"},\"primaryImageOfPage\":{\"@id\":\"https:\\\/\\\/www.notibras.com\\\/site\\\/estacao-ecologica-tera-acao-para-reduzir-riscos-de-grandes-incendios\\\/#primaryimage\"},\"image\":{\"@id\":\"https:\\\/\\\/www.notibras.com\\\/site\\\/estacao-ecologica-tera-acao-para-reduzir-riscos-de-grandes-incendios\\\/#primaryimage\"},\"thumbnailUrl\":\"https:\\\/\\\/www.notibras.com\\\/site\\\/wp-content\\\/uploads\\\/2024\\\/04\\\/Brigadistas-Brasilia-Ambiental.jpeg\",\"datePublished\":\"2024-04-28T03:09:57+00:00\",\"dateModified\":\"2024-04-28T13:11:29+00:00\",\"breadcrumb\":{\"@id\":\"https:\\\/\\\/www.notibras.com\\\/site\\\/estacao-ecologica-tera-acao-para-reduzir-riscos-de-grandes-incendios\\\/#breadcrumb\"},\"inLanguage\":\"pt-BR\",\"potentialAction\":[{\"@type\":\"ReadAction\",\"target\":[\"https:\\\/\\\/www.notibras.com\\\/site\\\/estacao-ecologica-tera-acao-para-reduzir-riscos-de-grandes-incendios\\\/\"]}]},{\"@type\":\"ImageObject\",\"inLanguage\":\"pt-BR\",\"@id\":\"https:\\\/\\\/www.notibras.com\\\/site\\\/estacao-ecologica-tera-acao-para-reduzir-riscos-de-grandes-incendios\\\/#primaryimage\",\"url\":\"https:\\\/\\\/www.notibras.com\\\/site\\\/wp-content\\\/uploads\\\/2024\\\/04\\\/Brigadistas-Brasilia-Ambiental.jpeg\",\"contentUrl\":\"https:\\\/\\\/www.notibras.com\\\/site\\\/wp-content\\\/uploads\\\/2024\\\/04\\\/Brigadistas-Brasilia-Ambiental.jpeg\",\"width\":1280,\"height\":960},{\"@type\":\"BreadcrumbList\",\"@id\":\"https:\\\/\\\/www.notibras.com\\\/site\\\/estacao-ecologica-tera-acao-para-reduzir-riscos-de-grandes-incendios\\\/#breadcrumb\",\"itemListElement\":[{\"@type\":\"ListItem\",\"position\":1,\"name\":\"In\u00edcio\",\"item\":\"https:\\\/\\\/www.notibras.com\\\/site\\\/\"},{\"@type\":\"ListItem\",\"position\":2,\"name\":\"Esta\u00e7\u00e3o Ecol\u00f3gica ter\u00e1 a\u00e7\u00e3o para reduzir riscos de grandes inc\u00eandios\"}]},{\"@type\":\"WebSite\",\"@id\":\"https:\\\/\\\/www.notibras.com\\\/site\\\/#website\",\"url\":\"https:\\\/\\\/www.notibras.com\\\/site\\\/\",\"name\":\"Notibras\",\"description\":\"Not\u00edcias de Bras\u00edlia, do Brasil e do Mundo\",\"publisher\":{\"@id\":\"https:\\\/\\\/www.notibras.com\\\/site\\\/#organization\"},\"potentialAction\":[{\"@type\":\"SearchAction\",\"target\":{\"@type\":\"EntryPoint\",\"urlTemplate\":\"https:\\\/\\\/www.notibras.com\\\/site\\\/?s={search_term_string}\"},\"query-input\":{\"@type\":\"PropertyValueSpecification\",\"valueRequired\":true,\"valueName\":\"search_term_string\"}}],\"inLanguage\":\"pt-BR\"},{\"@type\":\"Organization\",\"@id\":\"https:\\\/\\\/www.notibras.com\\\/site\\\/#organization\",\"name\":\"Grupo Notibras de Comunica\u00e7\u00e3o\",\"url\":\"https:\\\/\\\/www.notibras.com\\\/site\\\/\",\"logo\":{\"@type\":\"ImageObject\",\"inLanguage\":\"pt-BR\",\"@id\":\"https:\\\/\\\/www.notibras.com\\\/site\\\/#\\\/schema\\\/logo\\\/image\\\/\",\"url\":\"https:\\\/\\\/www.notibras.com\\\/site\\\/wp-content\\\/uploads\\\/2023\\\/01\\\/notibras23.png\",\"contentUrl\":\"https:\\\/\\\/www.notibras.com\\\/site\\\/wp-content\\\/uploads\\\/2023\\\/01\\\/notibras23.png\",\"width\":350,\"height\":87,\"caption\":\"Grupo Notibras de Comunica\u00e7\u00e3o\"},\"image\":{\"@id\":\"https:\\\/\\\/www.notibras.com\\\/site\\\/#\\\/schema\\\/logo\\\/image\\\/\"},\"sameAs\":[\"https:\\\/\\\/www.facebook.com\\\/notibras\\\/\",\"https:\\\/\\\/x.com\\\/Notibras\",\"https:\\\/\\\/www.instagram.com\\\/notibras\\\/\"]},{\"@type\":\"Person\",\"@id\":\"https:\\\/\\\/www.notibras.com\\\/site\\\/#\\\/schema\\\/person\\\/36ab0979449956132d3e5b517ea76ac8\",\"name\":\"Reda\u00e7\u00e3o\",\"image\":{\"@type\":\"ImageObject\",\"inLanguage\":\"pt-BR\",\"@id\":\"https:\\\/\\\/secure.gravatar.com\\\/avatar\\\/e0a867bdedb85fd243eadf09663511f96fc81e0720a4a42581f334ad4303aa6b?s=96&d=mm&r=g\",\"url\":\"https:\\\/\\\/secure.gravatar.com\\\/avatar\\\/e0a867bdedb85fd243eadf09663511f96fc81e0720a4a42581f334ad4303aa6b?s=96&d=mm&r=g\",\"contentUrl\":\"https:\\\/\\\/secure.gravatar.com\\\/avatar\\\/e0a867bdedb85fd243eadf09663511f96fc81e0720a4a42581f334ad4303aa6b?s=96&d=mm&r=g\",\"caption\":\"Reda\u00e7\u00e3o\"}}]}<\/script>\n<!-- \/ Yoast SEO plugin. -->","yoast_head_json":{"title":"Esta\u00e7\u00e3o Ecol\u00f3gica ter\u00e1 a\u00e7\u00e3o para reduzir riscos de grandes inc\u00eandios - Notibras","robots":{"index":"index","follow":"follow","max-snippet":"max-snippet:-1","max-image-preview":"max-image-preview:large","max-video-preview":"max-video-preview:-1"},"canonical":"https:\/\/www.notibras.com\/site\/estacao-ecologica-tera-acao-para-reduzir-riscos-de-grandes-incendios\/","og_locale":"pt_BR","og_type":"article","og_title":"Esta\u00e7\u00e3o Ecol\u00f3gica ter\u00e1 a\u00e7\u00e3o para reduzir riscos de grandes inc\u00eandios - Notibras","og_description":"O Instituto Bras\u00edlia Ambiental promove nesta segunda-feira (29) na Esta\u00e7\u00e3o Ecol\u00f3gica \u00c1guas Emendadas (Esecae), localizada em Planaltina, a queima prescrita em uma \u00e1rea demarcada de 70 hectares, equivalente a 0,5% da \u00e1rea total da unidade de conserva\u00e7\u00e3o, que possui mais de 10 mil hectares. A a\u00e7\u00e3o, que ser\u00e1 realizada entre 10h e 16h, tem como [&hellip;]","og_url":"https:\/\/www.notibras.com\/site\/estacao-ecologica-tera-acao-para-reduzir-riscos-de-grandes-incendios\/","og_site_name":"Notibras","article_publisher":"https:\/\/www.facebook.com\/notibras\/","article_published_time":"2024-04-28T03:09:57+00:00","article_modified_time":"2024-04-28T13:11:29+00:00","og_image":[{"width":1280,"height":960,"url":"https:\/\/www.notibras.com\/site\/wp-content\/uploads\/2024\/04\/Brigadistas-Brasilia-Ambiental.jpeg","type":"image\/jpeg"}],"author":"Reda\u00e7\u00e3o","twitter_card":"summary_large_image","twitter_creator":"@Notibras","twitter_site":"@Notibras","twitter_misc":{"Escrito por":"Reda\u00e7\u00e3o","Est. tempo de leitura":"2 minutos"},"schema":{"@context":"https:\/\/schema.org","@graph":[{"@type":"Article","@id":"https:\/\/www.notibras.com\/site\/estacao-ecologica-tera-acao-para-reduzir-riscos-de-grandes-incendios\/#article","isPartOf":{"@id":"https:\/\/www.notibras.com\/site\/estacao-ecologica-tera-acao-para-reduzir-riscos-de-grandes-incendios\/"},"author":{"name":"Reda\u00e7\u00e3o","@id":"https:\/\/www.notibras.com\/site\/#\/schema\/person\/36ab0979449956132d3e5b517ea76ac8"},"headline":"Esta\u00e7\u00e3o Ecol\u00f3gica ter\u00e1 a\u00e7\u00e3o para reduzir riscos de grandes inc\u00eandios","datePublished":"2024-04-28T03:09:57+00:00","dateModified":"2024-04-28T13:11:29+00:00","mainEntityOfPage":{"@id":"https:\/\/www.notibras.com\/site\/estacao-ecologica-tera-acao-para-reduzir-riscos-de-grandes-incendios\/"},"wordCount":356,"publisher":{"@id":"https:\/\/www.notibras.com\/site\/#organization"},"image":{"@id":"https:\/\/www.notibras.com\/site\/estacao-ecologica-tera-acao-para-reduzir-riscos-de-grandes-incendios\/#primaryimage"},"thumbnailUrl":"https:\/\/www.notibras.com\/site\/wp-content\/uploads\/2024\/04\/Brigadistas-Brasilia-Ambiental.jpeg","articleSection":["Quadradinho em Foco"],"inLanguage":"pt-BR"},{"@type":"WebPage","@id":"https:\/\/www.notibras.com\/site\/estacao-ecologica-tera-acao-para-reduzir-riscos-de-grandes-incendios\/","url":"https:\/\/www.notibras.com\/site\/estacao-ecologica-tera-acao-para-reduzir-riscos-de-grandes-incendios\/","name":"Esta\u00e7\u00e3o Ecol\u00f3gica ter\u00e1 a\u00e7\u00e3o para reduzir riscos de grandes inc\u00eandios - Notibras","isPartOf":{"@id":"https:\/\/www.notibras.com\/site\/#website"},"primaryImageOfPage":{"@id":"https:\/\/www.notibras.com\/site\/estacao-ecologica-tera-acao-para-reduzir-riscos-de-grandes-incendios\/#primaryimage"},"image":{"@id":"https:\/\/www.notibras.com\/site\/estacao-ecologica-tera-acao-para-reduzir-riscos-de-grandes-incendios\/#primaryimage"},"thumbnailUrl":"https:\/\/www.notibras.com\/site\/wp-content\/uploads\/2024\/04\/Brigadistas-Brasilia-Ambiental.jpeg","datePublished":"2024-04-28T03:09:57+00:00","dateModified":"2024-04-28T13:11:29+00:00","breadcrumb":{"@id":"https:\/\/www.notibras.com\/site\/estacao-ecologica-tera-acao-para-reduzir-riscos-de-grandes-incendios\/#breadcrumb"},"inLanguage":"pt-BR","potentialAction":[{"@type":"ReadAction","target":["https:\/\/www.notibras.com\/site\/estacao-ecologica-tera-acao-para-reduzir-riscos-de-grandes-incendios\/"]}]},{"@type":"ImageObject","inLanguage":"pt-BR","@id":"https:\/\/www.notibras.com\/site\/estacao-ecologica-tera-acao-para-reduzir-riscos-de-grandes-incendios\/#primaryimage","url":"https:\/\/www.notibras.com\/site\/wp-content\/uploads\/2024\/04\/Brigadistas-Brasilia-Ambiental.jpeg","contentUrl":"https:\/\/www.notibras.com\/site\/wp-content\/uploads\/2024\/04\/Brigadistas-Brasilia-Ambiental.jpeg","width":1280,"height":960},{"@type":"BreadcrumbList","@id":"https:\/\/www.notibras.com\/site\/estacao-ecologica-tera-acao-para-reduzir-riscos-de-grandes-incendios\/#breadcrumb","itemListElement":[{"@type":"ListItem","position":1,"name":"In\u00edcio","item":"https:\/\/www.notibras.com\/site\/"},{"@type":"ListItem","position":2,"name":"Esta\u00e7\u00e3o Ecol\u00f3gica ter\u00e1 a\u00e7\u00e3o para reduzir riscos de grandes inc\u00eandios"}]},{"@type":"WebSite","@id":"https:\/\/www.notibras.com\/site\/#website","url":"https:\/\/www.notibras.com\/site\/","name":"Notibras","description":"Not\u00edcias de Bras\u00edlia, do Brasil e do Mundo","publisher":{"@id":"https:\/\/www.notibras.com\/site\/#organization"},"potentialAction":[{"@type":"SearchAction","target":{"@type":"EntryPoint","urlTemplate":"https:\/\/www.notibras.com\/site\/?s={search_term_string}"},"query-input":{"@type":"PropertyValueSpecification","valueRequired":true,"valueName":"search_term_string"}}],"inLanguage":"pt-BR"},{"@type":"Organization","@id":"https:\/\/www.notibras.com\/site\/#organization","name":"Grupo Notibras de Comunica\u00e7\u00e3o","url":"https:\/\/www.notibras.com\/site\/","logo":{"@type":"ImageObject","inLanguage":"pt-BR","@id":"https:\/\/www.notibras.com\/site\/#\/schema\/logo\/image\/","url":"https:\/\/www.notibras.com\/site\/wp-content\/uploads\/2023\/01\/notibras23.png","contentUrl":"https:\/\/www.notibras.com\/site\/wp-content\/uploads\/2023\/01\/notibras23.png","width":350,"height":87,"caption":"Grupo Notibras de Comunica\u00e7\u00e3o"},"image":{"@id":"https:\/\/www.notibras.com\/site\/#\/schema\/logo\/image\/"},"sameAs":["https:\/\/www.facebook.com\/notibras\/","https:\/\/x.com\/Notibras","https:\/\/www.instagram.com\/notibras\/"]},{"@type":"Person","@id":"https:\/\/www.notibras.com\/site\/#\/schema\/person\/36ab0979449956132d3e5b517ea76ac8","name":"Reda\u00e7\u00e3o","image":{"@type":"ImageObject","inLanguage":"pt-BR","@id":"https:\/\/secure.gravatar.com\/avatar\/e0a867bdedb85fd243eadf09663511f96fc81e0720a4a42581f334ad4303aa6b?s=96&d=mm&r=g","url":"https:\/\/secure.gravatar.com\/avatar\/e0a867bdedb85fd243eadf09663511f96fc81e0720a4a42581f334ad4303aa6b?s=96&d=mm&r=g","contentUrl":"https:\/\/secure.gravatar.com\/avatar\/e0a867bdedb85fd243eadf09663511f96fc81e0720a4a42581f334ad4303aa6b?s=96&d=mm&r=g","caption":"Reda\u00e7\u00e3o"}}]}},"amp_enabled":true,"_links":{"self":[{"href":"https:\/\/www.notibras.com\/site\/wp-json\/wp\/v2\/posts\/327577","targetHints":{"allow":["GET"]}}],"collection":[{"href":"https:\/\/www.notibras.com\/site\/wp-json\/wp\/v2\/posts"}],"about":[{"href":"https:\/\/www.notibras.com\/site\/wp-json\/wp\/v2\/types\/post"}],"author":[{"embeddable":true,"href":"https:\/\/www.notibras.com\/site\/wp-json\/wp\/v2\/users\/2"}],"replies":[{"embeddable":true,"href":"https:\/\/www.notibras.com\/site\/wp-json\/wp\/v2\/comments?post=327577"}],"version-history":[{"count":1,"href":"https:\/\/www.notibras.com\/site\/wp-json\/wp\/v2\/posts\/327577\/revisions"}],"predecessor-version":[{"id":327579,"href":"https:\/\/www.notibras.com\/site\/wp-json\/wp\/v2\/posts\/327577\/revisions\/327579"}],"wp:featuredmedia":[{"embeddable":true,"href":"https:\/\/www.notibras.com\/site\/wp-json\/wp\/v2\/media\/327578"}],"wp:attachment":[{"href":"https:\/\/www.notibras.com\/site\/wp-json\/wp\/v2\/media?parent=327577"}],"wp:term":[{"taxonomy":"category","embeddable":true,"href":"https:\/\/www.notibras.com\/site\/wp-json\/wp\/v2\/categories?post=327577"},{"taxonomy":"post_tag","embeddable":true,"href":"https:\/\/www.notibras.com\/site\/wp-json\/wp\/v2\/tags?post=327577"}],"curies":[{"name":"wp","href":"https:\/\/api.w.org\/{rel}","templated":true}]}}