{"id":327583,"date":"2024-04-28T13:40:22","date_gmt":"2024-04-28T16:40:22","guid":{"rendered":"https:\/\/www.notibras.com\/site\/?p=327583"},"modified":"2024-04-28T14:50:15","modified_gmt":"2024-04-28T17:50:15","slug":"sonho-sonhado-de-juliano-de-carater-impar-nao-acabou","status":"publish","type":"post","link":"https:\/\/www.notibras.com\/site\/sonho-sonhado-de-juliano-de-carater-impar-nao-acabou\/","title":{"rendered":"Sonho sonhado de Juliano, de car\u00e1ter \u00edmpar, n\u00e3o acabou"},"content":{"rendered":"<p>Mineiro de boa cepa e de \u00f3tima fam\u00edlia, o advogado Juliano Costa Couto partiu muito antes do tempo. Foi sem cumprir um desejo que, imagino, era de todos os pares: concorrer um dia \u00e0 presid\u00eancia do Conselho Federal da Ordem dos Advogados. Cacife, conhecimento, reconhecimento, coragem e lideran\u00e7a ele tinha de sobra. Faltava a oportunidade. Ela n\u00e3o vir\u00e1, mas o sonho irrealizado dever\u00e1 ser sonhado no plano superior. L\u00e1, certamente ele ouvir\u00e1 do mestre Jos\u00e9 Paulo Sep\u00falveda Pertence que o sonho sonhado n\u00e3o foi realizado por decreto do Pai Celestial.<\/p>\n<p>Entretanto, ficam seu legado, sua obra, seu sorriso largo, sua fam\u00edlia e, sobretudo, seu car\u00e1ter, o mesmo do pai, Ronaldo Costa Couto, meu chefe quando de minha passagem, em 1988, pela dire\u00e7\u00e3o da Empresa Brasileira de Not\u00edcias (EBN). Falar de Juliano \u00e9 lembrar do velho e bom Ronaldo. Ministro-chefe da Casa Civil na administra\u00e7\u00e3o de Jos\u00e9 Sarney, \u201cenfrentamos\u201d um problema que, em lugar de dividir, uniu ainda mais o governo do homem do bigode, apesar da t\u00e1cita demiss\u00e3o de um ministro de Estado, o ent\u00e3o chefe do Estado Maior das For\u00e7as Armadas, Brigadeiro Camarinha.<\/p>\n<p>Como superintendente interino da empresa oficial de comunica\u00e7\u00e3o, em uma manh\u00e3 de junho de 88, eu conduzia uma entrevista radiof\u00f4nica com o brigadeiro Camarinha, que soltou o verbo contra a pol\u00edtica salarial do governo Sarney. Em companhia do presidente da EBN, jornalista cujo nome n\u00e3o estou autorizado a declinar, e da ent\u00e3o editora de Pol\u00edtica, a falecida jornalista Olga Bardawil, a entrevista \u201cbombou\u201d internamente, o que animou o colega presidente a determinar a edi\u00e7\u00e3o e veicula\u00e7\u00e3o na rede nacional da empresa. A imediata repercuss\u00e3o foi como rastilho de p\u00f3lvora. Sintetizando a \u201cobra\u201d, a EBN foi extinta, o ministro exonerado e os tr\u00eas condutores da entrevista demitidos sumariamente.<\/p>\n<p>Na tarde do mesmo dia, ap\u00f3s o estrago irrecuper\u00e1vel, o ministro Ronaldo Costa Couto me chamou ao Pal\u00e1cio. Sem saber por onde come\u00e7ar, preferi ouvir. \u201cVoc\u00eas soltaram uma bomba de v\u00e1rias ogivas. As consequ\u00eancias n\u00e3o poderiam ser outras\u201d. Pedindo humildemente a palavra, expliquei ao ministro que, como cumpridor de ordens, coloquei a degrava\u00e7\u00e3o da entrevista do brigadeiro na rede a pedido do presidente da EBN. Disse tamb\u00e9m que Olga Bardawil n\u00e3o merecia ser demitida, pois, assim como eu, cumpriu ordens minhas para editar e publicar o material.<\/p>\n<p>At\u00e9 hoje n\u00e3o tenho certeza, mas imagino que a honestidade foi a condutora da revoga\u00e7\u00e3o da demiss\u00e3o. Reconduzido, virei o chefe do esp\u00f3lio at\u00e9 que a EBN fosse \u201cabiscoitada\u201d pela Radiobr\u00e1s, presidida \u00e0 \u00e9poca pelo querid\u00edssimo amigo jornalista Ant\u00f4nio Martins, tamb\u00e9m falecido. Por conta da EBN e da Radiobr\u00e1s, passei 18 anos de minha vida profissional cedido ao Judici\u00e1rio, onde atuei como porta-voz do Supremo Tribunal Federal (STF), do Tribunal Superior Eleitoral (TSE) e do Superior Tribunal de Justi\u00e7a (STJ).<\/p>\n<p>Meu caro Juliano Costa Couto, n\u00e3o era pr\u00f3ximo de vossa excel\u00eancia, mas tive a honra de servir ao vosso pai. Por isso, usando de seu prematuro passamento, me senti na obriga\u00e7\u00e3o de lembrar do ministro Ronaldo Costa Couto somente para ratificar que tal pai, tal filho. Voc\u00ea dignificou a hist\u00f3ria \u00edmpar, irrepar\u00e1vel e inquestion\u00e1vel do \u201cvelho\u201d. Se puder, diga ao Sep\u00falveda Pertence, de quem fui assessor, que, do mesmo modo que admirei e admiro o mestre Ronaldo, jamais deixarei de ser f\u00e3 de seus vastos conhecimentos jur\u00eddicos. Dos seus tamb\u00e9m, Juliano Costa Couto. Descanse em paz.<\/p>\n<p><strong>*Armando Cardoso \u00e9 presidente do Conselho Editorial de <em>Notibras<\/em><\/strong><\/p>\n","protected":false},"excerpt":{"rendered":"<p>Mineiro de boa cepa e de \u00f3tima fam\u00edlia, o advogado Juliano Costa Couto partiu muito antes do tempo. Foi sem cumprir um desejo que, imagino, era de todos os pares: concorrer um dia \u00e0 presid\u00eancia do Conselho Federal da Ordem dos Advogados. Cacife, conhecimento, reconhecimento, coragem e lideran\u00e7a ele tinha de sobra. Faltava a oportunidade. [&hellip;]<\/p>\n","protected":false},"author":2,"featured_media":327584,"comment_status":"closed","ping_status":"closed","sticky":false,"template":"","format":"standard","meta":{"_acf_changed":false,"footnotes":""},"categories":[161],"tags":[95],"class_list":["post-327583","post","type-post","status-publish","format-standard","has-post-thumbnail","hentry","category-quadradinho-em-foco","tag-capa"],"acf":[],"yoast_head":"<!-- This site is optimized with the Yoast SEO plugin v27.5 - https:\/\/yoast.com\/product\/yoast-seo-wordpress\/ -->\n<title>Sonho sonhado de Juliano, de car\u00e1ter \u00edmpar, n\u00e3o acabou - Notibras<\/title>\n<meta name=\"robots\" content=\"index, follow, max-snippet:-1, max-image-preview:large, max-video-preview:-1\" \/>\n<link rel=\"canonical\" href=\"https:\/\/www.notibras.com\/site\/sonho-sonhado-de-juliano-de-carater-impar-nao-acabou\/\" \/>\n<meta property=\"og:locale\" content=\"pt_BR\" \/>\n<meta property=\"og:type\" content=\"article\" \/>\n<meta property=\"og:title\" content=\"Sonho sonhado de Juliano, de car\u00e1ter \u00edmpar, n\u00e3o acabou - Notibras\" \/>\n<meta property=\"og:description\" content=\"Mineiro de boa cepa e de \u00f3tima fam\u00edlia, o advogado Juliano Costa Couto partiu muito antes do tempo. Foi sem cumprir um desejo que, imagino, era de todos os pares: concorrer um dia \u00e0 presid\u00eancia do Conselho Federal da Ordem dos Advogados. Cacife, conhecimento, reconhecimento, coragem e lideran\u00e7a ele tinha de sobra. Faltava a oportunidade. [&hellip;]\" \/>\n<meta property=\"og:url\" content=\"https:\/\/www.notibras.com\/site\/sonho-sonhado-de-juliano-de-carater-impar-nao-acabou\/\" \/>\n<meta property=\"og:site_name\" content=\"Notibras\" \/>\n<meta property=\"article:publisher\" content=\"https:\/\/www.facebook.com\/notibras\/\" \/>\n<meta property=\"article:published_time\" content=\"2024-04-28T16:40:22+00:00\" \/>\n<meta property=\"article:modified_time\" content=\"2024-04-28T17:50:15+00:00\" \/>\n<meta property=\"og:image\" content=\"https:\/\/www.notibras.com\/site\/wp-content\/uploads\/2024\/04\/jucc.webp\" \/>\n\t<meta property=\"og:image:width\" content=\"960\" \/>\n\t<meta property=\"og:image:height\" content=\"640\" \/>\n\t<meta property=\"og:image:type\" content=\"image\/webp\" \/>\n<meta name=\"author\" content=\"Reda\u00e7\u00e3o\" \/>\n<meta name=\"twitter:card\" content=\"summary_large_image\" \/>\n<meta name=\"twitter:creator\" content=\"@Notibras\" \/>\n<meta name=\"twitter:site\" content=\"@Notibras\" \/>\n<meta name=\"twitter:label1\" content=\"Escrito por\" \/>\n\t<meta name=\"twitter:data1\" content=\"Reda\u00e7\u00e3o\" \/>\n\t<meta name=\"twitter:label2\" content=\"Est. tempo de leitura\" \/>\n\t<meta name=\"twitter:data2\" content=\"4 minutos\" \/>\n<script type=\"application\/ld+json\" class=\"yoast-schema-graph\">{\"@context\":\"https:\\\/\\\/schema.org\",\"@graph\":[{\"@type\":\"Article\",\"@id\":\"https:\\\/\\\/www.notibras.com\\\/site\\\/sonho-sonhado-de-juliano-de-carater-impar-nao-acabou\\\/#article\",\"isPartOf\":{\"@id\":\"https:\\\/\\\/www.notibras.com\\\/site\\\/sonho-sonhado-de-juliano-de-carater-impar-nao-acabou\\\/\"},\"author\":{\"name\":\"Reda\u00e7\u00e3o\",\"@id\":\"https:\\\/\\\/www.notibras.com\\\/site\\\/#\\\/schema\\\/person\\\/36ab0979449956132d3e5b517ea76ac8\"},\"headline\":\"Sonho sonhado de Juliano, de car\u00e1ter \u00edmpar, n\u00e3o acabou\",\"datePublished\":\"2024-04-28T16:40:22+00:00\",\"dateModified\":\"2024-04-28T17:50:15+00:00\",\"mainEntityOfPage\":{\"@id\":\"https:\\\/\\\/www.notibras.com\\\/site\\\/sonho-sonhado-de-juliano-de-carater-impar-nao-acabou\\\/\"},\"wordCount\":625,\"publisher\":{\"@id\":\"https:\\\/\\\/www.notibras.com\\\/site\\\/#organization\"},\"image\":{\"@id\":\"https:\\\/\\\/www.notibras.com\\\/site\\\/sonho-sonhado-de-juliano-de-carater-impar-nao-acabou\\\/#primaryimage\"},\"thumbnailUrl\":\"https:\\\/\\\/www.notibras.com\\\/site\\\/wp-content\\\/uploads\\\/2024\\\/04\\\/jucc.webp\",\"keywords\":[\"capa\"],\"articleSection\":[\"Quadradinho em Foco\"],\"inLanguage\":\"pt-BR\"},{\"@type\":\"WebPage\",\"@id\":\"https:\\\/\\\/www.notibras.com\\\/site\\\/sonho-sonhado-de-juliano-de-carater-impar-nao-acabou\\\/\",\"url\":\"https:\\\/\\\/www.notibras.com\\\/site\\\/sonho-sonhado-de-juliano-de-carater-impar-nao-acabou\\\/\",\"name\":\"Sonho sonhado de Juliano, de car\u00e1ter \u00edmpar, n\u00e3o acabou - Notibras\",\"isPartOf\":{\"@id\":\"https:\\\/\\\/www.notibras.com\\\/site\\\/#website\"},\"primaryImageOfPage\":{\"@id\":\"https:\\\/\\\/www.notibras.com\\\/site\\\/sonho-sonhado-de-juliano-de-carater-impar-nao-acabou\\\/#primaryimage\"},\"image\":{\"@id\":\"https:\\\/\\\/www.notibras.com\\\/site\\\/sonho-sonhado-de-juliano-de-carater-impar-nao-acabou\\\/#primaryimage\"},\"thumbnailUrl\":\"https:\\\/\\\/www.notibras.com\\\/site\\\/wp-content\\\/uploads\\\/2024\\\/04\\\/jucc.webp\",\"datePublished\":\"2024-04-28T16:40:22+00:00\",\"dateModified\":\"2024-04-28T17:50:15+00:00\",\"breadcrumb\":{\"@id\":\"https:\\\/\\\/www.notibras.com\\\/site\\\/sonho-sonhado-de-juliano-de-carater-impar-nao-acabou\\\/#breadcrumb\"},\"inLanguage\":\"pt-BR\",\"potentialAction\":[{\"@type\":\"ReadAction\",\"target\":[\"https:\\\/\\\/www.notibras.com\\\/site\\\/sonho-sonhado-de-juliano-de-carater-impar-nao-acabou\\\/\"]}]},{\"@type\":\"ImageObject\",\"inLanguage\":\"pt-BR\",\"@id\":\"https:\\\/\\\/www.notibras.com\\\/site\\\/sonho-sonhado-de-juliano-de-carater-impar-nao-acabou\\\/#primaryimage\",\"url\":\"https:\\\/\\\/www.notibras.com\\\/site\\\/wp-content\\\/uploads\\\/2024\\\/04\\\/jucc.webp\",\"contentUrl\":\"https:\\\/\\\/www.notibras.com\\\/site\\\/wp-content\\\/uploads\\\/2024\\\/04\\\/jucc.webp\",\"width\":960,\"height\":640},{\"@type\":\"BreadcrumbList\",\"@id\":\"https:\\\/\\\/www.notibras.com\\\/site\\\/sonho-sonhado-de-juliano-de-carater-impar-nao-acabou\\\/#breadcrumb\",\"itemListElement\":[{\"@type\":\"ListItem\",\"position\":1,\"name\":\"In\u00edcio\",\"item\":\"https:\\\/\\\/www.notibras.com\\\/site\\\/\"},{\"@type\":\"ListItem\",\"position\":2,\"name\":\"Sonho sonhado de Juliano, de car\u00e1ter \u00edmpar, n\u00e3o acabou\"}]},{\"@type\":\"WebSite\",\"@id\":\"https:\\\/\\\/www.notibras.com\\\/site\\\/#website\",\"url\":\"https:\\\/\\\/www.notibras.com\\\/site\\\/\",\"name\":\"Notibras\",\"description\":\"Not\u00edcias de Bras\u00edlia, do Brasil e do Mundo\",\"publisher\":{\"@id\":\"https:\\\/\\\/www.notibras.com\\\/site\\\/#organization\"},\"potentialAction\":[{\"@type\":\"SearchAction\",\"target\":{\"@type\":\"EntryPoint\",\"urlTemplate\":\"https:\\\/\\\/www.notibras.com\\\/site\\\/?s={search_term_string}\"},\"query-input\":{\"@type\":\"PropertyValueSpecification\",\"valueRequired\":true,\"valueName\":\"search_term_string\"}}],\"inLanguage\":\"pt-BR\"},{\"@type\":\"Organization\",\"@id\":\"https:\\\/\\\/www.notibras.com\\\/site\\\/#organization\",\"name\":\"Grupo Notibras de Comunica\u00e7\u00e3o\",\"url\":\"https:\\\/\\\/www.notibras.com\\\/site\\\/\",\"logo\":{\"@type\":\"ImageObject\",\"inLanguage\":\"pt-BR\",\"@id\":\"https:\\\/\\\/www.notibras.com\\\/site\\\/#\\\/schema\\\/logo\\\/image\\\/\",\"url\":\"https:\\\/\\\/www.notibras.com\\\/site\\\/wp-content\\\/uploads\\\/2023\\\/01\\\/notibras23.png\",\"contentUrl\":\"https:\\\/\\\/www.notibras.com\\\/site\\\/wp-content\\\/uploads\\\/2023\\\/01\\\/notibras23.png\",\"width\":350,\"height\":87,\"caption\":\"Grupo Notibras de Comunica\u00e7\u00e3o\"},\"image\":{\"@id\":\"https:\\\/\\\/www.notibras.com\\\/site\\\/#\\\/schema\\\/logo\\\/image\\\/\"},\"sameAs\":[\"https:\\\/\\\/www.facebook.com\\\/notibras\\\/\",\"https:\\\/\\\/x.com\\\/Notibras\",\"https:\\\/\\\/www.instagram.com\\\/notibras\\\/\"]},{\"@type\":\"Person\",\"@id\":\"https:\\\/\\\/www.notibras.com\\\/site\\\/#\\\/schema\\\/person\\\/36ab0979449956132d3e5b517ea76ac8\",\"name\":\"Reda\u00e7\u00e3o\",\"image\":{\"@type\":\"ImageObject\",\"inLanguage\":\"pt-BR\",\"@id\":\"https:\\\/\\\/secure.gravatar.com\\\/avatar\\\/e0a867bdedb85fd243eadf09663511f96fc81e0720a4a42581f334ad4303aa6b?s=96&d=mm&r=g\",\"url\":\"https:\\\/\\\/secure.gravatar.com\\\/avatar\\\/e0a867bdedb85fd243eadf09663511f96fc81e0720a4a42581f334ad4303aa6b?s=96&d=mm&r=g\",\"contentUrl\":\"https:\\\/\\\/secure.gravatar.com\\\/avatar\\\/e0a867bdedb85fd243eadf09663511f96fc81e0720a4a42581f334ad4303aa6b?s=96&d=mm&r=g\",\"caption\":\"Reda\u00e7\u00e3o\"}}]}<\/script>\n<!-- \/ Yoast SEO plugin. -->","yoast_head_json":{"title":"Sonho sonhado de Juliano, de car\u00e1ter \u00edmpar, n\u00e3o acabou - Notibras","robots":{"index":"index","follow":"follow","max-snippet":"max-snippet:-1","max-image-preview":"max-image-preview:large","max-video-preview":"max-video-preview:-1"},"canonical":"https:\/\/www.notibras.com\/site\/sonho-sonhado-de-juliano-de-carater-impar-nao-acabou\/","og_locale":"pt_BR","og_type":"article","og_title":"Sonho sonhado de Juliano, de car\u00e1ter \u00edmpar, n\u00e3o acabou - Notibras","og_description":"Mineiro de boa cepa e de \u00f3tima fam\u00edlia, o advogado Juliano Costa Couto partiu muito antes do tempo. Foi sem cumprir um desejo que, imagino, era de todos os pares: concorrer um dia \u00e0 presid\u00eancia do Conselho Federal da Ordem dos Advogados. Cacife, conhecimento, reconhecimento, coragem e lideran\u00e7a ele tinha de sobra. Faltava a oportunidade. [&hellip;]","og_url":"https:\/\/www.notibras.com\/site\/sonho-sonhado-de-juliano-de-carater-impar-nao-acabou\/","og_site_name":"Notibras","article_publisher":"https:\/\/www.facebook.com\/notibras\/","article_published_time":"2024-04-28T16:40:22+00:00","article_modified_time":"2024-04-28T17:50:15+00:00","og_image":[{"width":960,"height":640,"url":"https:\/\/www.notibras.com\/site\/wp-content\/uploads\/2024\/04\/jucc.webp","type":"image\/webp"}],"author":"Reda\u00e7\u00e3o","twitter_card":"summary_large_image","twitter_creator":"@Notibras","twitter_site":"@Notibras","twitter_misc":{"Escrito por":"Reda\u00e7\u00e3o","Est. tempo de leitura":"4 minutos"},"schema":{"@context":"https:\/\/schema.org","@graph":[{"@type":"Article","@id":"https:\/\/www.notibras.com\/site\/sonho-sonhado-de-juliano-de-carater-impar-nao-acabou\/#article","isPartOf":{"@id":"https:\/\/www.notibras.com\/site\/sonho-sonhado-de-juliano-de-carater-impar-nao-acabou\/"},"author":{"name":"Reda\u00e7\u00e3o","@id":"https:\/\/www.notibras.com\/site\/#\/schema\/person\/36ab0979449956132d3e5b517ea76ac8"},"headline":"Sonho sonhado de Juliano, de car\u00e1ter \u00edmpar, n\u00e3o acabou","datePublished":"2024-04-28T16:40:22+00:00","dateModified":"2024-04-28T17:50:15+00:00","mainEntityOfPage":{"@id":"https:\/\/www.notibras.com\/site\/sonho-sonhado-de-juliano-de-carater-impar-nao-acabou\/"},"wordCount":625,"publisher":{"@id":"https:\/\/www.notibras.com\/site\/#organization"},"image":{"@id":"https:\/\/www.notibras.com\/site\/sonho-sonhado-de-juliano-de-carater-impar-nao-acabou\/#primaryimage"},"thumbnailUrl":"https:\/\/www.notibras.com\/site\/wp-content\/uploads\/2024\/04\/jucc.webp","keywords":["capa"],"articleSection":["Quadradinho em Foco"],"inLanguage":"pt-BR"},{"@type":"WebPage","@id":"https:\/\/www.notibras.com\/site\/sonho-sonhado-de-juliano-de-carater-impar-nao-acabou\/","url":"https:\/\/www.notibras.com\/site\/sonho-sonhado-de-juliano-de-carater-impar-nao-acabou\/","name":"Sonho sonhado de Juliano, de car\u00e1ter \u00edmpar, n\u00e3o acabou - Notibras","isPartOf":{"@id":"https:\/\/www.notibras.com\/site\/#website"},"primaryImageOfPage":{"@id":"https:\/\/www.notibras.com\/site\/sonho-sonhado-de-juliano-de-carater-impar-nao-acabou\/#primaryimage"},"image":{"@id":"https:\/\/www.notibras.com\/site\/sonho-sonhado-de-juliano-de-carater-impar-nao-acabou\/#primaryimage"},"thumbnailUrl":"https:\/\/www.notibras.com\/site\/wp-content\/uploads\/2024\/04\/jucc.webp","datePublished":"2024-04-28T16:40:22+00:00","dateModified":"2024-04-28T17:50:15+00:00","breadcrumb":{"@id":"https:\/\/www.notibras.com\/site\/sonho-sonhado-de-juliano-de-carater-impar-nao-acabou\/#breadcrumb"},"inLanguage":"pt-BR","potentialAction":[{"@type":"ReadAction","target":["https:\/\/www.notibras.com\/site\/sonho-sonhado-de-juliano-de-carater-impar-nao-acabou\/"]}]},{"@type":"ImageObject","inLanguage":"pt-BR","@id":"https:\/\/www.notibras.com\/site\/sonho-sonhado-de-juliano-de-carater-impar-nao-acabou\/#primaryimage","url":"https:\/\/www.notibras.com\/site\/wp-content\/uploads\/2024\/04\/jucc.webp","contentUrl":"https:\/\/www.notibras.com\/site\/wp-content\/uploads\/2024\/04\/jucc.webp","width":960,"height":640},{"@type":"BreadcrumbList","@id":"https:\/\/www.notibras.com\/site\/sonho-sonhado-de-juliano-de-carater-impar-nao-acabou\/#breadcrumb","itemListElement":[{"@type":"ListItem","position":1,"name":"In\u00edcio","item":"https:\/\/www.notibras.com\/site\/"},{"@type":"ListItem","position":2,"name":"Sonho sonhado de Juliano, de car\u00e1ter \u00edmpar, n\u00e3o acabou"}]},{"@type":"WebSite","@id":"https:\/\/www.notibras.com\/site\/#website","url":"https:\/\/www.notibras.com\/site\/","name":"Notibras","description":"Not\u00edcias de Bras\u00edlia, do Brasil e do Mundo","publisher":{"@id":"https:\/\/www.notibras.com\/site\/#organization"},"potentialAction":[{"@type":"SearchAction","target":{"@type":"EntryPoint","urlTemplate":"https:\/\/www.notibras.com\/site\/?s={search_term_string}"},"query-input":{"@type":"PropertyValueSpecification","valueRequired":true,"valueName":"search_term_string"}}],"inLanguage":"pt-BR"},{"@type":"Organization","@id":"https:\/\/www.notibras.com\/site\/#organization","name":"Grupo Notibras de Comunica\u00e7\u00e3o","url":"https:\/\/www.notibras.com\/site\/","logo":{"@type":"ImageObject","inLanguage":"pt-BR","@id":"https:\/\/www.notibras.com\/site\/#\/schema\/logo\/image\/","url":"https:\/\/www.notibras.com\/site\/wp-content\/uploads\/2023\/01\/notibras23.png","contentUrl":"https:\/\/www.notibras.com\/site\/wp-content\/uploads\/2023\/01\/notibras23.png","width":350,"height":87,"caption":"Grupo Notibras de Comunica\u00e7\u00e3o"},"image":{"@id":"https:\/\/www.notibras.com\/site\/#\/schema\/logo\/image\/"},"sameAs":["https:\/\/www.facebook.com\/notibras\/","https:\/\/x.com\/Notibras","https:\/\/www.instagram.com\/notibras\/"]},{"@type":"Person","@id":"https:\/\/www.notibras.com\/site\/#\/schema\/person\/36ab0979449956132d3e5b517ea76ac8","name":"Reda\u00e7\u00e3o","image":{"@type":"ImageObject","inLanguage":"pt-BR","@id":"https:\/\/secure.gravatar.com\/avatar\/e0a867bdedb85fd243eadf09663511f96fc81e0720a4a42581f334ad4303aa6b?s=96&d=mm&r=g","url":"https:\/\/secure.gravatar.com\/avatar\/e0a867bdedb85fd243eadf09663511f96fc81e0720a4a42581f334ad4303aa6b?s=96&d=mm&r=g","contentUrl":"https:\/\/secure.gravatar.com\/avatar\/e0a867bdedb85fd243eadf09663511f96fc81e0720a4a42581f334ad4303aa6b?s=96&d=mm&r=g","caption":"Reda\u00e7\u00e3o"}}]}},"amp_enabled":true,"_links":{"self":[{"href":"https:\/\/www.notibras.com\/site\/wp-json\/wp\/v2\/posts\/327583","targetHints":{"allow":["GET"]}}],"collection":[{"href":"https:\/\/www.notibras.com\/site\/wp-json\/wp\/v2\/posts"}],"about":[{"href":"https:\/\/www.notibras.com\/site\/wp-json\/wp\/v2\/types\/post"}],"author":[{"embeddable":true,"href":"https:\/\/www.notibras.com\/site\/wp-json\/wp\/v2\/users\/2"}],"replies":[{"embeddable":true,"href":"https:\/\/www.notibras.com\/site\/wp-json\/wp\/v2\/comments?post=327583"}],"version-history":[{"count":3,"href":"https:\/\/www.notibras.com\/site\/wp-json\/wp\/v2\/posts\/327583\/revisions"}],"predecessor-version":[{"id":327587,"href":"https:\/\/www.notibras.com\/site\/wp-json\/wp\/v2\/posts\/327583\/revisions\/327587"}],"wp:featuredmedia":[{"embeddable":true,"href":"https:\/\/www.notibras.com\/site\/wp-json\/wp\/v2\/media\/327584"}],"wp:attachment":[{"href":"https:\/\/www.notibras.com\/site\/wp-json\/wp\/v2\/media?parent=327583"}],"wp:term":[{"taxonomy":"category","embeddable":true,"href":"https:\/\/www.notibras.com\/site\/wp-json\/wp\/v2\/categories?post=327583"},{"taxonomy":"post_tag","embeddable":true,"href":"https:\/\/www.notibras.com\/site\/wp-json\/wp\/v2\/tags?post=327583"}],"curies":[{"name":"wp","href":"https:\/\/api.w.org\/{rel}","templated":true}]}}