{"id":327606,"date":"2024-04-29T07:20:47","date_gmt":"2024-04-29T10:20:47","guid":{"rendered":"https:\/\/www.notibras.com\/site\/?p=327606"},"modified":"2024-04-29T07:20:47","modified_gmt":"2024-04-29T10:20:47","slug":"aparecida-celia-e-elvira-ganham-diploma-da-universidade-da-vida","status":"publish","type":"post","link":"https:\/\/www.notibras.com\/site\/aparecida-celia-e-elvira-ganham-diploma-da-universidade-da-vida\/","title":{"rendered":"Aparecida, C\u00e9lia e Elvira ganham diploma da universidade da vida"},"content":{"rendered":"<p>O velho sobrado senhorial encontrava-se todo enfeitado para sediar o grande evento daquela noite: a formatura. Colchas coloridas haviam sido repousadas nas janelas, lanterninhas chinesas de papel foram caprichosamente preparadas, cada uma com um toquinho de vela dentro, prometendo uma fe\u00e9rica ilumina\u00e7\u00e3o amarelada, meio \u00e0 penumbra, quando fossem acesas mais tarde. O assoalho fora intensamente encerado e luzia, de quando em quando aparecido sob tapetes rotos mas dignamente limpos. Comidas e bebidas esperavam os convidados, compondo a decora\u00e7\u00e3o de comprida mesa.<\/p>\n<p>Guirlandas, enfeites de papel recortado e flores campestres embelezavam o grande sal\u00e3o principal ao qual se acessava pela rangente escada, iniciada sob o arco ogival da majestosa porta de boca para a rua, a qual cerrava-se em duas folhas de pesado jacarand\u00e1. Em minutos, o poeta tranquilo e de cora\u00e7\u00e3o leve cruzaria aquela porta e subiria pelas escadas objetivando cumprir a elevada miss\u00e3o que a dona daquela casa lhe incumbira.<\/p>\n<p>Tudo era alegria e expectativa mas, estranhamente, ao mesmo tempo, hesita\u00e7\u00e3o e l\u00e1grima. Havia uma vida que se podia resumir em antes e depois daquela festividade. Tantos sonhos que poderiam ter sido e n\u00e3o foram. Tanta vida que poderia ser vivida e ficara s\u00f3 na promessa. O movimento em dire\u00e7\u00e3o daquele caminho, por vezes \u2013 muitas vezes \u2013 sem volta, era significativa ruptura para as formandas do dia. Desligavam-se das conven\u00e7\u00f5es sociais, da fam\u00edlia, de suas pr\u00f3prias hist\u00f3rias pessoais.<\/p>\n<p>Eram tr\u00eas as formandas, das quais resumirei a hist\u00f3ria:<\/p>\n<p>Aparecida, 19 anos, chegara de distante cidade capixaba para trabalhar em casa de uma fam\u00edlia. O filho mais velho da rica vi\u00fava dona da casa interessara-se por ela. Aparecida ficou gr\u00e1vida e, quando n\u00e3o p\u00f4de mais esconder a barriga, a patroa expulsou-a do lar. A jovem, sem qualquer apoio, vagou pela cidade at\u00e9 ser recolhida num convento de freiras. A crian\u00e7a nasceu mas, em poucas horas, morreu em seus bra\u00e7os. Desesperada de dor e solid\u00e3o, entregou-se novamente a vagar por ruas hostis e desconhecidas at\u00e9 que, por interm\u00e9dio de amizades que fizera, conheceu acolhimento e prote\u00e7\u00e3o no sobrado que, agora, sediaria aquela grave cerim\u00f4nia.<\/p>\n<p>C\u00e9lia, 23 anos, voltara para casa ap\u00f3s, novi\u00e7a, resolver n\u00e3o mais concluir os votos que a ligariam para sempre \u00e0 ordem religiosa a que a madrasta lhe havia entregado. Contrariada com a volta da enteada, a quem a madrasta nunca suportara a concorr\u00eancia nos afetos do marido com as filhas das segundas n\u00fapcias, a odiosa mulher envenenara a opini\u00e3o do pai sobre a jovem que, difamada e expulsa da rica fazenda onde nascera, foi levada pela pr\u00f3pria fam\u00edlia para sua nova casa no sobrado.<\/p>\n<p>Elvira, 26 anos, imigrara \u00f3rf\u00e3 para o Brasil, onde casara com um patr\u00edcio. Engravidou e, durante a gesta\u00e7\u00e3o, o marido acidentou-se na pedreira em que trabalhava, morrendo no curso de tr\u00eas dias. Nascida a crian\u00e7a, Elvira viu-se em extrema necessidade, sem fam\u00edlia e sem trabalho. Colocou, de madrugada, a filhinha na roda dos enjeitados. Com remorso e tristeza, tentou dar cabo da vida jogando-se na linha do trem que, no entanto, estava desativada, indo tratar-se das escoria\u00e7\u00f5es na Santa Casa, de onde, ao sair, foi em demanda de moradia e ocupa\u00e7\u00e3o no sobrado.<\/p>\n<p>Madame Zuleyka, velha e experimentada nos meandros da exist\u00eancia, por d\u00e9cadas exercera o mesmo of\u00edcio para o qual direcionava suas novas protegidas, desde que ela mesma chegara da Europa natal sem perspectiva, no vasto Brasil da virada de 1899 para 1900. Trinta anos depois, j\u00e1 dona da casa, tomava como maternal miss\u00e3o acolher aquelas mulheres \u00e0s quais a sociedade, cheia de preconceitos, fechara os caminhos.<\/p>\n<p>Aquelas novas mo\u00e7as vivenciariam verdadeiro rito de passagem e, em homenagem a elas, Madame Zuleyka promovia, como outras in\u00fameras vezes, aquela pantomima de formatura \u00e0 qual n\u00e3o faltariam festa e discursos, este a cargo do conhecido poeta local que fora chamado a ser paraninfo.<\/p>\n<p>Em sua prele\u00e7\u00e3o, o poeta exaltou a for\u00e7a e a coragem daquelas mulheres que se mostravam grandes e arrojadas para encarar quaisquer percal\u00e7os. Iam, verdadeiramente, colar grau.<\/p>\n<p>Todas elas terminariam aquela noite ainda com muito a aprender, mas j\u00e1 devidamente formadas na universidade da vida.<\/p>\n","protected":false},"excerpt":{"rendered":"<p>O velho sobrado senhorial encontrava-se todo enfeitado para sediar o grande evento daquela noite: a formatura. Colchas coloridas haviam sido repousadas nas janelas, lanterninhas chinesas de papel foram caprichosamente preparadas, cada uma com um toquinho de vela dentro, prometendo uma fe\u00e9rica ilumina\u00e7\u00e3o amarelada, meio \u00e0 penumbra, quando fossem acesas mais tarde. O assoalho fora intensamente [&hellip;]<\/p>\n","protected":false},"author":2,"featured_media":327607,"comment_status":"closed","ping_status":"closed","sticky":false,"template":"","format":"standard","meta":{"_acf_changed":false,"footnotes":""},"categories":[161],"tags":[],"class_list":["post-327606","post","type-post","status-publish","format-standard","has-post-thumbnail","hentry","category-quadradinho-em-foco"],"acf":[],"yoast_head":"<!-- This site is optimized with the Yoast SEO plugin v27.5 - https:\/\/yoast.com\/product\/yoast-seo-wordpress\/ -->\n<title>Aparecida, C\u00e9lia e Elvira ganham diploma da universidade da vida - Notibras<\/title>\n<meta name=\"robots\" content=\"index, follow, max-snippet:-1, max-image-preview:large, max-video-preview:-1\" \/>\n<link rel=\"canonical\" href=\"https:\/\/www.notibras.com\/site\/aparecida-celia-e-elvira-ganham-diploma-da-universidade-da-vida\/\" \/>\n<meta property=\"og:locale\" content=\"pt_BR\" \/>\n<meta property=\"og:type\" content=\"article\" \/>\n<meta property=\"og:title\" content=\"Aparecida, C\u00e9lia e Elvira ganham diploma da universidade da vida - Notibras\" \/>\n<meta property=\"og:description\" content=\"O velho sobrado senhorial encontrava-se todo enfeitado para sediar o grande evento daquela noite: a formatura. Colchas coloridas haviam sido repousadas nas janelas, lanterninhas chinesas de papel foram caprichosamente preparadas, cada uma com um toquinho de vela dentro, prometendo uma fe\u00e9rica ilumina\u00e7\u00e3o amarelada, meio \u00e0 penumbra, quando fossem acesas mais tarde. O assoalho fora intensamente [&hellip;]\" \/>\n<meta property=\"og:url\" content=\"https:\/\/www.notibras.com\/site\/aparecida-celia-e-elvira-ganham-diploma-da-universidade-da-vida\/\" \/>\n<meta property=\"og:site_name\" content=\"Notibras\" \/>\n<meta property=\"article:publisher\" content=\"https:\/\/www.facebook.com\/notibras\/\" \/>\n<meta property=\"article:published_time\" content=\"2024-04-29T10:20:47+00:00\" \/>\n<meta property=\"og:image\" content=\"https:\/\/www.notibras.com\/site\/wp-content\/uploads\/2024\/04\/7c9ac536-da3a-4e4a-baf1-89ecefe76332.jpeg\" \/>\n\t<meta property=\"og:image:width\" content=\"1024\" \/>\n\t<meta property=\"og:image:height\" content=\"1024\" \/>\n\t<meta property=\"og:image:type\" content=\"image\/jpeg\" \/>\n<meta name=\"author\" content=\"Reda\u00e7\u00e3o\" \/>\n<meta name=\"twitter:card\" content=\"summary_large_image\" \/>\n<meta name=\"twitter:creator\" content=\"@Notibras\" \/>\n<meta name=\"twitter:site\" content=\"@Notibras\" \/>\n<meta name=\"twitter:label1\" content=\"Escrito por\" \/>\n\t<meta name=\"twitter:data1\" content=\"Reda\u00e7\u00e3o\" \/>\n\t<meta name=\"twitter:label2\" content=\"Est. tempo de leitura\" \/>\n\t<meta name=\"twitter:data2\" content=\"4 minutos\" \/>\n<script type=\"application\/ld+json\" class=\"yoast-schema-graph\">{\"@context\":\"https:\\\/\\\/schema.org\",\"@graph\":[{\"@type\":\"Article\",\"@id\":\"https:\\\/\\\/www.notibras.com\\\/site\\\/aparecida-celia-e-elvira-ganham-diploma-da-universidade-da-vida\\\/#article\",\"isPartOf\":{\"@id\":\"https:\\\/\\\/www.notibras.com\\\/site\\\/aparecida-celia-e-elvira-ganham-diploma-da-universidade-da-vida\\\/\"},\"author\":{\"name\":\"Reda\u00e7\u00e3o\",\"@id\":\"https:\\\/\\\/www.notibras.com\\\/site\\\/#\\\/schema\\\/person\\\/36ab0979449956132d3e5b517ea76ac8\"},\"headline\":\"Aparecida, C\u00e9lia e Elvira ganham diploma da universidade da vida\",\"datePublished\":\"2024-04-29T10:20:47+00:00\",\"mainEntityOfPage\":{\"@id\":\"https:\\\/\\\/www.notibras.com\\\/site\\\/aparecida-celia-e-elvira-ganham-diploma-da-universidade-da-vida\\\/\"},\"wordCount\":728,\"publisher\":{\"@id\":\"https:\\\/\\\/www.notibras.com\\\/site\\\/#organization\"},\"image\":{\"@id\":\"https:\\\/\\\/www.notibras.com\\\/site\\\/aparecida-celia-e-elvira-ganham-diploma-da-universidade-da-vida\\\/#primaryimage\"},\"thumbnailUrl\":\"https:\\\/\\\/www.notibras.com\\\/site\\\/wp-content\\\/uploads\\\/2024\\\/04\\\/7c9ac536-da3a-4e4a-baf1-89ecefe76332.jpeg\",\"articleSection\":[\"Quadradinho em Foco\"],\"inLanguage\":\"pt-BR\"},{\"@type\":\"WebPage\",\"@id\":\"https:\\\/\\\/www.notibras.com\\\/site\\\/aparecida-celia-e-elvira-ganham-diploma-da-universidade-da-vida\\\/\",\"url\":\"https:\\\/\\\/www.notibras.com\\\/site\\\/aparecida-celia-e-elvira-ganham-diploma-da-universidade-da-vida\\\/\",\"name\":\"Aparecida, C\u00e9lia e Elvira ganham diploma da universidade da vida - Notibras\",\"isPartOf\":{\"@id\":\"https:\\\/\\\/www.notibras.com\\\/site\\\/#website\"},\"primaryImageOfPage\":{\"@id\":\"https:\\\/\\\/www.notibras.com\\\/site\\\/aparecida-celia-e-elvira-ganham-diploma-da-universidade-da-vida\\\/#primaryimage\"},\"image\":{\"@id\":\"https:\\\/\\\/www.notibras.com\\\/site\\\/aparecida-celia-e-elvira-ganham-diploma-da-universidade-da-vida\\\/#primaryimage\"},\"thumbnailUrl\":\"https:\\\/\\\/www.notibras.com\\\/site\\\/wp-content\\\/uploads\\\/2024\\\/04\\\/7c9ac536-da3a-4e4a-baf1-89ecefe76332.jpeg\",\"datePublished\":\"2024-04-29T10:20:47+00:00\",\"breadcrumb\":{\"@id\":\"https:\\\/\\\/www.notibras.com\\\/site\\\/aparecida-celia-e-elvira-ganham-diploma-da-universidade-da-vida\\\/#breadcrumb\"},\"inLanguage\":\"pt-BR\",\"potentialAction\":[{\"@type\":\"ReadAction\",\"target\":[\"https:\\\/\\\/www.notibras.com\\\/site\\\/aparecida-celia-e-elvira-ganham-diploma-da-universidade-da-vida\\\/\"]}]},{\"@type\":\"ImageObject\",\"inLanguage\":\"pt-BR\",\"@id\":\"https:\\\/\\\/www.notibras.com\\\/site\\\/aparecida-celia-e-elvira-ganham-diploma-da-universidade-da-vida\\\/#primaryimage\",\"url\":\"https:\\\/\\\/www.notibras.com\\\/site\\\/wp-content\\\/uploads\\\/2024\\\/04\\\/7c9ac536-da3a-4e4a-baf1-89ecefe76332.jpeg\",\"contentUrl\":\"https:\\\/\\\/www.notibras.com\\\/site\\\/wp-content\\\/uploads\\\/2024\\\/04\\\/7c9ac536-da3a-4e4a-baf1-89ecefe76332.jpeg\",\"width\":1024,\"height\":1024},{\"@type\":\"BreadcrumbList\",\"@id\":\"https:\\\/\\\/www.notibras.com\\\/site\\\/aparecida-celia-e-elvira-ganham-diploma-da-universidade-da-vida\\\/#breadcrumb\",\"itemListElement\":[{\"@type\":\"ListItem\",\"position\":1,\"name\":\"In\u00edcio\",\"item\":\"https:\\\/\\\/www.notibras.com\\\/site\\\/\"},{\"@type\":\"ListItem\",\"position\":2,\"name\":\"Aparecida, C\u00e9lia e Elvira ganham diploma da universidade da vida\"}]},{\"@type\":\"WebSite\",\"@id\":\"https:\\\/\\\/www.notibras.com\\\/site\\\/#website\",\"url\":\"https:\\\/\\\/www.notibras.com\\\/site\\\/\",\"name\":\"Notibras\",\"description\":\"Not\u00edcias de Bras\u00edlia, do Brasil e do Mundo\",\"publisher\":{\"@id\":\"https:\\\/\\\/www.notibras.com\\\/site\\\/#organization\"},\"potentialAction\":[{\"@type\":\"SearchAction\",\"target\":{\"@type\":\"EntryPoint\",\"urlTemplate\":\"https:\\\/\\\/www.notibras.com\\\/site\\\/?s={search_term_string}\"},\"query-input\":{\"@type\":\"PropertyValueSpecification\",\"valueRequired\":true,\"valueName\":\"search_term_string\"}}],\"inLanguage\":\"pt-BR\"},{\"@type\":\"Organization\",\"@id\":\"https:\\\/\\\/www.notibras.com\\\/site\\\/#organization\",\"name\":\"Grupo Notibras de Comunica\u00e7\u00e3o\",\"url\":\"https:\\\/\\\/www.notibras.com\\\/site\\\/\",\"logo\":{\"@type\":\"ImageObject\",\"inLanguage\":\"pt-BR\",\"@id\":\"https:\\\/\\\/www.notibras.com\\\/site\\\/#\\\/schema\\\/logo\\\/image\\\/\",\"url\":\"https:\\\/\\\/www.notibras.com\\\/site\\\/wp-content\\\/uploads\\\/2023\\\/01\\\/notibras23.png\",\"contentUrl\":\"https:\\\/\\\/www.notibras.com\\\/site\\\/wp-content\\\/uploads\\\/2023\\\/01\\\/notibras23.png\",\"width\":350,\"height\":87,\"caption\":\"Grupo Notibras de Comunica\u00e7\u00e3o\"},\"image\":{\"@id\":\"https:\\\/\\\/www.notibras.com\\\/site\\\/#\\\/schema\\\/logo\\\/image\\\/\"},\"sameAs\":[\"https:\\\/\\\/www.facebook.com\\\/notibras\\\/\",\"https:\\\/\\\/x.com\\\/Notibras\",\"https:\\\/\\\/www.instagram.com\\\/notibras\\\/\"]},{\"@type\":\"Person\",\"@id\":\"https:\\\/\\\/www.notibras.com\\\/site\\\/#\\\/schema\\\/person\\\/36ab0979449956132d3e5b517ea76ac8\",\"name\":\"Reda\u00e7\u00e3o\",\"image\":{\"@type\":\"ImageObject\",\"inLanguage\":\"pt-BR\",\"@id\":\"https:\\\/\\\/secure.gravatar.com\\\/avatar\\\/e0a867bdedb85fd243eadf09663511f96fc81e0720a4a42581f334ad4303aa6b?s=96&d=mm&r=g\",\"url\":\"https:\\\/\\\/secure.gravatar.com\\\/avatar\\\/e0a867bdedb85fd243eadf09663511f96fc81e0720a4a42581f334ad4303aa6b?s=96&d=mm&r=g\",\"contentUrl\":\"https:\\\/\\\/secure.gravatar.com\\\/avatar\\\/e0a867bdedb85fd243eadf09663511f96fc81e0720a4a42581f334ad4303aa6b?s=96&d=mm&r=g\",\"caption\":\"Reda\u00e7\u00e3o\"}}]}<\/script>\n<!-- \/ Yoast SEO plugin. -->","yoast_head_json":{"title":"Aparecida, C\u00e9lia e Elvira ganham diploma da universidade da vida - Notibras","robots":{"index":"index","follow":"follow","max-snippet":"max-snippet:-1","max-image-preview":"max-image-preview:large","max-video-preview":"max-video-preview:-1"},"canonical":"https:\/\/www.notibras.com\/site\/aparecida-celia-e-elvira-ganham-diploma-da-universidade-da-vida\/","og_locale":"pt_BR","og_type":"article","og_title":"Aparecida, C\u00e9lia e Elvira ganham diploma da universidade da vida - Notibras","og_description":"O velho sobrado senhorial encontrava-se todo enfeitado para sediar o grande evento daquela noite: a formatura. Colchas coloridas haviam sido repousadas nas janelas, lanterninhas chinesas de papel foram caprichosamente preparadas, cada uma com um toquinho de vela dentro, prometendo uma fe\u00e9rica ilumina\u00e7\u00e3o amarelada, meio \u00e0 penumbra, quando fossem acesas mais tarde. O assoalho fora intensamente [&hellip;]","og_url":"https:\/\/www.notibras.com\/site\/aparecida-celia-e-elvira-ganham-diploma-da-universidade-da-vida\/","og_site_name":"Notibras","article_publisher":"https:\/\/www.facebook.com\/notibras\/","article_published_time":"2024-04-29T10:20:47+00:00","og_image":[{"width":1024,"height":1024,"url":"https:\/\/www.notibras.com\/site\/wp-content\/uploads\/2024\/04\/7c9ac536-da3a-4e4a-baf1-89ecefe76332.jpeg","type":"image\/jpeg"}],"author":"Reda\u00e7\u00e3o","twitter_card":"summary_large_image","twitter_creator":"@Notibras","twitter_site":"@Notibras","twitter_misc":{"Escrito por":"Reda\u00e7\u00e3o","Est. tempo de leitura":"4 minutos"},"schema":{"@context":"https:\/\/schema.org","@graph":[{"@type":"Article","@id":"https:\/\/www.notibras.com\/site\/aparecida-celia-e-elvira-ganham-diploma-da-universidade-da-vida\/#article","isPartOf":{"@id":"https:\/\/www.notibras.com\/site\/aparecida-celia-e-elvira-ganham-diploma-da-universidade-da-vida\/"},"author":{"name":"Reda\u00e7\u00e3o","@id":"https:\/\/www.notibras.com\/site\/#\/schema\/person\/36ab0979449956132d3e5b517ea76ac8"},"headline":"Aparecida, C\u00e9lia e Elvira ganham diploma da universidade da vida","datePublished":"2024-04-29T10:20:47+00:00","mainEntityOfPage":{"@id":"https:\/\/www.notibras.com\/site\/aparecida-celia-e-elvira-ganham-diploma-da-universidade-da-vida\/"},"wordCount":728,"publisher":{"@id":"https:\/\/www.notibras.com\/site\/#organization"},"image":{"@id":"https:\/\/www.notibras.com\/site\/aparecida-celia-e-elvira-ganham-diploma-da-universidade-da-vida\/#primaryimage"},"thumbnailUrl":"https:\/\/www.notibras.com\/site\/wp-content\/uploads\/2024\/04\/7c9ac536-da3a-4e4a-baf1-89ecefe76332.jpeg","articleSection":["Quadradinho em Foco"],"inLanguage":"pt-BR"},{"@type":"WebPage","@id":"https:\/\/www.notibras.com\/site\/aparecida-celia-e-elvira-ganham-diploma-da-universidade-da-vida\/","url":"https:\/\/www.notibras.com\/site\/aparecida-celia-e-elvira-ganham-diploma-da-universidade-da-vida\/","name":"Aparecida, C\u00e9lia e Elvira ganham diploma da universidade da vida - Notibras","isPartOf":{"@id":"https:\/\/www.notibras.com\/site\/#website"},"primaryImageOfPage":{"@id":"https:\/\/www.notibras.com\/site\/aparecida-celia-e-elvira-ganham-diploma-da-universidade-da-vida\/#primaryimage"},"image":{"@id":"https:\/\/www.notibras.com\/site\/aparecida-celia-e-elvira-ganham-diploma-da-universidade-da-vida\/#primaryimage"},"thumbnailUrl":"https:\/\/www.notibras.com\/site\/wp-content\/uploads\/2024\/04\/7c9ac536-da3a-4e4a-baf1-89ecefe76332.jpeg","datePublished":"2024-04-29T10:20:47+00:00","breadcrumb":{"@id":"https:\/\/www.notibras.com\/site\/aparecida-celia-e-elvira-ganham-diploma-da-universidade-da-vida\/#breadcrumb"},"inLanguage":"pt-BR","potentialAction":[{"@type":"ReadAction","target":["https:\/\/www.notibras.com\/site\/aparecida-celia-e-elvira-ganham-diploma-da-universidade-da-vida\/"]}]},{"@type":"ImageObject","inLanguage":"pt-BR","@id":"https:\/\/www.notibras.com\/site\/aparecida-celia-e-elvira-ganham-diploma-da-universidade-da-vida\/#primaryimage","url":"https:\/\/www.notibras.com\/site\/wp-content\/uploads\/2024\/04\/7c9ac536-da3a-4e4a-baf1-89ecefe76332.jpeg","contentUrl":"https:\/\/www.notibras.com\/site\/wp-content\/uploads\/2024\/04\/7c9ac536-da3a-4e4a-baf1-89ecefe76332.jpeg","width":1024,"height":1024},{"@type":"BreadcrumbList","@id":"https:\/\/www.notibras.com\/site\/aparecida-celia-e-elvira-ganham-diploma-da-universidade-da-vida\/#breadcrumb","itemListElement":[{"@type":"ListItem","position":1,"name":"In\u00edcio","item":"https:\/\/www.notibras.com\/site\/"},{"@type":"ListItem","position":2,"name":"Aparecida, C\u00e9lia e Elvira ganham diploma da universidade da vida"}]},{"@type":"WebSite","@id":"https:\/\/www.notibras.com\/site\/#website","url":"https:\/\/www.notibras.com\/site\/","name":"Notibras","description":"Not\u00edcias de Bras\u00edlia, do Brasil e do Mundo","publisher":{"@id":"https:\/\/www.notibras.com\/site\/#organization"},"potentialAction":[{"@type":"SearchAction","target":{"@type":"EntryPoint","urlTemplate":"https:\/\/www.notibras.com\/site\/?s={search_term_string}"},"query-input":{"@type":"PropertyValueSpecification","valueRequired":true,"valueName":"search_term_string"}}],"inLanguage":"pt-BR"},{"@type":"Organization","@id":"https:\/\/www.notibras.com\/site\/#organization","name":"Grupo Notibras de Comunica\u00e7\u00e3o","url":"https:\/\/www.notibras.com\/site\/","logo":{"@type":"ImageObject","inLanguage":"pt-BR","@id":"https:\/\/www.notibras.com\/site\/#\/schema\/logo\/image\/","url":"https:\/\/www.notibras.com\/site\/wp-content\/uploads\/2023\/01\/notibras23.png","contentUrl":"https:\/\/www.notibras.com\/site\/wp-content\/uploads\/2023\/01\/notibras23.png","width":350,"height":87,"caption":"Grupo Notibras de Comunica\u00e7\u00e3o"},"image":{"@id":"https:\/\/www.notibras.com\/site\/#\/schema\/logo\/image\/"},"sameAs":["https:\/\/www.facebook.com\/notibras\/","https:\/\/x.com\/Notibras","https:\/\/www.instagram.com\/notibras\/"]},{"@type":"Person","@id":"https:\/\/www.notibras.com\/site\/#\/schema\/person\/36ab0979449956132d3e5b517ea76ac8","name":"Reda\u00e7\u00e3o","image":{"@type":"ImageObject","inLanguage":"pt-BR","@id":"https:\/\/secure.gravatar.com\/avatar\/e0a867bdedb85fd243eadf09663511f96fc81e0720a4a42581f334ad4303aa6b?s=96&d=mm&r=g","url":"https:\/\/secure.gravatar.com\/avatar\/e0a867bdedb85fd243eadf09663511f96fc81e0720a4a42581f334ad4303aa6b?s=96&d=mm&r=g","contentUrl":"https:\/\/secure.gravatar.com\/avatar\/e0a867bdedb85fd243eadf09663511f96fc81e0720a4a42581f334ad4303aa6b?s=96&d=mm&r=g","caption":"Reda\u00e7\u00e3o"}}]}},"amp_enabled":true,"_links":{"self":[{"href":"https:\/\/www.notibras.com\/site\/wp-json\/wp\/v2\/posts\/327606","targetHints":{"allow":["GET"]}}],"collection":[{"href":"https:\/\/www.notibras.com\/site\/wp-json\/wp\/v2\/posts"}],"about":[{"href":"https:\/\/www.notibras.com\/site\/wp-json\/wp\/v2\/types\/post"}],"author":[{"embeddable":true,"href":"https:\/\/www.notibras.com\/site\/wp-json\/wp\/v2\/users\/2"}],"replies":[{"embeddable":true,"href":"https:\/\/www.notibras.com\/site\/wp-json\/wp\/v2\/comments?post=327606"}],"version-history":[{"count":1,"href":"https:\/\/www.notibras.com\/site\/wp-json\/wp\/v2\/posts\/327606\/revisions"}],"predecessor-version":[{"id":327608,"href":"https:\/\/www.notibras.com\/site\/wp-json\/wp\/v2\/posts\/327606\/revisions\/327608"}],"wp:featuredmedia":[{"embeddable":true,"href":"https:\/\/www.notibras.com\/site\/wp-json\/wp\/v2\/media\/327607"}],"wp:attachment":[{"href":"https:\/\/www.notibras.com\/site\/wp-json\/wp\/v2\/media?parent=327606"}],"wp:term":[{"taxonomy":"category","embeddable":true,"href":"https:\/\/www.notibras.com\/site\/wp-json\/wp\/v2\/categories?post=327606"},{"taxonomy":"post_tag","embeddable":true,"href":"https:\/\/www.notibras.com\/site\/wp-json\/wp\/v2\/tags?post=327606"}],"curies":[{"name":"wp","href":"https:\/\/api.w.org\/{rel}","templated":true}]}}