{"id":327609,"date":"2024-04-29T07:33:15","date_gmt":"2024-04-29T10:33:15","guid":{"rendered":"https:\/\/www.notibras.com\/site\/?p=327609"},"modified":"2024-04-29T07:34:04","modified_gmt":"2024-04-29T10:34:04","slug":"maria-nega-o-amor-ate-deitar-em-lencois-com-cheiro-de-tabaco","status":"publish","type":"post","link":"https:\/\/www.notibras.com\/site\/maria-nega-o-amor-ate-deitar-em-lencois-com-cheiro-de-tabaco\/","title":{"rendered":"Maria nega o amor, at\u00e9 deitar em len\u00e7\u00f3is com cheiro de tabaco"},"content":{"rendered":"<p>N\u00e3o devia ter dez anos quando deu a primeira tragada. Escondido da av\u00f3, que havia esquecido o cigarro no cinzeiro. Tragou com tanta for\u00e7a, que teve uma crise de tosse. A velha, l\u00e1 da cozinha, pensou que o menino estava doente por causa da friagem.<\/p>\n<p>\u2014 Coloque as meias, L\u00facio!<\/p>\n<p>J\u00e1 um pouco maior, o garoto criou coragem e pediu para o pai deix\u00e1-lo acender o cigarro. O homem achou gra\u00e7a e n\u00e3o viu motivo para negar tal desejo. Esse passou a ser um h\u00e1bito, tanto \u00e9 que L\u00facio acendia n\u00e3o apenas o cigarro do pai, mas da m\u00e3e, dos tios e at\u00e9 da av\u00f3, de quem pegava dois ou tr\u00eas para fumar escondido.<\/p>\n<p>Aos 15, L\u00facio, cigarro entre os dedos, tragava sem cerim\u00f4nia na frente de todos. Fumava na rua, na escola, no clube, at\u00e9 no \u00f4nibus, quando ainda n\u00e3o era proibido. Fuma\u00e7a pela boca, fuma\u00e7a pelas narinas, fuma\u00e7a em lindas argolas que bailavam pelo ar.<\/p>\n<p>L\u00facio come\u00e7ou a trabalhar em uma reparti\u00e7\u00e3o p\u00fablica. Que felicidade! A fuma\u00e7a se confundia com as pessoas. Cinzeiros espalhados por todo o ambiente, abarrotados de guimbas.<\/p>\n<p>Foi no emprego que o rapaz conheceu Maria. Encantadora aos 28 anos e, ainda por cima, fumava com estilo. Piteira! Isso mesmo! Piteira! A mulher era a \u00fanica que usava esse apetrecho para dar longas tragadas antes de soltar fuma\u00e7as em aros t\u00e3o perfeitos, que n\u00e3o teve jeito. L\u00facio ficou completamente enla\u00e7ado pela colega.<\/p>\n<p>\u2014 N\u00e3o, L\u00facio. Voc\u00ea \u00e9 muito novo pra mim.<\/p>\n<p>O rapaz, apesar de apaixonado, n\u00e3o insistiu. Melhor ficar pr\u00f3ximo sofrendo a ser exclu\u00eddo do c\u00edrculo de amizade da mulher. E foi o que fez. Tornaram-se at\u00e9 confidentes e, durante a comemora\u00e7\u00e3o de fim de ano, o grupo foi se despedindo, at\u00e9 sobrarem cinco ou seis. Maria e L\u00facio, mais ao canto, sorriam futilidades, at\u00e9 que ela mexeu na carteira para pegar mais um cigarro.<\/p>\n<p>\u2014 Posso acender pra voc\u00ea?<\/p>\n<p>\u2014 Hum. Sabia que ningu\u00e9m nunca acendeu um cigarro pra mim?<\/p>\n<p>N\u00e3o se sabe se foi por conta daquele gesto ou se a bebida contribuiu, Maria come\u00e7ou a olhar o colega com outros olhos. Tanto \u00e9 que, naquele mesmo dia, os dois foram para um hotel ali perto, onde passaram a noite. Entre uma tragada e outra, aquelas vozes carregadas de alcatr\u00e3o se amaram.<\/p>\n","protected":false},"excerpt":{"rendered":"<p>N\u00e3o devia ter dez anos quando deu a primeira tragada. Escondido da av\u00f3, que havia esquecido o cigarro no cinzeiro. Tragou com tanta for\u00e7a, que teve uma crise de tosse. A velha, l\u00e1 da cozinha, pensou que o menino estava doente por causa da friagem. \u2014 Coloque as meias, L\u00facio! J\u00e1 um pouco maior, o [&hellip;]<\/p>\n","protected":false},"author":2,"featured_media":327610,"comment_status":"closed","ping_status":"closed","sticky":false,"template":"","format":"standard","meta":{"_acf_changed":false,"footnotes":""},"categories":[161],"tags":[],"class_list":["post-327609","post","type-post","status-publish","format-standard","has-post-thumbnail","hentry","category-quadradinho-em-foco"],"acf":[],"yoast_head":"<!-- This site is optimized with the Yoast SEO plugin v27.5 - https:\/\/yoast.com\/product\/yoast-seo-wordpress\/ -->\n<title>Maria nega o amor, at\u00e9 deitar em len\u00e7\u00f3is com cheiro de tabaco - Notibras<\/title>\n<meta name=\"robots\" content=\"index, follow, max-snippet:-1, max-image-preview:large, max-video-preview:-1\" \/>\n<link rel=\"canonical\" href=\"https:\/\/www.notibras.com\/site\/maria-nega-o-amor-ate-deitar-em-lencois-com-cheiro-de-tabaco\/\" \/>\n<meta property=\"og:locale\" content=\"pt_BR\" \/>\n<meta property=\"og:type\" content=\"article\" \/>\n<meta property=\"og:title\" content=\"Maria nega o amor, at\u00e9 deitar em len\u00e7\u00f3is com cheiro de tabaco - Notibras\" \/>\n<meta property=\"og:description\" content=\"N\u00e3o devia ter dez anos quando deu a primeira tragada. Escondido da av\u00f3, que havia esquecido o cigarro no cinzeiro. Tragou com tanta for\u00e7a, que teve uma crise de tosse. A velha, l\u00e1 da cozinha, pensou que o menino estava doente por causa da friagem. \u2014 Coloque as meias, L\u00facio! J\u00e1 um pouco maior, o [&hellip;]\" \/>\n<meta property=\"og:url\" content=\"https:\/\/www.notibras.com\/site\/maria-nega-o-amor-ate-deitar-em-lencois-com-cheiro-de-tabaco\/\" \/>\n<meta property=\"og:site_name\" content=\"Notibras\" \/>\n<meta property=\"article:publisher\" content=\"https:\/\/www.facebook.com\/notibras\/\" \/>\n<meta property=\"article:published_time\" content=\"2024-04-29T10:33:15+00:00\" \/>\n<meta property=\"article:modified_time\" content=\"2024-04-29T10:34:04+00:00\" \/>\n<meta property=\"og:image\" content=\"https:\/\/www.notibras.com\/site\/wp-content\/uploads\/2024\/04\/f130fdf4-59c6-4045-a40d-29b8823de798.jpeg\" \/>\n\t<meta property=\"og:image:width\" content=\"1080\" \/>\n\t<meta property=\"og:image:height\" content=\"1080\" \/>\n\t<meta property=\"og:image:type\" content=\"image\/jpeg\" \/>\n<meta name=\"author\" content=\"Reda\u00e7\u00e3o\" \/>\n<meta name=\"twitter:card\" content=\"summary_large_image\" \/>\n<meta name=\"twitter:creator\" content=\"@Notibras\" \/>\n<meta name=\"twitter:site\" content=\"@Notibras\" \/>\n<meta name=\"twitter:label1\" content=\"Escrito por\" \/>\n\t<meta name=\"twitter:data1\" content=\"Reda\u00e7\u00e3o\" \/>\n\t<meta name=\"twitter:label2\" content=\"Est. tempo de leitura\" \/>\n\t<meta name=\"twitter:data2\" content=\"3 minutos\" \/>\n<script type=\"application\/ld+json\" class=\"yoast-schema-graph\">{\"@context\":\"https:\\\/\\\/schema.org\",\"@graph\":[{\"@type\":\"Article\",\"@id\":\"https:\\\/\\\/www.notibras.com\\\/site\\\/maria-nega-o-amor-ate-deitar-em-lencois-com-cheiro-de-tabaco\\\/#article\",\"isPartOf\":{\"@id\":\"https:\\\/\\\/www.notibras.com\\\/site\\\/maria-nega-o-amor-ate-deitar-em-lencois-com-cheiro-de-tabaco\\\/\"},\"author\":{\"name\":\"Reda\u00e7\u00e3o\",\"@id\":\"https:\\\/\\\/www.notibras.com\\\/site\\\/#\\\/schema\\\/person\\\/36ab0979449956132d3e5b517ea76ac8\"},\"headline\":\"Maria nega o amor, at\u00e9 deitar em len\u00e7\u00f3is com cheiro de tabaco\",\"datePublished\":\"2024-04-29T10:33:15+00:00\",\"dateModified\":\"2024-04-29T10:34:04+00:00\",\"mainEntityOfPage\":{\"@id\":\"https:\\\/\\\/www.notibras.com\\\/site\\\/maria-nega-o-amor-ate-deitar-em-lencois-com-cheiro-de-tabaco\\\/\"},\"wordCount\":423,\"publisher\":{\"@id\":\"https:\\\/\\\/www.notibras.com\\\/site\\\/#organization\"},\"image\":{\"@id\":\"https:\\\/\\\/www.notibras.com\\\/site\\\/maria-nega-o-amor-ate-deitar-em-lencois-com-cheiro-de-tabaco\\\/#primaryimage\"},\"thumbnailUrl\":\"https:\\\/\\\/www.notibras.com\\\/site\\\/wp-content\\\/uploads\\\/2024\\\/04\\\/f130fdf4-59c6-4045-a40d-29b8823de798.jpeg\",\"articleSection\":[\"Quadradinho em Foco\"],\"inLanguage\":\"pt-BR\"},{\"@type\":\"WebPage\",\"@id\":\"https:\\\/\\\/www.notibras.com\\\/site\\\/maria-nega-o-amor-ate-deitar-em-lencois-com-cheiro-de-tabaco\\\/\",\"url\":\"https:\\\/\\\/www.notibras.com\\\/site\\\/maria-nega-o-amor-ate-deitar-em-lencois-com-cheiro-de-tabaco\\\/\",\"name\":\"Maria nega o amor, at\u00e9 deitar em len\u00e7\u00f3is com cheiro de tabaco - Notibras\",\"isPartOf\":{\"@id\":\"https:\\\/\\\/www.notibras.com\\\/site\\\/#website\"},\"primaryImageOfPage\":{\"@id\":\"https:\\\/\\\/www.notibras.com\\\/site\\\/maria-nega-o-amor-ate-deitar-em-lencois-com-cheiro-de-tabaco\\\/#primaryimage\"},\"image\":{\"@id\":\"https:\\\/\\\/www.notibras.com\\\/site\\\/maria-nega-o-amor-ate-deitar-em-lencois-com-cheiro-de-tabaco\\\/#primaryimage\"},\"thumbnailUrl\":\"https:\\\/\\\/www.notibras.com\\\/site\\\/wp-content\\\/uploads\\\/2024\\\/04\\\/f130fdf4-59c6-4045-a40d-29b8823de798.jpeg\",\"datePublished\":\"2024-04-29T10:33:15+00:00\",\"dateModified\":\"2024-04-29T10:34:04+00:00\",\"breadcrumb\":{\"@id\":\"https:\\\/\\\/www.notibras.com\\\/site\\\/maria-nega-o-amor-ate-deitar-em-lencois-com-cheiro-de-tabaco\\\/#breadcrumb\"},\"inLanguage\":\"pt-BR\",\"potentialAction\":[{\"@type\":\"ReadAction\",\"target\":[\"https:\\\/\\\/www.notibras.com\\\/site\\\/maria-nega-o-amor-ate-deitar-em-lencois-com-cheiro-de-tabaco\\\/\"]}]},{\"@type\":\"ImageObject\",\"inLanguage\":\"pt-BR\",\"@id\":\"https:\\\/\\\/www.notibras.com\\\/site\\\/maria-nega-o-amor-ate-deitar-em-lencois-com-cheiro-de-tabaco\\\/#primaryimage\",\"url\":\"https:\\\/\\\/www.notibras.com\\\/site\\\/wp-content\\\/uploads\\\/2024\\\/04\\\/f130fdf4-59c6-4045-a40d-29b8823de798.jpeg\",\"contentUrl\":\"https:\\\/\\\/www.notibras.com\\\/site\\\/wp-content\\\/uploads\\\/2024\\\/04\\\/f130fdf4-59c6-4045-a40d-29b8823de798.jpeg\",\"width\":1080,\"height\":1080},{\"@type\":\"BreadcrumbList\",\"@id\":\"https:\\\/\\\/www.notibras.com\\\/site\\\/maria-nega-o-amor-ate-deitar-em-lencois-com-cheiro-de-tabaco\\\/#breadcrumb\",\"itemListElement\":[{\"@type\":\"ListItem\",\"position\":1,\"name\":\"In\u00edcio\",\"item\":\"https:\\\/\\\/www.notibras.com\\\/site\\\/\"},{\"@type\":\"ListItem\",\"position\":2,\"name\":\"Maria nega o amor, at\u00e9 deitar em len\u00e7\u00f3is com cheiro de tabaco\"}]},{\"@type\":\"WebSite\",\"@id\":\"https:\\\/\\\/www.notibras.com\\\/site\\\/#website\",\"url\":\"https:\\\/\\\/www.notibras.com\\\/site\\\/\",\"name\":\"Notibras\",\"description\":\"Not\u00edcias de Bras\u00edlia, do Brasil e do Mundo\",\"publisher\":{\"@id\":\"https:\\\/\\\/www.notibras.com\\\/site\\\/#organization\"},\"potentialAction\":[{\"@type\":\"SearchAction\",\"target\":{\"@type\":\"EntryPoint\",\"urlTemplate\":\"https:\\\/\\\/www.notibras.com\\\/site\\\/?s={search_term_string}\"},\"query-input\":{\"@type\":\"PropertyValueSpecification\",\"valueRequired\":true,\"valueName\":\"search_term_string\"}}],\"inLanguage\":\"pt-BR\"},{\"@type\":\"Organization\",\"@id\":\"https:\\\/\\\/www.notibras.com\\\/site\\\/#organization\",\"name\":\"Grupo Notibras de Comunica\u00e7\u00e3o\",\"url\":\"https:\\\/\\\/www.notibras.com\\\/site\\\/\",\"logo\":{\"@type\":\"ImageObject\",\"inLanguage\":\"pt-BR\",\"@id\":\"https:\\\/\\\/www.notibras.com\\\/site\\\/#\\\/schema\\\/logo\\\/image\\\/\",\"url\":\"https:\\\/\\\/www.notibras.com\\\/site\\\/wp-content\\\/uploads\\\/2023\\\/01\\\/notibras23.png\",\"contentUrl\":\"https:\\\/\\\/www.notibras.com\\\/site\\\/wp-content\\\/uploads\\\/2023\\\/01\\\/notibras23.png\",\"width\":350,\"height\":87,\"caption\":\"Grupo Notibras de Comunica\u00e7\u00e3o\"},\"image\":{\"@id\":\"https:\\\/\\\/www.notibras.com\\\/site\\\/#\\\/schema\\\/logo\\\/image\\\/\"},\"sameAs\":[\"https:\\\/\\\/www.facebook.com\\\/notibras\\\/\",\"https:\\\/\\\/x.com\\\/Notibras\",\"https:\\\/\\\/www.instagram.com\\\/notibras\\\/\"]},{\"@type\":\"Person\",\"@id\":\"https:\\\/\\\/www.notibras.com\\\/site\\\/#\\\/schema\\\/person\\\/36ab0979449956132d3e5b517ea76ac8\",\"name\":\"Reda\u00e7\u00e3o\",\"image\":{\"@type\":\"ImageObject\",\"inLanguage\":\"pt-BR\",\"@id\":\"https:\\\/\\\/secure.gravatar.com\\\/avatar\\\/e0a867bdedb85fd243eadf09663511f96fc81e0720a4a42581f334ad4303aa6b?s=96&d=mm&r=g\",\"url\":\"https:\\\/\\\/secure.gravatar.com\\\/avatar\\\/e0a867bdedb85fd243eadf09663511f96fc81e0720a4a42581f334ad4303aa6b?s=96&d=mm&r=g\",\"contentUrl\":\"https:\\\/\\\/secure.gravatar.com\\\/avatar\\\/e0a867bdedb85fd243eadf09663511f96fc81e0720a4a42581f334ad4303aa6b?s=96&d=mm&r=g\",\"caption\":\"Reda\u00e7\u00e3o\"}}]}<\/script>\n<!-- \/ Yoast SEO plugin. -->","yoast_head_json":{"title":"Maria nega o amor, at\u00e9 deitar em len\u00e7\u00f3is com cheiro de tabaco - Notibras","robots":{"index":"index","follow":"follow","max-snippet":"max-snippet:-1","max-image-preview":"max-image-preview:large","max-video-preview":"max-video-preview:-1"},"canonical":"https:\/\/www.notibras.com\/site\/maria-nega-o-amor-ate-deitar-em-lencois-com-cheiro-de-tabaco\/","og_locale":"pt_BR","og_type":"article","og_title":"Maria nega o amor, at\u00e9 deitar em len\u00e7\u00f3is com cheiro de tabaco - Notibras","og_description":"N\u00e3o devia ter dez anos quando deu a primeira tragada. Escondido da av\u00f3, que havia esquecido o cigarro no cinzeiro. Tragou com tanta for\u00e7a, que teve uma crise de tosse. A velha, l\u00e1 da cozinha, pensou que o menino estava doente por causa da friagem. \u2014 Coloque as meias, L\u00facio! J\u00e1 um pouco maior, o [&hellip;]","og_url":"https:\/\/www.notibras.com\/site\/maria-nega-o-amor-ate-deitar-em-lencois-com-cheiro-de-tabaco\/","og_site_name":"Notibras","article_publisher":"https:\/\/www.facebook.com\/notibras\/","article_published_time":"2024-04-29T10:33:15+00:00","article_modified_time":"2024-04-29T10:34:04+00:00","og_image":[{"width":1080,"height":1080,"url":"https:\/\/www.notibras.com\/site\/wp-content\/uploads\/2024\/04\/f130fdf4-59c6-4045-a40d-29b8823de798.jpeg","type":"image\/jpeg"}],"author":"Reda\u00e7\u00e3o","twitter_card":"summary_large_image","twitter_creator":"@Notibras","twitter_site":"@Notibras","twitter_misc":{"Escrito por":"Reda\u00e7\u00e3o","Est. tempo de leitura":"3 minutos"},"schema":{"@context":"https:\/\/schema.org","@graph":[{"@type":"Article","@id":"https:\/\/www.notibras.com\/site\/maria-nega-o-amor-ate-deitar-em-lencois-com-cheiro-de-tabaco\/#article","isPartOf":{"@id":"https:\/\/www.notibras.com\/site\/maria-nega-o-amor-ate-deitar-em-lencois-com-cheiro-de-tabaco\/"},"author":{"name":"Reda\u00e7\u00e3o","@id":"https:\/\/www.notibras.com\/site\/#\/schema\/person\/36ab0979449956132d3e5b517ea76ac8"},"headline":"Maria nega o amor, at\u00e9 deitar em len\u00e7\u00f3is com cheiro de tabaco","datePublished":"2024-04-29T10:33:15+00:00","dateModified":"2024-04-29T10:34:04+00:00","mainEntityOfPage":{"@id":"https:\/\/www.notibras.com\/site\/maria-nega-o-amor-ate-deitar-em-lencois-com-cheiro-de-tabaco\/"},"wordCount":423,"publisher":{"@id":"https:\/\/www.notibras.com\/site\/#organization"},"image":{"@id":"https:\/\/www.notibras.com\/site\/maria-nega-o-amor-ate-deitar-em-lencois-com-cheiro-de-tabaco\/#primaryimage"},"thumbnailUrl":"https:\/\/www.notibras.com\/site\/wp-content\/uploads\/2024\/04\/f130fdf4-59c6-4045-a40d-29b8823de798.jpeg","articleSection":["Quadradinho em Foco"],"inLanguage":"pt-BR"},{"@type":"WebPage","@id":"https:\/\/www.notibras.com\/site\/maria-nega-o-amor-ate-deitar-em-lencois-com-cheiro-de-tabaco\/","url":"https:\/\/www.notibras.com\/site\/maria-nega-o-amor-ate-deitar-em-lencois-com-cheiro-de-tabaco\/","name":"Maria nega o amor, at\u00e9 deitar em len\u00e7\u00f3is com cheiro de tabaco - Notibras","isPartOf":{"@id":"https:\/\/www.notibras.com\/site\/#website"},"primaryImageOfPage":{"@id":"https:\/\/www.notibras.com\/site\/maria-nega-o-amor-ate-deitar-em-lencois-com-cheiro-de-tabaco\/#primaryimage"},"image":{"@id":"https:\/\/www.notibras.com\/site\/maria-nega-o-amor-ate-deitar-em-lencois-com-cheiro-de-tabaco\/#primaryimage"},"thumbnailUrl":"https:\/\/www.notibras.com\/site\/wp-content\/uploads\/2024\/04\/f130fdf4-59c6-4045-a40d-29b8823de798.jpeg","datePublished":"2024-04-29T10:33:15+00:00","dateModified":"2024-04-29T10:34:04+00:00","breadcrumb":{"@id":"https:\/\/www.notibras.com\/site\/maria-nega-o-amor-ate-deitar-em-lencois-com-cheiro-de-tabaco\/#breadcrumb"},"inLanguage":"pt-BR","potentialAction":[{"@type":"ReadAction","target":["https:\/\/www.notibras.com\/site\/maria-nega-o-amor-ate-deitar-em-lencois-com-cheiro-de-tabaco\/"]}]},{"@type":"ImageObject","inLanguage":"pt-BR","@id":"https:\/\/www.notibras.com\/site\/maria-nega-o-amor-ate-deitar-em-lencois-com-cheiro-de-tabaco\/#primaryimage","url":"https:\/\/www.notibras.com\/site\/wp-content\/uploads\/2024\/04\/f130fdf4-59c6-4045-a40d-29b8823de798.jpeg","contentUrl":"https:\/\/www.notibras.com\/site\/wp-content\/uploads\/2024\/04\/f130fdf4-59c6-4045-a40d-29b8823de798.jpeg","width":1080,"height":1080},{"@type":"BreadcrumbList","@id":"https:\/\/www.notibras.com\/site\/maria-nega-o-amor-ate-deitar-em-lencois-com-cheiro-de-tabaco\/#breadcrumb","itemListElement":[{"@type":"ListItem","position":1,"name":"In\u00edcio","item":"https:\/\/www.notibras.com\/site\/"},{"@type":"ListItem","position":2,"name":"Maria nega o amor, at\u00e9 deitar em len\u00e7\u00f3is com cheiro de tabaco"}]},{"@type":"WebSite","@id":"https:\/\/www.notibras.com\/site\/#website","url":"https:\/\/www.notibras.com\/site\/","name":"Notibras","description":"Not\u00edcias de Bras\u00edlia, do Brasil e do Mundo","publisher":{"@id":"https:\/\/www.notibras.com\/site\/#organization"},"potentialAction":[{"@type":"SearchAction","target":{"@type":"EntryPoint","urlTemplate":"https:\/\/www.notibras.com\/site\/?s={search_term_string}"},"query-input":{"@type":"PropertyValueSpecification","valueRequired":true,"valueName":"search_term_string"}}],"inLanguage":"pt-BR"},{"@type":"Organization","@id":"https:\/\/www.notibras.com\/site\/#organization","name":"Grupo Notibras de Comunica\u00e7\u00e3o","url":"https:\/\/www.notibras.com\/site\/","logo":{"@type":"ImageObject","inLanguage":"pt-BR","@id":"https:\/\/www.notibras.com\/site\/#\/schema\/logo\/image\/","url":"https:\/\/www.notibras.com\/site\/wp-content\/uploads\/2023\/01\/notibras23.png","contentUrl":"https:\/\/www.notibras.com\/site\/wp-content\/uploads\/2023\/01\/notibras23.png","width":350,"height":87,"caption":"Grupo Notibras de Comunica\u00e7\u00e3o"},"image":{"@id":"https:\/\/www.notibras.com\/site\/#\/schema\/logo\/image\/"},"sameAs":["https:\/\/www.facebook.com\/notibras\/","https:\/\/x.com\/Notibras","https:\/\/www.instagram.com\/notibras\/"]},{"@type":"Person","@id":"https:\/\/www.notibras.com\/site\/#\/schema\/person\/36ab0979449956132d3e5b517ea76ac8","name":"Reda\u00e7\u00e3o","image":{"@type":"ImageObject","inLanguage":"pt-BR","@id":"https:\/\/secure.gravatar.com\/avatar\/e0a867bdedb85fd243eadf09663511f96fc81e0720a4a42581f334ad4303aa6b?s=96&d=mm&r=g","url":"https:\/\/secure.gravatar.com\/avatar\/e0a867bdedb85fd243eadf09663511f96fc81e0720a4a42581f334ad4303aa6b?s=96&d=mm&r=g","contentUrl":"https:\/\/secure.gravatar.com\/avatar\/e0a867bdedb85fd243eadf09663511f96fc81e0720a4a42581f334ad4303aa6b?s=96&d=mm&r=g","caption":"Reda\u00e7\u00e3o"}}]}},"amp_enabled":true,"_links":{"self":[{"href":"https:\/\/www.notibras.com\/site\/wp-json\/wp\/v2\/posts\/327609","targetHints":{"allow":["GET"]}}],"collection":[{"href":"https:\/\/www.notibras.com\/site\/wp-json\/wp\/v2\/posts"}],"about":[{"href":"https:\/\/www.notibras.com\/site\/wp-json\/wp\/v2\/types\/post"}],"author":[{"embeddable":true,"href":"https:\/\/www.notibras.com\/site\/wp-json\/wp\/v2\/users\/2"}],"replies":[{"embeddable":true,"href":"https:\/\/www.notibras.com\/site\/wp-json\/wp\/v2\/comments?post=327609"}],"version-history":[{"count":1,"href":"https:\/\/www.notibras.com\/site\/wp-json\/wp\/v2\/posts\/327609\/revisions"}],"predecessor-version":[{"id":327611,"href":"https:\/\/www.notibras.com\/site\/wp-json\/wp\/v2\/posts\/327609\/revisions\/327611"}],"wp:featuredmedia":[{"embeddable":true,"href":"https:\/\/www.notibras.com\/site\/wp-json\/wp\/v2\/media\/327610"}],"wp:attachment":[{"href":"https:\/\/www.notibras.com\/site\/wp-json\/wp\/v2\/media?parent=327609"}],"wp:term":[{"taxonomy":"category","embeddable":true,"href":"https:\/\/www.notibras.com\/site\/wp-json\/wp\/v2\/categories?post=327609"},{"taxonomy":"post_tag","embeddable":true,"href":"https:\/\/www.notibras.com\/site\/wp-json\/wp\/v2\/tags?post=327609"}],"curies":[{"name":"wp","href":"https:\/\/api.w.org\/{rel}","templated":true}]}}