{"id":327619,"date":"2024-04-29T06:13:20","date_gmt":"2024-04-29T09:13:20","guid":{"rendered":"https:\/\/www.notibras.com\/site\/?p=327619"},"modified":"2024-04-29T08:17:44","modified_gmt":"2024-04-29T11:17:44","slug":"presos-traficantes-que-encomendavam-drogas-por-sedex","status":"publish","type":"post","link":"https:\/\/www.notibras.com\/site\/presos-traficantes-que-encomendavam-drogas-por-sedex\/","title":{"rendered":"Presos traficantes que encomendavam drogas por Sedex"},"content":{"rendered":"<p>Agentes da 15\u00aa DP deflagraram a opera\u00e7\u00e3o Bad Delivery 2 e prenderam dois homens, um de 51 e o outro de 24 anos de idade pelo crime de tr\u00e1fico de drogas. A opera\u00e7\u00e3o foi deflagrada ap\u00f3s a Receita Federal, atrav\u00e9s de seus c\u00e3es farejadores, ter identificado duas encomendas dos Correios, via Sedex, suspeitas de conterem substancias il\u00edcitas. As postagens foram feitas em S\u00e3o Paulo.<\/p>\n<p>Ap\u00f3s serem notificados do fato, os funcion\u00e1rios dos Correios passaram as encomendas na esteira de raio-X e identificaram que uma delas continha subst\u00e2ncias anabolizantes e que a outra continha por\u00e7\u00f5es de drogas.<\/p>\n<p>Os fatos foram informados aos policiais da 15\u00aa DP, que decidiram acompanhar a entrega das drogas aos destinat\u00e1rios, por coincid\u00eancia, ambos residentes em Samambaia.<\/p>\n<p>Na primeira entrega, em Samambaia Sul, ap\u00f3s confirmar ser o destinat\u00e1rio e receber a encomenda, o homem de 51 anos recebeu a voz de pris\u00e3o e foi conduzido para a 15\u00aa DP, onde foi autuado em flagrante delito pelo crime de tr\u00e1fico de drogas. Na caixa havia 139 ampolas de anabolizantes.<\/p>\n<p>Na segunda entrega, em Samambaia Norte, o destinat\u00e1rio n\u00e3o se encontrava em casa, por\u00e9m, atrav\u00e9s de sua genitora, ele confirmou ser o adquirente da encomenda e solicitou que a mesma fosse entregue para sua m\u00e3e.<\/p>\n<p>Atrav\u00e9s de levantamentos, os agentes da 15\u00aa DP descobriram que o autor trabalhava em uma loja situada em Vicente Pires e, ap\u00f3s alguns minutos de monitoramento no local conseguiram efetuar a sua pris\u00e3o. O homem de 24 anos de idade foi conduzido para a 15\u00aa DP, onde foi autuado em flagrante delito pelo crime de tr\u00e1fico de drogas. Na caixa da encomenda por ele adquirida havia 200g de MD.<\/p>\n<p>Ap\u00f3s a lavratura da pris\u00e3o dos autores, foram eles encaminhados \u00e0 carceragem da DCCP, onde permanecer\u00e3o \u00e0 disposi\u00e7\u00e3o da justi\u00e7a. Caso condenados, os autores estar\u00e3o sujeitos a uma pena que pode alcan\u00e7ar os 15 anos de pris\u00e3o.<\/p>\n","protected":false},"excerpt":{"rendered":"<p>Agentes da 15\u00aa DP deflagraram a opera\u00e7\u00e3o Bad Delivery 2 e prenderam dois homens, um de 51 e o outro de 24 anos de idade pelo crime de tr\u00e1fico de drogas. A opera\u00e7\u00e3o foi deflagrada ap\u00f3s a Receita Federal, atrav\u00e9s de seus c\u00e3es farejadores, ter identificado duas encomendas dos Correios, via Sedex, suspeitas de conterem [&hellip;]<\/p>\n","protected":false},"author":2,"featured_media":327620,"comment_status":"closed","ping_status":"closed","sticky":false,"template":"","format":"standard","meta":{"_acf_changed":false,"footnotes":""},"categories":[161],"tags":[],"class_list":["post-327619","post","type-post","status-publish","format-standard","has-post-thumbnail","hentry","category-quadradinho-em-foco"],"acf":[],"yoast_head":"<!-- This site is optimized with the Yoast SEO plugin v27.5 - https:\/\/yoast.com\/product\/yoast-seo-wordpress\/ -->\n<title>Presos traficantes que encomendavam drogas por Sedex - Notibras<\/title>\n<meta name=\"robots\" content=\"index, follow, max-snippet:-1, max-image-preview:large, max-video-preview:-1\" \/>\n<link rel=\"canonical\" href=\"https:\/\/www.notibras.com\/site\/presos-traficantes-que-encomendavam-drogas-por-sedex\/\" \/>\n<meta property=\"og:locale\" content=\"pt_BR\" \/>\n<meta property=\"og:type\" content=\"article\" \/>\n<meta property=\"og:title\" content=\"Presos traficantes que encomendavam drogas por Sedex - Notibras\" \/>\n<meta property=\"og:description\" content=\"Agentes da 15\u00aa DP deflagraram a opera\u00e7\u00e3o Bad Delivery 2 e prenderam dois homens, um de 51 e o outro de 24 anos de idade pelo crime de tr\u00e1fico de drogas. A opera\u00e7\u00e3o foi deflagrada ap\u00f3s a Receita Federal, atrav\u00e9s de seus c\u00e3es farejadores, ter identificado duas encomendas dos Correios, via Sedex, suspeitas de conterem [&hellip;]\" \/>\n<meta property=\"og:url\" content=\"https:\/\/www.notibras.com\/site\/presos-traficantes-que-encomendavam-drogas-por-sedex\/\" \/>\n<meta property=\"og:site_name\" content=\"Notibras\" \/>\n<meta property=\"article:publisher\" content=\"https:\/\/www.facebook.com\/notibras\/\" \/>\n<meta property=\"article:published_time\" content=\"2024-04-29T09:13:20+00:00\" \/>\n<meta property=\"article:modified_time\" content=\"2024-04-29T11:17:44+00:00\" \/>\n<meta property=\"og:image\" content=\"https:\/\/www.notibras.com\/site\/wp-content\/uploads\/2024\/04\/44672469-6f11-4e92-8001-09a401ac5fda.jpeg\" \/>\n\t<meta property=\"og:image:width\" content=\"1600\" \/>\n\t<meta property=\"og:image:height\" content=\"1200\" \/>\n\t<meta property=\"og:image:type\" content=\"image\/jpeg\" \/>\n<meta name=\"author\" content=\"Reda\u00e7\u00e3o\" \/>\n<meta name=\"twitter:card\" content=\"summary_large_image\" \/>\n<meta name=\"twitter:creator\" content=\"@Notibras\" \/>\n<meta name=\"twitter:site\" content=\"@Notibras\" \/>\n<meta name=\"twitter:label1\" content=\"Escrito por\" \/>\n\t<meta name=\"twitter:data1\" content=\"Reda\u00e7\u00e3o\" \/>\n\t<meta name=\"twitter:label2\" content=\"Est. tempo de leitura\" \/>\n\t<meta name=\"twitter:data2\" content=\"2 minutos\" \/>\n<script type=\"application\/ld+json\" class=\"yoast-schema-graph\">{\"@context\":\"https:\\\/\\\/schema.org\",\"@graph\":[{\"@type\":\"Article\",\"@id\":\"https:\\\/\\\/www.notibras.com\\\/site\\\/presos-traficantes-que-encomendavam-drogas-por-sedex\\\/#article\",\"isPartOf\":{\"@id\":\"https:\\\/\\\/www.notibras.com\\\/site\\\/presos-traficantes-que-encomendavam-drogas-por-sedex\\\/\"},\"author\":{\"name\":\"Reda\u00e7\u00e3o\",\"@id\":\"https:\\\/\\\/www.notibras.com\\\/site\\\/#\\\/schema\\\/person\\\/36ab0979449956132d3e5b517ea76ac8\"},\"headline\":\"Presos traficantes que encomendavam drogas por Sedex\",\"datePublished\":\"2024-04-29T09:13:20+00:00\",\"dateModified\":\"2024-04-29T11:17:44+00:00\",\"mainEntityOfPage\":{\"@id\":\"https:\\\/\\\/www.notibras.com\\\/site\\\/presos-traficantes-que-encomendavam-drogas-por-sedex\\\/\"},\"wordCount\":340,\"publisher\":{\"@id\":\"https:\\\/\\\/www.notibras.com\\\/site\\\/#organization\"},\"image\":{\"@id\":\"https:\\\/\\\/www.notibras.com\\\/site\\\/presos-traficantes-que-encomendavam-drogas-por-sedex\\\/#primaryimage\"},\"thumbnailUrl\":\"https:\\\/\\\/www.notibras.com\\\/site\\\/wp-content\\\/uploads\\\/2024\\\/04\\\/44672469-6f11-4e92-8001-09a401ac5fda.jpeg\",\"articleSection\":[\"Quadradinho em Foco\"],\"inLanguage\":\"pt-BR\"},{\"@type\":\"WebPage\",\"@id\":\"https:\\\/\\\/www.notibras.com\\\/site\\\/presos-traficantes-que-encomendavam-drogas-por-sedex\\\/\",\"url\":\"https:\\\/\\\/www.notibras.com\\\/site\\\/presos-traficantes-que-encomendavam-drogas-por-sedex\\\/\",\"name\":\"Presos traficantes que encomendavam drogas por Sedex - Notibras\",\"isPartOf\":{\"@id\":\"https:\\\/\\\/www.notibras.com\\\/site\\\/#website\"},\"primaryImageOfPage\":{\"@id\":\"https:\\\/\\\/www.notibras.com\\\/site\\\/presos-traficantes-que-encomendavam-drogas-por-sedex\\\/#primaryimage\"},\"image\":{\"@id\":\"https:\\\/\\\/www.notibras.com\\\/site\\\/presos-traficantes-que-encomendavam-drogas-por-sedex\\\/#primaryimage\"},\"thumbnailUrl\":\"https:\\\/\\\/www.notibras.com\\\/site\\\/wp-content\\\/uploads\\\/2024\\\/04\\\/44672469-6f11-4e92-8001-09a401ac5fda.jpeg\",\"datePublished\":\"2024-04-29T09:13:20+00:00\",\"dateModified\":\"2024-04-29T11:17:44+00:00\",\"breadcrumb\":{\"@id\":\"https:\\\/\\\/www.notibras.com\\\/site\\\/presos-traficantes-que-encomendavam-drogas-por-sedex\\\/#breadcrumb\"},\"inLanguage\":\"pt-BR\",\"potentialAction\":[{\"@type\":\"ReadAction\",\"target\":[\"https:\\\/\\\/www.notibras.com\\\/site\\\/presos-traficantes-que-encomendavam-drogas-por-sedex\\\/\"]}]},{\"@type\":\"ImageObject\",\"inLanguage\":\"pt-BR\",\"@id\":\"https:\\\/\\\/www.notibras.com\\\/site\\\/presos-traficantes-que-encomendavam-drogas-por-sedex\\\/#primaryimage\",\"url\":\"https:\\\/\\\/www.notibras.com\\\/site\\\/wp-content\\\/uploads\\\/2024\\\/04\\\/44672469-6f11-4e92-8001-09a401ac5fda.jpeg\",\"contentUrl\":\"https:\\\/\\\/www.notibras.com\\\/site\\\/wp-content\\\/uploads\\\/2024\\\/04\\\/44672469-6f11-4e92-8001-09a401ac5fda.jpeg\",\"width\":1600,\"height\":1200},{\"@type\":\"BreadcrumbList\",\"@id\":\"https:\\\/\\\/www.notibras.com\\\/site\\\/presos-traficantes-que-encomendavam-drogas-por-sedex\\\/#breadcrumb\",\"itemListElement\":[{\"@type\":\"ListItem\",\"position\":1,\"name\":\"In\u00edcio\",\"item\":\"https:\\\/\\\/www.notibras.com\\\/site\\\/\"},{\"@type\":\"ListItem\",\"position\":2,\"name\":\"Presos traficantes que encomendavam drogas por Sedex\"}]},{\"@type\":\"WebSite\",\"@id\":\"https:\\\/\\\/www.notibras.com\\\/site\\\/#website\",\"url\":\"https:\\\/\\\/www.notibras.com\\\/site\\\/\",\"name\":\"Notibras\",\"description\":\"Not\u00edcias de Bras\u00edlia, do Brasil e do Mundo\",\"publisher\":{\"@id\":\"https:\\\/\\\/www.notibras.com\\\/site\\\/#organization\"},\"potentialAction\":[{\"@type\":\"SearchAction\",\"target\":{\"@type\":\"EntryPoint\",\"urlTemplate\":\"https:\\\/\\\/www.notibras.com\\\/site\\\/?s={search_term_string}\"},\"query-input\":{\"@type\":\"PropertyValueSpecification\",\"valueRequired\":true,\"valueName\":\"search_term_string\"}}],\"inLanguage\":\"pt-BR\"},{\"@type\":\"Organization\",\"@id\":\"https:\\\/\\\/www.notibras.com\\\/site\\\/#organization\",\"name\":\"Grupo Notibras de Comunica\u00e7\u00e3o\",\"url\":\"https:\\\/\\\/www.notibras.com\\\/site\\\/\",\"logo\":{\"@type\":\"ImageObject\",\"inLanguage\":\"pt-BR\",\"@id\":\"https:\\\/\\\/www.notibras.com\\\/site\\\/#\\\/schema\\\/logo\\\/image\\\/\",\"url\":\"https:\\\/\\\/www.notibras.com\\\/site\\\/wp-content\\\/uploads\\\/2023\\\/01\\\/notibras23.png\",\"contentUrl\":\"https:\\\/\\\/www.notibras.com\\\/site\\\/wp-content\\\/uploads\\\/2023\\\/01\\\/notibras23.png\",\"width\":350,\"height\":87,\"caption\":\"Grupo Notibras de Comunica\u00e7\u00e3o\"},\"image\":{\"@id\":\"https:\\\/\\\/www.notibras.com\\\/site\\\/#\\\/schema\\\/logo\\\/image\\\/\"},\"sameAs\":[\"https:\\\/\\\/www.facebook.com\\\/notibras\\\/\",\"https:\\\/\\\/x.com\\\/Notibras\",\"https:\\\/\\\/www.instagram.com\\\/notibras\\\/\"]},{\"@type\":\"Person\",\"@id\":\"https:\\\/\\\/www.notibras.com\\\/site\\\/#\\\/schema\\\/person\\\/36ab0979449956132d3e5b517ea76ac8\",\"name\":\"Reda\u00e7\u00e3o\",\"image\":{\"@type\":\"ImageObject\",\"inLanguage\":\"pt-BR\",\"@id\":\"https:\\\/\\\/secure.gravatar.com\\\/avatar\\\/e0a867bdedb85fd243eadf09663511f96fc81e0720a4a42581f334ad4303aa6b?s=96&d=mm&r=g\",\"url\":\"https:\\\/\\\/secure.gravatar.com\\\/avatar\\\/e0a867bdedb85fd243eadf09663511f96fc81e0720a4a42581f334ad4303aa6b?s=96&d=mm&r=g\",\"contentUrl\":\"https:\\\/\\\/secure.gravatar.com\\\/avatar\\\/e0a867bdedb85fd243eadf09663511f96fc81e0720a4a42581f334ad4303aa6b?s=96&d=mm&r=g\",\"caption\":\"Reda\u00e7\u00e3o\"}}]}<\/script>\n<!-- \/ Yoast SEO plugin. -->","yoast_head_json":{"title":"Presos traficantes que encomendavam drogas por Sedex - Notibras","robots":{"index":"index","follow":"follow","max-snippet":"max-snippet:-1","max-image-preview":"max-image-preview:large","max-video-preview":"max-video-preview:-1"},"canonical":"https:\/\/www.notibras.com\/site\/presos-traficantes-que-encomendavam-drogas-por-sedex\/","og_locale":"pt_BR","og_type":"article","og_title":"Presos traficantes que encomendavam drogas por Sedex - Notibras","og_description":"Agentes da 15\u00aa DP deflagraram a opera\u00e7\u00e3o Bad Delivery 2 e prenderam dois homens, um de 51 e o outro de 24 anos de idade pelo crime de tr\u00e1fico de drogas. A opera\u00e7\u00e3o foi deflagrada ap\u00f3s a Receita Federal, atrav\u00e9s de seus c\u00e3es farejadores, ter identificado duas encomendas dos Correios, via Sedex, suspeitas de conterem [&hellip;]","og_url":"https:\/\/www.notibras.com\/site\/presos-traficantes-que-encomendavam-drogas-por-sedex\/","og_site_name":"Notibras","article_publisher":"https:\/\/www.facebook.com\/notibras\/","article_published_time":"2024-04-29T09:13:20+00:00","article_modified_time":"2024-04-29T11:17:44+00:00","og_image":[{"width":1600,"height":1200,"url":"https:\/\/www.notibras.com\/site\/wp-content\/uploads\/2024\/04\/44672469-6f11-4e92-8001-09a401ac5fda.jpeg","type":"image\/jpeg"}],"author":"Reda\u00e7\u00e3o","twitter_card":"summary_large_image","twitter_creator":"@Notibras","twitter_site":"@Notibras","twitter_misc":{"Escrito por":"Reda\u00e7\u00e3o","Est. tempo de leitura":"2 minutos"},"schema":{"@context":"https:\/\/schema.org","@graph":[{"@type":"Article","@id":"https:\/\/www.notibras.com\/site\/presos-traficantes-que-encomendavam-drogas-por-sedex\/#article","isPartOf":{"@id":"https:\/\/www.notibras.com\/site\/presos-traficantes-que-encomendavam-drogas-por-sedex\/"},"author":{"name":"Reda\u00e7\u00e3o","@id":"https:\/\/www.notibras.com\/site\/#\/schema\/person\/36ab0979449956132d3e5b517ea76ac8"},"headline":"Presos traficantes que encomendavam drogas por Sedex","datePublished":"2024-04-29T09:13:20+00:00","dateModified":"2024-04-29T11:17:44+00:00","mainEntityOfPage":{"@id":"https:\/\/www.notibras.com\/site\/presos-traficantes-que-encomendavam-drogas-por-sedex\/"},"wordCount":340,"publisher":{"@id":"https:\/\/www.notibras.com\/site\/#organization"},"image":{"@id":"https:\/\/www.notibras.com\/site\/presos-traficantes-que-encomendavam-drogas-por-sedex\/#primaryimage"},"thumbnailUrl":"https:\/\/www.notibras.com\/site\/wp-content\/uploads\/2024\/04\/44672469-6f11-4e92-8001-09a401ac5fda.jpeg","articleSection":["Quadradinho em Foco"],"inLanguage":"pt-BR"},{"@type":"WebPage","@id":"https:\/\/www.notibras.com\/site\/presos-traficantes-que-encomendavam-drogas-por-sedex\/","url":"https:\/\/www.notibras.com\/site\/presos-traficantes-que-encomendavam-drogas-por-sedex\/","name":"Presos traficantes que encomendavam drogas por Sedex - Notibras","isPartOf":{"@id":"https:\/\/www.notibras.com\/site\/#website"},"primaryImageOfPage":{"@id":"https:\/\/www.notibras.com\/site\/presos-traficantes-que-encomendavam-drogas-por-sedex\/#primaryimage"},"image":{"@id":"https:\/\/www.notibras.com\/site\/presos-traficantes-que-encomendavam-drogas-por-sedex\/#primaryimage"},"thumbnailUrl":"https:\/\/www.notibras.com\/site\/wp-content\/uploads\/2024\/04\/44672469-6f11-4e92-8001-09a401ac5fda.jpeg","datePublished":"2024-04-29T09:13:20+00:00","dateModified":"2024-04-29T11:17:44+00:00","breadcrumb":{"@id":"https:\/\/www.notibras.com\/site\/presos-traficantes-que-encomendavam-drogas-por-sedex\/#breadcrumb"},"inLanguage":"pt-BR","potentialAction":[{"@type":"ReadAction","target":["https:\/\/www.notibras.com\/site\/presos-traficantes-que-encomendavam-drogas-por-sedex\/"]}]},{"@type":"ImageObject","inLanguage":"pt-BR","@id":"https:\/\/www.notibras.com\/site\/presos-traficantes-que-encomendavam-drogas-por-sedex\/#primaryimage","url":"https:\/\/www.notibras.com\/site\/wp-content\/uploads\/2024\/04\/44672469-6f11-4e92-8001-09a401ac5fda.jpeg","contentUrl":"https:\/\/www.notibras.com\/site\/wp-content\/uploads\/2024\/04\/44672469-6f11-4e92-8001-09a401ac5fda.jpeg","width":1600,"height":1200},{"@type":"BreadcrumbList","@id":"https:\/\/www.notibras.com\/site\/presos-traficantes-que-encomendavam-drogas-por-sedex\/#breadcrumb","itemListElement":[{"@type":"ListItem","position":1,"name":"In\u00edcio","item":"https:\/\/www.notibras.com\/site\/"},{"@type":"ListItem","position":2,"name":"Presos traficantes que encomendavam drogas por Sedex"}]},{"@type":"WebSite","@id":"https:\/\/www.notibras.com\/site\/#website","url":"https:\/\/www.notibras.com\/site\/","name":"Notibras","description":"Not\u00edcias de Bras\u00edlia, do Brasil e do Mundo","publisher":{"@id":"https:\/\/www.notibras.com\/site\/#organization"},"potentialAction":[{"@type":"SearchAction","target":{"@type":"EntryPoint","urlTemplate":"https:\/\/www.notibras.com\/site\/?s={search_term_string}"},"query-input":{"@type":"PropertyValueSpecification","valueRequired":true,"valueName":"search_term_string"}}],"inLanguage":"pt-BR"},{"@type":"Organization","@id":"https:\/\/www.notibras.com\/site\/#organization","name":"Grupo Notibras de Comunica\u00e7\u00e3o","url":"https:\/\/www.notibras.com\/site\/","logo":{"@type":"ImageObject","inLanguage":"pt-BR","@id":"https:\/\/www.notibras.com\/site\/#\/schema\/logo\/image\/","url":"https:\/\/www.notibras.com\/site\/wp-content\/uploads\/2023\/01\/notibras23.png","contentUrl":"https:\/\/www.notibras.com\/site\/wp-content\/uploads\/2023\/01\/notibras23.png","width":350,"height":87,"caption":"Grupo Notibras de Comunica\u00e7\u00e3o"},"image":{"@id":"https:\/\/www.notibras.com\/site\/#\/schema\/logo\/image\/"},"sameAs":["https:\/\/www.facebook.com\/notibras\/","https:\/\/x.com\/Notibras","https:\/\/www.instagram.com\/notibras\/"]},{"@type":"Person","@id":"https:\/\/www.notibras.com\/site\/#\/schema\/person\/36ab0979449956132d3e5b517ea76ac8","name":"Reda\u00e7\u00e3o","image":{"@type":"ImageObject","inLanguage":"pt-BR","@id":"https:\/\/secure.gravatar.com\/avatar\/e0a867bdedb85fd243eadf09663511f96fc81e0720a4a42581f334ad4303aa6b?s=96&d=mm&r=g","url":"https:\/\/secure.gravatar.com\/avatar\/e0a867bdedb85fd243eadf09663511f96fc81e0720a4a42581f334ad4303aa6b?s=96&d=mm&r=g","contentUrl":"https:\/\/secure.gravatar.com\/avatar\/e0a867bdedb85fd243eadf09663511f96fc81e0720a4a42581f334ad4303aa6b?s=96&d=mm&r=g","caption":"Reda\u00e7\u00e3o"}}]}},"amp_enabled":true,"_links":{"self":[{"href":"https:\/\/www.notibras.com\/site\/wp-json\/wp\/v2\/posts\/327619","targetHints":{"allow":["GET"]}}],"collection":[{"href":"https:\/\/www.notibras.com\/site\/wp-json\/wp\/v2\/posts"}],"about":[{"href":"https:\/\/www.notibras.com\/site\/wp-json\/wp\/v2\/types\/post"}],"author":[{"embeddable":true,"href":"https:\/\/www.notibras.com\/site\/wp-json\/wp\/v2\/users\/2"}],"replies":[{"embeddable":true,"href":"https:\/\/www.notibras.com\/site\/wp-json\/wp\/v2\/comments?post=327619"}],"version-history":[{"count":3,"href":"https:\/\/www.notibras.com\/site\/wp-json\/wp\/v2\/posts\/327619\/revisions"}],"predecessor-version":[{"id":327623,"href":"https:\/\/www.notibras.com\/site\/wp-json\/wp\/v2\/posts\/327619\/revisions\/327623"}],"wp:featuredmedia":[{"embeddable":true,"href":"https:\/\/www.notibras.com\/site\/wp-json\/wp\/v2\/media\/327620"}],"wp:attachment":[{"href":"https:\/\/www.notibras.com\/site\/wp-json\/wp\/v2\/media?parent=327619"}],"wp:term":[{"taxonomy":"category","embeddable":true,"href":"https:\/\/www.notibras.com\/site\/wp-json\/wp\/v2\/categories?post=327619"},{"taxonomy":"post_tag","embeddable":true,"href":"https:\/\/www.notibras.com\/site\/wp-json\/wp\/v2\/tags?post=327619"}],"curies":[{"name":"wp","href":"https:\/\/api.w.org\/{rel}","templated":true}]}}