{"id":327707,"date":"2024-04-30T08:25:32","date_gmt":"2024-04-30T11:25:32","guid":{"rendered":"https:\/\/www.notibras.com\/site\/?p=327707"},"modified":"2024-04-30T08:25:03","modified_gmt":"2024-04-30T11:25:03","slug":"sarita-a-gamba-do-quintal-da-casa-da-minha-avo","status":"publish","type":"post","link":"https:\/\/www.notibras.com\/site\/sarita-a-gamba-do-quintal-da-casa-da-minha-avo\/","title":{"rendered":"Sarita, a gamb\u00e1 do quintal da casa da minha av\u00f3"},"content":{"rendered":"<p>\u2014 Sarita?<\/p>\n<p>\u2014 Sarita.<\/p>\n<p>\u2014 Mas por qu\u00ea?<\/p>\n<p>\u2014 Por que o qu\u00ea?<\/p>\n<p>\u2014 Esse nome.<\/p>\n<p>\u2014 U\u00e9, j\u00e1 reparou que ela tem cara de Sarita?<\/p>\n<p>E l\u00e1 estava eu observando aquele bicho com cara de gamb\u00e1, quando fui obrigado a concordar com a minha av\u00f3, que acabara de descascar um ovo cozido e coloc\u00e1-lo em um suporte na goiabeira. Sarita, talvez desconfiada pela minha presen\u00e7a, relutou um pouco em ir at\u00e9 a iguaria. No entanto, bastou uma troca de olhares com minha av\u00f3 para a danada mostrar toda a sua agilidade por aqueles galhos escorregadios.<\/p>\n<p>\u2014 Ela adora ovo cozido.<\/p>\n<p>\u2014 Deu pra perceber, vov\u00f3.<\/p>\n<p>\u2014 Pois \u00e9.<\/p>\n<p>\u2014 Ela est\u00e1 aqui h\u00e1 muito tempo?<\/p>\n<p>\u2014 Desde fevereiro, logo ap\u00f3s o carnaval.<\/p>\n<p>\u2014 Sabe de onde ela veio?<\/p>\n<p>\u2014 N\u00e3o, mas ainda bem que veio.<\/p>\n<p>\u2014 Por qu\u00ea, vov\u00f3?<\/p>\n<p>\u2014 \u00c9 que por aqui tava dando muita lacraia e at\u00e9 escorpi\u00e3o.<\/p>\n<p>\u2014 E o que tem isso a ver?<\/p>\n<p>\u2014 Mucuras comem esses bichos. Comem at\u00e9 cobras venenosas.<\/p>\n<p>\u2014 S\u00e9rio?<\/p>\n<p>\u2014 S\u00e9rio.<\/p>\n<p>\u2014 Mas e se forem picadas por esses bichos?<\/p>\n<p>\u2014 N\u00e3o tem problema. Elas s\u00e3o imunes ao veneno.<\/p>\n<p>Vov\u00f3 foi at\u00e9 a cozinha para come\u00e7ar a preparar a comida. Era domingo, dia de almo\u00e7o em fam\u00edlia. Fiquei por um momento ali no quintal observando a Sarita terminar de comer aquele ovo cozido. Desde ent\u00e3o, passei a olhar os gamb\u00e1s com outros olhos. Ah, tamb\u00e9m soube que, al\u00e9m de mucura, tamb\u00e9m s\u00e3o conhecidos como saru\u00ea.<\/p>\n","protected":false},"excerpt":{"rendered":"<p>\u2014 Sarita? \u2014 Sarita. \u2014 Mas por qu\u00ea? \u2014 Por que o qu\u00ea? \u2014 Esse nome. \u2014 U\u00e9, j\u00e1 reparou que ela tem cara de Sarita? E l\u00e1 estava eu observando aquele bicho com cara de gamb\u00e1, quando fui obrigado a concordar com a minha av\u00f3, que acabara de descascar um ovo cozido e coloc\u00e1-lo [&hellip;]<\/p>\n","protected":false},"author":2,"featured_media":327708,"comment_status":"closed","ping_status":"closed","sticky":false,"template":"","format":"standard","meta":{"_acf_changed":false,"footnotes":""},"categories":[161],"tags":[],"class_list":["post-327707","post","type-post","status-publish","format-standard","has-post-thumbnail","hentry","category-quadradinho-em-foco"],"acf":[],"yoast_head":"<!-- This site is optimized with the Yoast SEO plugin v27.5 - https:\/\/yoast.com\/product\/yoast-seo-wordpress\/ -->\n<title>Sarita, a gamb\u00e1 do quintal da casa da minha av\u00f3 - Notibras<\/title>\n<meta name=\"robots\" content=\"index, follow, max-snippet:-1, max-image-preview:large, max-video-preview:-1\" \/>\n<link rel=\"canonical\" href=\"https:\/\/www.notibras.com\/site\/sarita-a-gamba-do-quintal-da-casa-da-minha-avo\/\" \/>\n<meta property=\"og:locale\" content=\"pt_BR\" \/>\n<meta property=\"og:type\" content=\"article\" \/>\n<meta property=\"og:title\" content=\"Sarita, a gamb\u00e1 do quintal da casa da minha av\u00f3 - Notibras\" \/>\n<meta property=\"og:description\" content=\"\u2014 Sarita? \u2014 Sarita. \u2014 Mas por qu\u00ea? \u2014 Por que o qu\u00ea? \u2014 Esse nome. \u2014 U\u00e9, j\u00e1 reparou que ela tem cara de Sarita? E l\u00e1 estava eu observando aquele bicho com cara de gamb\u00e1, quando fui obrigado a concordar com a minha av\u00f3, que acabara de descascar um ovo cozido e coloc\u00e1-lo [&hellip;]\" \/>\n<meta property=\"og:url\" content=\"https:\/\/www.notibras.com\/site\/sarita-a-gamba-do-quintal-da-casa-da-minha-avo\/\" \/>\n<meta property=\"og:site_name\" content=\"Notibras\" \/>\n<meta property=\"article:publisher\" content=\"https:\/\/www.facebook.com\/notibras\/\" \/>\n<meta property=\"article:published_time\" content=\"2024-04-30T11:25:32+00:00\" \/>\n<meta property=\"og:image\" content=\"https:\/\/www.notibras.com\/site\/wp-content\/uploads\/2024\/04\/088dab40-3f7b-4539-b47c-128cfbdc885b.jpeg\" \/>\n\t<meta property=\"og:image:width\" content=\"1200\" \/>\n\t<meta property=\"og:image:height\" content=\"1151\" \/>\n\t<meta property=\"og:image:type\" content=\"image\/jpeg\" \/>\n<meta name=\"author\" content=\"Reda\u00e7\u00e3o\" \/>\n<meta name=\"twitter:card\" content=\"summary_large_image\" \/>\n<meta name=\"twitter:creator\" content=\"@Notibras\" \/>\n<meta name=\"twitter:site\" content=\"@Notibras\" \/>\n<meta name=\"twitter:label1\" content=\"Escrito por\" \/>\n\t<meta name=\"twitter:data1\" content=\"Reda\u00e7\u00e3o\" \/>\n\t<meta name=\"twitter:label2\" content=\"Est. tempo de leitura\" \/>\n\t<meta name=\"twitter:data2\" content=\"2 minutos\" \/>\n<script type=\"application\/ld+json\" class=\"yoast-schema-graph\">{\"@context\":\"https:\\\/\\\/schema.org\",\"@graph\":[{\"@type\":\"Article\",\"@id\":\"https:\\\/\\\/www.notibras.com\\\/site\\\/sarita-a-gamba-do-quintal-da-casa-da-minha-avo\\\/#article\",\"isPartOf\":{\"@id\":\"https:\\\/\\\/www.notibras.com\\\/site\\\/sarita-a-gamba-do-quintal-da-casa-da-minha-avo\\\/\"},\"author\":{\"name\":\"Reda\u00e7\u00e3o\",\"@id\":\"https:\\\/\\\/www.notibras.com\\\/site\\\/#\\\/schema\\\/person\\\/36ab0979449956132d3e5b517ea76ac8\"},\"headline\":\"Sarita, a gamb\u00e1 do quintal da casa da minha av\u00f3\",\"datePublished\":\"2024-04-30T11:25:32+00:00\",\"mainEntityOfPage\":{\"@id\":\"https:\\\/\\\/www.notibras.com\\\/site\\\/sarita-a-gamba-do-quintal-da-casa-da-minha-avo\\\/\"},\"wordCount\":252,\"publisher\":{\"@id\":\"https:\\\/\\\/www.notibras.com\\\/site\\\/#organization\"},\"image\":{\"@id\":\"https:\\\/\\\/www.notibras.com\\\/site\\\/sarita-a-gamba-do-quintal-da-casa-da-minha-avo\\\/#primaryimage\"},\"thumbnailUrl\":\"https:\\\/\\\/www.notibras.com\\\/site\\\/wp-content\\\/uploads\\\/2024\\\/04\\\/088dab40-3f7b-4539-b47c-128cfbdc885b.jpeg\",\"articleSection\":[\"Quadradinho em Foco\"],\"inLanguage\":\"pt-BR\"},{\"@type\":\"WebPage\",\"@id\":\"https:\\\/\\\/www.notibras.com\\\/site\\\/sarita-a-gamba-do-quintal-da-casa-da-minha-avo\\\/\",\"url\":\"https:\\\/\\\/www.notibras.com\\\/site\\\/sarita-a-gamba-do-quintal-da-casa-da-minha-avo\\\/\",\"name\":\"Sarita, a gamb\u00e1 do quintal da casa da minha av\u00f3 - Notibras\",\"isPartOf\":{\"@id\":\"https:\\\/\\\/www.notibras.com\\\/site\\\/#website\"},\"primaryImageOfPage\":{\"@id\":\"https:\\\/\\\/www.notibras.com\\\/site\\\/sarita-a-gamba-do-quintal-da-casa-da-minha-avo\\\/#primaryimage\"},\"image\":{\"@id\":\"https:\\\/\\\/www.notibras.com\\\/site\\\/sarita-a-gamba-do-quintal-da-casa-da-minha-avo\\\/#primaryimage\"},\"thumbnailUrl\":\"https:\\\/\\\/www.notibras.com\\\/site\\\/wp-content\\\/uploads\\\/2024\\\/04\\\/088dab40-3f7b-4539-b47c-128cfbdc885b.jpeg\",\"datePublished\":\"2024-04-30T11:25:32+00:00\",\"breadcrumb\":{\"@id\":\"https:\\\/\\\/www.notibras.com\\\/site\\\/sarita-a-gamba-do-quintal-da-casa-da-minha-avo\\\/#breadcrumb\"},\"inLanguage\":\"pt-BR\",\"potentialAction\":[{\"@type\":\"ReadAction\",\"target\":[\"https:\\\/\\\/www.notibras.com\\\/site\\\/sarita-a-gamba-do-quintal-da-casa-da-minha-avo\\\/\"]}]},{\"@type\":\"ImageObject\",\"inLanguage\":\"pt-BR\",\"@id\":\"https:\\\/\\\/www.notibras.com\\\/site\\\/sarita-a-gamba-do-quintal-da-casa-da-minha-avo\\\/#primaryimage\",\"url\":\"https:\\\/\\\/www.notibras.com\\\/site\\\/wp-content\\\/uploads\\\/2024\\\/04\\\/088dab40-3f7b-4539-b47c-128cfbdc885b.jpeg\",\"contentUrl\":\"https:\\\/\\\/www.notibras.com\\\/site\\\/wp-content\\\/uploads\\\/2024\\\/04\\\/088dab40-3f7b-4539-b47c-128cfbdc885b.jpeg\",\"width\":1200,\"height\":1151},{\"@type\":\"BreadcrumbList\",\"@id\":\"https:\\\/\\\/www.notibras.com\\\/site\\\/sarita-a-gamba-do-quintal-da-casa-da-minha-avo\\\/#breadcrumb\",\"itemListElement\":[{\"@type\":\"ListItem\",\"position\":1,\"name\":\"In\u00edcio\",\"item\":\"https:\\\/\\\/www.notibras.com\\\/site\\\/\"},{\"@type\":\"ListItem\",\"position\":2,\"name\":\"Sarita, a gamb\u00e1 do quintal da casa da minha av\u00f3\"}]},{\"@type\":\"WebSite\",\"@id\":\"https:\\\/\\\/www.notibras.com\\\/site\\\/#website\",\"url\":\"https:\\\/\\\/www.notibras.com\\\/site\\\/\",\"name\":\"Notibras\",\"description\":\"Not\u00edcias de Bras\u00edlia, do Brasil e do Mundo\",\"publisher\":{\"@id\":\"https:\\\/\\\/www.notibras.com\\\/site\\\/#organization\"},\"potentialAction\":[{\"@type\":\"SearchAction\",\"target\":{\"@type\":\"EntryPoint\",\"urlTemplate\":\"https:\\\/\\\/www.notibras.com\\\/site\\\/?s={search_term_string}\"},\"query-input\":{\"@type\":\"PropertyValueSpecification\",\"valueRequired\":true,\"valueName\":\"search_term_string\"}}],\"inLanguage\":\"pt-BR\"},{\"@type\":\"Organization\",\"@id\":\"https:\\\/\\\/www.notibras.com\\\/site\\\/#organization\",\"name\":\"Grupo Notibras de Comunica\u00e7\u00e3o\",\"url\":\"https:\\\/\\\/www.notibras.com\\\/site\\\/\",\"logo\":{\"@type\":\"ImageObject\",\"inLanguage\":\"pt-BR\",\"@id\":\"https:\\\/\\\/www.notibras.com\\\/site\\\/#\\\/schema\\\/logo\\\/image\\\/\",\"url\":\"https:\\\/\\\/www.notibras.com\\\/site\\\/wp-content\\\/uploads\\\/2023\\\/01\\\/notibras23.png\",\"contentUrl\":\"https:\\\/\\\/www.notibras.com\\\/site\\\/wp-content\\\/uploads\\\/2023\\\/01\\\/notibras23.png\",\"width\":350,\"height\":87,\"caption\":\"Grupo Notibras de Comunica\u00e7\u00e3o\"},\"image\":{\"@id\":\"https:\\\/\\\/www.notibras.com\\\/site\\\/#\\\/schema\\\/logo\\\/image\\\/\"},\"sameAs\":[\"https:\\\/\\\/www.facebook.com\\\/notibras\\\/\",\"https:\\\/\\\/x.com\\\/Notibras\",\"https:\\\/\\\/www.instagram.com\\\/notibras\\\/\"]},{\"@type\":\"Person\",\"@id\":\"https:\\\/\\\/www.notibras.com\\\/site\\\/#\\\/schema\\\/person\\\/36ab0979449956132d3e5b517ea76ac8\",\"name\":\"Reda\u00e7\u00e3o\",\"image\":{\"@type\":\"ImageObject\",\"inLanguage\":\"pt-BR\",\"@id\":\"https:\\\/\\\/secure.gravatar.com\\\/avatar\\\/e0a867bdedb85fd243eadf09663511f96fc81e0720a4a42581f334ad4303aa6b?s=96&d=mm&r=g\",\"url\":\"https:\\\/\\\/secure.gravatar.com\\\/avatar\\\/e0a867bdedb85fd243eadf09663511f96fc81e0720a4a42581f334ad4303aa6b?s=96&d=mm&r=g\",\"contentUrl\":\"https:\\\/\\\/secure.gravatar.com\\\/avatar\\\/e0a867bdedb85fd243eadf09663511f96fc81e0720a4a42581f334ad4303aa6b?s=96&d=mm&r=g\",\"caption\":\"Reda\u00e7\u00e3o\"}}]}<\/script>\n<!-- \/ Yoast SEO plugin. -->","yoast_head_json":{"title":"Sarita, a gamb\u00e1 do quintal da casa da minha av\u00f3 - Notibras","robots":{"index":"index","follow":"follow","max-snippet":"max-snippet:-1","max-image-preview":"max-image-preview:large","max-video-preview":"max-video-preview:-1"},"canonical":"https:\/\/www.notibras.com\/site\/sarita-a-gamba-do-quintal-da-casa-da-minha-avo\/","og_locale":"pt_BR","og_type":"article","og_title":"Sarita, a gamb\u00e1 do quintal da casa da minha av\u00f3 - Notibras","og_description":"\u2014 Sarita? \u2014 Sarita. \u2014 Mas por qu\u00ea? \u2014 Por que o qu\u00ea? \u2014 Esse nome. \u2014 U\u00e9, j\u00e1 reparou que ela tem cara de Sarita? E l\u00e1 estava eu observando aquele bicho com cara de gamb\u00e1, quando fui obrigado a concordar com a minha av\u00f3, que acabara de descascar um ovo cozido e coloc\u00e1-lo [&hellip;]","og_url":"https:\/\/www.notibras.com\/site\/sarita-a-gamba-do-quintal-da-casa-da-minha-avo\/","og_site_name":"Notibras","article_publisher":"https:\/\/www.facebook.com\/notibras\/","article_published_time":"2024-04-30T11:25:32+00:00","og_image":[{"width":1200,"height":1151,"url":"https:\/\/www.notibras.com\/site\/wp-content\/uploads\/2024\/04\/088dab40-3f7b-4539-b47c-128cfbdc885b.jpeg","type":"image\/jpeg"}],"author":"Reda\u00e7\u00e3o","twitter_card":"summary_large_image","twitter_creator":"@Notibras","twitter_site":"@Notibras","twitter_misc":{"Escrito por":"Reda\u00e7\u00e3o","Est. tempo de leitura":"2 minutos"},"schema":{"@context":"https:\/\/schema.org","@graph":[{"@type":"Article","@id":"https:\/\/www.notibras.com\/site\/sarita-a-gamba-do-quintal-da-casa-da-minha-avo\/#article","isPartOf":{"@id":"https:\/\/www.notibras.com\/site\/sarita-a-gamba-do-quintal-da-casa-da-minha-avo\/"},"author":{"name":"Reda\u00e7\u00e3o","@id":"https:\/\/www.notibras.com\/site\/#\/schema\/person\/36ab0979449956132d3e5b517ea76ac8"},"headline":"Sarita, a gamb\u00e1 do quintal da casa da minha av\u00f3","datePublished":"2024-04-30T11:25:32+00:00","mainEntityOfPage":{"@id":"https:\/\/www.notibras.com\/site\/sarita-a-gamba-do-quintal-da-casa-da-minha-avo\/"},"wordCount":252,"publisher":{"@id":"https:\/\/www.notibras.com\/site\/#organization"},"image":{"@id":"https:\/\/www.notibras.com\/site\/sarita-a-gamba-do-quintal-da-casa-da-minha-avo\/#primaryimage"},"thumbnailUrl":"https:\/\/www.notibras.com\/site\/wp-content\/uploads\/2024\/04\/088dab40-3f7b-4539-b47c-128cfbdc885b.jpeg","articleSection":["Quadradinho em Foco"],"inLanguage":"pt-BR"},{"@type":"WebPage","@id":"https:\/\/www.notibras.com\/site\/sarita-a-gamba-do-quintal-da-casa-da-minha-avo\/","url":"https:\/\/www.notibras.com\/site\/sarita-a-gamba-do-quintal-da-casa-da-minha-avo\/","name":"Sarita, a gamb\u00e1 do quintal da casa da minha av\u00f3 - Notibras","isPartOf":{"@id":"https:\/\/www.notibras.com\/site\/#website"},"primaryImageOfPage":{"@id":"https:\/\/www.notibras.com\/site\/sarita-a-gamba-do-quintal-da-casa-da-minha-avo\/#primaryimage"},"image":{"@id":"https:\/\/www.notibras.com\/site\/sarita-a-gamba-do-quintal-da-casa-da-minha-avo\/#primaryimage"},"thumbnailUrl":"https:\/\/www.notibras.com\/site\/wp-content\/uploads\/2024\/04\/088dab40-3f7b-4539-b47c-128cfbdc885b.jpeg","datePublished":"2024-04-30T11:25:32+00:00","breadcrumb":{"@id":"https:\/\/www.notibras.com\/site\/sarita-a-gamba-do-quintal-da-casa-da-minha-avo\/#breadcrumb"},"inLanguage":"pt-BR","potentialAction":[{"@type":"ReadAction","target":["https:\/\/www.notibras.com\/site\/sarita-a-gamba-do-quintal-da-casa-da-minha-avo\/"]}]},{"@type":"ImageObject","inLanguage":"pt-BR","@id":"https:\/\/www.notibras.com\/site\/sarita-a-gamba-do-quintal-da-casa-da-minha-avo\/#primaryimage","url":"https:\/\/www.notibras.com\/site\/wp-content\/uploads\/2024\/04\/088dab40-3f7b-4539-b47c-128cfbdc885b.jpeg","contentUrl":"https:\/\/www.notibras.com\/site\/wp-content\/uploads\/2024\/04\/088dab40-3f7b-4539-b47c-128cfbdc885b.jpeg","width":1200,"height":1151},{"@type":"BreadcrumbList","@id":"https:\/\/www.notibras.com\/site\/sarita-a-gamba-do-quintal-da-casa-da-minha-avo\/#breadcrumb","itemListElement":[{"@type":"ListItem","position":1,"name":"In\u00edcio","item":"https:\/\/www.notibras.com\/site\/"},{"@type":"ListItem","position":2,"name":"Sarita, a gamb\u00e1 do quintal da casa da minha av\u00f3"}]},{"@type":"WebSite","@id":"https:\/\/www.notibras.com\/site\/#website","url":"https:\/\/www.notibras.com\/site\/","name":"Notibras","description":"Not\u00edcias de Bras\u00edlia, do Brasil e do Mundo","publisher":{"@id":"https:\/\/www.notibras.com\/site\/#organization"},"potentialAction":[{"@type":"SearchAction","target":{"@type":"EntryPoint","urlTemplate":"https:\/\/www.notibras.com\/site\/?s={search_term_string}"},"query-input":{"@type":"PropertyValueSpecification","valueRequired":true,"valueName":"search_term_string"}}],"inLanguage":"pt-BR"},{"@type":"Organization","@id":"https:\/\/www.notibras.com\/site\/#organization","name":"Grupo Notibras de Comunica\u00e7\u00e3o","url":"https:\/\/www.notibras.com\/site\/","logo":{"@type":"ImageObject","inLanguage":"pt-BR","@id":"https:\/\/www.notibras.com\/site\/#\/schema\/logo\/image\/","url":"https:\/\/www.notibras.com\/site\/wp-content\/uploads\/2023\/01\/notibras23.png","contentUrl":"https:\/\/www.notibras.com\/site\/wp-content\/uploads\/2023\/01\/notibras23.png","width":350,"height":87,"caption":"Grupo Notibras de Comunica\u00e7\u00e3o"},"image":{"@id":"https:\/\/www.notibras.com\/site\/#\/schema\/logo\/image\/"},"sameAs":["https:\/\/www.facebook.com\/notibras\/","https:\/\/x.com\/Notibras","https:\/\/www.instagram.com\/notibras\/"]},{"@type":"Person","@id":"https:\/\/www.notibras.com\/site\/#\/schema\/person\/36ab0979449956132d3e5b517ea76ac8","name":"Reda\u00e7\u00e3o","image":{"@type":"ImageObject","inLanguage":"pt-BR","@id":"https:\/\/secure.gravatar.com\/avatar\/e0a867bdedb85fd243eadf09663511f96fc81e0720a4a42581f334ad4303aa6b?s=96&d=mm&r=g","url":"https:\/\/secure.gravatar.com\/avatar\/e0a867bdedb85fd243eadf09663511f96fc81e0720a4a42581f334ad4303aa6b?s=96&d=mm&r=g","contentUrl":"https:\/\/secure.gravatar.com\/avatar\/e0a867bdedb85fd243eadf09663511f96fc81e0720a4a42581f334ad4303aa6b?s=96&d=mm&r=g","caption":"Reda\u00e7\u00e3o"}}]}},"amp_enabled":true,"_links":{"self":[{"href":"https:\/\/www.notibras.com\/site\/wp-json\/wp\/v2\/posts\/327707","targetHints":{"allow":["GET"]}}],"collection":[{"href":"https:\/\/www.notibras.com\/site\/wp-json\/wp\/v2\/posts"}],"about":[{"href":"https:\/\/www.notibras.com\/site\/wp-json\/wp\/v2\/types\/post"}],"author":[{"embeddable":true,"href":"https:\/\/www.notibras.com\/site\/wp-json\/wp\/v2\/users\/2"}],"replies":[{"embeddable":true,"href":"https:\/\/www.notibras.com\/site\/wp-json\/wp\/v2\/comments?post=327707"}],"version-history":[{"count":1,"href":"https:\/\/www.notibras.com\/site\/wp-json\/wp\/v2\/posts\/327707\/revisions"}],"predecessor-version":[{"id":327709,"href":"https:\/\/www.notibras.com\/site\/wp-json\/wp\/v2\/posts\/327707\/revisions\/327709"}],"wp:featuredmedia":[{"embeddable":true,"href":"https:\/\/www.notibras.com\/site\/wp-json\/wp\/v2\/media\/327708"}],"wp:attachment":[{"href":"https:\/\/www.notibras.com\/site\/wp-json\/wp\/v2\/media?parent=327707"}],"wp:term":[{"taxonomy":"category","embeddable":true,"href":"https:\/\/www.notibras.com\/site\/wp-json\/wp\/v2\/categories?post=327707"},{"taxonomy":"post_tag","embeddable":true,"href":"https:\/\/www.notibras.com\/site\/wp-json\/wp\/v2\/tags?post=327707"}],"curies":[{"name":"wp","href":"https:\/\/api.w.org\/{rel}","templated":true}]}}