{"id":327710,"date":"2024-04-30T00:00:30","date_gmt":"2024-04-30T03:00:30","guid":{"rendered":"https:\/\/www.notibras.com\/site\/?p=327710"},"modified":"2024-04-30T08:42:53","modified_gmt":"2024-04-30T11:42:53","slug":"pms-sao-presos-por-suspeita-de-torturar-soldado-em-curso","status":"publish","type":"post","link":"https:\/\/www.notibras.com\/site\/pms-sao-presos-por-suspeita-de-torturar-soldado-em-curso\/","title":{"rendered":"PMs s\u00e3o presos por suspeita de torturar soldado em curso"},"content":{"rendered":"<p>O Minist\u00e9rio P\u00fablico do Distrito Federal e Territ\u00f3rios (MPDFT) cumpriu nesta segunda-feira (29) 14 mandados de pris\u00e3o tempor\u00e1ria contra policiais suspeitos de torturar um soldado durante curso de Patrulhamento T\u00e1tico M\u00f3vel do Batalh\u00e3o de Choque (BPChoque). O comandante do batalh\u00e3o foi afastado do cargo at\u00e9 o fim das investiga\u00e7\u00f5es.<\/p>\n<p>De acordo com o soldado Danilo Martins, durante o curso para progress\u00e3o da carreira, ele foi agredido, humilhado e torturado durante oito horas. Em raz\u00e3o das agress\u00f5es, precisou ficar seis dias internado na UTI.<\/p>\n<p>Martins contou que foi obrigado a cantar m\u00fasicas vexat\u00f3rias, correr com troncos acima da cabe\u00e7a, fazer flex\u00f5es com punho cerrado em asfalto e brita e recebeu pauladas na cabe\u00e7a, chutes no tronco e teve as m\u00e3os pisoteadas. &#8220;Quando eles viram que eu n\u00e3o ia desistir, eles iam aumentando a intensidade [das agress\u00f5es]&#8221;, disse.<\/p>\n<p>Danilo Martins est\u00e1 na Pol\u00edcia Militar desde 2020, mas afirmou que n\u00e3o pretende retornar ap\u00f3s a viol\u00eancia sofrida. &#8220;A partir do momento que sofri isso dentro da corpora\u00e7\u00e3o [&#8230;] todo o meu futuro na pol\u00edcia foi eliminado&#8221;.<\/p>\n<p>O soldado e a fam\u00edlia foram recebidos por deputados da Comiss\u00e3o de Direitos Humanos da C\u00e2mara Legislativa do Distrito Federal. De acordo com o presidente do colegiado, F\u00e1bio Felix (Psol), os parlamentares ir\u00e3o cobrar do governo distrital e do Judici\u00e1rio a apura\u00e7\u00e3o e responsabiliza\u00e7\u00e3o dos envolvidos. &#8220;N\u00e3o podemos naturalizar isso no servi\u00e7o p\u00fablico e em nenhuma institui\u00e7\u00e3o&#8221;, ressaltou o deputado distrital.<\/p>\n<p><strong>Pol\u00edcia Militar<\/strong><br \/>\nEm nota, a Pol\u00edcia Militar do Distrito Federal informou que n\u00e3o admite desvios de conduta e ir\u00e1 apurar os fatos de forma criteriosa e imparcial, observando todo o processo legal e permitindo a ampla defesa dos envolvidos.<\/p>\n","protected":false},"excerpt":{"rendered":"<p>O Minist\u00e9rio P\u00fablico do Distrito Federal e Territ\u00f3rios (MPDFT) cumpriu nesta segunda-feira (29) 14 mandados de pris\u00e3o tempor\u00e1ria contra policiais suspeitos de torturar um soldado durante curso de Patrulhamento T\u00e1tico M\u00f3vel do Batalh\u00e3o de Choque (BPChoque). O comandante do batalh\u00e3o foi afastado do cargo at\u00e9 o fim das investiga\u00e7\u00f5es. De acordo com o soldado Danilo [&hellip;]<\/p>\n","protected":false},"author":2,"featured_media":128127,"comment_status":"closed","ping_status":"closed","sticky":false,"template":"","format":"standard","meta":{"_acf_changed":false,"footnotes":""},"categories":[161],"tags":[],"class_list":["post-327710","post","type-post","status-publish","format-standard","has-post-thumbnail","hentry","category-quadradinho-em-foco"],"acf":[],"yoast_head":"<!-- This site is optimized with the Yoast SEO plugin v27.5 - https:\/\/yoast.com\/product\/yoast-seo-wordpress\/ -->\n<title>PMs s\u00e3o presos por suspeita de torturar soldado em curso - Notibras<\/title>\n<meta name=\"robots\" content=\"index, follow, max-snippet:-1, max-image-preview:large, max-video-preview:-1\" \/>\n<link rel=\"canonical\" href=\"https:\/\/www.notibras.com\/site\/pms-sao-presos-por-suspeita-de-torturar-soldado-em-curso\/\" \/>\n<meta property=\"og:locale\" content=\"pt_BR\" \/>\n<meta property=\"og:type\" content=\"article\" \/>\n<meta property=\"og:title\" content=\"PMs s\u00e3o presos por suspeita de torturar soldado em curso - Notibras\" \/>\n<meta property=\"og:description\" content=\"O Minist\u00e9rio P\u00fablico do Distrito Federal e Territ\u00f3rios (MPDFT) cumpriu nesta segunda-feira (29) 14 mandados de pris\u00e3o tempor\u00e1ria contra policiais suspeitos de torturar um soldado durante curso de Patrulhamento T\u00e1tico M\u00f3vel do Batalh\u00e3o de Choque (BPChoque). O comandante do batalh\u00e3o foi afastado do cargo at\u00e9 o fim das investiga\u00e7\u00f5es. De acordo com o soldado Danilo [&hellip;]\" \/>\n<meta property=\"og:url\" content=\"https:\/\/www.notibras.com\/site\/pms-sao-presos-por-suspeita-de-torturar-soldado-em-curso\/\" \/>\n<meta property=\"og:site_name\" content=\"Notibras\" \/>\n<meta property=\"article:publisher\" content=\"https:\/\/www.facebook.com\/notibras\/\" \/>\n<meta property=\"article:published_time\" content=\"2024-04-30T03:00:30+00:00\" \/>\n<meta property=\"article:modified_time\" content=\"2024-04-30T11:42:53+00:00\" \/>\n<meta property=\"og:image\" content=\"https:\/\/www.notibras.com\/site\/wp-content\/uploads\/2017\/02\/Homem-Preso-Atras-das-Grades.jpg\" \/>\n\t<meta property=\"og:image:width\" content=\"1024\" \/>\n\t<meta property=\"og:image:height\" content=\"768\" \/>\n\t<meta property=\"og:image:type\" content=\"image\/jpeg\" \/>\n<meta name=\"author\" content=\"Reda\u00e7\u00e3o\" \/>\n<meta name=\"twitter:card\" content=\"summary_large_image\" \/>\n<meta name=\"twitter:creator\" content=\"@Notibras\" \/>\n<meta name=\"twitter:site\" content=\"@Notibras\" \/>\n<meta name=\"twitter:label1\" content=\"Escrito por\" \/>\n\t<meta name=\"twitter:data1\" content=\"Reda\u00e7\u00e3o\" \/>\n\t<meta name=\"twitter:label2\" content=\"Est. tempo de leitura\" \/>\n\t<meta name=\"twitter:data2\" content=\"2 minutos\" \/>\n<script type=\"application\/ld+json\" class=\"yoast-schema-graph\">{\"@context\":\"https:\\\/\\\/schema.org\",\"@graph\":[{\"@type\":\"Article\",\"@id\":\"https:\\\/\\\/www.notibras.com\\\/site\\\/pms-sao-presos-por-suspeita-de-torturar-soldado-em-curso\\\/#article\",\"isPartOf\":{\"@id\":\"https:\\\/\\\/www.notibras.com\\\/site\\\/pms-sao-presos-por-suspeita-de-torturar-soldado-em-curso\\\/\"},\"author\":{\"name\":\"Reda\u00e7\u00e3o\",\"@id\":\"https:\\\/\\\/www.notibras.com\\\/site\\\/#\\\/schema\\\/person\\\/36ab0979449956132d3e5b517ea76ac8\"},\"headline\":\"PMs s\u00e3o presos por suspeita de torturar soldado em curso\",\"datePublished\":\"2024-04-30T03:00:30+00:00\",\"dateModified\":\"2024-04-30T11:42:53+00:00\",\"mainEntityOfPage\":{\"@id\":\"https:\\\/\\\/www.notibras.com\\\/site\\\/pms-sao-presos-por-suspeita-de-torturar-soldado-em-curso\\\/\"},\"wordCount\":322,\"publisher\":{\"@id\":\"https:\\\/\\\/www.notibras.com\\\/site\\\/#organization\"},\"image\":{\"@id\":\"https:\\\/\\\/www.notibras.com\\\/site\\\/pms-sao-presos-por-suspeita-de-torturar-soldado-em-curso\\\/#primaryimage\"},\"thumbnailUrl\":\"https:\\\/\\\/www.notibras.com\\\/site\\\/wp-content\\\/uploads\\\/2017\\\/02\\\/Homem-Preso-Atras-das-Grades.jpg\",\"articleSection\":[\"Quadradinho em Foco\"],\"inLanguage\":\"pt-BR\"},{\"@type\":\"WebPage\",\"@id\":\"https:\\\/\\\/www.notibras.com\\\/site\\\/pms-sao-presos-por-suspeita-de-torturar-soldado-em-curso\\\/\",\"url\":\"https:\\\/\\\/www.notibras.com\\\/site\\\/pms-sao-presos-por-suspeita-de-torturar-soldado-em-curso\\\/\",\"name\":\"PMs s\u00e3o presos por suspeita de torturar soldado em curso - Notibras\",\"isPartOf\":{\"@id\":\"https:\\\/\\\/www.notibras.com\\\/site\\\/#website\"},\"primaryImageOfPage\":{\"@id\":\"https:\\\/\\\/www.notibras.com\\\/site\\\/pms-sao-presos-por-suspeita-de-torturar-soldado-em-curso\\\/#primaryimage\"},\"image\":{\"@id\":\"https:\\\/\\\/www.notibras.com\\\/site\\\/pms-sao-presos-por-suspeita-de-torturar-soldado-em-curso\\\/#primaryimage\"},\"thumbnailUrl\":\"https:\\\/\\\/www.notibras.com\\\/site\\\/wp-content\\\/uploads\\\/2017\\\/02\\\/Homem-Preso-Atras-das-Grades.jpg\",\"datePublished\":\"2024-04-30T03:00:30+00:00\",\"dateModified\":\"2024-04-30T11:42:53+00:00\",\"breadcrumb\":{\"@id\":\"https:\\\/\\\/www.notibras.com\\\/site\\\/pms-sao-presos-por-suspeita-de-torturar-soldado-em-curso\\\/#breadcrumb\"},\"inLanguage\":\"pt-BR\",\"potentialAction\":[{\"@type\":\"ReadAction\",\"target\":[\"https:\\\/\\\/www.notibras.com\\\/site\\\/pms-sao-presos-por-suspeita-de-torturar-soldado-em-curso\\\/\"]}]},{\"@type\":\"ImageObject\",\"inLanguage\":\"pt-BR\",\"@id\":\"https:\\\/\\\/www.notibras.com\\\/site\\\/pms-sao-presos-por-suspeita-de-torturar-soldado-em-curso\\\/#primaryimage\",\"url\":\"https:\\\/\\\/www.notibras.com\\\/site\\\/wp-content\\\/uploads\\\/2017\\\/02\\\/Homem-Preso-Atras-das-Grades.jpg\",\"contentUrl\":\"https:\\\/\\\/www.notibras.com\\\/site\\\/wp-content\\\/uploads\\\/2017\\\/02\\\/Homem-Preso-Atras-das-Grades.jpg\",\"width\":1024,\"height\":768},{\"@type\":\"BreadcrumbList\",\"@id\":\"https:\\\/\\\/www.notibras.com\\\/site\\\/pms-sao-presos-por-suspeita-de-torturar-soldado-em-curso\\\/#breadcrumb\",\"itemListElement\":[{\"@type\":\"ListItem\",\"position\":1,\"name\":\"In\u00edcio\",\"item\":\"https:\\\/\\\/www.notibras.com\\\/site\\\/\"},{\"@type\":\"ListItem\",\"position\":2,\"name\":\"PMs s\u00e3o presos por suspeita de torturar soldado em curso\"}]},{\"@type\":\"WebSite\",\"@id\":\"https:\\\/\\\/www.notibras.com\\\/site\\\/#website\",\"url\":\"https:\\\/\\\/www.notibras.com\\\/site\\\/\",\"name\":\"Notibras\",\"description\":\"Not\u00edcias de Bras\u00edlia, do Brasil e do Mundo\",\"publisher\":{\"@id\":\"https:\\\/\\\/www.notibras.com\\\/site\\\/#organization\"},\"potentialAction\":[{\"@type\":\"SearchAction\",\"target\":{\"@type\":\"EntryPoint\",\"urlTemplate\":\"https:\\\/\\\/www.notibras.com\\\/site\\\/?s={search_term_string}\"},\"query-input\":{\"@type\":\"PropertyValueSpecification\",\"valueRequired\":true,\"valueName\":\"search_term_string\"}}],\"inLanguage\":\"pt-BR\"},{\"@type\":\"Organization\",\"@id\":\"https:\\\/\\\/www.notibras.com\\\/site\\\/#organization\",\"name\":\"Grupo Notibras de Comunica\u00e7\u00e3o\",\"url\":\"https:\\\/\\\/www.notibras.com\\\/site\\\/\",\"logo\":{\"@type\":\"ImageObject\",\"inLanguage\":\"pt-BR\",\"@id\":\"https:\\\/\\\/www.notibras.com\\\/site\\\/#\\\/schema\\\/logo\\\/image\\\/\",\"url\":\"https:\\\/\\\/www.notibras.com\\\/site\\\/wp-content\\\/uploads\\\/2023\\\/01\\\/notibras23.png\",\"contentUrl\":\"https:\\\/\\\/www.notibras.com\\\/site\\\/wp-content\\\/uploads\\\/2023\\\/01\\\/notibras23.png\",\"width\":350,\"height\":87,\"caption\":\"Grupo Notibras de Comunica\u00e7\u00e3o\"},\"image\":{\"@id\":\"https:\\\/\\\/www.notibras.com\\\/site\\\/#\\\/schema\\\/logo\\\/image\\\/\"},\"sameAs\":[\"https:\\\/\\\/www.facebook.com\\\/notibras\\\/\",\"https:\\\/\\\/x.com\\\/Notibras\",\"https:\\\/\\\/www.instagram.com\\\/notibras\\\/\"]},{\"@type\":\"Person\",\"@id\":\"https:\\\/\\\/www.notibras.com\\\/site\\\/#\\\/schema\\\/person\\\/36ab0979449956132d3e5b517ea76ac8\",\"name\":\"Reda\u00e7\u00e3o\",\"image\":{\"@type\":\"ImageObject\",\"inLanguage\":\"pt-BR\",\"@id\":\"https:\\\/\\\/secure.gravatar.com\\\/avatar\\\/e0a867bdedb85fd243eadf09663511f96fc81e0720a4a42581f334ad4303aa6b?s=96&d=mm&r=g\",\"url\":\"https:\\\/\\\/secure.gravatar.com\\\/avatar\\\/e0a867bdedb85fd243eadf09663511f96fc81e0720a4a42581f334ad4303aa6b?s=96&d=mm&r=g\",\"contentUrl\":\"https:\\\/\\\/secure.gravatar.com\\\/avatar\\\/e0a867bdedb85fd243eadf09663511f96fc81e0720a4a42581f334ad4303aa6b?s=96&d=mm&r=g\",\"caption\":\"Reda\u00e7\u00e3o\"}}]}<\/script>\n<!-- \/ Yoast SEO plugin. -->","yoast_head_json":{"title":"PMs s\u00e3o presos por suspeita de torturar soldado em curso - Notibras","robots":{"index":"index","follow":"follow","max-snippet":"max-snippet:-1","max-image-preview":"max-image-preview:large","max-video-preview":"max-video-preview:-1"},"canonical":"https:\/\/www.notibras.com\/site\/pms-sao-presos-por-suspeita-de-torturar-soldado-em-curso\/","og_locale":"pt_BR","og_type":"article","og_title":"PMs s\u00e3o presos por suspeita de torturar soldado em curso - Notibras","og_description":"O Minist\u00e9rio P\u00fablico do Distrito Federal e Territ\u00f3rios (MPDFT) cumpriu nesta segunda-feira (29) 14 mandados de pris\u00e3o tempor\u00e1ria contra policiais suspeitos de torturar um soldado durante curso de Patrulhamento T\u00e1tico M\u00f3vel do Batalh\u00e3o de Choque (BPChoque). O comandante do batalh\u00e3o foi afastado do cargo at\u00e9 o fim das investiga\u00e7\u00f5es. De acordo com o soldado Danilo [&hellip;]","og_url":"https:\/\/www.notibras.com\/site\/pms-sao-presos-por-suspeita-de-torturar-soldado-em-curso\/","og_site_name":"Notibras","article_publisher":"https:\/\/www.facebook.com\/notibras\/","article_published_time":"2024-04-30T03:00:30+00:00","article_modified_time":"2024-04-30T11:42:53+00:00","og_image":[{"width":1024,"height":768,"url":"https:\/\/www.notibras.com\/site\/wp-content\/uploads\/2017\/02\/Homem-Preso-Atras-das-Grades.jpg","type":"image\/jpeg"}],"author":"Reda\u00e7\u00e3o","twitter_card":"summary_large_image","twitter_creator":"@Notibras","twitter_site":"@Notibras","twitter_misc":{"Escrito por":"Reda\u00e7\u00e3o","Est. tempo de leitura":"2 minutos"},"schema":{"@context":"https:\/\/schema.org","@graph":[{"@type":"Article","@id":"https:\/\/www.notibras.com\/site\/pms-sao-presos-por-suspeita-de-torturar-soldado-em-curso\/#article","isPartOf":{"@id":"https:\/\/www.notibras.com\/site\/pms-sao-presos-por-suspeita-de-torturar-soldado-em-curso\/"},"author":{"name":"Reda\u00e7\u00e3o","@id":"https:\/\/www.notibras.com\/site\/#\/schema\/person\/36ab0979449956132d3e5b517ea76ac8"},"headline":"PMs s\u00e3o presos por suspeita de torturar soldado em curso","datePublished":"2024-04-30T03:00:30+00:00","dateModified":"2024-04-30T11:42:53+00:00","mainEntityOfPage":{"@id":"https:\/\/www.notibras.com\/site\/pms-sao-presos-por-suspeita-de-torturar-soldado-em-curso\/"},"wordCount":322,"publisher":{"@id":"https:\/\/www.notibras.com\/site\/#organization"},"image":{"@id":"https:\/\/www.notibras.com\/site\/pms-sao-presos-por-suspeita-de-torturar-soldado-em-curso\/#primaryimage"},"thumbnailUrl":"https:\/\/www.notibras.com\/site\/wp-content\/uploads\/2017\/02\/Homem-Preso-Atras-das-Grades.jpg","articleSection":["Quadradinho em Foco"],"inLanguage":"pt-BR"},{"@type":"WebPage","@id":"https:\/\/www.notibras.com\/site\/pms-sao-presos-por-suspeita-de-torturar-soldado-em-curso\/","url":"https:\/\/www.notibras.com\/site\/pms-sao-presos-por-suspeita-de-torturar-soldado-em-curso\/","name":"PMs s\u00e3o presos por suspeita de torturar soldado em curso - Notibras","isPartOf":{"@id":"https:\/\/www.notibras.com\/site\/#website"},"primaryImageOfPage":{"@id":"https:\/\/www.notibras.com\/site\/pms-sao-presos-por-suspeita-de-torturar-soldado-em-curso\/#primaryimage"},"image":{"@id":"https:\/\/www.notibras.com\/site\/pms-sao-presos-por-suspeita-de-torturar-soldado-em-curso\/#primaryimage"},"thumbnailUrl":"https:\/\/www.notibras.com\/site\/wp-content\/uploads\/2017\/02\/Homem-Preso-Atras-das-Grades.jpg","datePublished":"2024-04-30T03:00:30+00:00","dateModified":"2024-04-30T11:42:53+00:00","breadcrumb":{"@id":"https:\/\/www.notibras.com\/site\/pms-sao-presos-por-suspeita-de-torturar-soldado-em-curso\/#breadcrumb"},"inLanguage":"pt-BR","potentialAction":[{"@type":"ReadAction","target":["https:\/\/www.notibras.com\/site\/pms-sao-presos-por-suspeita-de-torturar-soldado-em-curso\/"]}]},{"@type":"ImageObject","inLanguage":"pt-BR","@id":"https:\/\/www.notibras.com\/site\/pms-sao-presos-por-suspeita-de-torturar-soldado-em-curso\/#primaryimage","url":"https:\/\/www.notibras.com\/site\/wp-content\/uploads\/2017\/02\/Homem-Preso-Atras-das-Grades.jpg","contentUrl":"https:\/\/www.notibras.com\/site\/wp-content\/uploads\/2017\/02\/Homem-Preso-Atras-das-Grades.jpg","width":1024,"height":768},{"@type":"BreadcrumbList","@id":"https:\/\/www.notibras.com\/site\/pms-sao-presos-por-suspeita-de-torturar-soldado-em-curso\/#breadcrumb","itemListElement":[{"@type":"ListItem","position":1,"name":"In\u00edcio","item":"https:\/\/www.notibras.com\/site\/"},{"@type":"ListItem","position":2,"name":"PMs s\u00e3o presos por suspeita de torturar soldado em curso"}]},{"@type":"WebSite","@id":"https:\/\/www.notibras.com\/site\/#website","url":"https:\/\/www.notibras.com\/site\/","name":"Notibras","description":"Not\u00edcias de Bras\u00edlia, do Brasil e do Mundo","publisher":{"@id":"https:\/\/www.notibras.com\/site\/#organization"},"potentialAction":[{"@type":"SearchAction","target":{"@type":"EntryPoint","urlTemplate":"https:\/\/www.notibras.com\/site\/?s={search_term_string}"},"query-input":{"@type":"PropertyValueSpecification","valueRequired":true,"valueName":"search_term_string"}}],"inLanguage":"pt-BR"},{"@type":"Organization","@id":"https:\/\/www.notibras.com\/site\/#organization","name":"Grupo Notibras de Comunica\u00e7\u00e3o","url":"https:\/\/www.notibras.com\/site\/","logo":{"@type":"ImageObject","inLanguage":"pt-BR","@id":"https:\/\/www.notibras.com\/site\/#\/schema\/logo\/image\/","url":"https:\/\/www.notibras.com\/site\/wp-content\/uploads\/2023\/01\/notibras23.png","contentUrl":"https:\/\/www.notibras.com\/site\/wp-content\/uploads\/2023\/01\/notibras23.png","width":350,"height":87,"caption":"Grupo Notibras de Comunica\u00e7\u00e3o"},"image":{"@id":"https:\/\/www.notibras.com\/site\/#\/schema\/logo\/image\/"},"sameAs":["https:\/\/www.facebook.com\/notibras\/","https:\/\/x.com\/Notibras","https:\/\/www.instagram.com\/notibras\/"]},{"@type":"Person","@id":"https:\/\/www.notibras.com\/site\/#\/schema\/person\/36ab0979449956132d3e5b517ea76ac8","name":"Reda\u00e7\u00e3o","image":{"@type":"ImageObject","inLanguage":"pt-BR","@id":"https:\/\/secure.gravatar.com\/avatar\/e0a867bdedb85fd243eadf09663511f96fc81e0720a4a42581f334ad4303aa6b?s=96&d=mm&r=g","url":"https:\/\/secure.gravatar.com\/avatar\/e0a867bdedb85fd243eadf09663511f96fc81e0720a4a42581f334ad4303aa6b?s=96&d=mm&r=g","contentUrl":"https:\/\/secure.gravatar.com\/avatar\/e0a867bdedb85fd243eadf09663511f96fc81e0720a4a42581f334ad4303aa6b?s=96&d=mm&r=g","caption":"Reda\u00e7\u00e3o"}}]}},"amp_enabled":true,"_links":{"self":[{"href":"https:\/\/www.notibras.com\/site\/wp-json\/wp\/v2\/posts\/327710","targetHints":{"allow":["GET"]}}],"collection":[{"href":"https:\/\/www.notibras.com\/site\/wp-json\/wp\/v2\/posts"}],"about":[{"href":"https:\/\/www.notibras.com\/site\/wp-json\/wp\/v2\/types\/post"}],"author":[{"embeddable":true,"href":"https:\/\/www.notibras.com\/site\/wp-json\/wp\/v2\/users\/2"}],"replies":[{"embeddable":true,"href":"https:\/\/www.notibras.com\/site\/wp-json\/wp\/v2\/comments?post=327710"}],"version-history":[{"count":1,"href":"https:\/\/www.notibras.com\/site\/wp-json\/wp\/v2\/posts\/327710\/revisions"}],"predecessor-version":[{"id":327711,"href":"https:\/\/www.notibras.com\/site\/wp-json\/wp\/v2\/posts\/327710\/revisions\/327711"}],"wp:featuredmedia":[{"embeddable":true,"href":"https:\/\/www.notibras.com\/site\/wp-json\/wp\/v2\/media\/128127"}],"wp:attachment":[{"href":"https:\/\/www.notibras.com\/site\/wp-json\/wp\/v2\/media?parent=327710"}],"wp:term":[{"taxonomy":"category","embeddable":true,"href":"https:\/\/www.notibras.com\/site\/wp-json\/wp\/v2\/categories?post=327710"},{"taxonomy":"post_tag","embeddable":true,"href":"https:\/\/www.notibras.com\/site\/wp-json\/wp\/v2\/tags?post=327710"}],"curies":[{"name":"wp","href":"https:\/\/api.w.org\/{rel}","templated":true}]}}