{"id":327712,"date":"2024-04-30T00:00:38","date_gmt":"2024-04-30T03:00:38","guid":{"rendered":"https:\/\/www.notibras.com\/site\/?p=327712"},"modified":"2024-04-30T08:52:34","modified_gmt":"2024-04-30T11:52:34","slug":"galois-desliga-alunos-apos-caso-de-racismo-em-jogo-de-futsal","status":"publish","type":"post","link":"https:\/\/www.notibras.com\/site\/galois-desliga-alunos-apos-caso-de-racismo-em-jogo-de-futsal\/","title":{"rendered":"Galois desliga alunos ap\u00f3s caso de racismo em jogo de futsal"},"content":{"rendered":"<p>O Col\u00e9gio Galois informou nesta segunda-feira (29) ter identificado dez estudantes envolvidos em atos de racismo durante uma partida de futsal com alunos de outra escola particular. Segundo o Galois, os alunos foram notificados de suas condutas &#8220;que variaram entre insultos racistas, insultos classistas e manifesta\u00e7\u00f5es acaloradas&#8221;, bem como os pais e respons\u00e1veis.<\/p>\n<p>Em nota, a escola informou ter desligado alguns dos notificados, por\u00e9m sem citar o n\u00famero. &#8220;A institui\u00e7\u00e3o n\u00e3o divulgar\u00e1 tal informa\u00e7\u00e3o, pois diz respeito a procedimento interno administrativo. Ademais, todas as fam\u00edlias envolvidas foram comunicadas do resultado e est\u00e3o cientes das penalidades. Essa decis\u00e3o est\u00e1 em conson\u00e2ncia com o ECA [Estatuto da Crian\u00e7a e do Adolescente], que visa proteger qualquer a\u00e7\u00e3o que possa constranger menores&#8221;, diz comunicado da equipe jur\u00eddica enviado pela assessoria.<\/p>\n<p>Conforme a institui\u00e7\u00e3o de ensino, cinco alunos solicitaram deixar a escola. Aos demais, foram aplicadas &#8220;san\u00e7\u00f5es escalonadas, de acordo com a gravidade do ato praticado por cada um dos envolvidos, graduando as penalidades a partir da participa\u00e7\u00e3o dos alunos entre apoio, incentivo ou proferimento das inj\u00farias&#8221;, ap\u00f3s os casos terem sido analisados e as defesas das fam\u00edlias ouvidas por um Conselho de Classe, composto por um presidente, seis relatores, 35 professores e dois advogados especialistas em educa\u00e7\u00e3o.<\/p>\n<p>&#8220;Dos 10 notificados, metade usou o recurso \u2013 leg\u00edtimo \u2013 de solicitar o desligamento da escola. Dentre os que seguiram no processo: houve desligamentos, a alguns foram imputadas medidas pedag\u00f3gicas \u00e9ticas disciplinares e outros o Conselho julgou que n\u00e3o cabia penalidades por n\u00e3o estar comprovado o envolvimento&#8221;, diz nota do Galois.<\/p>\n<p>As apura\u00e7\u00f5es, segundo a escola, ser\u00e3o encaminhadas \u00e0 Pol\u00edcia Civil do Distrito Federal, Secretaria de Educa\u00e7\u00e3o, ao Minist\u00e9rio P\u00fablico do Distrito Federal e Territ\u00f3rios e \u00e0 Escola Franciscana Nossa Senhora de F\u00e1tima, que disputava a partida com o Galois.<\/p>\n<p>&#8220;Essas institui\u00e7\u00f5es tamb\u00e9m receber\u00e3o nossas a\u00e7\u00f5es e provid\u00eancias para evitar que situa\u00e7\u00f5es como esta ocorram novamente. Assim, finalizamos o processo pedag\u00f3gico educacional&#8221;.<\/p>\n<p>Galois informou quais medidas foram adotadas, como cria\u00e7\u00e3o de um Comit\u00ea de Diversidade e Inclus\u00e3o (formado por alunos, professores, pais e membros da administra\u00e7\u00e3o), de um canal exclusivo para escutar as sugest\u00f5es e a realiza\u00e7\u00e3o de atividades sobre diversidade e inclus\u00e3o, entre elas provas com tem\u00e1tica antirracista.<\/p>\n<p><strong>Relembre o caso<\/strong><br \/>\nNo \u00faltimo dia 3, alunos da Escola Franciscana Nossa Senhora de F\u00e1tima compareceram ao Col\u00e9gio Galois para uma partida de futsal v\u00e1lida pelo torneio Liga das Escolas. Durante o jogo, os estudantes da Nossa Senhora de F\u00e1tima foram v\u00edtimas de preconceito social e inj\u00faria racial, conforme relato da diretora do col\u00e9gio, In\u00eas Alves Louren\u00e7o.<\/p>\n<p>\u201cNa ocasi\u00e3o, os alunos do Col\u00e9gio Galois proferiram diversas palavras ofensivas aos alunos da Escola F\u00e1tima, tais como \u2018macaco\u2019, \u2018filho de empregada\u2019 e \u2018pobrinho\u2019, tornando o ambiente in\u00f3spito e deixando nossos alunos abalados\u201d, disse.<\/p>\n<p>\u201cVale salientar que, embora diversos respons\u00e1veis estivessem no local, nenhuma provid\u00eancia efetiva e adequada foi adotada pelos prepostos do Col\u00e9gio Galois que estavam presentes nas instala\u00e7\u00f5es do gin\u00e1sio.\u201d<\/p>\n<p>Em nota, o diretor do Col\u00e9gio Galois, Angel Andres, lamentou o que avaliou como \u201ccomportamento reprov\u00e1vel\u201d dos alunos de sua institui\u00e7\u00e3o e concordou com a diretora do Escola Franciscana Nossa Senhora de F\u00e1tima, ao afirmar que \u201co preconceito racial e social n\u00e3o deve ter espa\u00e7o em nenhum ambiente, especialmente em uma escola, onde os alunos devem ser ensinados a valorizar a diversidade e a promover o entendimento m\u00fatuo\u201d.<\/p>\n<p>Em nota de rep\u00fadio publicada no dia 13, o Minist\u00e9rio do Esporte condenou os atos. O comunicado citou a indigna\u00e7\u00e3o e a tristeza causadas por relatos de insulto racistas direcionados a jovens atletas.<\/p>\n<p>\u201cS\u00e3o profundamente perturbadores e contr\u00e1rios aos valores de igualdade, respeito e diversidade que defendemos\u201d, diz o texto. \u201c\u00c9 inaceit\u00e1vel que epis\u00f3dios de discrimina\u00e7\u00e3o racial persistam em nossa sociedade, especialmente em um ambiente t\u00e3o importante para o desenvolvimento social e pessoal como o esporte escolar.\u201d<\/p>\n","protected":false},"excerpt":{"rendered":"<p>O Col\u00e9gio Galois informou nesta segunda-feira (29) ter identificado dez estudantes envolvidos em atos de racismo durante uma partida de futsal com alunos de outra escola particular. Segundo o Galois, os alunos foram notificados de suas condutas &#8220;que variaram entre insultos racistas, insultos classistas e manifesta\u00e7\u00f5es acaloradas&#8221;, bem como os pais e respons\u00e1veis. Em nota, [&hellip;]<\/p>\n","protected":false},"author":2,"featured_media":327713,"comment_status":"closed","ping_status":"closed","sticky":false,"template":"","format":"standard","meta":{"_acf_changed":false,"footnotes":""},"categories":[161],"tags":[],"class_list":["post-327712","post","type-post","status-publish","format-standard","has-post-thumbnail","hentry","category-quadradinho-em-foco"],"acf":[],"yoast_head":"<!-- This site is optimized with the Yoast SEO plugin v27.5 - https:\/\/yoast.com\/product\/yoast-seo-wordpress\/ -->\n<title>Galois desliga alunos ap\u00f3s caso de racismo em jogo de futsal - Notibras<\/title>\n<meta name=\"robots\" content=\"index, follow, max-snippet:-1, max-image-preview:large, max-video-preview:-1\" \/>\n<link rel=\"canonical\" href=\"https:\/\/www.notibras.com\/site\/galois-desliga-alunos-apos-caso-de-racismo-em-jogo-de-futsal\/\" \/>\n<meta property=\"og:locale\" content=\"pt_BR\" \/>\n<meta property=\"og:type\" content=\"article\" \/>\n<meta property=\"og:title\" content=\"Galois desliga alunos ap\u00f3s caso de racismo em jogo de futsal - Notibras\" \/>\n<meta property=\"og:description\" content=\"O Col\u00e9gio Galois informou nesta segunda-feira (29) ter identificado dez estudantes envolvidos em atos de racismo durante uma partida de futsal com alunos de outra escola particular. Segundo o Galois, os alunos foram notificados de suas condutas &#8220;que variaram entre insultos racistas, insultos classistas e manifesta\u00e7\u00f5es acaloradas&#8221;, bem como os pais e respons\u00e1veis. Em nota, [&hellip;]\" \/>\n<meta property=\"og:url\" content=\"https:\/\/www.notibras.com\/site\/galois-desliga-alunos-apos-caso-de-racismo-em-jogo-de-futsal\/\" \/>\n<meta property=\"og:site_name\" content=\"Notibras\" \/>\n<meta property=\"article:publisher\" content=\"https:\/\/www.facebook.com\/notibras\/\" \/>\n<meta property=\"article:published_time\" content=\"2024-04-30T03:00:38+00:00\" \/>\n<meta property=\"article:modified_time\" content=\"2024-04-30T11:52:34+00:00\" \/>\n<meta property=\"og:image\" content=\"https:\/\/www.notibras.com\/site\/wp-content\/uploads\/2024\/04\/BL01-0288_2-1024x680-1.jpg\" \/>\n\t<meta property=\"og:image:width\" content=\"1024\" \/>\n\t<meta property=\"og:image:height\" content=\"680\" \/>\n\t<meta property=\"og:image:type\" content=\"image\/jpeg\" \/>\n<meta name=\"author\" content=\"Reda\u00e7\u00e3o\" \/>\n<meta name=\"twitter:card\" content=\"summary_large_image\" \/>\n<meta name=\"twitter:creator\" content=\"@Notibras\" \/>\n<meta name=\"twitter:site\" content=\"@Notibras\" \/>\n<meta name=\"twitter:label1\" content=\"Escrito por\" \/>\n\t<meta name=\"twitter:data1\" content=\"Reda\u00e7\u00e3o\" \/>\n\t<meta name=\"twitter:label2\" content=\"Est. tempo de leitura\" \/>\n\t<meta name=\"twitter:data2\" content=\"4 minutos\" \/>\n<script type=\"application\/ld+json\" class=\"yoast-schema-graph\">{\"@context\":\"https:\\\/\\\/schema.org\",\"@graph\":[{\"@type\":\"Article\",\"@id\":\"https:\\\/\\\/www.notibras.com\\\/site\\\/galois-desliga-alunos-apos-caso-de-racismo-em-jogo-de-futsal\\\/#article\",\"isPartOf\":{\"@id\":\"https:\\\/\\\/www.notibras.com\\\/site\\\/galois-desliga-alunos-apos-caso-de-racismo-em-jogo-de-futsal\\\/\"},\"author\":{\"name\":\"Reda\u00e7\u00e3o\",\"@id\":\"https:\\\/\\\/www.notibras.com\\\/site\\\/#\\\/schema\\\/person\\\/36ab0979449956132d3e5b517ea76ac8\"},\"headline\":\"Galois desliga alunos ap\u00f3s caso de racismo em jogo de futsal\",\"datePublished\":\"2024-04-30T03:00:38+00:00\",\"dateModified\":\"2024-04-30T11:52:34+00:00\",\"mainEntityOfPage\":{\"@id\":\"https:\\\/\\\/www.notibras.com\\\/site\\\/galois-desliga-alunos-apos-caso-de-racismo-em-jogo-de-futsal\\\/\"},\"wordCount\":710,\"publisher\":{\"@id\":\"https:\\\/\\\/www.notibras.com\\\/site\\\/#organization\"},\"image\":{\"@id\":\"https:\\\/\\\/www.notibras.com\\\/site\\\/galois-desliga-alunos-apos-caso-de-racismo-em-jogo-de-futsal\\\/#primaryimage\"},\"thumbnailUrl\":\"https:\\\/\\\/www.notibras.com\\\/site\\\/wp-content\\\/uploads\\\/2024\\\/04\\\/BL01-0288_2-1024x680-1.jpg\",\"articleSection\":[\"Quadradinho em Foco\"],\"inLanguage\":\"pt-BR\"},{\"@type\":\"WebPage\",\"@id\":\"https:\\\/\\\/www.notibras.com\\\/site\\\/galois-desliga-alunos-apos-caso-de-racismo-em-jogo-de-futsal\\\/\",\"url\":\"https:\\\/\\\/www.notibras.com\\\/site\\\/galois-desliga-alunos-apos-caso-de-racismo-em-jogo-de-futsal\\\/\",\"name\":\"Galois desliga alunos ap\u00f3s caso de racismo em jogo de futsal - Notibras\",\"isPartOf\":{\"@id\":\"https:\\\/\\\/www.notibras.com\\\/site\\\/#website\"},\"primaryImageOfPage\":{\"@id\":\"https:\\\/\\\/www.notibras.com\\\/site\\\/galois-desliga-alunos-apos-caso-de-racismo-em-jogo-de-futsal\\\/#primaryimage\"},\"image\":{\"@id\":\"https:\\\/\\\/www.notibras.com\\\/site\\\/galois-desliga-alunos-apos-caso-de-racismo-em-jogo-de-futsal\\\/#primaryimage\"},\"thumbnailUrl\":\"https:\\\/\\\/www.notibras.com\\\/site\\\/wp-content\\\/uploads\\\/2024\\\/04\\\/BL01-0288_2-1024x680-1.jpg\",\"datePublished\":\"2024-04-30T03:00:38+00:00\",\"dateModified\":\"2024-04-30T11:52:34+00:00\",\"breadcrumb\":{\"@id\":\"https:\\\/\\\/www.notibras.com\\\/site\\\/galois-desliga-alunos-apos-caso-de-racismo-em-jogo-de-futsal\\\/#breadcrumb\"},\"inLanguage\":\"pt-BR\",\"potentialAction\":[{\"@type\":\"ReadAction\",\"target\":[\"https:\\\/\\\/www.notibras.com\\\/site\\\/galois-desliga-alunos-apos-caso-de-racismo-em-jogo-de-futsal\\\/\"]}]},{\"@type\":\"ImageObject\",\"inLanguage\":\"pt-BR\",\"@id\":\"https:\\\/\\\/www.notibras.com\\\/site\\\/galois-desliga-alunos-apos-caso-de-racismo-em-jogo-de-futsal\\\/#primaryimage\",\"url\":\"https:\\\/\\\/www.notibras.com\\\/site\\\/wp-content\\\/uploads\\\/2024\\\/04\\\/BL01-0288_2-1024x680-1.jpg\",\"contentUrl\":\"https:\\\/\\\/www.notibras.com\\\/site\\\/wp-content\\\/uploads\\\/2024\\\/04\\\/BL01-0288_2-1024x680-1.jpg\",\"width\":1024,\"height\":680},{\"@type\":\"BreadcrumbList\",\"@id\":\"https:\\\/\\\/www.notibras.com\\\/site\\\/galois-desliga-alunos-apos-caso-de-racismo-em-jogo-de-futsal\\\/#breadcrumb\",\"itemListElement\":[{\"@type\":\"ListItem\",\"position\":1,\"name\":\"In\u00edcio\",\"item\":\"https:\\\/\\\/www.notibras.com\\\/site\\\/\"},{\"@type\":\"ListItem\",\"position\":2,\"name\":\"Galois desliga alunos ap\u00f3s caso de racismo em jogo de futsal\"}]},{\"@type\":\"WebSite\",\"@id\":\"https:\\\/\\\/www.notibras.com\\\/site\\\/#website\",\"url\":\"https:\\\/\\\/www.notibras.com\\\/site\\\/\",\"name\":\"Notibras\",\"description\":\"Not\u00edcias de Bras\u00edlia, do Brasil e do Mundo\",\"publisher\":{\"@id\":\"https:\\\/\\\/www.notibras.com\\\/site\\\/#organization\"},\"potentialAction\":[{\"@type\":\"SearchAction\",\"target\":{\"@type\":\"EntryPoint\",\"urlTemplate\":\"https:\\\/\\\/www.notibras.com\\\/site\\\/?s={search_term_string}\"},\"query-input\":{\"@type\":\"PropertyValueSpecification\",\"valueRequired\":true,\"valueName\":\"search_term_string\"}}],\"inLanguage\":\"pt-BR\"},{\"@type\":\"Organization\",\"@id\":\"https:\\\/\\\/www.notibras.com\\\/site\\\/#organization\",\"name\":\"Grupo Notibras de Comunica\u00e7\u00e3o\",\"url\":\"https:\\\/\\\/www.notibras.com\\\/site\\\/\",\"logo\":{\"@type\":\"ImageObject\",\"inLanguage\":\"pt-BR\",\"@id\":\"https:\\\/\\\/www.notibras.com\\\/site\\\/#\\\/schema\\\/logo\\\/image\\\/\",\"url\":\"https:\\\/\\\/www.notibras.com\\\/site\\\/wp-content\\\/uploads\\\/2023\\\/01\\\/notibras23.png\",\"contentUrl\":\"https:\\\/\\\/www.notibras.com\\\/site\\\/wp-content\\\/uploads\\\/2023\\\/01\\\/notibras23.png\",\"width\":350,\"height\":87,\"caption\":\"Grupo Notibras de Comunica\u00e7\u00e3o\"},\"image\":{\"@id\":\"https:\\\/\\\/www.notibras.com\\\/site\\\/#\\\/schema\\\/logo\\\/image\\\/\"},\"sameAs\":[\"https:\\\/\\\/www.facebook.com\\\/notibras\\\/\",\"https:\\\/\\\/x.com\\\/Notibras\",\"https:\\\/\\\/www.instagram.com\\\/notibras\\\/\"]},{\"@type\":\"Person\",\"@id\":\"https:\\\/\\\/www.notibras.com\\\/site\\\/#\\\/schema\\\/person\\\/36ab0979449956132d3e5b517ea76ac8\",\"name\":\"Reda\u00e7\u00e3o\",\"image\":{\"@type\":\"ImageObject\",\"inLanguage\":\"pt-BR\",\"@id\":\"https:\\\/\\\/secure.gravatar.com\\\/avatar\\\/e0a867bdedb85fd243eadf09663511f96fc81e0720a4a42581f334ad4303aa6b?s=96&d=mm&r=g\",\"url\":\"https:\\\/\\\/secure.gravatar.com\\\/avatar\\\/e0a867bdedb85fd243eadf09663511f96fc81e0720a4a42581f334ad4303aa6b?s=96&d=mm&r=g\",\"contentUrl\":\"https:\\\/\\\/secure.gravatar.com\\\/avatar\\\/e0a867bdedb85fd243eadf09663511f96fc81e0720a4a42581f334ad4303aa6b?s=96&d=mm&r=g\",\"caption\":\"Reda\u00e7\u00e3o\"}}]}<\/script>\n<!-- \/ Yoast SEO plugin. -->","yoast_head_json":{"title":"Galois desliga alunos ap\u00f3s caso de racismo em jogo de futsal - Notibras","robots":{"index":"index","follow":"follow","max-snippet":"max-snippet:-1","max-image-preview":"max-image-preview:large","max-video-preview":"max-video-preview:-1"},"canonical":"https:\/\/www.notibras.com\/site\/galois-desliga-alunos-apos-caso-de-racismo-em-jogo-de-futsal\/","og_locale":"pt_BR","og_type":"article","og_title":"Galois desliga alunos ap\u00f3s caso de racismo em jogo de futsal - Notibras","og_description":"O Col\u00e9gio Galois informou nesta segunda-feira (29) ter identificado dez estudantes envolvidos em atos de racismo durante uma partida de futsal com alunos de outra escola particular. Segundo o Galois, os alunos foram notificados de suas condutas &#8220;que variaram entre insultos racistas, insultos classistas e manifesta\u00e7\u00f5es acaloradas&#8221;, bem como os pais e respons\u00e1veis. Em nota, [&hellip;]","og_url":"https:\/\/www.notibras.com\/site\/galois-desliga-alunos-apos-caso-de-racismo-em-jogo-de-futsal\/","og_site_name":"Notibras","article_publisher":"https:\/\/www.facebook.com\/notibras\/","article_published_time":"2024-04-30T03:00:38+00:00","article_modified_time":"2024-04-30T11:52:34+00:00","og_image":[{"width":1024,"height":680,"url":"https:\/\/www.notibras.com\/site\/wp-content\/uploads\/2024\/04\/BL01-0288_2-1024x680-1.jpg","type":"image\/jpeg"}],"author":"Reda\u00e7\u00e3o","twitter_card":"summary_large_image","twitter_creator":"@Notibras","twitter_site":"@Notibras","twitter_misc":{"Escrito por":"Reda\u00e7\u00e3o","Est. tempo de leitura":"4 minutos"},"schema":{"@context":"https:\/\/schema.org","@graph":[{"@type":"Article","@id":"https:\/\/www.notibras.com\/site\/galois-desliga-alunos-apos-caso-de-racismo-em-jogo-de-futsal\/#article","isPartOf":{"@id":"https:\/\/www.notibras.com\/site\/galois-desliga-alunos-apos-caso-de-racismo-em-jogo-de-futsal\/"},"author":{"name":"Reda\u00e7\u00e3o","@id":"https:\/\/www.notibras.com\/site\/#\/schema\/person\/36ab0979449956132d3e5b517ea76ac8"},"headline":"Galois desliga alunos ap\u00f3s caso de racismo em jogo de futsal","datePublished":"2024-04-30T03:00:38+00:00","dateModified":"2024-04-30T11:52:34+00:00","mainEntityOfPage":{"@id":"https:\/\/www.notibras.com\/site\/galois-desliga-alunos-apos-caso-de-racismo-em-jogo-de-futsal\/"},"wordCount":710,"publisher":{"@id":"https:\/\/www.notibras.com\/site\/#organization"},"image":{"@id":"https:\/\/www.notibras.com\/site\/galois-desliga-alunos-apos-caso-de-racismo-em-jogo-de-futsal\/#primaryimage"},"thumbnailUrl":"https:\/\/www.notibras.com\/site\/wp-content\/uploads\/2024\/04\/BL01-0288_2-1024x680-1.jpg","articleSection":["Quadradinho em Foco"],"inLanguage":"pt-BR"},{"@type":"WebPage","@id":"https:\/\/www.notibras.com\/site\/galois-desliga-alunos-apos-caso-de-racismo-em-jogo-de-futsal\/","url":"https:\/\/www.notibras.com\/site\/galois-desliga-alunos-apos-caso-de-racismo-em-jogo-de-futsal\/","name":"Galois desliga alunos ap\u00f3s caso de racismo em jogo de futsal - Notibras","isPartOf":{"@id":"https:\/\/www.notibras.com\/site\/#website"},"primaryImageOfPage":{"@id":"https:\/\/www.notibras.com\/site\/galois-desliga-alunos-apos-caso-de-racismo-em-jogo-de-futsal\/#primaryimage"},"image":{"@id":"https:\/\/www.notibras.com\/site\/galois-desliga-alunos-apos-caso-de-racismo-em-jogo-de-futsal\/#primaryimage"},"thumbnailUrl":"https:\/\/www.notibras.com\/site\/wp-content\/uploads\/2024\/04\/BL01-0288_2-1024x680-1.jpg","datePublished":"2024-04-30T03:00:38+00:00","dateModified":"2024-04-30T11:52:34+00:00","breadcrumb":{"@id":"https:\/\/www.notibras.com\/site\/galois-desliga-alunos-apos-caso-de-racismo-em-jogo-de-futsal\/#breadcrumb"},"inLanguage":"pt-BR","potentialAction":[{"@type":"ReadAction","target":["https:\/\/www.notibras.com\/site\/galois-desliga-alunos-apos-caso-de-racismo-em-jogo-de-futsal\/"]}]},{"@type":"ImageObject","inLanguage":"pt-BR","@id":"https:\/\/www.notibras.com\/site\/galois-desliga-alunos-apos-caso-de-racismo-em-jogo-de-futsal\/#primaryimage","url":"https:\/\/www.notibras.com\/site\/wp-content\/uploads\/2024\/04\/BL01-0288_2-1024x680-1.jpg","contentUrl":"https:\/\/www.notibras.com\/site\/wp-content\/uploads\/2024\/04\/BL01-0288_2-1024x680-1.jpg","width":1024,"height":680},{"@type":"BreadcrumbList","@id":"https:\/\/www.notibras.com\/site\/galois-desliga-alunos-apos-caso-de-racismo-em-jogo-de-futsal\/#breadcrumb","itemListElement":[{"@type":"ListItem","position":1,"name":"In\u00edcio","item":"https:\/\/www.notibras.com\/site\/"},{"@type":"ListItem","position":2,"name":"Galois desliga alunos ap\u00f3s caso de racismo em jogo de futsal"}]},{"@type":"WebSite","@id":"https:\/\/www.notibras.com\/site\/#website","url":"https:\/\/www.notibras.com\/site\/","name":"Notibras","description":"Not\u00edcias de Bras\u00edlia, do Brasil e do Mundo","publisher":{"@id":"https:\/\/www.notibras.com\/site\/#organization"},"potentialAction":[{"@type":"SearchAction","target":{"@type":"EntryPoint","urlTemplate":"https:\/\/www.notibras.com\/site\/?s={search_term_string}"},"query-input":{"@type":"PropertyValueSpecification","valueRequired":true,"valueName":"search_term_string"}}],"inLanguage":"pt-BR"},{"@type":"Organization","@id":"https:\/\/www.notibras.com\/site\/#organization","name":"Grupo Notibras de Comunica\u00e7\u00e3o","url":"https:\/\/www.notibras.com\/site\/","logo":{"@type":"ImageObject","inLanguage":"pt-BR","@id":"https:\/\/www.notibras.com\/site\/#\/schema\/logo\/image\/","url":"https:\/\/www.notibras.com\/site\/wp-content\/uploads\/2023\/01\/notibras23.png","contentUrl":"https:\/\/www.notibras.com\/site\/wp-content\/uploads\/2023\/01\/notibras23.png","width":350,"height":87,"caption":"Grupo Notibras de Comunica\u00e7\u00e3o"},"image":{"@id":"https:\/\/www.notibras.com\/site\/#\/schema\/logo\/image\/"},"sameAs":["https:\/\/www.facebook.com\/notibras\/","https:\/\/x.com\/Notibras","https:\/\/www.instagram.com\/notibras\/"]},{"@type":"Person","@id":"https:\/\/www.notibras.com\/site\/#\/schema\/person\/36ab0979449956132d3e5b517ea76ac8","name":"Reda\u00e7\u00e3o","image":{"@type":"ImageObject","inLanguage":"pt-BR","@id":"https:\/\/secure.gravatar.com\/avatar\/e0a867bdedb85fd243eadf09663511f96fc81e0720a4a42581f334ad4303aa6b?s=96&d=mm&r=g","url":"https:\/\/secure.gravatar.com\/avatar\/e0a867bdedb85fd243eadf09663511f96fc81e0720a4a42581f334ad4303aa6b?s=96&d=mm&r=g","contentUrl":"https:\/\/secure.gravatar.com\/avatar\/e0a867bdedb85fd243eadf09663511f96fc81e0720a4a42581f334ad4303aa6b?s=96&d=mm&r=g","caption":"Reda\u00e7\u00e3o"}}]}},"amp_enabled":true,"_links":{"self":[{"href":"https:\/\/www.notibras.com\/site\/wp-json\/wp\/v2\/posts\/327712","targetHints":{"allow":["GET"]}}],"collection":[{"href":"https:\/\/www.notibras.com\/site\/wp-json\/wp\/v2\/posts"}],"about":[{"href":"https:\/\/www.notibras.com\/site\/wp-json\/wp\/v2\/types\/post"}],"author":[{"embeddable":true,"href":"https:\/\/www.notibras.com\/site\/wp-json\/wp\/v2\/users\/2"}],"replies":[{"embeddable":true,"href":"https:\/\/www.notibras.com\/site\/wp-json\/wp\/v2\/comments?post=327712"}],"version-history":[{"count":2,"href":"https:\/\/www.notibras.com\/site\/wp-json\/wp\/v2\/posts\/327712\/revisions"}],"predecessor-version":[{"id":327715,"href":"https:\/\/www.notibras.com\/site\/wp-json\/wp\/v2\/posts\/327712\/revisions\/327715"}],"wp:featuredmedia":[{"embeddable":true,"href":"https:\/\/www.notibras.com\/site\/wp-json\/wp\/v2\/media\/327713"}],"wp:attachment":[{"href":"https:\/\/www.notibras.com\/site\/wp-json\/wp\/v2\/media?parent=327712"}],"wp:term":[{"taxonomy":"category","embeddable":true,"href":"https:\/\/www.notibras.com\/site\/wp-json\/wp\/v2\/categories?post=327712"},{"taxonomy":"post_tag","embeddable":true,"href":"https:\/\/www.notibras.com\/site\/wp-json\/wp\/v2\/tags?post=327712"}],"curies":[{"name":"wp","href":"https:\/\/api.w.org\/{rel}","templated":true}]}}