{"id":327719,"date":"2024-04-30T00:01:52","date_gmt":"2024-04-30T03:01:52","guid":{"rendered":"https:\/\/www.notibras.com\/site\/?p=327719"},"modified":"2024-04-30T09:03:59","modified_gmt":"2024-04-30T12:03:59","slug":"governo-debate-medidas-economicas-com-o-setor-produtivo","status":"publish","type":"post","link":"https:\/\/www.notibras.com\/site\/governo-debate-medidas-economicas-com-o-setor-produtivo\/","title":{"rendered":"Governo debate medidas econ\u00f4micas com o setor produtivo"},"content":{"rendered":"<p>A Federa\u00e7\u00e3o do Com\u00e9rcio de Bens, Servi\u00e7os e Turismo do Distrito Federal (Fecom\u00e9rcio-DF) promoveu, nesta segunda-feira (29), reuni\u00e3o de diretoria com a presen\u00e7a do secret\u00e1rio de Economia, Ney Ferraz. O encontro foi marcado por debates acerca de impostos, obras e novas \u00e1reas de empreendimentos para o setor produtivo.<\/p>\n<p>\u201cO Distrito Federal quer e precisa de um setor produtivo fortalecido porque assim teremos cada vez mais emprego e renda\u201d, destacou o secret\u00e1rio de Economia. \u201cO governador Ibaneis Rocha costuma dizer que governa para as pessoas mais carentes e n\u00e3o atrapalha a atividade dos empres\u00e1rios, porque s\u00e3o voc\u00eas que geram riquezas para nossa cidade\u201d, completou.<\/p>\n<p>Entre os temas abordados na reuni\u00e3o, estavam a regulamenta\u00e7\u00e3o da Reforma Tribut\u00e1ria; a tarifa modal do Imposto sobre Circula\u00e7\u00e3o de Mercadorias e Servi\u00e7os (ICMS); a tributa\u00e7\u00e3o de pagamentos em Pix; e, a possibilidade de redu\u00e7\u00e3o do ITBI (Imposto de Transmiss\u00e3o de Bens e Im\u00f3veis).<\/p>\n<p>Nesse \u00faltimo ponto, Ferraz explicou que estudos preliminares apontam para um impacto de mais de R$ 500 milh\u00f5es. \u201c\u00c9 um assunto que est\u00e1 na pauta do governo, mas nesse momento, n\u00e3o \u00e9 vi\u00e1vel porque n\u00e3o temos respaldo or\u00e7ament\u00e1rio e poder\u00edamos ferir a Lei de Responsabilidade Fiscal\u201d, explicou.<\/p>\n<p>Na ocasi\u00e3o, al\u00e9m do secret\u00e1rio de Economia Ney Ferraz, tamb\u00e9m estiveram presentes o secret\u00e1rio executivo de Finan\u00e7as da Seec, Tiago Conde; e o subsecret\u00e1rio de acompanhamento econ\u00f4mico, Anderson Borges Roepke.<\/p>\n","protected":false},"excerpt":{"rendered":"<p>A Federa\u00e7\u00e3o do Com\u00e9rcio de Bens, Servi\u00e7os e Turismo do Distrito Federal (Fecom\u00e9rcio-DF) promoveu, nesta segunda-feira (29), reuni\u00e3o de diretoria com a presen\u00e7a do secret\u00e1rio de Economia, Ney Ferraz. O encontro foi marcado por debates acerca de impostos, obras e novas \u00e1reas de empreendimentos para o setor produtivo. \u201cO Distrito Federal quer e precisa de [&hellip;]<\/p>\n","protected":false},"author":2,"featured_media":327720,"comment_status":"closed","ping_status":"closed","sticky":false,"template":"","format":"standard","meta":{"_acf_changed":false,"footnotes":""},"categories":[161],"tags":[],"class_list":["post-327719","post","type-post","status-publish","format-standard","has-post-thumbnail","hentry","category-quadradinho-em-foco"],"acf":[],"yoast_head":"<!-- This site is optimized with the Yoast SEO plugin v27.5 - https:\/\/yoast.com\/product\/yoast-seo-wordpress\/ -->\n<title>Governo debate medidas econ\u00f4micas com o setor produtivo - Notibras<\/title>\n<meta name=\"robots\" content=\"index, follow, max-snippet:-1, max-image-preview:large, max-video-preview:-1\" \/>\n<link rel=\"canonical\" href=\"https:\/\/www.notibras.com\/site\/governo-debate-medidas-economicas-com-o-setor-produtivo\/\" \/>\n<meta property=\"og:locale\" content=\"pt_BR\" \/>\n<meta property=\"og:type\" content=\"article\" \/>\n<meta property=\"og:title\" content=\"Governo debate medidas econ\u00f4micas com o setor produtivo - Notibras\" \/>\n<meta property=\"og:description\" content=\"A Federa\u00e7\u00e3o do Com\u00e9rcio de Bens, Servi\u00e7os e Turismo do Distrito Federal (Fecom\u00e9rcio-DF) promoveu, nesta segunda-feira (29), reuni\u00e3o de diretoria com a presen\u00e7a do secret\u00e1rio de Economia, Ney Ferraz. O encontro foi marcado por debates acerca de impostos, obras e novas \u00e1reas de empreendimentos para o setor produtivo. \u201cO Distrito Federal quer e precisa de [&hellip;]\" \/>\n<meta property=\"og:url\" content=\"https:\/\/www.notibras.com\/site\/governo-debate-medidas-economicas-com-o-setor-produtivo\/\" \/>\n<meta property=\"og:site_name\" content=\"Notibras\" \/>\n<meta property=\"article:publisher\" content=\"https:\/\/www.facebook.com\/notibras\/\" \/>\n<meta property=\"article:published_time\" content=\"2024-04-30T03:01:52+00:00\" \/>\n<meta property=\"article:modified_time\" content=\"2024-04-30T12:03:59+00:00\" \/>\n<meta property=\"og:image\" content=\"https:\/\/www.notibras.com\/site\/wp-content\/uploads\/2024\/04\/WhatsApp-Image-2024-04-29-at-20.05.29.jpeg\" \/>\n\t<meta property=\"og:image:width\" content=\"799\" \/>\n\t<meta property=\"og:image:height\" content=\"533\" \/>\n\t<meta property=\"og:image:type\" content=\"image\/jpeg\" \/>\n<meta name=\"author\" content=\"Reda\u00e7\u00e3o\" \/>\n<meta name=\"twitter:card\" content=\"summary_large_image\" \/>\n<meta name=\"twitter:creator\" content=\"@Notibras\" \/>\n<meta name=\"twitter:site\" content=\"@Notibras\" \/>\n<meta name=\"twitter:label1\" content=\"Escrito por\" \/>\n\t<meta name=\"twitter:data1\" content=\"Reda\u00e7\u00e3o\" \/>\n\t<meta name=\"twitter:label2\" content=\"Est. tempo de leitura\" \/>\n\t<meta name=\"twitter:data2\" content=\"2 minutos\" \/>\n<script type=\"application\/ld+json\" class=\"yoast-schema-graph\">{\"@context\":\"https:\\\/\\\/schema.org\",\"@graph\":[{\"@type\":\"Article\",\"@id\":\"https:\\\/\\\/www.notibras.com\\\/site\\\/governo-debate-medidas-economicas-com-o-setor-produtivo\\\/#article\",\"isPartOf\":{\"@id\":\"https:\\\/\\\/www.notibras.com\\\/site\\\/governo-debate-medidas-economicas-com-o-setor-produtivo\\\/\"},\"author\":{\"name\":\"Reda\u00e7\u00e3o\",\"@id\":\"https:\\\/\\\/www.notibras.com\\\/site\\\/#\\\/schema\\\/person\\\/36ab0979449956132d3e5b517ea76ac8\"},\"headline\":\"Governo debate medidas econ\u00f4micas com o setor produtivo\",\"datePublished\":\"2024-04-30T03:01:52+00:00\",\"dateModified\":\"2024-04-30T12:03:59+00:00\",\"mainEntityOfPage\":{\"@id\":\"https:\\\/\\\/www.notibras.com\\\/site\\\/governo-debate-medidas-economicas-com-o-setor-produtivo\\\/\"},\"wordCount\":265,\"publisher\":{\"@id\":\"https:\\\/\\\/www.notibras.com\\\/site\\\/#organization\"},\"image\":{\"@id\":\"https:\\\/\\\/www.notibras.com\\\/site\\\/governo-debate-medidas-economicas-com-o-setor-produtivo\\\/#primaryimage\"},\"thumbnailUrl\":\"https:\\\/\\\/www.notibras.com\\\/site\\\/wp-content\\\/uploads\\\/2024\\\/04\\\/WhatsApp-Image-2024-04-29-at-20.05.29.jpeg\",\"articleSection\":[\"Quadradinho em Foco\"],\"inLanguage\":\"pt-BR\"},{\"@type\":\"WebPage\",\"@id\":\"https:\\\/\\\/www.notibras.com\\\/site\\\/governo-debate-medidas-economicas-com-o-setor-produtivo\\\/\",\"url\":\"https:\\\/\\\/www.notibras.com\\\/site\\\/governo-debate-medidas-economicas-com-o-setor-produtivo\\\/\",\"name\":\"Governo debate medidas econ\u00f4micas com o setor produtivo - Notibras\",\"isPartOf\":{\"@id\":\"https:\\\/\\\/www.notibras.com\\\/site\\\/#website\"},\"primaryImageOfPage\":{\"@id\":\"https:\\\/\\\/www.notibras.com\\\/site\\\/governo-debate-medidas-economicas-com-o-setor-produtivo\\\/#primaryimage\"},\"image\":{\"@id\":\"https:\\\/\\\/www.notibras.com\\\/site\\\/governo-debate-medidas-economicas-com-o-setor-produtivo\\\/#primaryimage\"},\"thumbnailUrl\":\"https:\\\/\\\/www.notibras.com\\\/site\\\/wp-content\\\/uploads\\\/2024\\\/04\\\/WhatsApp-Image-2024-04-29-at-20.05.29.jpeg\",\"datePublished\":\"2024-04-30T03:01:52+00:00\",\"dateModified\":\"2024-04-30T12:03:59+00:00\",\"breadcrumb\":{\"@id\":\"https:\\\/\\\/www.notibras.com\\\/site\\\/governo-debate-medidas-economicas-com-o-setor-produtivo\\\/#breadcrumb\"},\"inLanguage\":\"pt-BR\",\"potentialAction\":[{\"@type\":\"ReadAction\",\"target\":[\"https:\\\/\\\/www.notibras.com\\\/site\\\/governo-debate-medidas-economicas-com-o-setor-produtivo\\\/\"]}]},{\"@type\":\"ImageObject\",\"inLanguage\":\"pt-BR\",\"@id\":\"https:\\\/\\\/www.notibras.com\\\/site\\\/governo-debate-medidas-economicas-com-o-setor-produtivo\\\/#primaryimage\",\"url\":\"https:\\\/\\\/www.notibras.com\\\/site\\\/wp-content\\\/uploads\\\/2024\\\/04\\\/WhatsApp-Image-2024-04-29-at-20.05.29.jpeg\",\"contentUrl\":\"https:\\\/\\\/www.notibras.com\\\/site\\\/wp-content\\\/uploads\\\/2024\\\/04\\\/WhatsApp-Image-2024-04-29-at-20.05.29.jpeg\",\"width\":799,\"height\":533},{\"@type\":\"BreadcrumbList\",\"@id\":\"https:\\\/\\\/www.notibras.com\\\/site\\\/governo-debate-medidas-economicas-com-o-setor-produtivo\\\/#breadcrumb\",\"itemListElement\":[{\"@type\":\"ListItem\",\"position\":1,\"name\":\"In\u00edcio\",\"item\":\"https:\\\/\\\/www.notibras.com\\\/site\\\/\"},{\"@type\":\"ListItem\",\"position\":2,\"name\":\"Governo debate medidas econ\u00f4micas com o setor produtivo\"}]},{\"@type\":\"WebSite\",\"@id\":\"https:\\\/\\\/www.notibras.com\\\/site\\\/#website\",\"url\":\"https:\\\/\\\/www.notibras.com\\\/site\\\/\",\"name\":\"Notibras\",\"description\":\"Not\u00edcias de Bras\u00edlia, do Brasil e do Mundo\",\"publisher\":{\"@id\":\"https:\\\/\\\/www.notibras.com\\\/site\\\/#organization\"},\"potentialAction\":[{\"@type\":\"SearchAction\",\"target\":{\"@type\":\"EntryPoint\",\"urlTemplate\":\"https:\\\/\\\/www.notibras.com\\\/site\\\/?s={search_term_string}\"},\"query-input\":{\"@type\":\"PropertyValueSpecification\",\"valueRequired\":true,\"valueName\":\"search_term_string\"}}],\"inLanguage\":\"pt-BR\"},{\"@type\":\"Organization\",\"@id\":\"https:\\\/\\\/www.notibras.com\\\/site\\\/#organization\",\"name\":\"Grupo Notibras de Comunica\u00e7\u00e3o\",\"url\":\"https:\\\/\\\/www.notibras.com\\\/site\\\/\",\"logo\":{\"@type\":\"ImageObject\",\"inLanguage\":\"pt-BR\",\"@id\":\"https:\\\/\\\/www.notibras.com\\\/site\\\/#\\\/schema\\\/logo\\\/image\\\/\",\"url\":\"https:\\\/\\\/www.notibras.com\\\/site\\\/wp-content\\\/uploads\\\/2023\\\/01\\\/notibras23.png\",\"contentUrl\":\"https:\\\/\\\/www.notibras.com\\\/site\\\/wp-content\\\/uploads\\\/2023\\\/01\\\/notibras23.png\",\"width\":350,\"height\":87,\"caption\":\"Grupo Notibras de Comunica\u00e7\u00e3o\"},\"image\":{\"@id\":\"https:\\\/\\\/www.notibras.com\\\/site\\\/#\\\/schema\\\/logo\\\/image\\\/\"},\"sameAs\":[\"https:\\\/\\\/www.facebook.com\\\/notibras\\\/\",\"https:\\\/\\\/x.com\\\/Notibras\",\"https:\\\/\\\/www.instagram.com\\\/notibras\\\/\"]},{\"@type\":\"Person\",\"@id\":\"https:\\\/\\\/www.notibras.com\\\/site\\\/#\\\/schema\\\/person\\\/36ab0979449956132d3e5b517ea76ac8\",\"name\":\"Reda\u00e7\u00e3o\",\"image\":{\"@type\":\"ImageObject\",\"inLanguage\":\"pt-BR\",\"@id\":\"https:\\\/\\\/secure.gravatar.com\\\/avatar\\\/e0a867bdedb85fd243eadf09663511f96fc81e0720a4a42581f334ad4303aa6b?s=96&d=mm&r=g\",\"url\":\"https:\\\/\\\/secure.gravatar.com\\\/avatar\\\/e0a867bdedb85fd243eadf09663511f96fc81e0720a4a42581f334ad4303aa6b?s=96&d=mm&r=g\",\"contentUrl\":\"https:\\\/\\\/secure.gravatar.com\\\/avatar\\\/e0a867bdedb85fd243eadf09663511f96fc81e0720a4a42581f334ad4303aa6b?s=96&d=mm&r=g\",\"caption\":\"Reda\u00e7\u00e3o\"}}]}<\/script>\n<!-- \/ Yoast SEO plugin. -->","yoast_head_json":{"title":"Governo debate medidas econ\u00f4micas com o setor produtivo - Notibras","robots":{"index":"index","follow":"follow","max-snippet":"max-snippet:-1","max-image-preview":"max-image-preview:large","max-video-preview":"max-video-preview:-1"},"canonical":"https:\/\/www.notibras.com\/site\/governo-debate-medidas-economicas-com-o-setor-produtivo\/","og_locale":"pt_BR","og_type":"article","og_title":"Governo debate medidas econ\u00f4micas com o setor produtivo - Notibras","og_description":"A Federa\u00e7\u00e3o do Com\u00e9rcio de Bens, Servi\u00e7os e Turismo do Distrito Federal (Fecom\u00e9rcio-DF) promoveu, nesta segunda-feira (29), reuni\u00e3o de diretoria com a presen\u00e7a do secret\u00e1rio de Economia, Ney Ferraz. O encontro foi marcado por debates acerca de impostos, obras e novas \u00e1reas de empreendimentos para o setor produtivo. \u201cO Distrito Federal quer e precisa de [&hellip;]","og_url":"https:\/\/www.notibras.com\/site\/governo-debate-medidas-economicas-com-o-setor-produtivo\/","og_site_name":"Notibras","article_publisher":"https:\/\/www.facebook.com\/notibras\/","article_published_time":"2024-04-30T03:01:52+00:00","article_modified_time":"2024-04-30T12:03:59+00:00","og_image":[{"width":799,"height":533,"url":"https:\/\/www.notibras.com\/site\/wp-content\/uploads\/2024\/04\/WhatsApp-Image-2024-04-29-at-20.05.29.jpeg","type":"image\/jpeg"}],"author":"Reda\u00e7\u00e3o","twitter_card":"summary_large_image","twitter_creator":"@Notibras","twitter_site":"@Notibras","twitter_misc":{"Escrito por":"Reda\u00e7\u00e3o","Est. tempo de leitura":"2 minutos"},"schema":{"@context":"https:\/\/schema.org","@graph":[{"@type":"Article","@id":"https:\/\/www.notibras.com\/site\/governo-debate-medidas-economicas-com-o-setor-produtivo\/#article","isPartOf":{"@id":"https:\/\/www.notibras.com\/site\/governo-debate-medidas-economicas-com-o-setor-produtivo\/"},"author":{"name":"Reda\u00e7\u00e3o","@id":"https:\/\/www.notibras.com\/site\/#\/schema\/person\/36ab0979449956132d3e5b517ea76ac8"},"headline":"Governo debate medidas econ\u00f4micas com o setor produtivo","datePublished":"2024-04-30T03:01:52+00:00","dateModified":"2024-04-30T12:03:59+00:00","mainEntityOfPage":{"@id":"https:\/\/www.notibras.com\/site\/governo-debate-medidas-economicas-com-o-setor-produtivo\/"},"wordCount":265,"publisher":{"@id":"https:\/\/www.notibras.com\/site\/#organization"},"image":{"@id":"https:\/\/www.notibras.com\/site\/governo-debate-medidas-economicas-com-o-setor-produtivo\/#primaryimage"},"thumbnailUrl":"https:\/\/www.notibras.com\/site\/wp-content\/uploads\/2024\/04\/WhatsApp-Image-2024-04-29-at-20.05.29.jpeg","articleSection":["Quadradinho em Foco"],"inLanguage":"pt-BR"},{"@type":"WebPage","@id":"https:\/\/www.notibras.com\/site\/governo-debate-medidas-economicas-com-o-setor-produtivo\/","url":"https:\/\/www.notibras.com\/site\/governo-debate-medidas-economicas-com-o-setor-produtivo\/","name":"Governo debate medidas econ\u00f4micas com o setor produtivo - Notibras","isPartOf":{"@id":"https:\/\/www.notibras.com\/site\/#website"},"primaryImageOfPage":{"@id":"https:\/\/www.notibras.com\/site\/governo-debate-medidas-economicas-com-o-setor-produtivo\/#primaryimage"},"image":{"@id":"https:\/\/www.notibras.com\/site\/governo-debate-medidas-economicas-com-o-setor-produtivo\/#primaryimage"},"thumbnailUrl":"https:\/\/www.notibras.com\/site\/wp-content\/uploads\/2024\/04\/WhatsApp-Image-2024-04-29-at-20.05.29.jpeg","datePublished":"2024-04-30T03:01:52+00:00","dateModified":"2024-04-30T12:03:59+00:00","breadcrumb":{"@id":"https:\/\/www.notibras.com\/site\/governo-debate-medidas-economicas-com-o-setor-produtivo\/#breadcrumb"},"inLanguage":"pt-BR","potentialAction":[{"@type":"ReadAction","target":["https:\/\/www.notibras.com\/site\/governo-debate-medidas-economicas-com-o-setor-produtivo\/"]}]},{"@type":"ImageObject","inLanguage":"pt-BR","@id":"https:\/\/www.notibras.com\/site\/governo-debate-medidas-economicas-com-o-setor-produtivo\/#primaryimage","url":"https:\/\/www.notibras.com\/site\/wp-content\/uploads\/2024\/04\/WhatsApp-Image-2024-04-29-at-20.05.29.jpeg","contentUrl":"https:\/\/www.notibras.com\/site\/wp-content\/uploads\/2024\/04\/WhatsApp-Image-2024-04-29-at-20.05.29.jpeg","width":799,"height":533},{"@type":"BreadcrumbList","@id":"https:\/\/www.notibras.com\/site\/governo-debate-medidas-economicas-com-o-setor-produtivo\/#breadcrumb","itemListElement":[{"@type":"ListItem","position":1,"name":"In\u00edcio","item":"https:\/\/www.notibras.com\/site\/"},{"@type":"ListItem","position":2,"name":"Governo debate medidas econ\u00f4micas com o setor produtivo"}]},{"@type":"WebSite","@id":"https:\/\/www.notibras.com\/site\/#website","url":"https:\/\/www.notibras.com\/site\/","name":"Notibras","description":"Not\u00edcias de Bras\u00edlia, do Brasil e do Mundo","publisher":{"@id":"https:\/\/www.notibras.com\/site\/#organization"},"potentialAction":[{"@type":"SearchAction","target":{"@type":"EntryPoint","urlTemplate":"https:\/\/www.notibras.com\/site\/?s={search_term_string}"},"query-input":{"@type":"PropertyValueSpecification","valueRequired":true,"valueName":"search_term_string"}}],"inLanguage":"pt-BR"},{"@type":"Organization","@id":"https:\/\/www.notibras.com\/site\/#organization","name":"Grupo Notibras de Comunica\u00e7\u00e3o","url":"https:\/\/www.notibras.com\/site\/","logo":{"@type":"ImageObject","inLanguage":"pt-BR","@id":"https:\/\/www.notibras.com\/site\/#\/schema\/logo\/image\/","url":"https:\/\/www.notibras.com\/site\/wp-content\/uploads\/2023\/01\/notibras23.png","contentUrl":"https:\/\/www.notibras.com\/site\/wp-content\/uploads\/2023\/01\/notibras23.png","width":350,"height":87,"caption":"Grupo Notibras de Comunica\u00e7\u00e3o"},"image":{"@id":"https:\/\/www.notibras.com\/site\/#\/schema\/logo\/image\/"},"sameAs":["https:\/\/www.facebook.com\/notibras\/","https:\/\/x.com\/Notibras","https:\/\/www.instagram.com\/notibras\/"]},{"@type":"Person","@id":"https:\/\/www.notibras.com\/site\/#\/schema\/person\/36ab0979449956132d3e5b517ea76ac8","name":"Reda\u00e7\u00e3o","image":{"@type":"ImageObject","inLanguage":"pt-BR","@id":"https:\/\/secure.gravatar.com\/avatar\/e0a867bdedb85fd243eadf09663511f96fc81e0720a4a42581f334ad4303aa6b?s=96&d=mm&r=g","url":"https:\/\/secure.gravatar.com\/avatar\/e0a867bdedb85fd243eadf09663511f96fc81e0720a4a42581f334ad4303aa6b?s=96&d=mm&r=g","contentUrl":"https:\/\/secure.gravatar.com\/avatar\/e0a867bdedb85fd243eadf09663511f96fc81e0720a4a42581f334ad4303aa6b?s=96&d=mm&r=g","caption":"Reda\u00e7\u00e3o"}}]}},"amp_enabled":true,"_links":{"self":[{"href":"https:\/\/www.notibras.com\/site\/wp-json\/wp\/v2\/posts\/327719","targetHints":{"allow":["GET"]}}],"collection":[{"href":"https:\/\/www.notibras.com\/site\/wp-json\/wp\/v2\/posts"}],"about":[{"href":"https:\/\/www.notibras.com\/site\/wp-json\/wp\/v2\/types\/post"}],"author":[{"embeddable":true,"href":"https:\/\/www.notibras.com\/site\/wp-json\/wp\/v2\/users\/2"}],"replies":[{"embeddable":true,"href":"https:\/\/www.notibras.com\/site\/wp-json\/wp\/v2\/comments?post=327719"}],"version-history":[{"count":1,"href":"https:\/\/www.notibras.com\/site\/wp-json\/wp\/v2\/posts\/327719\/revisions"}],"predecessor-version":[{"id":327721,"href":"https:\/\/www.notibras.com\/site\/wp-json\/wp\/v2\/posts\/327719\/revisions\/327721"}],"wp:featuredmedia":[{"embeddable":true,"href":"https:\/\/www.notibras.com\/site\/wp-json\/wp\/v2\/media\/327720"}],"wp:attachment":[{"href":"https:\/\/www.notibras.com\/site\/wp-json\/wp\/v2\/media?parent=327719"}],"wp:term":[{"taxonomy":"category","embeddable":true,"href":"https:\/\/www.notibras.com\/site\/wp-json\/wp\/v2\/categories?post=327719"},{"taxonomy":"post_tag","embeddable":true,"href":"https:\/\/www.notibras.com\/site\/wp-json\/wp\/v2\/tags?post=327719"}],"curies":[{"name":"wp","href":"https:\/\/api.w.org\/{rel}","templated":true}]}}