{"id":327795,"date":"2024-05-01T00:00:01","date_gmt":"2024-05-01T03:00:01","guid":{"rendered":"https:\/\/www.notibras.com\/site\/?p=327795"},"modified":"2024-05-01T07:51:00","modified_gmt":"2024-05-01T10:51:00","slug":"contran-permite-que-motoristas-cancelem-proprias-carteiras","status":"publish","type":"post","link":"https:\/\/www.notibras.com\/site\/contran-permite-que-motoristas-cancelem-proprias-carteiras\/","title":{"rendered":"Contran permite que motoristas cancelem pr\u00f3prias carteiras"},"content":{"rendered":"<p>O Conselho Nacional de Tr\u00e2nsito (Contran), vinculado ao Minist\u00e9rio dos Transportes, publicou uma resolu\u00e7\u00e3o que permite aos motoristas solicitar o cancelamento da pr\u00f3pria Carteira Nacional de Tr\u00e2nsito (CNH) sem a necessidade de apresentar motiva\u00e7\u00e3o, no Detran. Uma CNH comprova que o condutor est\u00e1 apto a dirigir ve\u00edculos para os quais est\u00e1 habilitado em todo territ\u00f3rio nacional.<\/p>\n<p>O Minist\u00e9rio dos Transportes explica que a solicita\u00e7\u00e3o de cancelamento do registro da CNH ter\u00e1 como consequ\u00eancia a retirada do condutor da base nacional do Registro Nacional de Condutores Habilitados (Renach). \u201cDesta maneira, caso o cidad\u00e3o deseje voltar a dirigir, dever\u00e1 iniciar novo processo de primeira habilita\u00e7\u00e3o\u201d, diz a nota.<\/p>\n<p>Segundo a pasta, os motoristas habilitados nas categorias C, D e E, que est\u00e3o autorizados a conduzir vans, \u00f4nibus e caminh\u00f5es, podem solicitar o cancelamento da CNH para n\u00e3o serem obrigados a fazer o exame toxicol\u00f3gico e, consequentemente, evitariam a aplica\u00e7\u00e3o de penalidades, caso n\u00e3o fa\u00e7am o teste. O exame laboratorial \u00e9 exigido de todos os condutores das tr\u00eas categorias com habilita\u00e7\u00e3o v\u00e1lida, mesmo que estejam sem dirigir h\u00e1 bastante tempo.<\/p>\n<p>\u201cOs motoristas das categorias C, D e E, que n\u00e3o t\u00eam mais a inten\u00e7\u00e3o ou n\u00e3o precisam dirigir esses ve\u00edculos ou j\u00e1 n\u00e3o exercem mais uma atividade remunerada na dire\u00e7\u00e3o, t\u00eam at\u00e9 o 30\u00ba dia ap\u00f3s o vencimento do exame [toxicol\u00f3gico] para poder pedir o rebaixamento dessa CNH e, assim, n\u00e3o pagar a multa\u201d, explica a diretora de Comunica\u00e7\u00e3o da Associa\u00e7\u00e3o Brasileira de Toxicologia (ABTox), Camille Lages. A partir do 31\u00ba dia, eles j\u00e1 ter\u00e3o que arcar com a multa do C\u00f3digo Nacional de Tr\u00e2nsito, pelo simples fato de n\u00e3o fazer o exame toxicol\u00f3gico\u201d<\/p>\n<p>Outra possibilidade \u00e9 o motorista profissional pedir ao Detran o rebaixamento das categorias C, D e E para as habilita\u00e7\u00f5es mais comuns, a A e B. A categoria A \u00e9 destinada \u00e0 condu\u00e7\u00e3o de motocicletas, triciclos, motonetas e outros ve\u00edculos de duas rodas. No tipo B, a pessoa pode conduzir ve\u00edculos de quatro rodas com capacidade para at\u00e9 oito passageiros.<\/p>\n<p>De acordo com Minist\u00e9rio dos Transportes, tanto a mudan\u00e7a das categorias C, D ou E para as categorias B e AB, como a solicita\u00e7\u00e3o de cancelamento da CNH, at\u00e9 o 30\u00ba dia ap\u00f3s o vencimento do prazo para realiza\u00e7\u00e3o do exame toxicol\u00f3gico afasta a possibilidade da multa de R$ 1.467,35 e sete pontos na CNH por infra\u00e7\u00e3o grav\u00edssima.<\/p>\n","protected":false},"excerpt":{"rendered":"<p>O Conselho Nacional de Tr\u00e2nsito (Contran), vinculado ao Minist\u00e9rio dos Transportes, publicou uma resolu\u00e7\u00e3o que permite aos motoristas solicitar o cancelamento da pr\u00f3pria Carteira Nacional de Tr\u00e2nsito (CNH) sem a necessidade de apresentar motiva\u00e7\u00e3o, no Detran. Uma CNH comprova que o condutor est\u00e1 apto a dirigir ve\u00edculos para os quais est\u00e1 habilitado em todo territ\u00f3rio [&hellip;]<\/p>\n","protected":false},"author":2,"featured_media":327796,"comment_status":"closed","ping_status":"closed","sticky":false,"template":"","format":"standard","meta":{"_acf_changed":false,"footnotes":""},"categories":[161],"tags":[],"class_list":["post-327795","post","type-post","status-publish","format-standard","has-post-thumbnail","hentry","category-quadradinho-em-foco"],"acf":[],"yoast_head":"<!-- This site is optimized with the Yoast SEO plugin v27.5 - https:\/\/yoast.com\/product\/yoast-seo-wordpress\/ -->\n<title>Contran permite que motoristas cancelem pr\u00f3prias carteiras - Notibras<\/title>\n<meta name=\"robots\" content=\"index, follow, max-snippet:-1, max-image-preview:large, max-video-preview:-1\" \/>\n<link rel=\"canonical\" href=\"https:\/\/www.notibras.com\/site\/contran-permite-que-motoristas-cancelem-proprias-carteiras\/\" \/>\n<meta property=\"og:locale\" content=\"pt_BR\" \/>\n<meta property=\"og:type\" content=\"article\" \/>\n<meta property=\"og:title\" content=\"Contran permite que motoristas cancelem pr\u00f3prias carteiras - Notibras\" \/>\n<meta property=\"og:description\" content=\"O Conselho Nacional de Tr\u00e2nsito (Contran), vinculado ao Minist\u00e9rio dos Transportes, publicou uma resolu\u00e7\u00e3o que permite aos motoristas solicitar o cancelamento da pr\u00f3pria Carteira Nacional de Tr\u00e2nsito (CNH) sem a necessidade de apresentar motiva\u00e7\u00e3o, no Detran. Uma CNH comprova que o condutor est\u00e1 apto a dirigir ve\u00edculos para os quais est\u00e1 habilitado em todo territ\u00f3rio [&hellip;]\" \/>\n<meta property=\"og:url\" content=\"https:\/\/www.notibras.com\/site\/contran-permite-que-motoristas-cancelem-proprias-carteiras\/\" \/>\n<meta property=\"og:site_name\" content=\"Notibras\" \/>\n<meta property=\"article:publisher\" content=\"https:\/\/www.facebook.com\/notibras\/\" \/>\n<meta property=\"article:published_time\" content=\"2024-05-01T03:00:01+00:00\" \/>\n<meta property=\"article:modified_time\" content=\"2024-05-01T10:51:00+00:00\" \/>\n<meta property=\"og:image\" content=\"https:\/\/www.notibras.com\/site\/wp-content\/uploads\/2024\/05\/chnvolta.webp\" \/>\n\t<meta property=\"og:image:width\" content=\"1170\" \/>\n\t<meta property=\"og:image:height\" content=\"700\" \/>\n\t<meta property=\"og:image:type\" content=\"image\/webp\" \/>\n<meta name=\"author\" content=\"Reda\u00e7\u00e3o\" \/>\n<meta name=\"twitter:card\" content=\"summary_large_image\" \/>\n<meta name=\"twitter:creator\" content=\"@Notibras\" \/>\n<meta name=\"twitter:site\" content=\"@Notibras\" \/>\n<meta name=\"twitter:label1\" content=\"Escrito por\" \/>\n\t<meta name=\"twitter:data1\" content=\"Reda\u00e7\u00e3o\" \/>\n\t<meta name=\"twitter:label2\" content=\"Est. tempo de leitura\" \/>\n\t<meta name=\"twitter:data2\" content=\"3 minutos\" \/>\n<script type=\"application\/ld+json\" class=\"yoast-schema-graph\">{\"@context\":\"https:\\\/\\\/schema.org\",\"@graph\":[{\"@type\":\"Article\",\"@id\":\"https:\\\/\\\/www.notibras.com\\\/site\\\/contran-permite-que-motoristas-cancelem-proprias-carteiras\\\/#article\",\"isPartOf\":{\"@id\":\"https:\\\/\\\/www.notibras.com\\\/site\\\/contran-permite-que-motoristas-cancelem-proprias-carteiras\\\/\"},\"author\":{\"name\":\"Reda\u00e7\u00e3o\",\"@id\":\"https:\\\/\\\/www.notibras.com\\\/site\\\/#\\\/schema\\\/person\\\/36ab0979449956132d3e5b517ea76ac8\"},\"headline\":\"Contran permite que motoristas cancelem pr\u00f3prias carteiras\",\"datePublished\":\"2024-05-01T03:00:01+00:00\",\"dateModified\":\"2024-05-01T10:51:00+00:00\",\"mainEntityOfPage\":{\"@id\":\"https:\\\/\\\/www.notibras.com\\\/site\\\/contran-permite-que-motoristas-cancelem-proprias-carteiras\\\/\"},\"wordCount\":442,\"publisher\":{\"@id\":\"https:\\\/\\\/www.notibras.com\\\/site\\\/#organization\"},\"image\":{\"@id\":\"https:\\\/\\\/www.notibras.com\\\/site\\\/contran-permite-que-motoristas-cancelem-proprias-carteiras\\\/#primaryimage\"},\"thumbnailUrl\":\"https:\\\/\\\/www.notibras.com\\\/site\\\/wp-content\\\/uploads\\\/2024\\\/05\\\/chnvolta.webp\",\"articleSection\":[\"Quadradinho em Foco\"],\"inLanguage\":\"pt-BR\"},{\"@type\":\"WebPage\",\"@id\":\"https:\\\/\\\/www.notibras.com\\\/site\\\/contran-permite-que-motoristas-cancelem-proprias-carteiras\\\/\",\"url\":\"https:\\\/\\\/www.notibras.com\\\/site\\\/contran-permite-que-motoristas-cancelem-proprias-carteiras\\\/\",\"name\":\"Contran permite que motoristas cancelem pr\u00f3prias carteiras - Notibras\",\"isPartOf\":{\"@id\":\"https:\\\/\\\/www.notibras.com\\\/site\\\/#website\"},\"primaryImageOfPage\":{\"@id\":\"https:\\\/\\\/www.notibras.com\\\/site\\\/contran-permite-que-motoristas-cancelem-proprias-carteiras\\\/#primaryimage\"},\"image\":{\"@id\":\"https:\\\/\\\/www.notibras.com\\\/site\\\/contran-permite-que-motoristas-cancelem-proprias-carteiras\\\/#primaryimage\"},\"thumbnailUrl\":\"https:\\\/\\\/www.notibras.com\\\/site\\\/wp-content\\\/uploads\\\/2024\\\/05\\\/chnvolta.webp\",\"datePublished\":\"2024-05-01T03:00:01+00:00\",\"dateModified\":\"2024-05-01T10:51:00+00:00\",\"breadcrumb\":{\"@id\":\"https:\\\/\\\/www.notibras.com\\\/site\\\/contran-permite-que-motoristas-cancelem-proprias-carteiras\\\/#breadcrumb\"},\"inLanguage\":\"pt-BR\",\"potentialAction\":[{\"@type\":\"ReadAction\",\"target\":[\"https:\\\/\\\/www.notibras.com\\\/site\\\/contran-permite-que-motoristas-cancelem-proprias-carteiras\\\/\"]}]},{\"@type\":\"ImageObject\",\"inLanguage\":\"pt-BR\",\"@id\":\"https:\\\/\\\/www.notibras.com\\\/site\\\/contran-permite-que-motoristas-cancelem-proprias-carteiras\\\/#primaryimage\",\"url\":\"https:\\\/\\\/www.notibras.com\\\/site\\\/wp-content\\\/uploads\\\/2024\\\/05\\\/chnvolta.webp\",\"contentUrl\":\"https:\\\/\\\/www.notibras.com\\\/site\\\/wp-content\\\/uploads\\\/2024\\\/05\\\/chnvolta.webp\",\"width\":1170,\"height\":700},{\"@type\":\"BreadcrumbList\",\"@id\":\"https:\\\/\\\/www.notibras.com\\\/site\\\/contran-permite-que-motoristas-cancelem-proprias-carteiras\\\/#breadcrumb\",\"itemListElement\":[{\"@type\":\"ListItem\",\"position\":1,\"name\":\"In\u00edcio\",\"item\":\"https:\\\/\\\/www.notibras.com\\\/site\\\/\"},{\"@type\":\"ListItem\",\"position\":2,\"name\":\"Contran permite que motoristas cancelem pr\u00f3prias carteiras\"}]},{\"@type\":\"WebSite\",\"@id\":\"https:\\\/\\\/www.notibras.com\\\/site\\\/#website\",\"url\":\"https:\\\/\\\/www.notibras.com\\\/site\\\/\",\"name\":\"Notibras\",\"description\":\"Not\u00edcias de Bras\u00edlia, do Brasil e do Mundo\",\"publisher\":{\"@id\":\"https:\\\/\\\/www.notibras.com\\\/site\\\/#organization\"},\"potentialAction\":[{\"@type\":\"SearchAction\",\"target\":{\"@type\":\"EntryPoint\",\"urlTemplate\":\"https:\\\/\\\/www.notibras.com\\\/site\\\/?s={search_term_string}\"},\"query-input\":{\"@type\":\"PropertyValueSpecification\",\"valueRequired\":true,\"valueName\":\"search_term_string\"}}],\"inLanguage\":\"pt-BR\"},{\"@type\":\"Organization\",\"@id\":\"https:\\\/\\\/www.notibras.com\\\/site\\\/#organization\",\"name\":\"Grupo Notibras de Comunica\u00e7\u00e3o\",\"url\":\"https:\\\/\\\/www.notibras.com\\\/site\\\/\",\"logo\":{\"@type\":\"ImageObject\",\"inLanguage\":\"pt-BR\",\"@id\":\"https:\\\/\\\/www.notibras.com\\\/site\\\/#\\\/schema\\\/logo\\\/image\\\/\",\"url\":\"https:\\\/\\\/www.notibras.com\\\/site\\\/wp-content\\\/uploads\\\/2023\\\/01\\\/notibras23.png\",\"contentUrl\":\"https:\\\/\\\/www.notibras.com\\\/site\\\/wp-content\\\/uploads\\\/2023\\\/01\\\/notibras23.png\",\"width\":350,\"height\":87,\"caption\":\"Grupo Notibras de Comunica\u00e7\u00e3o\"},\"image\":{\"@id\":\"https:\\\/\\\/www.notibras.com\\\/site\\\/#\\\/schema\\\/logo\\\/image\\\/\"},\"sameAs\":[\"https:\\\/\\\/www.facebook.com\\\/notibras\\\/\",\"https:\\\/\\\/x.com\\\/Notibras\",\"https:\\\/\\\/www.instagram.com\\\/notibras\\\/\"]},{\"@type\":\"Person\",\"@id\":\"https:\\\/\\\/www.notibras.com\\\/site\\\/#\\\/schema\\\/person\\\/36ab0979449956132d3e5b517ea76ac8\",\"name\":\"Reda\u00e7\u00e3o\",\"image\":{\"@type\":\"ImageObject\",\"inLanguage\":\"pt-BR\",\"@id\":\"https:\\\/\\\/secure.gravatar.com\\\/avatar\\\/e0a867bdedb85fd243eadf09663511f96fc81e0720a4a42581f334ad4303aa6b?s=96&d=mm&r=g\",\"url\":\"https:\\\/\\\/secure.gravatar.com\\\/avatar\\\/e0a867bdedb85fd243eadf09663511f96fc81e0720a4a42581f334ad4303aa6b?s=96&d=mm&r=g\",\"contentUrl\":\"https:\\\/\\\/secure.gravatar.com\\\/avatar\\\/e0a867bdedb85fd243eadf09663511f96fc81e0720a4a42581f334ad4303aa6b?s=96&d=mm&r=g\",\"caption\":\"Reda\u00e7\u00e3o\"}}]}<\/script>\n<!-- \/ Yoast SEO plugin. -->","yoast_head_json":{"title":"Contran permite que motoristas cancelem pr\u00f3prias carteiras - Notibras","robots":{"index":"index","follow":"follow","max-snippet":"max-snippet:-1","max-image-preview":"max-image-preview:large","max-video-preview":"max-video-preview:-1"},"canonical":"https:\/\/www.notibras.com\/site\/contran-permite-que-motoristas-cancelem-proprias-carteiras\/","og_locale":"pt_BR","og_type":"article","og_title":"Contran permite que motoristas cancelem pr\u00f3prias carteiras - Notibras","og_description":"O Conselho Nacional de Tr\u00e2nsito (Contran), vinculado ao Minist\u00e9rio dos Transportes, publicou uma resolu\u00e7\u00e3o que permite aos motoristas solicitar o cancelamento da pr\u00f3pria Carteira Nacional de Tr\u00e2nsito (CNH) sem a necessidade de apresentar motiva\u00e7\u00e3o, no Detran. Uma CNH comprova que o condutor est\u00e1 apto a dirigir ve\u00edculos para os quais est\u00e1 habilitado em todo territ\u00f3rio [&hellip;]","og_url":"https:\/\/www.notibras.com\/site\/contran-permite-que-motoristas-cancelem-proprias-carteiras\/","og_site_name":"Notibras","article_publisher":"https:\/\/www.facebook.com\/notibras\/","article_published_time":"2024-05-01T03:00:01+00:00","article_modified_time":"2024-05-01T10:51:00+00:00","og_image":[{"width":1170,"height":700,"url":"https:\/\/www.notibras.com\/site\/wp-content\/uploads\/2024\/05\/chnvolta.webp","type":"image\/webp"}],"author":"Reda\u00e7\u00e3o","twitter_card":"summary_large_image","twitter_creator":"@Notibras","twitter_site":"@Notibras","twitter_misc":{"Escrito por":"Reda\u00e7\u00e3o","Est. tempo de leitura":"3 minutos"},"schema":{"@context":"https:\/\/schema.org","@graph":[{"@type":"Article","@id":"https:\/\/www.notibras.com\/site\/contran-permite-que-motoristas-cancelem-proprias-carteiras\/#article","isPartOf":{"@id":"https:\/\/www.notibras.com\/site\/contran-permite-que-motoristas-cancelem-proprias-carteiras\/"},"author":{"name":"Reda\u00e7\u00e3o","@id":"https:\/\/www.notibras.com\/site\/#\/schema\/person\/36ab0979449956132d3e5b517ea76ac8"},"headline":"Contran permite que motoristas cancelem pr\u00f3prias carteiras","datePublished":"2024-05-01T03:00:01+00:00","dateModified":"2024-05-01T10:51:00+00:00","mainEntityOfPage":{"@id":"https:\/\/www.notibras.com\/site\/contran-permite-que-motoristas-cancelem-proprias-carteiras\/"},"wordCount":442,"publisher":{"@id":"https:\/\/www.notibras.com\/site\/#organization"},"image":{"@id":"https:\/\/www.notibras.com\/site\/contran-permite-que-motoristas-cancelem-proprias-carteiras\/#primaryimage"},"thumbnailUrl":"https:\/\/www.notibras.com\/site\/wp-content\/uploads\/2024\/05\/chnvolta.webp","articleSection":["Quadradinho em Foco"],"inLanguage":"pt-BR"},{"@type":"WebPage","@id":"https:\/\/www.notibras.com\/site\/contran-permite-que-motoristas-cancelem-proprias-carteiras\/","url":"https:\/\/www.notibras.com\/site\/contran-permite-que-motoristas-cancelem-proprias-carteiras\/","name":"Contran permite que motoristas cancelem pr\u00f3prias carteiras - Notibras","isPartOf":{"@id":"https:\/\/www.notibras.com\/site\/#website"},"primaryImageOfPage":{"@id":"https:\/\/www.notibras.com\/site\/contran-permite-que-motoristas-cancelem-proprias-carteiras\/#primaryimage"},"image":{"@id":"https:\/\/www.notibras.com\/site\/contran-permite-que-motoristas-cancelem-proprias-carteiras\/#primaryimage"},"thumbnailUrl":"https:\/\/www.notibras.com\/site\/wp-content\/uploads\/2024\/05\/chnvolta.webp","datePublished":"2024-05-01T03:00:01+00:00","dateModified":"2024-05-01T10:51:00+00:00","breadcrumb":{"@id":"https:\/\/www.notibras.com\/site\/contran-permite-que-motoristas-cancelem-proprias-carteiras\/#breadcrumb"},"inLanguage":"pt-BR","potentialAction":[{"@type":"ReadAction","target":["https:\/\/www.notibras.com\/site\/contran-permite-que-motoristas-cancelem-proprias-carteiras\/"]}]},{"@type":"ImageObject","inLanguage":"pt-BR","@id":"https:\/\/www.notibras.com\/site\/contran-permite-que-motoristas-cancelem-proprias-carteiras\/#primaryimage","url":"https:\/\/www.notibras.com\/site\/wp-content\/uploads\/2024\/05\/chnvolta.webp","contentUrl":"https:\/\/www.notibras.com\/site\/wp-content\/uploads\/2024\/05\/chnvolta.webp","width":1170,"height":700},{"@type":"BreadcrumbList","@id":"https:\/\/www.notibras.com\/site\/contran-permite-que-motoristas-cancelem-proprias-carteiras\/#breadcrumb","itemListElement":[{"@type":"ListItem","position":1,"name":"In\u00edcio","item":"https:\/\/www.notibras.com\/site\/"},{"@type":"ListItem","position":2,"name":"Contran permite que motoristas cancelem pr\u00f3prias carteiras"}]},{"@type":"WebSite","@id":"https:\/\/www.notibras.com\/site\/#website","url":"https:\/\/www.notibras.com\/site\/","name":"Notibras","description":"Not\u00edcias de Bras\u00edlia, do Brasil e do Mundo","publisher":{"@id":"https:\/\/www.notibras.com\/site\/#organization"},"potentialAction":[{"@type":"SearchAction","target":{"@type":"EntryPoint","urlTemplate":"https:\/\/www.notibras.com\/site\/?s={search_term_string}"},"query-input":{"@type":"PropertyValueSpecification","valueRequired":true,"valueName":"search_term_string"}}],"inLanguage":"pt-BR"},{"@type":"Organization","@id":"https:\/\/www.notibras.com\/site\/#organization","name":"Grupo Notibras de Comunica\u00e7\u00e3o","url":"https:\/\/www.notibras.com\/site\/","logo":{"@type":"ImageObject","inLanguage":"pt-BR","@id":"https:\/\/www.notibras.com\/site\/#\/schema\/logo\/image\/","url":"https:\/\/www.notibras.com\/site\/wp-content\/uploads\/2023\/01\/notibras23.png","contentUrl":"https:\/\/www.notibras.com\/site\/wp-content\/uploads\/2023\/01\/notibras23.png","width":350,"height":87,"caption":"Grupo Notibras de Comunica\u00e7\u00e3o"},"image":{"@id":"https:\/\/www.notibras.com\/site\/#\/schema\/logo\/image\/"},"sameAs":["https:\/\/www.facebook.com\/notibras\/","https:\/\/x.com\/Notibras","https:\/\/www.instagram.com\/notibras\/"]},{"@type":"Person","@id":"https:\/\/www.notibras.com\/site\/#\/schema\/person\/36ab0979449956132d3e5b517ea76ac8","name":"Reda\u00e7\u00e3o","image":{"@type":"ImageObject","inLanguage":"pt-BR","@id":"https:\/\/secure.gravatar.com\/avatar\/e0a867bdedb85fd243eadf09663511f96fc81e0720a4a42581f334ad4303aa6b?s=96&d=mm&r=g","url":"https:\/\/secure.gravatar.com\/avatar\/e0a867bdedb85fd243eadf09663511f96fc81e0720a4a42581f334ad4303aa6b?s=96&d=mm&r=g","contentUrl":"https:\/\/secure.gravatar.com\/avatar\/e0a867bdedb85fd243eadf09663511f96fc81e0720a4a42581f334ad4303aa6b?s=96&d=mm&r=g","caption":"Reda\u00e7\u00e3o"}}]}},"amp_enabled":true,"_links":{"self":[{"href":"https:\/\/www.notibras.com\/site\/wp-json\/wp\/v2\/posts\/327795","targetHints":{"allow":["GET"]}}],"collection":[{"href":"https:\/\/www.notibras.com\/site\/wp-json\/wp\/v2\/posts"}],"about":[{"href":"https:\/\/www.notibras.com\/site\/wp-json\/wp\/v2\/types\/post"}],"author":[{"embeddable":true,"href":"https:\/\/www.notibras.com\/site\/wp-json\/wp\/v2\/users\/2"}],"replies":[{"embeddable":true,"href":"https:\/\/www.notibras.com\/site\/wp-json\/wp\/v2\/comments?post=327795"}],"version-history":[{"count":1,"href":"https:\/\/www.notibras.com\/site\/wp-json\/wp\/v2\/posts\/327795\/revisions"}],"predecessor-version":[{"id":327797,"href":"https:\/\/www.notibras.com\/site\/wp-json\/wp\/v2\/posts\/327795\/revisions\/327797"}],"wp:featuredmedia":[{"embeddable":true,"href":"https:\/\/www.notibras.com\/site\/wp-json\/wp\/v2\/media\/327796"}],"wp:attachment":[{"href":"https:\/\/www.notibras.com\/site\/wp-json\/wp\/v2\/media?parent=327795"}],"wp:term":[{"taxonomy":"category","embeddable":true,"href":"https:\/\/www.notibras.com\/site\/wp-json\/wp\/v2\/categories?post=327795"},{"taxonomy":"post_tag","embeddable":true,"href":"https:\/\/www.notibras.com\/site\/wp-json\/wp\/v2\/tags?post=327795"}],"curies":[{"name":"wp","href":"https:\/\/api.w.org\/{rel}","templated":true}]}}