{"id":327801,"date":"2024-05-01T08:14:46","date_gmt":"2024-05-01T11:14:46","guid":{"rendered":"https:\/\/www.notibras.com\/site\/?p=327801"},"modified":"2024-05-01T08:24:02","modified_gmt":"2024-05-01T11:24:02","slug":"canto-do-galo-de-madrugada-lembra-paz-do-arruaceiro","status":"publish","type":"post","link":"https:\/\/www.notibras.com\/site\/canto-do-galo-de-madrugada-lembra-paz-do-arruaceiro\/","title":{"rendered":"Canto do galo de madrugada lembra paz do arruaceiro"},"content":{"rendered":"<p>Atipicamente, acordo com o pequeno rel\u00f3gio do receptor de TV marcando 4h29. Sua t\u00eanue luz verde \u00e9 o \u00fanico ponto que enxergo no quarto completamente escuro. Tive um sonho no qual estava na cidade de Caxambu procurando lugares por mim bem conhecidos, mas tudo era diferente e constru\u00eddo em outro estilo. A noite e uma tempestade se aproximavam e eu precisava chegar onde estava hospedado, mas n\u00e3o encontrava o caminho. O cora\u00e7\u00e3o bate forte.<\/p>\n<p>De repente, ou\u00e7o o canto de um galo. Estou realmente desperto? Sem d\u00favidas, a ave n\u00e3o habita o territ\u00f3rio do sonho. N\u00e3o se encontra muito distante. Estou no Rio de Janeiro, zona norte. Quem, nas redondezas, estar\u00e1 criando um galo? A esta hora, habitualmente, estou dormindo profundamente. N\u00e3o me recordo da \u00faltima vez em que acordei t\u00e3o cedo, e hoje abro os olhos bem na hora do canto desse vizinho misterioso. Sua voz \u00e9 um chamado da mem\u00f3ria. Imediatamente, por seus fios, me conecto a tempos passados, quando, de f\u00e9rias na casa do meu av\u00f4 materno, era quase sempre despertado pelo canto de seus galos no quintal. Bastava um come\u00e7ar para os outros, a seu turno, responderem num sucessivo coro de vozes t\u00e3o bem conhecidas.<\/p>\n<p>No agora, tenho sede. Vou \u00e0 cozinha beber um copo d\u2019\u00e1gua e Juca, meu gato companheiro, tamb\u00e9m acorda e vai caminhando por entre minhas pernas, miando, com seus grandes olhos azuis arregalados. Se ele soubesse falar a minha l\u00edngua, n\u00e3o sei se daria bom-dia antes de me pedir que completasse seu pote de ra\u00e7\u00e3o.<\/p>\n<p>Sorvo a \u00e1gua gelada e lembro que, se estivesse na casa do meu av\u00f4, no passado, beberia Salut\u00e1ris, que era uma marca de \u00e1gua mineral engarrafada na cidade de Para\u00edba do Sul, muito tradicional, que ele sempre comprava e deixava \u00e0 disposi\u00e7\u00e3o quando \u00edamos passar temporadas por l\u00e1.<\/p>\n<p>N\u00e3o raro, sonho que estou, \u00e0 noite, naquela casa, e preciso transitar entre o quintal e a cozinha. Tudo est\u00e1 absolutamente vazio e sinto frio. Tenho uma sensa\u00e7\u00e3o estranha de pressa, de solid\u00e3o. Tento encontrar algo de que preciso, procuro nas gavetas da c\u00f4moda no quarto de meu av\u00f4, n\u00e3o acho. Bebo Salut\u00e1ris diretamente de uma garrafa de vidro. A \u00e1gua \u00e9 gasosa e suave. Como interpretar este sonho e seus s\u00edmbolos?<\/p>\n<p>J\u00e1 estou de regresso \u00e0 cama, e as lembran\u00e7as v\u00e3o avan\u00e7ando. Meu av\u00f4 criava aqueles animais por uma raz\u00e3o nada nobre: frequentava rinhas de galo. Era, inclusive, juiz nas disputas, conhecido em toda a regi\u00e3o. Nascera em 1915 e fez isso desde a adolesc\u00eancia. Aos domingos, arrumava-se impecavelmente e sa\u00eda com seus amigos Rui e Carlinhos, no Fusca azul-escuro de um deles \u2013 n\u00e3o me recordo de qual \u2013 em dire\u00e7\u00e3o \u00e0 arena onde os animais disputariam. J\u00e1 n\u00e3o se admitia que fosse uma luta sangrenta, pois era suspensa se algum animal se ferisse. As esporas ficavam protegidas e vedava-se o cruel expediente de um aplique afiado de metal, encaixado sobre o bico superior da ave, para afligir ainda mais seu oponente. Meu av\u00f4 levava sempre dois ou tr\u00eas galos com ele, seus ou de outros \u201cgalistas\u201d que confiavam campe\u00f5es aos seus cuidados.<\/p>\n<p>Havia em Para\u00edba do Sul, naquela \u00e9poca, um homem muito rico, com fama de arruaceiro e malvado. Quando sa\u00edamos para ver na rua o movimento de carnaval, ele estava sempre por l\u00e1, l\u00edder de um bando. Onde passavam, todos em volta se afastavam e abria-se o caminho, pois as pessoas o temiam. Uma cruzada de olhares de que o homem n\u00e3o gostasse era suficiente para um desafio ou uma briga. Ele dirigia um Ford Landau preto.<\/p>\n<p>Um dia, o Landau estacionou em frente ao beco onde ficava a casa de meu av\u00f4. Eu, que brincava por ali, no jardim, com um caminh\u00e3ozinho verde de pl\u00e1stico de que muito gostava, carregando areia em sua ca\u00e7amba e construindo estradas, reconheci imediatamente o tal brig\u00e3o saindo do comprido autom\u00f3vel. Ele entrou pelo beco e veio em minha dire\u00e7\u00e3o, chap\u00e9u de abas largas na cabe\u00e7a. Ao chegar perto, indagou-me gentilmente:<\/p>\n<p>&#8211; \u00d4 menino, voc\u00ea \u00e9 neto do Sr. Waldemar?<\/p>\n<p>Respondi afirmativamente e ele:<\/p>\n<p>&#8211; Pode ir chamar ele para mim, por favor?<\/p>\n<p>Atendi ao pedido e, logo depois, presenciei a conversa de ambos. Temido na cidade por seus arroubos, ali o cidad\u00e3o se mostrava completamente normal e conversava, de forma amena e respeitosa, com meu av\u00f4, pedindo ensinamentos sobre cria\u00e7\u00e3o e treinamento de galos, perguntando se ele n\u00e3o tinha algum campe\u00e3o para vender-lhe. Soube, tempos depois, que meu av\u00f4 cuidou, em seu quintal, de v\u00e1rios galos desse homem, que valiam uma pequena fortuna.<\/p>\n<p>Antes de adormecer de novo para acordar daqui a algumas horas, espanto-me a pensar em como o simples canto solit\u00e1rio de um galo desconhecido, t\u00e3o fora de lugar, no fundo da madrugada, \u00e9 capaz de despertar essas mem\u00f3rias e retirar do fundo de meu esp\u00edrito cenas remotas, a ponto de lembrar, em detalhes, at\u00e9 mesmo do caminh\u00e3ozinho verde h\u00e1 tantos anos desaparecido.<\/p>\n","protected":false},"excerpt":{"rendered":"<p>Atipicamente, acordo com o pequeno rel\u00f3gio do receptor de TV marcando 4h29. Sua t\u00eanue luz verde \u00e9 o \u00fanico ponto que enxergo no quarto completamente escuro. Tive um sonho no qual estava na cidade de Caxambu procurando lugares por mim bem conhecidos, mas tudo era diferente e constru\u00eddo em outro estilo. A noite e uma [&hellip;]<\/p>\n","protected":false},"author":2,"featured_media":327802,"comment_status":"closed","ping_status":"closed","sticky":false,"template":"","format":"standard","meta":{"_acf_changed":false,"footnotes":""},"categories":[161],"tags":[],"class_list":["post-327801","post","type-post","status-publish","format-standard","has-post-thumbnail","hentry","category-quadradinho-em-foco"],"acf":[],"yoast_head":"<!-- This site is optimized with the Yoast SEO plugin v27.5 - https:\/\/yoast.com\/product\/yoast-seo-wordpress\/ -->\n<title>Canto do galo de madrugada lembra paz do arruaceiro - Notibras<\/title>\n<meta name=\"robots\" content=\"index, follow, max-snippet:-1, max-image-preview:large, max-video-preview:-1\" \/>\n<link rel=\"canonical\" href=\"https:\/\/www.notibras.com\/site\/canto-do-galo-de-madrugada-lembra-paz-do-arruaceiro\/\" \/>\n<meta property=\"og:locale\" content=\"pt_BR\" \/>\n<meta property=\"og:type\" content=\"article\" \/>\n<meta property=\"og:title\" content=\"Canto do galo de madrugada lembra paz do arruaceiro - Notibras\" \/>\n<meta property=\"og:description\" content=\"Atipicamente, acordo com o pequeno rel\u00f3gio do receptor de TV marcando 4h29. Sua t\u00eanue luz verde \u00e9 o \u00fanico ponto que enxergo no quarto completamente escuro. Tive um sonho no qual estava na cidade de Caxambu procurando lugares por mim bem conhecidos, mas tudo era diferente e constru\u00eddo em outro estilo. A noite e uma [&hellip;]\" \/>\n<meta property=\"og:url\" content=\"https:\/\/www.notibras.com\/site\/canto-do-galo-de-madrugada-lembra-paz-do-arruaceiro\/\" \/>\n<meta property=\"og:site_name\" content=\"Notibras\" \/>\n<meta property=\"article:publisher\" content=\"https:\/\/www.facebook.com\/notibras\/\" \/>\n<meta property=\"article:published_time\" content=\"2024-05-01T11:14:46+00:00\" \/>\n<meta property=\"article:modified_time\" content=\"2024-05-01T11:24:02+00:00\" \/>\n<meta property=\"og:image\" content=\"https:\/\/www.notibras.com\/site\/wp-content\/uploads\/2024\/05\/e7fc3273-013f-4389-bd19-2b68caa64e88.jpeg\" \/>\n\t<meta property=\"og:image:width\" content=\"1024\" \/>\n\t<meta property=\"og:image:height\" content=\"1024\" \/>\n\t<meta property=\"og:image:type\" content=\"image\/jpeg\" \/>\n<meta name=\"author\" content=\"Reda\u00e7\u00e3o\" \/>\n<meta name=\"twitter:card\" content=\"summary_large_image\" \/>\n<meta name=\"twitter:creator\" content=\"@Notibras\" \/>\n<meta name=\"twitter:site\" content=\"@Notibras\" \/>\n<meta name=\"twitter:label1\" content=\"Escrito por\" \/>\n\t<meta name=\"twitter:data1\" content=\"Reda\u00e7\u00e3o\" \/>\n\t<meta name=\"twitter:label2\" content=\"Est. tempo de leitura\" \/>\n\t<meta name=\"twitter:data2\" content=\"5 minutos\" \/>\n<script type=\"application\/ld+json\" class=\"yoast-schema-graph\">{\"@context\":\"https:\\\/\\\/schema.org\",\"@graph\":[{\"@type\":\"Article\",\"@id\":\"https:\\\/\\\/www.notibras.com\\\/site\\\/canto-do-galo-de-madrugada-lembra-paz-do-arruaceiro\\\/#article\",\"isPartOf\":{\"@id\":\"https:\\\/\\\/www.notibras.com\\\/site\\\/canto-do-galo-de-madrugada-lembra-paz-do-arruaceiro\\\/\"},\"author\":{\"name\":\"Reda\u00e7\u00e3o\",\"@id\":\"https:\\\/\\\/www.notibras.com\\\/site\\\/#\\\/schema\\\/person\\\/36ab0979449956132d3e5b517ea76ac8\"},\"headline\":\"Canto do galo de madrugada lembra paz do arruaceiro\",\"datePublished\":\"2024-05-01T11:14:46+00:00\",\"dateModified\":\"2024-05-01T11:24:02+00:00\",\"mainEntityOfPage\":{\"@id\":\"https:\\\/\\\/www.notibras.com\\\/site\\\/canto-do-galo-de-madrugada-lembra-paz-do-arruaceiro\\\/\"},\"wordCount\":877,\"publisher\":{\"@id\":\"https:\\\/\\\/www.notibras.com\\\/site\\\/#organization\"},\"image\":{\"@id\":\"https:\\\/\\\/www.notibras.com\\\/site\\\/canto-do-galo-de-madrugada-lembra-paz-do-arruaceiro\\\/#primaryimage\"},\"thumbnailUrl\":\"https:\\\/\\\/www.notibras.com\\\/site\\\/wp-content\\\/uploads\\\/2024\\\/05\\\/e7fc3273-013f-4389-bd19-2b68caa64e88.jpeg\",\"articleSection\":[\"Quadradinho em Foco\"],\"inLanguage\":\"pt-BR\"},{\"@type\":\"WebPage\",\"@id\":\"https:\\\/\\\/www.notibras.com\\\/site\\\/canto-do-galo-de-madrugada-lembra-paz-do-arruaceiro\\\/\",\"url\":\"https:\\\/\\\/www.notibras.com\\\/site\\\/canto-do-galo-de-madrugada-lembra-paz-do-arruaceiro\\\/\",\"name\":\"Canto do galo de madrugada lembra paz do arruaceiro - Notibras\",\"isPartOf\":{\"@id\":\"https:\\\/\\\/www.notibras.com\\\/site\\\/#website\"},\"primaryImageOfPage\":{\"@id\":\"https:\\\/\\\/www.notibras.com\\\/site\\\/canto-do-galo-de-madrugada-lembra-paz-do-arruaceiro\\\/#primaryimage\"},\"image\":{\"@id\":\"https:\\\/\\\/www.notibras.com\\\/site\\\/canto-do-galo-de-madrugada-lembra-paz-do-arruaceiro\\\/#primaryimage\"},\"thumbnailUrl\":\"https:\\\/\\\/www.notibras.com\\\/site\\\/wp-content\\\/uploads\\\/2024\\\/05\\\/e7fc3273-013f-4389-bd19-2b68caa64e88.jpeg\",\"datePublished\":\"2024-05-01T11:14:46+00:00\",\"dateModified\":\"2024-05-01T11:24:02+00:00\",\"breadcrumb\":{\"@id\":\"https:\\\/\\\/www.notibras.com\\\/site\\\/canto-do-galo-de-madrugada-lembra-paz-do-arruaceiro\\\/#breadcrumb\"},\"inLanguage\":\"pt-BR\",\"potentialAction\":[{\"@type\":\"ReadAction\",\"target\":[\"https:\\\/\\\/www.notibras.com\\\/site\\\/canto-do-galo-de-madrugada-lembra-paz-do-arruaceiro\\\/\"]}]},{\"@type\":\"ImageObject\",\"inLanguage\":\"pt-BR\",\"@id\":\"https:\\\/\\\/www.notibras.com\\\/site\\\/canto-do-galo-de-madrugada-lembra-paz-do-arruaceiro\\\/#primaryimage\",\"url\":\"https:\\\/\\\/www.notibras.com\\\/site\\\/wp-content\\\/uploads\\\/2024\\\/05\\\/e7fc3273-013f-4389-bd19-2b68caa64e88.jpeg\",\"contentUrl\":\"https:\\\/\\\/www.notibras.com\\\/site\\\/wp-content\\\/uploads\\\/2024\\\/05\\\/e7fc3273-013f-4389-bd19-2b68caa64e88.jpeg\",\"width\":1024,\"height\":1024},{\"@type\":\"BreadcrumbList\",\"@id\":\"https:\\\/\\\/www.notibras.com\\\/site\\\/canto-do-galo-de-madrugada-lembra-paz-do-arruaceiro\\\/#breadcrumb\",\"itemListElement\":[{\"@type\":\"ListItem\",\"position\":1,\"name\":\"In\u00edcio\",\"item\":\"https:\\\/\\\/www.notibras.com\\\/site\\\/\"},{\"@type\":\"ListItem\",\"position\":2,\"name\":\"Canto do galo de madrugada lembra paz do arruaceiro\"}]},{\"@type\":\"WebSite\",\"@id\":\"https:\\\/\\\/www.notibras.com\\\/site\\\/#website\",\"url\":\"https:\\\/\\\/www.notibras.com\\\/site\\\/\",\"name\":\"Notibras\",\"description\":\"Not\u00edcias de Bras\u00edlia, do Brasil e do Mundo\",\"publisher\":{\"@id\":\"https:\\\/\\\/www.notibras.com\\\/site\\\/#organization\"},\"potentialAction\":[{\"@type\":\"SearchAction\",\"target\":{\"@type\":\"EntryPoint\",\"urlTemplate\":\"https:\\\/\\\/www.notibras.com\\\/site\\\/?s={search_term_string}\"},\"query-input\":{\"@type\":\"PropertyValueSpecification\",\"valueRequired\":true,\"valueName\":\"search_term_string\"}}],\"inLanguage\":\"pt-BR\"},{\"@type\":\"Organization\",\"@id\":\"https:\\\/\\\/www.notibras.com\\\/site\\\/#organization\",\"name\":\"Grupo Notibras de Comunica\u00e7\u00e3o\",\"url\":\"https:\\\/\\\/www.notibras.com\\\/site\\\/\",\"logo\":{\"@type\":\"ImageObject\",\"inLanguage\":\"pt-BR\",\"@id\":\"https:\\\/\\\/www.notibras.com\\\/site\\\/#\\\/schema\\\/logo\\\/image\\\/\",\"url\":\"https:\\\/\\\/www.notibras.com\\\/site\\\/wp-content\\\/uploads\\\/2023\\\/01\\\/notibras23.png\",\"contentUrl\":\"https:\\\/\\\/www.notibras.com\\\/site\\\/wp-content\\\/uploads\\\/2023\\\/01\\\/notibras23.png\",\"width\":350,\"height\":87,\"caption\":\"Grupo Notibras de Comunica\u00e7\u00e3o\"},\"image\":{\"@id\":\"https:\\\/\\\/www.notibras.com\\\/site\\\/#\\\/schema\\\/logo\\\/image\\\/\"},\"sameAs\":[\"https:\\\/\\\/www.facebook.com\\\/notibras\\\/\",\"https:\\\/\\\/x.com\\\/Notibras\",\"https:\\\/\\\/www.instagram.com\\\/notibras\\\/\"]},{\"@type\":\"Person\",\"@id\":\"https:\\\/\\\/www.notibras.com\\\/site\\\/#\\\/schema\\\/person\\\/36ab0979449956132d3e5b517ea76ac8\",\"name\":\"Reda\u00e7\u00e3o\",\"image\":{\"@type\":\"ImageObject\",\"inLanguage\":\"pt-BR\",\"@id\":\"https:\\\/\\\/secure.gravatar.com\\\/avatar\\\/e0a867bdedb85fd243eadf09663511f96fc81e0720a4a42581f334ad4303aa6b?s=96&d=mm&r=g\",\"url\":\"https:\\\/\\\/secure.gravatar.com\\\/avatar\\\/e0a867bdedb85fd243eadf09663511f96fc81e0720a4a42581f334ad4303aa6b?s=96&d=mm&r=g\",\"contentUrl\":\"https:\\\/\\\/secure.gravatar.com\\\/avatar\\\/e0a867bdedb85fd243eadf09663511f96fc81e0720a4a42581f334ad4303aa6b?s=96&d=mm&r=g\",\"caption\":\"Reda\u00e7\u00e3o\"}}]}<\/script>\n<!-- \/ Yoast SEO plugin. -->","yoast_head_json":{"title":"Canto do galo de madrugada lembra paz do arruaceiro - Notibras","robots":{"index":"index","follow":"follow","max-snippet":"max-snippet:-1","max-image-preview":"max-image-preview:large","max-video-preview":"max-video-preview:-1"},"canonical":"https:\/\/www.notibras.com\/site\/canto-do-galo-de-madrugada-lembra-paz-do-arruaceiro\/","og_locale":"pt_BR","og_type":"article","og_title":"Canto do galo de madrugada lembra paz do arruaceiro - Notibras","og_description":"Atipicamente, acordo com o pequeno rel\u00f3gio do receptor de TV marcando 4h29. Sua t\u00eanue luz verde \u00e9 o \u00fanico ponto que enxergo no quarto completamente escuro. Tive um sonho no qual estava na cidade de Caxambu procurando lugares por mim bem conhecidos, mas tudo era diferente e constru\u00eddo em outro estilo. A noite e uma [&hellip;]","og_url":"https:\/\/www.notibras.com\/site\/canto-do-galo-de-madrugada-lembra-paz-do-arruaceiro\/","og_site_name":"Notibras","article_publisher":"https:\/\/www.facebook.com\/notibras\/","article_published_time":"2024-05-01T11:14:46+00:00","article_modified_time":"2024-05-01T11:24:02+00:00","og_image":[{"width":1024,"height":1024,"url":"https:\/\/www.notibras.com\/site\/wp-content\/uploads\/2024\/05\/e7fc3273-013f-4389-bd19-2b68caa64e88.jpeg","type":"image\/jpeg"}],"author":"Reda\u00e7\u00e3o","twitter_card":"summary_large_image","twitter_creator":"@Notibras","twitter_site":"@Notibras","twitter_misc":{"Escrito por":"Reda\u00e7\u00e3o","Est. tempo de leitura":"5 minutos"},"schema":{"@context":"https:\/\/schema.org","@graph":[{"@type":"Article","@id":"https:\/\/www.notibras.com\/site\/canto-do-galo-de-madrugada-lembra-paz-do-arruaceiro\/#article","isPartOf":{"@id":"https:\/\/www.notibras.com\/site\/canto-do-galo-de-madrugada-lembra-paz-do-arruaceiro\/"},"author":{"name":"Reda\u00e7\u00e3o","@id":"https:\/\/www.notibras.com\/site\/#\/schema\/person\/36ab0979449956132d3e5b517ea76ac8"},"headline":"Canto do galo de madrugada lembra paz do arruaceiro","datePublished":"2024-05-01T11:14:46+00:00","dateModified":"2024-05-01T11:24:02+00:00","mainEntityOfPage":{"@id":"https:\/\/www.notibras.com\/site\/canto-do-galo-de-madrugada-lembra-paz-do-arruaceiro\/"},"wordCount":877,"publisher":{"@id":"https:\/\/www.notibras.com\/site\/#organization"},"image":{"@id":"https:\/\/www.notibras.com\/site\/canto-do-galo-de-madrugada-lembra-paz-do-arruaceiro\/#primaryimage"},"thumbnailUrl":"https:\/\/www.notibras.com\/site\/wp-content\/uploads\/2024\/05\/e7fc3273-013f-4389-bd19-2b68caa64e88.jpeg","articleSection":["Quadradinho em Foco"],"inLanguage":"pt-BR"},{"@type":"WebPage","@id":"https:\/\/www.notibras.com\/site\/canto-do-galo-de-madrugada-lembra-paz-do-arruaceiro\/","url":"https:\/\/www.notibras.com\/site\/canto-do-galo-de-madrugada-lembra-paz-do-arruaceiro\/","name":"Canto do galo de madrugada lembra paz do arruaceiro - Notibras","isPartOf":{"@id":"https:\/\/www.notibras.com\/site\/#website"},"primaryImageOfPage":{"@id":"https:\/\/www.notibras.com\/site\/canto-do-galo-de-madrugada-lembra-paz-do-arruaceiro\/#primaryimage"},"image":{"@id":"https:\/\/www.notibras.com\/site\/canto-do-galo-de-madrugada-lembra-paz-do-arruaceiro\/#primaryimage"},"thumbnailUrl":"https:\/\/www.notibras.com\/site\/wp-content\/uploads\/2024\/05\/e7fc3273-013f-4389-bd19-2b68caa64e88.jpeg","datePublished":"2024-05-01T11:14:46+00:00","dateModified":"2024-05-01T11:24:02+00:00","breadcrumb":{"@id":"https:\/\/www.notibras.com\/site\/canto-do-galo-de-madrugada-lembra-paz-do-arruaceiro\/#breadcrumb"},"inLanguage":"pt-BR","potentialAction":[{"@type":"ReadAction","target":["https:\/\/www.notibras.com\/site\/canto-do-galo-de-madrugada-lembra-paz-do-arruaceiro\/"]}]},{"@type":"ImageObject","inLanguage":"pt-BR","@id":"https:\/\/www.notibras.com\/site\/canto-do-galo-de-madrugada-lembra-paz-do-arruaceiro\/#primaryimage","url":"https:\/\/www.notibras.com\/site\/wp-content\/uploads\/2024\/05\/e7fc3273-013f-4389-bd19-2b68caa64e88.jpeg","contentUrl":"https:\/\/www.notibras.com\/site\/wp-content\/uploads\/2024\/05\/e7fc3273-013f-4389-bd19-2b68caa64e88.jpeg","width":1024,"height":1024},{"@type":"BreadcrumbList","@id":"https:\/\/www.notibras.com\/site\/canto-do-galo-de-madrugada-lembra-paz-do-arruaceiro\/#breadcrumb","itemListElement":[{"@type":"ListItem","position":1,"name":"In\u00edcio","item":"https:\/\/www.notibras.com\/site\/"},{"@type":"ListItem","position":2,"name":"Canto do galo de madrugada lembra paz do arruaceiro"}]},{"@type":"WebSite","@id":"https:\/\/www.notibras.com\/site\/#website","url":"https:\/\/www.notibras.com\/site\/","name":"Notibras","description":"Not\u00edcias de Bras\u00edlia, do Brasil e do Mundo","publisher":{"@id":"https:\/\/www.notibras.com\/site\/#organization"},"potentialAction":[{"@type":"SearchAction","target":{"@type":"EntryPoint","urlTemplate":"https:\/\/www.notibras.com\/site\/?s={search_term_string}"},"query-input":{"@type":"PropertyValueSpecification","valueRequired":true,"valueName":"search_term_string"}}],"inLanguage":"pt-BR"},{"@type":"Organization","@id":"https:\/\/www.notibras.com\/site\/#organization","name":"Grupo Notibras de Comunica\u00e7\u00e3o","url":"https:\/\/www.notibras.com\/site\/","logo":{"@type":"ImageObject","inLanguage":"pt-BR","@id":"https:\/\/www.notibras.com\/site\/#\/schema\/logo\/image\/","url":"https:\/\/www.notibras.com\/site\/wp-content\/uploads\/2023\/01\/notibras23.png","contentUrl":"https:\/\/www.notibras.com\/site\/wp-content\/uploads\/2023\/01\/notibras23.png","width":350,"height":87,"caption":"Grupo Notibras de Comunica\u00e7\u00e3o"},"image":{"@id":"https:\/\/www.notibras.com\/site\/#\/schema\/logo\/image\/"},"sameAs":["https:\/\/www.facebook.com\/notibras\/","https:\/\/x.com\/Notibras","https:\/\/www.instagram.com\/notibras\/"]},{"@type":"Person","@id":"https:\/\/www.notibras.com\/site\/#\/schema\/person\/36ab0979449956132d3e5b517ea76ac8","name":"Reda\u00e7\u00e3o","image":{"@type":"ImageObject","inLanguage":"pt-BR","@id":"https:\/\/secure.gravatar.com\/avatar\/e0a867bdedb85fd243eadf09663511f96fc81e0720a4a42581f334ad4303aa6b?s=96&d=mm&r=g","url":"https:\/\/secure.gravatar.com\/avatar\/e0a867bdedb85fd243eadf09663511f96fc81e0720a4a42581f334ad4303aa6b?s=96&d=mm&r=g","contentUrl":"https:\/\/secure.gravatar.com\/avatar\/e0a867bdedb85fd243eadf09663511f96fc81e0720a4a42581f334ad4303aa6b?s=96&d=mm&r=g","caption":"Reda\u00e7\u00e3o"}}]}},"amp_enabled":true,"_links":{"self":[{"href":"https:\/\/www.notibras.com\/site\/wp-json\/wp\/v2\/posts\/327801","targetHints":{"allow":["GET"]}}],"collection":[{"href":"https:\/\/www.notibras.com\/site\/wp-json\/wp\/v2\/posts"}],"about":[{"href":"https:\/\/www.notibras.com\/site\/wp-json\/wp\/v2\/types\/post"}],"author":[{"embeddable":true,"href":"https:\/\/www.notibras.com\/site\/wp-json\/wp\/v2\/users\/2"}],"replies":[{"embeddable":true,"href":"https:\/\/www.notibras.com\/site\/wp-json\/wp\/v2\/comments?post=327801"}],"version-history":[{"count":1,"href":"https:\/\/www.notibras.com\/site\/wp-json\/wp\/v2\/posts\/327801\/revisions"}],"predecessor-version":[{"id":327803,"href":"https:\/\/www.notibras.com\/site\/wp-json\/wp\/v2\/posts\/327801\/revisions\/327803"}],"wp:featuredmedia":[{"embeddable":true,"href":"https:\/\/www.notibras.com\/site\/wp-json\/wp\/v2\/media\/327802"}],"wp:attachment":[{"href":"https:\/\/www.notibras.com\/site\/wp-json\/wp\/v2\/media?parent=327801"}],"wp:term":[{"taxonomy":"category","embeddable":true,"href":"https:\/\/www.notibras.com\/site\/wp-json\/wp\/v2\/categories?post=327801"},{"taxonomy":"post_tag","embeddable":true,"href":"https:\/\/www.notibras.com\/site\/wp-json\/wp\/v2\/tags?post=327801"}],"curies":[{"name":"wp","href":"https:\/\/api.w.org\/{rel}","templated":true}]}}