{"id":327804,"date":"2024-05-01T00:31:48","date_gmt":"2024-05-01T03:31:48","guid":{"rendered":"https:\/\/www.notibras.com\/site\/?p=327804"},"modified":"2024-05-01T08:33:43","modified_gmt":"2024-05-01T11:33:43","slug":"pre-natal-aumenta-seguranca-de-gestantes-contra-riscos-de-hipertensao","status":"publish","type":"post","link":"https:\/\/www.notibras.com\/site\/pre-natal-aumenta-seguranca-de-gestantes-contra-riscos-de-hipertensao\/","title":{"rendered":"Pr\u00e9-natal aumenta seguran\u00e7a de gestantes contra riscos de hipertens\u00e3o"},"content":{"rendered":"<p>As s\u00edndromes hipertensivas s\u00e3o complica\u00e7\u00f5es que podem surgir durante a gravidez, afetando tanto a sa\u00fade da m\u00e3e quanto a do feto. S\u00e3o condi\u00e7\u00f5es capazes de atingir gestantes de todas as idades, mas aquelas com 35 anos ou mais integram o grupo de maior risco. \u201cEssas condi\u00e7\u00f5es s\u00e3o as intercorr\u00eancias cl\u00ednicas mais comuns da gravidez. A pr\u00e9-ecl\u00e2mpsia pode acometer at\u00e9 16% das gesta\u00e7\u00f5es em todo o mundo, podendo alcan\u00e7ar, em alguns pa\u00edses de baixa renda, at\u00e9 cerca de 25% das gesta\u00e7\u00f5es. No Brasil, \u00e9 a principal causa de morte materna\u201d, aponta a especialista em Gesta\u00e7\u00e3o de Alto Risco e Medicina Fetal da Secretaria de Sa\u00fade (SES-DF), S\u00e2mia Luiza Paiva.<\/p>\n<p>Tanto a hipertens\u00e3o gestacional quanto a pr\u00e9-ecl\u00e2mpsia e a ecl\u00e2mpsia podem ser tratadas na rede p\u00fablica. O pr\u00e9-natal deve ser iniciado na unidade b\u00e1sica de sa\u00fade (UBS) de refer\u00eancia, onde \u00e9 feito o diagn\u00f3stico da s\u00edndrome hipertensiva da gesta\u00e7\u00e3o e a avalia\u00e7\u00e3o da paciente, classificada com base em seus sintomas e exames. Em seguida, o tratamento mais adequado \u00e9 iniciado na pr\u00f3pria UBS e a paciente \u00e9 encaminhada a consultas pr\u00e9-natais de alto risco. Nelas, o m\u00e9dico obstetra continua o tratamento de acordo com a prioridade e o risco da gravidez. Em situa\u00e7\u00f5es urgentes, a gestante \u00e9 direcionada imediatamente \u00e0 emerg\u00eancia obst\u00e9trica do hospital de refer\u00eancia.<\/p>\n<p>\u201cO ideal \u00e9 que toda mulher fa\u00e7a uma avalia\u00e7\u00e3o pr\u00e9-gestacional, para que possa iniciar a preven\u00e7\u00e3o antes mesmo de engravidar, com controle de suas doen\u00e7as de base, do peso corporal e mudan\u00e7a do estilo de vida. Um pr\u00e9-natal precoce tamb\u00e9m \u00e9 essencial, pois no primeiro trimestre j\u00e1 \u00e9 poss\u00edvel identificar gestantes com maior risco de pr\u00e9-ecl\u00e2mpsia e tomar medidas preventivas adequadas\u201d, alerta a especialista.<\/p>\n<p>A hipertens\u00e3o gestacional ocorre a partir da 20\u00aa semana, quando h\u00e1 um aumento nos n\u00edveis de press\u00e3o arterial sem outras complica\u00e7\u00f5es associadas. Por outro lado, a pr\u00e9-ecl\u00e2mpsia, que surge no mesmo per\u00edodo da hipertens\u00e3o, envolve n\u00e3o apenas o aumento da press\u00e3o arterial, mas tamb\u00e9m altera\u00e7\u00f5es em outros \u00f3rg\u00e3os e sistemas, como rins, f\u00edgado, pulm\u00f5es e sistema nervoso central. J\u00e1 a ecl\u00e2mpsia representa uma forma grave de pr\u00e9-ecl\u00e2mpsia, caracterizada por convuls\u00f5es generalizadas.<\/p>\n<p>Algumas das complica\u00e7\u00f5es graves para a m\u00e3e incluem insufici\u00eancia renal, card\u00edaca e hep\u00e1tica, acidente vascular cerebral (AVC) e dist\u00farbios de coagula\u00e7\u00e3o. A m\u00e9dica Priscila Morato, 38 anos, teve quadro de pr\u00e9-ecl\u00e2mpsia durante suas duas gesta\u00e7\u00f5es. Na primeira, em 2017, ela n\u00e3o apresentou sintomas, descobrindo a condi\u00e7\u00e3o durante o pr\u00e9-natal.<\/p>\n<p>\u201cDurante uma ecografia de rotina, foi identificada uma altera\u00e7\u00e3o nas art\u00e9rias uterinas e, quando mediram minha press\u00e3o em consulta, j\u00e1 estava bastante elevada.\u201d Com o diagn\u00f3stico recebido na 22\u00aa semana de gesta\u00e7\u00e3o, os efeitos da s\u00edndrome j\u00e1 haviam afetado o beb\u00ea, que nasceu prematuro. \u201cMeu beb\u00ea entrou em sofrimento fetal grave e precisou nascer com 26 semanas, pesando 525 gramas, permanecendo na UTI neonatal por 100 dias\u201d, conta.<\/p>\n<p>J\u00e1 na segunda gesta\u00e7\u00e3o, em 2022, em seu pr\u00e9-natal, v\u00e1rias medidas foram tomadas para evitar a repeti\u00e7\u00e3o do quadro anterior. No entanto, o beb\u00ea tamb\u00e9m apresentou sofrimento fetal, levando ao parto prematuro com 26 semanas.<\/p>\n<p>Os riscos para o beb\u00ea est\u00e3o, na maioria das vezes, relacionados \u00e0 necessidade de parto prematuro, trazendo possibilidade de infec\u00e7\u00e3o, insufici\u00eancia respirat\u00f3ria, hemorragia e dano cerebral.<\/p>\n<p>A causa da pr\u00e9-ecl\u00e2mpsia \u00e9 desconhecida, no entanto h\u00e1 alguns fatores que podem aumentar o risco de uma gestante desenvolver a doen\u00e7a: embora algumas mulheres com pr\u00e9-ecl\u00e2mpsia possam ser assintom\u00e1ticas, sinais como dor de cabe\u00e7a ou na nuca, incha\u00e7o no rosto e nas m\u00e3os, dificuldade respirat\u00f3ria, n\u00e1useas ou v\u00f4mitos ap\u00f3s os primeiros tr\u00eas meses de gravidez podem indicar a presen\u00e7a da s\u00edndrome. Caso diagnosticada, a gestante deve ser internada imediatamente. Sintomas de ecl\u00e2mpsia incluem dor de cabe\u00e7a, est\u00f4mago e altera\u00e7\u00f5es na vis\u00e3o.<\/p>\n","protected":false},"excerpt":{"rendered":"<p>As s\u00edndromes hipertensivas s\u00e3o complica\u00e7\u00f5es que podem surgir durante a gravidez, afetando tanto a sa\u00fade da m\u00e3e quanto a do feto. S\u00e3o condi\u00e7\u00f5es capazes de atingir gestantes de todas as idades, mas aquelas com 35 anos ou mais integram o grupo de maior risco. \u201cEssas condi\u00e7\u00f5es s\u00e3o as intercorr\u00eancias cl\u00ednicas mais comuns da gravidez. A [&hellip;]<\/p>\n","protected":false},"author":2,"featured_media":327805,"comment_status":"closed","ping_status":"closed","sticky":false,"template":"","format":"standard","meta":{"_acf_changed":false,"footnotes":""},"categories":[161],"tags":[],"class_list":["post-327804","post","type-post","status-publish","format-standard","has-post-thumbnail","hentry","category-quadradinho-em-foco"],"acf":[],"yoast_head":"<!-- This site is optimized with the Yoast SEO plugin v27.5 - https:\/\/yoast.com\/product\/yoast-seo-wordpress\/ -->\n<title>Pr\u00e9-natal aumenta seguran\u00e7a de gestantes contra riscos de hipertens\u00e3o - Notibras<\/title>\n<meta name=\"robots\" content=\"index, follow, max-snippet:-1, max-image-preview:large, max-video-preview:-1\" \/>\n<link rel=\"canonical\" href=\"https:\/\/www.notibras.com\/site\/pre-natal-aumenta-seguranca-de-gestantes-contra-riscos-de-hipertensao\/\" \/>\n<meta property=\"og:locale\" content=\"pt_BR\" \/>\n<meta property=\"og:type\" content=\"article\" \/>\n<meta property=\"og:title\" content=\"Pr\u00e9-natal aumenta seguran\u00e7a de gestantes contra riscos de hipertens\u00e3o - Notibras\" \/>\n<meta property=\"og:description\" content=\"As s\u00edndromes hipertensivas s\u00e3o complica\u00e7\u00f5es que podem surgir durante a gravidez, afetando tanto a sa\u00fade da m\u00e3e quanto a do feto. S\u00e3o condi\u00e7\u00f5es capazes de atingir gestantes de todas as idades, mas aquelas com 35 anos ou mais integram o grupo de maior risco. \u201cEssas condi\u00e7\u00f5es s\u00e3o as intercorr\u00eancias cl\u00ednicas mais comuns da gravidez. A [&hellip;]\" \/>\n<meta property=\"og:url\" content=\"https:\/\/www.notibras.com\/site\/pre-natal-aumenta-seguranca-de-gestantes-contra-riscos-de-hipertensao\/\" \/>\n<meta property=\"og:site_name\" content=\"Notibras\" \/>\n<meta property=\"article:publisher\" content=\"https:\/\/www.facebook.com\/notibras\/\" \/>\n<meta property=\"article:published_time\" content=\"2024-05-01T03:31:48+00:00\" \/>\n<meta property=\"article:modified_time\" content=\"2024-05-01T11:33:43+00:00\" \/>\n<meta property=\"og:image\" content=\"https:\/\/www.notibras.com\/site\/wp-content\/uploads\/2024\/05\/Foto_Geovana_Albuquerque_Arquivo_Agencia_Saude.jpg\" \/>\n\t<meta property=\"og:image:width\" content=\"799\" \/>\n\t<meta property=\"og:image:height\" content=\"533\" \/>\n\t<meta property=\"og:image:type\" content=\"image\/jpeg\" \/>\n<meta name=\"author\" content=\"Reda\u00e7\u00e3o\" \/>\n<meta name=\"twitter:card\" content=\"summary_large_image\" \/>\n<meta name=\"twitter:creator\" content=\"@Notibras\" \/>\n<meta name=\"twitter:site\" content=\"@Notibras\" \/>\n<meta name=\"twitter:label1\" content=\"Escrito por\" \/>\n\t<meta name=\"twitter:data1\" content=\"Reda\u00e7\u00e3o\" \/>\n\t<meta name=\"twitter:label2\" content=\"Est. tempo de leitura\" \/>\n\t<meta name=\"twitter:data2\" content=\"4 minutos\" \/>\n<script type=\"application\/ld+json\" class=\"yoast-schema-graph\">{\"@context\":\"https:\\\/\\\/schema.org\",\"@graph\":[{\"@type\":\"Article\",\"@id\":\"https:\\\/\\\/www.notibras.com\\\/site\\\/pre-natal-aumenta-seguranca-de-gestantes-contra-riscos-de-hipertensao\\\/#article\",\"isPartOf\":{\"@id\":\"https:\\\/\\\/www.notibras.com\\\/site\\\/pre-natal-aumenta-seguranca-de-gestantes-contra-riscos-de-hipertensao\\\/\"},\"author\":{\"name\":\"Reda\u00e7\u00e3o\",\"@id\":\"https:\\\/\\\/www.notibras.com\\\/site\\\/#\\\/schema\\\/person\\\/36ab0979449956132d3e5b517ea76ac8\"},\"headline\":\"Pr\u00e9-natal aumenta seguran\u00e7a de gestantes contra riscos de hipertens\u00e3o\",\"datePublished\":\"2024-05-01T03:31:48+00:00\",\"dateModified\":\"2024-05-01T11:33:43+00:00\",\"mainEntityOfPage\":{\"@id\":\"https:\\\/\\\/www.notibras.com\\\/site\\\/pre-natal-aumenta-seguranca-de-gestantes-contra-riscos-de-hipertensao\\\/\"},\"wordCount\":718,\"publisher\":{\"@id\":\"https:\\\/\\\/www.notibras.com\\\/site\\\/#organization\"},\"image\":{\"@id\":\"https:\\\/\\\/www.notibras.com\\\/site\\\/pre-natal-aumenta-seguranca-de-gestantes-contra-riscos-de-hipertensao\\\/#primaryimage\"},\"thumbnailUrl\":\"https:\\\/\\\/www.notibras.com\\\/site\\\/wp-content\\\/uploads\\\/2024\\\/05\\\/Foto_Geovana_Albuquerque_Arquivo_Agencia_Saude.jpg\",\"articleSection\":[\"Quadradinho em Foco\"],\"inLanguage\":\"pt-BR\"},{\"@type\":\"WebPage\",\"@id\":\"https:\\\/\\\/www.notibras.com\\\/site\\\/pre-natal-aumenta-seguranca-de-gestantes-contra-riscos-de-hipertensao\\\/\",\"url\":\"https:\\\/\\\/www.notibras.com\\\/site\\\/pre-natal-aumenta-seguranca-de-gestantes-contra-riscos-de-hipertensao\\\/\",\"name\":\"Pr\u00e9-natal aumenta seguran\u00e7a de gestantes contra riscos de hipertens\u00e3o - Notibras\",\"isPartOf\":{\"@id\":\"https:\\\/\\\/www.notibras.com\\\/site\\\/#website\"},\"primaryImageOfPage\":{\"@id\":\"https:\\\/\\\/www.notibras.com\\\/site\\\/pre-natal-aumenta-seguranca-de-gestantes-contra-riscos-de-hipertensao\\\/#primaryimage\"},\"image\":{\"@id\":\"https:\\\/\\\/www.notibras.com\\\/site\\\/pre-natal-aumenta-seguranca-de-gestantes-contra-riscos-de-hipertensao\\\/#primaryimage\"},\"thumbnailUrl\":\"https:\\\/\\\/www.notibras.com\\\/site\\\/wp-content\\\/uploads\\\/2024\\\/05\\\/Foto_Geovana_Albuquerque_Arquivo_Agencia_Saude.jpg\",\"datePublished\":\"2024-05-01T03:31:48+00:00\",\"dateModified\":\"2024-05-01T11:33:43+00:00\",\"breadcrumb\":{\"@id\":\"https:\\\/\\\/www.notibras.com\\\/site\\\/pre-natal-aumenta-seguranca-de-gestantes-contra-riscos-de-hipertensao\\\/#breadcrumb\"},\"inLanguage\":\"pt-BR\",\"potentialAction\":[{\"@type\":\"ReadAction\",\"target\":[\"https:\\\/\\\/www.notibras.com\\\/site\\\/pre-natal-aumenta-seguranca-de-gestantes-contra-riscos-de-hipertensao\\\/\"]}]},{\"@type\":\"ImageObject\",\"inLanguage\":\"pt-BR\",\"@id\":\"https:\\\/\\\/www.notibras.com\\\/site\\\/pre-natal-aumenta-seguranca-de-gestantes-contra-riscos-de-hipertensao\\\/#primaryimage\",\"url\":\"https:\\\/\\\/www.notibras.com\\\/site\\\/wp-content\\\/uploads\\\/2024\\\/05\\\/Foto_Geovana_Albuquerque_Arquivo_Agencia_Saude.jpg\",\"contentUrl\":\"https:\\\/\\\/www.notibras.com\\\/site\\\/wp-content\\\/uploads\\\/2024\\\/05\\\/Foto_Geovana_Albuquerque_Arquivo_Agencia_Saude.jpg\",\"width\":799,\"height\":533},{\"@type\":\"BreadcrumbList\",\"@id\":\"https:\\\/\\\/www.notibras.com\\\/site\\\/pre-natal-aumenta-seguranca-de-gestantes-contra-riscos-de-hipertensao\\\/#breadcrumb\",\"itemListElement\":[{\"@type\":\"ListItem\",\"position\":1,\"name\":\"In\u00edcio\",\"item\":\"https:\\\/\\\/www.notibras.com\\\/site\\\/\"},{\"@type\":\"ListItem\",\"position\":2,\"name\":\"Pr\u00e9-natal aumenta seguran\u00e7a de gestantes contra riscos de hipertens\u00e3o\"}]},{\"@type\":\"WebSite\",\"@id\":\"https:\\\/\\\/www.notibras.com\\\/site\\\/#website\",\"url\":\"https:\\\/\\\/www.notibras.com\\\/site\\\/\",\"name\":\"Notibras\",\"description\":\"Not\u00edcias de Bras\u00edlia, do Brasil e do Mundo\",\"publisher\":{\"@id\":\"https:\\\/\\\/www.notibras.com\\\/site\\\/#organization\"},\"potentialAction\":[{\"@type\":\"SearchAction\",\"target\":{\"@type\":\"EntryPoint\",\"urlTemplate\":\"https:\\\/\\\/www.notibras.com\\\/site\\\/?s={search_term_string}\"},\"query-input\":{\"@type\":\"PropertyValueSpecification\",\"valueRequired\":true,\"valueName\":\"search_term_string\"}}],\"inLanguage\":\"pt-BR\"},{\"@type\":\"Organization\",\"@id\":\"https:\\\/\\\/www.notibras.com\\\/site\\\/#organization\",\"name\":\"Grupo Notibras de Comunica\u00e7\u00e3o\",\"url\":\"https:\\\/\\\/www.notibras.com\\\/site\\\/\",\"logo\":{\"@type\":\"ImageObject\",\"inLanguage\":\"pt-BR\",\"@id\":\"https:\\\/\\\/www.notibras.com\\\/site\\\/#\\\/schema\\\/logo\\\/image\\\/\",\"url\":\"https:\\\/\\\/www.notibras.com\\\/site\\\/wp-content\\\/uploads\\\/2023\\\/01\\\/notibras23.png\",\"contentUrl\":\"https:\\\/\\\/www.notibras.com\\\/site\\\/wp-content\\\/uploads\\\/2023\\\/01\\\/notibras23.png\",\"width\":350,\"height\":87,\"caption\":\"Grupo Notibras de Comunica\u00e7\u00e3o\"},\"image\":{\"@id\":\"https:\\\/\\\/www.notibras.com\\\/site\\\/#\\\/schema\\\/logo\\\/image\\\/\"},\"sameAs\":[\"https:\\\/\\\/www.facebook.com\\\/notibras\\\/\",\"https:\\\/\\\/x.com\\\/Notibras\",\"https:\\\/\\\/www.instagram.com\\\/notibras\\\/\"]},{\"@type\":\"Person\",\"@id\":\"https:\\\/\\\/www.notibras.com\\\/site\\\/#\\\/schema\\\/person\\\/36ab0979449956132d3e5b517ea76ac8\",\"name\":\"Reda\u00e7\u00e3o\",\"image\":{\"@type\":\"ImageObject\",\"inLanguage\":\"pt-BR\",\"@id\":\"https:\\\/\\\/secure.gravatar.com\\\/avatar\\\/e0a867bdedb85fd243eadf09663511f96fc81e0720a4a42581f334ad4303aa6b?s=96&d=mm&r=g\",\"url\":\"https:\\\/\\\/secure.gravatar.com\\\/avatar\\\/e0a867bdedb85fd243eadf09663511f96fc81e0720a4a42581f334ad4303aa6b?s=96&d=mm&r=g\",\"contentUrl\":\"https:\\\/\\\/secure.gravatar.com\\\/avatar\\\/e0a867bdedb85fd243eadf09663511f96fc81e0720a4a42581f334ad4303aa6b?s=96&d=mm&r=g\",\"caption\":\"Reda\u00e7\u00e3o\"}}]}<\/script>\n<!-- \/ Yoast SEO plugin. -->","yoast_head_json":{"title":"Pr\u00e9-natal aumenta seguran\u00e7a de gestantes contra riscos de hipertens\u00e3o - Notibras","robots":{"index":"index","follow":"follow","max-snippet":"max-snippet:-1","max-image-preview":"max-image-preview:large","max-video-preview":"max-video-preview:-1"},"canonical":"https:\/\/www.notibras.com\/site\/pre-natal-aumenta-seguranca-de-gestantes-contra-riscos-de-hipertensao\/","og_locale":"pt_BR","og_type":"article","og_title":"Pr\u00e9-natal aumenta seguran\u00e7a de gestantes contra riscos de hipertens\u00e3o - Notibras","og_description":"As s\u00edndromes hipertensivas s\u00e3o complica\u00e7\u00f5es que podem surgir durante a gravidez, afetando tanto a sa\u00fade da m\u00e3e quanto a do feto. S\u00e3o condi\u00e7\u00f5es capazes de atingir gestantes de todas as idades, mas aquelas com 35 anos ou mais integram o grupo de maior risco. \u201cEssas condi\u00e7\u00f5es s\u00e3o as intercorr\u00eancias cl\u00ednicas mais comuns da gravidez. A [&hellip;]","og_url":"https:\/\/www.notibras.com\/site\/pre-natal-aumenta-seguranca-de-gestantes-contra-riscos-de-hipertensao\/","og_site_name":"Notibras","article_publisher":"https:\/\/www.facebook.com\/notibras\/","article_published_time":"2024-05-01T03:31:48+00:00","article_modified_time":"2024-05-01T11:33:43+00:00","og_image":[{"width":799,"height":533,"url":"https:\/\/www.notibras.com\/site\/wp-content\/uploads\/2024\/05\/Foto_Geovana_Albuquerque_Arquivo_Agencia_Saude.jpg","type":"image\/jpeg"}],"author":"Reda\u00e7\u00e3o","twitter_card":"summary_large_image","twitter_creator":"@Notibras","twitter_site":"@Notibras","twitter_misc":{"Escrito por":"Reda\u00e7\u00e3o","Est. tempo de leitura":"4 minutos"},"schema":{"@context":"https:\/\/schema.org","@graph":[{"@type":"Article","@id":"https:\/\/www.notibras.com\/site\/pre-natal-aumenta-seguranca-de-gestantes-contra-riscos-de-hipertensao\/#article","isPartOf":{"@id":"https:\/\/www.notibras.com\/site\/pre-natal-aumenta-seguranca-de-gestantes-contra-riscos-de-hipertensao\/"},"author":{"name":"Reda\u00e7\u00e3o","@id":"https:\/\/www.notibras.com\/site\/#\/schema\/person\/36ab0979449956132d3e5b517ea76ac8"},"headline":"Pr\u00e9-natal aumenta seguran\u00e7a de gestantes contra riscos de hipertens\u00e3o","datePublished":"2024-05-01T03:31:48+00:00","dateModified":"2024-05-01T11:33:43+00:00","mainEntityOfPage":{"@id":"https:\/\/www.notibras.com\/site\/pre-natal-aumenta-seguranca-de-gestantes-contra-riscos-de-hipertensao\/"},"wordCount":718,"publisher":{"@id":"https:\/\/www.notibras.com\/site\/#organization"},"image":{"@id":"https:\/\/www.notibras.com\/site\/pre-natal-aumenta-seguranca-de-gestantes-contra-riscos-de-hipertensao\/#primaryimage"},"thumbnailUrl":"https:\/\/www.notibras.com\/site\/wp-content\/uploads\/2024\/05\/Foto_Geovana_Albuquerque_Arquivo_Agencia_Saude.jpg","articleSection":["Quadradinho em Foco"],"inLanguage":"pt-BR"},{"@type":"WebPage","@id":"https:\/\/www.notibras.com\/site\/pre-natal-aumenta-seguranca-de-gestantes-contra-riscos-de-hipertensao\/","url":"https:\/\/www.notibras.com\/site\/pre-natal-aumenta-seguranca-de-gestantes-contra-riscos-de-hipertensao\/","name":"Pr\u00e9-natal aumenta seguran\u00e7a de gestantes contra riscos de hipertens\u00e3o - Notibras","isPartOf":{"@id":"https:\/\/www.notibras.com\/site\/#website"},"primaryImageOfPage":{"@id":"https:\/\/www.notibras.com\/site\/pre-natal-aumenta-seguranca-de-gestantes-contra-riscos-de-hipertensao\/#primaryimage"},"image":{"@id":"https:\/\/www.notibras.com\/site\/pre-natal-aumenta-seguranca-de-gestantes-contra-riscos-de-hipertensao\/#primaryimage"},"thumbnailUrl":"https:\/\/www.notibras.com\/site\/wp-content\/uploads\/2024\/05\/Foto_Geovana_Albuquerque_Arquivo_Agencia_Saude.jpg","datePublished":"2024-05-01T03:31:48+00:00","dateModified":"2024-05-01T11:33:43+00:00","breadcrumb":{"@id":"https:\/\/www.notibras.com\/site\/pre-natal-aumenta-seguranca-de-gestantes-contra-riscos-de-hipertensao\/#breadcrumb"},"inLanguage":"pt-BR","potentialAction":[{"@type":"ReadAction","target":["https:\/\/www.notibras.com\/site\/pre-natal-aumenta-seguranca-de-gestantes-contra-riscos-de-hipertensao\/"]}]},{"@type":"ImageObject","inLanguage":"pt-BR","@id":"https:\/\/www.notibras.com\/site\/pre-natal-aumenta-seguranca-de-gestantes-contra-riscos-de-hipertensao\/#primaryimage","url":"https:\/\/www.notibras.com\/site\/wp-content\/uploads\/2024\/05\/Foto_Geovana_Albuquerque_Arquivo_Agencia_Saude.jpg","contentUrl":"https:\/\/www.notibras.com\/site\/wp-content\/uploads\/2024\/05\/Foto_Geovana_Albuquerque_Arquivo_Agencia_Saude.jpg","width":799,"height":533},{"@type":"BreadcrumbList","@id":"https:\/\/www.notibras.com\/site\/pre-natal-aumenta-seguranca-de-gestantes-contra-riscos-de-hipertensao\/#breadcrumb","itemListElement":[{"@type":"ListItem","position":1,"name":"In\u00edcio","item":"https:\/\/www.notibras.com\/site\/"},{"@type":"ListItem","position":2,"name":"Pr\u00e9-natal aumenta seguran\u00e7a de gestantes contra riscos de hipertens\u00e3o"}]},{"@type":"WebSite","@id":"https:\/\/www.notibras.com\/site\/#website","url":"https:\/\/www.notibras.com\/site\/","name":"Notibras","description":"Not\u00edcias de Bras\u00edlia, do Brasil e do Mundo","publisher":{"@id":"https:\/\/www.notibras.com\/site\/#organization"},"potentialAction":[{"@type":"SearchAction","target":{"@type":"EntryPoint","urlTemplate":"https:\/\/www.notibras.com\/site\/?s={search_term_string}"},"query-input":{"@type":"PropertyValueSpecification","valueRequired":true,"valueName":"search_term_string"}}],"inLanguage":"pt-BR"},{"@type":"Organization","@id":"https:\/\/www.notibras.com\/site\/#organization","name":"Grupo Notibras de Comunica\u00e7\u00e3o","url":"https:\/\/www.notibras.com\/site\/","logo":{"@type":"ImageObject","inLanguage":"pt-BR","@id":"https:\/\/www.notibras.com\/site\/#\/schema\/logo\/image\/","url":"https:\/\/www.notibras.com\/site\/wp-content\/uploads\/2023\/01\/notibras23.png","contentUrl":"https:\/\/www.notibras.com\/site\/wp-content\/uploads\/2023\/01\/notibras23.png","width":350,"height":87,"caption":"Grupo Notibras de Comunica\u00e7\u00e3o"},"image":{"@id":"https:\/\/www.notibras.com\/site\/#\/schema\/logo\/image\/"},"sameAs":["https:\/\/www.facebook.com\/notibras\/","https:\/\/x.com\/Notibras","https:\/\/www.instagram.com\/notibras\/"]},{"@type":"Person","@id":"https:\/\/www.notibras.com\/site\/#\/schema\/person\/36ab0979449956132d3e5b517ea76ac8","name":"Reda\u00e7\u00e3o","image":{"@type":"ImageObject","inLanguage":"pt-BR","@id":"https:\/\/secure.gravatar.com\/avatar\/e0a867bdedb85fd243eadf09663511f96fc81e0720a4a42581f334ad4303aa6b?s=96&d=mm&r=g","url":"https:\/\/secure.gravatar.com\/avatar\/e0a867bdedb85fd243eadf09663511f96fc81e0720a4a42581f334ad4303aa6b?s=96&d=mm&r=g","contentUrl":"https:\/\/secure.gravatar.com\/avatar\/e0a867bdedb85fd243eadf09663511f96fc81e0720a4a42581f334ad4303aa6b?s=96&d=mm&r=g","caption":"Reda\u00e7\u00e3o"}}]}},"amp_enabled":true,"_links":{"self":[{"href":"https:\/\/www.notibras.com\/site\/wp-json\/wp\/v2\/posts\/327804","targetHints":{"allow":["GET"]}}],"collection":[{"href":"https:\/\/www.notibras.com\/site\/wp-json\/wp\/v2\/posts"}],"about":[{"href":"https:\/\/www.notibras.com\/site\/wp-json\/wp\/v2\/types\/post"}],"author":[{"embeddable":true,"href":"https:\/\/www.notibras.com\/site\/wp-json\/wp\/v2\/users\/2"}],"replies":[{"embeddable":true,"href":"https:\/\/www.notibras.com\/site\/wp-json\/wp\/v2\/comments?post=327804"}],"version-history":[{"count":1,"href":"https:\/\/www.notibras.com\/site\/wp-json\/wp\/v2\/posts\/327804\/revisions"}],"predecessor-version":[{"id":327806,"href":"https:\/\/www.notibras.com\/site\/wp-json\/wp\/v2\/posts\/327804\/revisions\/327806"}],"wp:featuredmedia":[{"embeddable":true,"href":"https:\/\/www.notibras.com\/site\/wp-json\/wp\/v2\/media\/327805"}],"wp:attachment":[{"href":"https:\/\/www.notibras.com\/site\/wp-json\/wp\/v2\/media?parent=327804"}],"wp:term":[{"taxonomy":"category","embeddable":true,"href":"https:\/\/www.notibras.com\/site\/wp-json\/wp\/v2\/categories?post=327804"},{"taxonomy":"post_tag","embeddable":true,"href":"https:\/\/www.notibras.com\/site\/wp-json\/wp\/v2\/tags?post=327804"}],"curies":[{"name":"wp","href":"https:\/\/api.w.org\/{rel}","templated":true}]}}