{"id":327807,"date":"2024-05-01T00:00:47","date_gmt":"2024-05-01T03:00:47","guid":{"rendered":"https:\/\/www.notibras.com\/site\/?p=327807"},"modified":"2024-05-01T08:38:18","modified_gmt":"2024-05-01T11:38:18","slug":"pronto-socorro-pediatrico-comeca-atendimentos-apos-reforma","status":"publish","type":"post","link":"https:\/\/www.notibras.com\/site\/pronto-socorro-pediatrico-comeca-atendimentos-apos-reforma\/","title":{"rendered":"Pronto-socorro pedi\u00e1trico come\u00e7a atendimentos ap\u00f3s reforma"},"content":{"rendered":"<p>A popula\u00e7\u00e3o do Distrito Federal ganha um refor\u00e7o para o atendimento de crian\u00e7as no Hospital Regional de Taguatinga (HRT). O pronto-socorro pedi\u00e1trico foi nesta ter\u00e7a-feira (30), ap\u00f3s sua reforma. Com 16 leitos, o local deve receber uma m\u00e9dia de 50 crian\u00e7as por dia, com picos de mais de cem, sobretudo nos per\u00edodos de expans\u00e3o das doen\u00e7as respirat\u00f3rias sazonais.<\/p>\n<p>\u201cEssa reforma traz uma melhora de ambiente tanto para o paciente quanto para os servidores que prestam o servi\u00e7o. O espa\u00e7o ficou muito bem organizado, com todos os crit\u00e9rios necess\u00e1rios para servir da melhor forma poss\u00edvel\u201d, afirmou o secret\u00e1rio-adjunto de Assist\u00eancia \u00e0 Sa\u00fade da SES-DF, Luciano Agrizzi. O espa\u00e7o tamb\u00e9m conta com um leito para isolamento e uma sala vermelha para os casos mais graves.<\/p>\n<p>Os servi\u00e7os inclu\u00edram pintura, troca de piso, adequa\u00e7\u00f5es de banheiros e de m\u00f3veis e melhoria na climatiza\u00e7\u00e3o. Al\u00e9m disso, as redes el\u00e9trica, hidr\u00e1ulica e de gases (oxig\u00eanio, v\u00e1cuo e ar-comprimido) foram substitu\u00eddas. \u201cTemos agora uma emerg\u00eancia pedi\u00e1trica com uma estrutura f\u00edsica que pode comportar melhor essas crian\u00e7as. Vamos proporcionar um atendimento com mais qualidade e humaniza\u00e7\u00e3o, al\u00e9m de melhorias t\u00e9cnicas necess\u00e1rias\u201d, acrescenta o diretor do HRT, Jos\u00e9 Henriques Barbosa de Alencar.<\/p>\n<p>Para realizar a entrega do pronto-socorro revitalizado, durante o per\u00edodo de aumento do n\u00famero de casos de doen\u00e7as respirat\u00f3rias entre as crian\u00e7as, a gest\u00e3o do HRT agilizou os trabalhos, que ocorreram inclusive nos fins de semana e durante a noite. Ao todo, a revitaliza\u00e7\u00e3o durou 82 dias. O atendimento pedi\u00e1trico n\u00e3o foi prejudicado, pois foi transferido temporariamente para outra ala do hospital.<\/p>\n<p>A revitaliza\u00e7\u00e3o do pronto-socorro pedi\u00e1trico faz parte de uma s\u00e9rie de servi\u00e7os realizados no hospital por meio do contrato de manuten\u00e7\u00e3o assinado em 2022. Oncologia, oftalmologia, endocrinologia, Unidade de Terapia Intensiva (UTI) e patologia cl\u00ednica s\u00e3o alguns dos setores que j\u00e1 receberam melhorias. No pronto-socorro adulto, se destaca tamb\u00e9m a instala\u00e7\u00e3o de biombos, uma medida necess\u00e1ria para dar mais privacidade aos pacientes. Os pr\u00f3ximos passos envolvem melhorias na cardiologia, cozinha e refeit\u00f3rios.<\/p>\n","protected":false},"excerpt":{"rendered":"<p>A popula\u00e7\u00e3o do Distrito Federal ganha um refor\u00e7o para o atendimento de crian\u00e7as no Hospital Regional de Taguatinga (HRT). O pronto-socorro pedi\u00e1trico foi nesta ter\u00e7a-feira (30), ap\u00f3s sua reforma. Com 16 leitos, o local deve receber uma m\u00e9dia de 50 crian\u00e7as por dia, com picos de mais de cem, sobretudo nos per\u00edodos de expans\u00e3o das [&hellip;]<\/p>\n","protected":false},"author":2,"featured_media":327808,"comment_status":"closed","ping_status":"closed","sticky":false,"template":"","format":"standard","meta":{"_acf_changed":false,"footnotes":""},"categories":[161],"tags":[],"class_list":["post-327807","post","type-post","status-publish","format-standard","has-post-thumbnail","hentry","category-quadradinho-em-foco"],"acf":[],"yoast_head":"<!-- This site is optimized with the Yoast SEO plugin v27.5 - https:\/\/yoast.com\/product\/yoast-seo-wordpress\/ -->\n<title>Pronto-socorro pedi\u00e1trico come\u00e7a atendimentos ap\u00f3s reforma - Notibras<\/title>\n<meta name=\"robots\" content=\"index, follow, max-snippet:-1, max-image-preview:large, max-video-preview:-1\" \/>\n<link rel=\"canonical\" href=\"https:\/\/www.notibras.com\/site\/pronto-socorro-pediatrico-comeca-atendimentos-apos-reforma\/\" \/>\n<meta property=\"og:locale\" content=\"pt_BR\" \/>\n<meta property=\"og:type\" content=\"article\" \/>\n<meta property=\"og:title\" content=\"Pronto-socorro pedi\u00e1trico come\u00e7a atendimentos ap\u00f3s reforma - Notibras\" \/>\n<meta property=\"og:description\" content=\"A popula\u00e7\u00e3o do Distrito Federal ganha um refor\u00e7o para o atendimento de crian\u00e7as no Hospital Regional de Taguatinga (HRT). O pronto-socorro pedi\u00e1trico foi nesta ter\u00e7a-feira (30), ap\u00f3s sua reforma. Com 16 leitos, o local deve receber uma m\u00e9dia de 50 crian\u00e7as por dia, com picos de mais de cem, sobretudo nos per\u00edodos de expans\u00e3o das [&hellip;]\" \/>\n<meta property=\"og:url\" content=\"https:\/\/www.notibras.com\/site\/pronto-socorro-pediatrico-comeca-atendimentos-apos-reforma\/\" \/>\n<meta property=\"og:site_name\" content=\"Notibras\" \/>\n<meta property=\"article:publisher\" content=\"https:\/\/www.facebook.com\/notibras\/\" \/>\n<meta property=\"article:published_time\" content=\"2024-05-01T03:00:47+00:00\" \/>\n<meta property=\"article:modified_time\" content=\"2024-05-01T11:38:18+00:00\" \/>\n<meta property=\"og:image\" content=\"https:\/\/www.notibras.com\/site\/wp-content\/uploads\/2024\/05\/Foto-1-Foto_Divulgacao_Agencia-Saude-DF-768x512-1.jpeg\" \/>\n\t<meta property=\"og:image:width\" content=\"768\" \/>\n\t<meta property=\"og:image:height\" content=\"512\" \/>\n\t<meta property=\"og:image:type\" content=\"image\/jpeg\" \/>\n<meta name=\"author\" content=\"Reda\u00e7\u00e3o\" \/>\n<meta name=\"twitter:card\" content=\"summary_large_image\" \/>\n<meta name=\"twitter:creator\" content=\"@Notibras\" \/>\n<meta name=\"twitter:site\" content=\"@Notibras\" \/>\n<meta name=\"twitter:label1\" content=\"Escrito por\" \/>\n\t<meta name=\"twitter:data1\" content=\"Reda\u00e7\u00e3o\" \/>\n\t<meta name=\"twitter:label2\" content=\"Est. tempo de leitura\" \/>\n\t<meta name=\"twitter:data2\" content=\"3 minutos\" \/>\n<script type=\"application\/ld+json\" class=\"yoast-schema-graph\">{\"@context\":\"https:\\\/\\\/schema.org\",\"@graph\":[{\"@type\":\"Article\",\"@id\":\"https:\\\/\\\/www.notibras.com\\\/site\\\/pronto-socorro-pediatrico-comeca-atendimentos-apos-reforma\\\/#article\",\"isPartOf\":{\"@id\":\"https:\\\/\\\/www.notibras.com\\\/site\\\/pronto-socorro-pediatrico-comeca-atendimentos-apos-reforma\\\/\"},\"author\":{\"name\":\"Reda\u00e7\u00e3o\",\"@id\":\"https:\\\/\\\/www.notibras.com\\\/site\\\/#\\\/schema\\\/person\\\/36ab0979449956132d3e5b517ea76ac8\"},\"headline\":\"Pronto-socorro pedi\u00e1trico come\u00e7a atendimentos ap\u00f3s reforma\",\"datePublished\":\"2024-05-01T03:00:47+00:00\",\"dateModified\":\"2024-05-01T11:38:18+00:00\",\"mainEntityOfPage\":{\"@id\":\"https:\\\/\\\/www.notibras.com\\\/site\\\/pronto-socorro-pediatrico-comeca-atendimentos-apos-reforma\\\/\"},\"wordCount\":393,\"publisher\":{\"@id\":\"https:\\\/\\\/www.notibras.com\\\/site\\\/#organization\"},\"image\":{\"@id\":\"https:\\\/\\\/www.notibras.com\\\/site\\\/pronto-socorro-pediatrico-comeca-atendimentos-apos-reforma\\\/#primaryimage\"},\"thumbnailUrl\":\"https:\\\/\\\/www.notibras.com\\\/site\\\/wp-content\\\/uploads\\\/2024\\\/05\\\/Foto-1-Foto_Divulgacao_Agencia-Saude-DF-768x512-1.jpeg\",\"articleSection\":[\"Quadradinho em Foco\"],\"inLanguage\":\"pt-BR\"},{\"@type\":\"WebPage\",\"@id\":\"https:\\\/\\\/www.notibras.com\\\/site\\\/pronto-socorro-pediatrico-comeca-atendimentos-apos-reforma\\\/\",\"url\":\"https:\\\/\\\/www.notibras.com\\\/site\\\/pronto-socorro-pediatrico-comeca-atendimentos-apos-reforma\\\/\",\"name\":\"Pronto-socorro pedi\u00e1trico come\u00e7a atendimentos ap\u00f3s reforma - Notibras\",\"isPartOf\":{\"@id\":\"https:\\\/\\\/www.notibras.com\\\/site\\\/#website\"},\"primaryImageOfPage\":{\"@id\":\"https:\\\/\\\/www.notibras.com\\\/site\\\/pronto-socorro-pediatrico-comeca-atendimentos-apos-reforma\\\/#primaryimage\"},\"image\":{\"@id\":\"https:\\\/\\\/www.notibras.com\\\/site\\\/pronto-socorro-pediatrico-comeca-atendimentos-apos-reforma\\\/#primaryimage\"},\"thumbnailUrl\":\"https:\\\/\\\/www.notibras.com\\\/site\\\/wp-content\\\/uploads\\\/2024\\\/05\\\/Foto-1-Foto_Divulgacao_Agencia-Saude-DF-768x512-1.jpeg\",\"datePublished\":\"2024-05-01T03:00:47+00:00\",\"dateModified\":\"2024-05-01T11:38:18+00:00\",\"breadcrumb\":{\"@id\":\"https:\\\/\\\/www.notibras.com\\\/site\\\/pronto-socorro-pediatrico-comeca-atendimentos-apos-reforma\\\/#breadcrumb\"},\"inLanguage\":\"pt-BR\",\"potentialAction\":[{\"@type\":\"ReadAction\",\"target\":[\"https:\\\/\\\/www.notibras.com\\\/site\\\/pronto-socorro-pediatrico-comeca-atendimentos-apos-reforma\\\/\"]}]},{\"@type\":\"ImageObject\",\"inLanguage\":\"pt-BR\",\"@id\":\"https:\\\/\\\/www.notibras.com\\\/site\\\/pronto-socorro-pediatrico-comeca-atendimentos-apos-reforma\\\/#primaryimage\",\"url\":\"https:\\\/\\\/www.notibras.com\\\/site\\\/wp-content\\\/uploads\\\/2024\\\/05\\\/Foto-1-Foto_Divulgacao_Agencia-Saude-DF-768x512-1.jpeg\",\"contentUrl\":\"https:\\\/\\\/www.notibras.com\\\/site\\\/wp-content\\\/uploads\\\/2024\\\/05\\\/Foto-1-Foto_Divulgacao_Agencia-Saude-DF-768x512-1.jpeg\",\"width\":768,\"height\":512},{\"@type\":\"BreadcrumbList\",\"@id\":\"https:\\\/\\\/www.notibras.com\\\/site\\\/pronto-socorro-pediatrico-comeca-atendimentos-apos-reforma\\\/#breadcrumb\",\"itemListElement\":[{\"@type\":\"ListItem\",\"position\":1,\"name\":\"In\u00edcio\",\"item\":\"https:\\\/\\\/www.notibras.com\\\/site\\\/\"},{\"@type\":\"ListItem\",\"position\":2,\"name\":\"Pronto-socorro pedi\u00e1trico come\u00e7a atendimentos ap\u00f3s reforma\"}]},{\"@type\":\"WebSite\",\"@id\":\"https:\\\/\\\/www.notibras.com\\\/site\\\/#website\",\"url\":\"https:\\\/\\\/www.notibras.com\\\/site\\\/\",\"name\":\"Notibras\",\"description\":\"Not\u00edcias de Bras\u00edlia, do Brasil e do Mundo\",\"publisher\":{\"@id\":\"https:\\\/\\\/www.notibras.com\\\/site\\\/#organization\"},\"potentialAction\":[{\"@type\":\"SearchAction\",\"target\":{\"@type\":\"EntryPoint\",\"urlTemplate\":\"https:\\\/\\\/www.notibras.com\\\/site\\\/?s={search_term_string}\"},\"query-input\":{\"@type\":\"PropertyValueSpecification\",\"valueRequired\":true,\"valueName\":\"search_term_string\"}}],\"inLanguage\":\"pt-BR\"},{\"@type\":\"Organization\",\"@id\":\"https:\\\/\\\/www.notibras.com\\\/site\\\/#organization\",\"name\":\"Grupo Notibras de Comunica\u00e7\u00e3o\",\"url\":\"https:\\\/\\\/www.notibras.com\\\/site\\\/\",\"logo\":{\"@type\":\"ImageObject\",\"inLanguage\":\"pt-BR\",\"@id\":\"https:\\\/\\\/www.notibras.com\\\/site\\\/#\\\/schema\\\/logo\\\/image\\\/\",\"url\":\"https:\\\/\\\/www.notibras.com\\\/site\\\/wp-content\\\/uploads\\\/2023\\\/01\\\/notibras23.png\",\"contentUrl\":\"https:\\\/\\\/www.notibras.com\\\/site\\\/wp-content\\\/uploads\\\/2023\\\/01\\\/notibras23.png\",\"width\":350,\"height\":87,\"caption\":\"Grupo Notibras de Comunica\u00e7\u00e3o\"},\"image\":{\"@id\":\"https:\\\/\\\/www.notibras.com\\\/site\\\/#\\\/schema\\\/logo\\\/image\\\/\"},\"sameAs\":[\"https:\\\/\\\/www.facebook.com\\\/notibras\\\/\",\"https:\\\/\\\/x.com\\\/Notibras\",\"https:\\\/\\\/www.instagram.com\\\/notibras\\\/\"]},{\"@type\":\"Person\",\"@id\":\"https:\\\/\\\/www.notibras.com\\\/site\\\/#\\\/schema\\\/person\\\/36ab0979449956132d3e5b517ea76ac8\",\"name\":\"Reda\u00e7\u00e3o\",\"image\":{\"@type\":\"ImageObject\",\"inLanguage\":\"pt-BR\",\"@id\":\"https:\\\/\\\/secure.gravatar.com\\\/avatar\\\/e0a867bdedb85fd243eadf09663511f96fc81e0720a4a42581f334ad4303aa6b?s=96&d=mm&r=g\",\"url\":\"https:\\\/\\\/secure.gravatar.com\\\/avatar\\\/e0a867bdedb85fd243eadf09663511f96fc81e0720a4a42581f334ad4303aa6b?s=96&d=mm&r=g\",\"contentUrl\":\"https:\\\/\\\/secure.gravatar.com\\\/avatar\\\/e0a867bdedb85fd243eadf09663511f96fc81e0720a4a42581f334ad4303aa6b?s=96&d=mm&r=g\",\"caption\":\"Reda\u00e7\u00e3o\"}}]}<\/script>\n<!-- \/ Yoast SEO plugin. -->","yoast_head_json":{"title":"Pronto-socorro pedi\u00e1trico come\u00e7a atendimentos ap\u00f3s reforma - Notibras","robots":{"index":"index","follow":"follow","max-snippet":"max-snippet:-1","max-image-preview":"max-image-preview:large","max-video-preview":"max-video-preview:-1"},"canonical":"https:\/\/www.notibras.com\/site\/pronto-socorro-pediatrico-comeca-atendimentos-apos-reforma\/","og_locale":"pt_BR","og_type":"article","og_title":"Pronto-socorro pedi\u00e1trico come\u00e7a atendimentos ap\u00f3s reforma - Notibras","og_description":"A popula\u00e7\u00e3o do Distrito Federal ganha um refor\u00e7o para o atendimento de crian\u00e7as no Hospital Regional de Taguatinga (HRT). O pronto-socorro pedi\u00e1trico foi nesta ter\u00e7a-feira (30), ap\u00f3s sua reforma. Com 16 leitos, o local deve receber uma m\u00e9dia de 50 crian\u00e7as por dia, com picos de mais de cem, sobretudo nos per\u00edodos de expans\u00e3o das [&hellip;]","og_url":"https:\/\/www.notibras.com\/site\/pronto-socorro-pediatrico-comeca-atendimentos-apos-reforma\/","og_site_name":"Notibras","article_publisher":"https:\/\/www.facebook.com\/notibras\/","article_published_time":"2024-05-01T03:00:47+00:00","article_modified_time":"2024-05-01T11:38:18+00:00","og_image":[{"width":768,"height":512,"url":"https:\/\/www.notibras.com\/site\/wp-content\/uploads\/2024\/05\/Foto-1-Foto_Divulgacao_Agencia-Saude-DF-768x512-1.jpeg","type":"image\/jpeg"}],"author":"Reda\u00e7\u00e3o","twitter_card":"summary_large_image","twitter_creator":"@Notibras","twitter_site":"@Notibras","twitter_misc":{"Escrito por":"Reda\u00e7\u00e3o","Est. tempo de leitura":"3 minutos"},"schema":{"@context":"https:\/\/schema.org","@graph":[{"@type":"Article","@id":"https:\/\/www.notibras.com\/site\/pronto-socorro-pediatrico-comeca-atendimentos-apos-reforma\/#article","isPartOf":{"@id":"https:\/\/www.notibras.com\/site\/pronto-socorro-pediatrico-comeca-atendimentos-apos-reforma\/"},"author":{"name":"Reda\u00e7\u00e3o","@id":"https:\/\/www.notibras.com\/site\/#\/schema\/person\/36ab0979449956132d3e5b517ea76ac8"},"headline":"Pronto-socorro pedi\u00e1trico come\u00e7a atendimentos ap\u00f3s reforma","datePublished":"2024-05-01T03:00:47+00:00","dateModified":"2024-05-01T11:38:18+00:00","mainEntityOfPage":{"@id":"https:\/\/www.notibras.com\/site\/pronto-socorro-pediatrico-comeca-atendimentos-apos-reforma\/"},"wordCount":393,"publisher":{"@id":"https:\/\/www.notibras.com\/site\/#organization"},"image":{"@id":"https:\/\/www.notibras.com\/site\/pronto-socorro-pediatrico-comeca-atendimentos-apos-reforma\/#primaryimage"},"thumbnailUrl":"https:\/\/www.notibras.com\/site\/wp-content\/uploads\/2024\/05\/Foto-1-Foto_Divulgacao_Agencia-Saude-DF-768x512-1.jpeg","articleSection":["Quadradinho em Foco"],"inLanguage":"pt-BR"},{"@type":"WebPage","@id":"https:\/\/www.notibras.com\/site\/pronto-socorro-pediatrico-comeca-atendimentos-apos-reforma\/","url":"https:\/\/www.notibras.com\/site\/pronto-socorro-pediatrico-comeca-atendimentos-apos-reforma\/","name":"Pronto-socorro pedi\u00e1trico come\u00e7a atendimentos ap\u00f3s reforma - Notibras","isPartOf":{"@id":"https:\/\/www.notibras.com\/site\/#website"},"primaryImageOfPage":{"@id":"https:\/\/www.notibras.com\/site\/pronto-socorro-pediatrico-comeca-atendimentos-apos-reforma\/#primaryimage"},"image":{"@id":"https:\/\/www.notibras.com\/site\/pronto-socorro-pediatrico-comeca-atendimentos-apos-reforma\/#primaryimage"},"thumbnailUrl":"https:\/\/www.notibras.com\/site\/wp-content\/uploads\/2024\/05\/Foto-1-Foto_Divulgacao_Agencia-Saude-DF-768x512-1.jpeg","datePublished":"2024-05-01T03:00:47+00:00","dateModified":"2024-05-01T11:38:18+00:00","breadcrumb":{"@id":"https:\/\/www.notibras.com\/site\/pronto-socorro-pediatrico-comeca-atendimentos-apos-reforma\/#breadcrumb"},"inLanguage":"pt-BR","potentialAction":[{"@type":"ReadAction","target":["https:\/\/www.notibras.com\/site\/pronto-socorro-pediatrico-comeca-atendimentos-apos-reforma\/"]}]},{"@type":"ImageObject","inLanguage":"pt-BR","@id":"https:\/\/www.notibras.com\/site\/pronto-socorro-pediatrico-comeca-atendimentos-apos-reforma\/#primaryimage","url":"https:\/\/www.notibras.com\/site\/wp-content\/uploads\/2024\/05\/Foto-1-Foto_Divulgacao_Agencia-Saude-DF-768x512-1.jpeg","contentUrl":"https:\/\/www.notibras.com\/site\/wp-content\/uploads\/2024\/05\/Foto-1-Foto_Divulgacao_Agencia-Saude-DF-768x512-1.jpeg","width":768,"height":512},{"@type":"BreadcrumbList","@id":"https:\/\/www.notibras.com\/site\/pronto-socorro-pediatrico-comeca-atendimentos-apos-reforma\/#breadcrumb","itemListElement":[{"@type":"ListItem","position":1,"name":"In\u00edcio","item":"https:\/\/www.notibras.com\/site\/"},{"@type":"ListItem","position":2,"name":"Pronto-socorro pedi\u00e1trico come\u00e7a atendimentos ap\u00f3s reforma"}]},{"@type":"WebSite","@id":"https:\/\/www.notibras.com\/site\/#website","url":"https:\/\/www.notibras.com\/site\/","name":"Notibras","description":"Not\u00edcias de Bras\u00edlia, do Brasil e do Mundo","publisher":{"@id":"https:\/\/www.notibras.com\/site\/#organization"},"potentialAction":[{"@type":"SearchAction","target":{"@type":"EntryPoint","urlTemplate":"https:\/\/www.notibras.com\/site\/?s={search_term_string}"},"query-input":{"@type":"PropertyValueSpecification","valueRequired":true,"valueName":"search_term_string"}}],"inLanguage":"pt-BR"},{"@type":"Organization","@id":"https:\/\/www.notibras.com\/site\/#organization","name":"Grupo Notibras de Comunica\u00e7\u00e3o","url":"https:\/\/www.notibras.com\/site\/","logo":{"@type":"ImageObject","inLanguage":"pt-BR","@id":"https:\/\/www.notibras.com\/site\/#\/schema\/logo\/image\/","url":"https:\/\/www.notibras.com\/site\/wp-content\/uploads\/2023\/01\/notibras23.png","contentUrl":"https:\/\/www.notibras.com\/site\/wp-content\/uploads\/2023\/01\/notibras23.png","width":350,"height":87,"caption":"Grupo Notibras de Comunica\u00e7\u00e3o"},"image":{"@id":"https:\/\/www.notibras.com\/site\/#\/schema\/logo\/image\/"},"sameAs":["https:\/\/www.facebook.com\/notibras\/","https:\/\/x.com\/Notibras","https:\/\/www.instagram.com\/notibras\/"]},{"@type":"Person","@id":"https:\/\/www.notibras.com\/site\/#\/schema\/person\/36ab0979449956132d3e5b517ea76ac8","name":"Reda\u00e7\u00e3o","image":{"@type":"ImageObject","inLanguage":"pt-BR","@id":"https:\/\/secure.gravatar.com\/avatar\/e0a867bdedb85fd243eadf09663511f96fc81e0720a4a42581f334ad4303aa6b?s=96&d=mm&r=g","url":"https:\/\/secure.gravatar.com\/avatar\/e0a867bdedb85fd243eadf09663511f96fc81e0720a4a42581f334ad4303aa6b?s=96&d=mm&r=g","contentUrl":"https:\/\/secure.gravatar.com\/avatar\/e0a867bdedb85fd243eadf09663511f96fc81e0720a4a42581f334ad4303aa6b?s=96&d=mm&r=g","caption":"Reda\u00e7\u00e3o"}}]}},"amp_enabled":true,"_links":{"self":[{"href":"https:\/\/www.notibras.com\/site\/wp-json\/wp\/v2\/posts\/327807","targetHints":{"allow":["GET"]}}],"collection":[{"href":"https:\/\/www.notibras.com\/site\/wp-json\/wp\/v2\/posts"}],"about":[{"href":"https:\/\/www.notibras.com\/site\/wp-json\/wp\/v2\/types\/post"}],"author":[{"embeddable":true,"href":"https:\/\/www.notibras.com\/site\/wp-json\/wp\/v2\/users\/2"}],"replies":[{"embeddable":true,"href":"https:\/\/www.notibras.com\/site\/wp-json\/wp\/v2\/comments?post=327807"}],"version-history":[{"count":1,"href":"https:\/\/www.notibras.com\/site\/wp-json\/wp\/v2\/posts\/327807\/revisions"}],"predecessor-version":[{"id":327809,"href":"https:\/\/www.notibras.com\/site\/wp-json\/wp\/v2\/posts\/327807\/revisions\/327809"}],"wp:featuredmedia":[{"embeddable":true,"href":"https:\/\/www.notibras.com\/site\/wp-json\/wp\/v2\/media\/327808"}],"wp:attachment":[{"href":"https:\/\/www.notibras.com\/site\/wp-json\/wp\/v2\/media?parent=327807"}],"wp:term":[{"taxonomy":"category","embeddable":true,"href":"https:\/\/www.notibras.com\/site\/wp-json\/wp\/v2\/categories?post=327807"},{"taxonomy":"post_tag","embeddable":true,"href":"https:\/\/www.notibras.com\/site\/wp-json\/wp\/v2\/tags?post=327807"}],"curies":[{"name":"wp","href":"https:\/\/api.w.org\/{rel}","templated":true}]}}