{"id":327821,"date":"2024-05-02T02:52:39","date_gmt":"2024-05-02T05:52:39","guid":{"rendered":"https:\/\/www.notibras.com\/site\/?p=327821"},"modified":"2024-05-02T02:53:48","modified_gmt":"2024-05-02T05:53:48","slug":"morrer-e-complicado-e-quando-jovem-pior-ainda","status":"publish","type":"post","link":"https:\/\/www.notibras.com\/site\/morrer-e-complicado-e-quando-jovem-pior-ainda\/","title":{"rendered":"Morrer \u00e9 complicado, e quando jovem, pior ainda"},"content":{"rendered":"<p>Parece, mas n\u00e3o \u00e9 sempre que ocorre, que o tempo carrega o vi\u00e7o, apesar da vaidade permanecer incrustada na alma. Se isso \u00e9 totalmente verdade, n\u00e3o se pode afirmar, mas bem que, como mostra esta hist\u00f3ria, que se iniciou logo ali naquela pra\u00e7a, parece que \u00e9.<\/p>\n<p>\u2014 Como est\u00e1 o Asdr\u00fabal?<\/p>\n<p>\u2014 Anda mal, muito mal.<\/p>\n<p>\u2014 S\u00e9rio? O que houve?<\/p>\n<p>\u2014 Morrer novo n\u00e3o \u00e9 bom, mas ficar velho \u00e9 um desafio e tanto.<\/p>\n<p>\u2014 Muito complicado.<\/p>\n<p>\u2014 E o pior \u00e9 que a gente n\u00e3o pode fazer nada, a n\u00e3o ser acompanh\u00e1-lo ao m\u00e9dico, ministrar os rem\u00e9dios.<\/p>\n<p>\u2014 Mas ele nem est\u00e1 t\u00e3o velho assim.<\/p>\n<p>\u2014 Isso \u00e9 verdade. No \u00faltimo dia de outubro completar\u00e1 76.<\/p>\n<p>\u2014 Ent\u00e3o!<\/p>\n<p>\u2014 Mas adoeceu muito cedo. O cigarro.<\/p>\n<p>\u2014 Terr\u00edvel!<\/p>\n<p>\u2014 Pois \u00e9.<\/p>\n<p>Jos\u00e9 falou em fazer uma visita ao amigo de longa data, proposta logo aceita por mais dois que estavam por ali. E foram em sete, pois angariaram mais alguns desocupados pelo caminho. Mal chegaram, constataram a carranca do velho, que fazia bico at\u00e9 para tomar sorvete de chocolate, seu favorito.<\/p>\n<p>Contaram anedotas, mas nada conseguia arrancar Asdr\u00fabal daquela masmorra, at\u00e9 que o Juv\u00eancio, sempre ele, que arrancava ideias de n\u00e3o sei onde, resolveu bater um retrato de todos. Retrato. Nada dessas modernidades de fotografia.<\/p>\n<p>O retratista, que carregava sua m\u00e1quina pendurada no pesco\u00e7o, mandou que todos se juntassem ao redor do ranzinza. Marcou 10 segundos para o clique e correu para junto daqueles corpos carcomidos.<\/p>\n<p>Depois de quase duas horas, Asdr\u00fabal finalmente se viu s\u00f3. Um al\u00edvio, segundo seu pr\u00f3prio pensamento. Foi dormir sonhando com a morte, que desejava ser breve. Que nada, acordou no dia seguinte e no pr\u00f3ximo tamb\u00e9m, quando, ent\u00e3o, ouviu a campainha soar irritantemente. Desejou jog\u00e1-la fora, mas, antes que o fizesse, foi ver quem era. Juv\u00eancio, que, al\u00e9m do sorriso, trazia o retrato.<\/p>\n<p>\u2014 N\u00e3o gostei!<\/p>\n<p>\u2014 Por qu\u00ea, Asdr\u00fabal?<\/p>\n<p>\u2014 O Armando ficou mais bonito que eu.<\/p>\n<p>\u2014 Dificilmente, ainda mais com esse seu grisalho respeit\u00e1vel e hier\u00e1tico.<\/p>\n<p>\u2014 Que nada! J\u00e1 estou no farelo do biscoito.<\/p>\n","protected":false},"excerpt":{"rendered":"<p>Parece, mas n\u00e3o \u00e9 sempre que ocorre, que o tempo carrega o vi\u00e7o, apesar da vaidade permanecer incrustada na alma. Se isso \u00e9 totalmente verdade, n\u00e3o se pode afirmar, mas bem que, como mostra esta hist\u00f3ria, que se iniciou logo ali naquela pra\u00e7a, parece que \u00e9. \u2014 Como est\u00e1 o Asdr\u00fabal? \u2014 Anda mal, muito [&hellip;]<\/p>\n","protected":false},"author":2,"featured_media":327823,"comment_status":"closed","ping_status":"closed","sticky":false,"template":"","format":"standard","meta":{"_acf_changed":false,"footnotes":""},"categories":[161],"tags":[],"class_list":["post-327821","post","type-post","status-publish","format-standard","has-post-thumbnail","hentry","category-quadradinho-em-foco"],"acf":[],"yoast_head":"<!-- This site is optimized with the Yoast SEO plugin v27.5 - https:\/\/yoast.com\/product\/yoast-seo-wordpress\/ -->\n<title>Morrer \u00e9 complicado, e quando jovem, pior ainda - Notibras<\/title>\n<meta name=\"robots\" content=\"index, follow, max-snippet:-1, max-image-preview:large, max-video-preview:-1\" \/>\n<link rel=\"canonical\" href=\"https:\/\/www.notibras.com\/site\/morrer-e-complicado-e-quando-jovem-pior-ainda\/\" \/>\n<meta property=\"og:locale\" content=\"pt_BR\" \/>\n<meta property=\"og:type\" content=\"article\" \/>\n<meta property=\"og:title\" content=\"Morrer \u00e9 complicado, e quando jovem, pior ainda - Notibras\" \/>\n<meta property=\"og:description\" content=\"Parece, mas n\u00e3o \u00e9 sempre que ocorre, que o tempo carrega o vi\u00e7o, apesar da vaidade permanecer incrustada na alma. Se isso \u00e9 totalmente verdade, n\u00e3o se pode afirmar, mas bem que, como mostra esta hist\u00f3ria, que se iniciou logo ali naquela pra\u00e7a, parece que \u00e9. \u2014 Como est\u00e1 o Asdr\u00fabal? \u2014 Anda mal, muito [&hellip;]\" \/>\n<meta property=\"og:url\" content=\"https:\/\/www.notibras.com\/site\/morrer-e-complicado-e-quando-jovem-pior-ainda\/\" \/>\n<meta property=\"og:site_name\" content=\"Notibras\" \/>\n<meta property=\"article:publisher\" content=\"https:\/\/www.facebook.com\/notibras\/\" \/>\n<meta property=\"article:published_time\" content=\"2024-05-02T05:52:39+00:00\" \/>\n<meta property=\"article:modified_time\" content=\"2024-05-02T05:53:48+00:00\" \/>\n<meta property=\"og:image\" content=\"https:\/\/www.notibras.com\/site\/wp-content\/uploads\/2024\/05\/73798a60-7ab9-4ac3-8307-e721e6d3e025.jpeg\" \/>\n\t<meta property=\"og:image:width\" content=\"1024\" \/>\n\t<meta property=\"og:image:height\" content=\"1024\" \/>\n\t<meta property=\"og:image:type\" content=\"image\/jpeg\" \/>\n<meta name=\"author\" content=\"Reda\u00e7\u00e3o\" \/>\n<meta name=\"twitter:card\" content=\"summary_large_image\" \/>\n<meta name=\"twitter:creator\" content=\"@Notibras\" \/>\n<meta name=\"twitter:site\" content=\"@Notibras\" \/>\n<meta name=\"twitter:label1\" content=\"Escrito por\" \/>\n\t<meta name=\"twitter:data1\" content=\"Reda\u00e7\u00e3o\" \/>\n\t<meta name=\"twitter:label2\" content=\"Est. tempo de leitura\" \/>\n\t<meta name=\"twitter:data2\" content=\"3 minutos\" \/>\n<script type=\"application\/ld+json\" class=\"yoast-schema-graph\">{\"@context\":\"https:\\\/\\\/schema.org\",\"@graph\":[{\"@type\":\"Article\",\"@id\":\"https:\\\/\\\/www.notibras.com\\\/site\\\/morrer-e-complicado-e-quando-jovem-pior-ainda\\\/#article\",\"isPartOf\":{\"@id\":\"https:\\\/\\\/www.notibras.com\\\/site\\\/morrer-e-complicado-e-quando-jovem-pior-ainda\\\/\"},\"author\":{\"name\":\"Reda\u00e7\u00e3o\",\"@id\":\"https:\\\/\\\/www.notibras.com\\\/site\\\/#\\\/schema\\\/person\\\/36ab0979449956132d3e5b517ea76ac8\"},\"headline\":\"Morrer \u00e9 complicado, e quando jovem, pior ainda\",\"datePublished\":\"2024-05-02T05:52:39+00:00\",\"dateModified\":\"2024-05-02T05:53:48+00:00\",\"mainEntityOfPage\":{\"@id\":\"https:\\\/\\\/www.notibras.com\\\/site\\\/morrer-e-complicado-e-quando-jovem-pior-ainda\\\/\"},\"wordCount\":359,\"publisher\":{\"@id\":\"https:\\\/\\\/www.notibras.com\\\/site\\\/#organization\"},\"image\":{\"@id\":\"https:\\\/\\\/www.notibras.com\\\/site\\\/morrer-e-complicado-e-quando-jovem-pior-ainda\\\/#primaryimage\"},\"thumbnailUrl\":\"https:\\\/\\\/www.notibras.com\\\/site\\\/wp-content\\\/uploads\\\/2024\\\/05\\\/73798a60-7ab9-4ac3-8307-e721e6d3e025.jpeg\",\"articleSection\":[\"Quadradinho em Foco\"],\"inLanguage\":\"pt-BR\"},{\"@type\":\"WebPage\",\"@id\":\"https:\\\/\\\/www.notibras.com\\\/site\\\/morrer-e-complicado-e-quando-jovem-pior-ainda\\\/\",\"url\":\"https:\\\/\\\/www.notibras.com\\\/site\\\/morrer-e-complicado-e-quando-jovem-pior-ainda\\\/\",\"name\":\"Morrer \u00e9 complicado, e quando jovem, pior ainda - Notibras\",\"isPartOf\":{\"@id\":\"https:\\\/\\\/www.notibras.com\\\/site\\\/#website\"},\"primaryImageOfPage\":{\"@id\":\"https:\\\/\\\/www.notibras.com\\\/site\\\/morrer-e-complicado-e-quando-jovem-pior-ainda\\\/#primaryimage\"},\"image\":{\"@id\":\"https:\\\/\\\/www.notibras.com\\\/site\\\/morrer-e-complicado-e-quando-jovem-pior-ainda\\\/#primaryimage\"},\"thumbnailUrl\":\"https:\\\/\\\/www.notibras.com\\\/site\\\/wp-content\\\/uploads\\\/2024\\\/05\\\/73798a60-7ab9-4ac3-8307-e721e6d3e025.jpeg\",\"datePublished\":\"2024-05-02T05:52:39+00:00\",\"dateModified\":\"2024-05-02T05:53:48+00:00\",\"breadcrumb\":{\"@id\":\"https:\\\/\\\/www.notibras.com\\\/site\\\/morrer-e-complicado-e-quando-jovem-pior-ainda\\\/#breadcrumb\"},\"inLanguage\":\"pt-BR\",\"potentialAction\":[{\"@type\":\"ReadAction\",\"target\":[\"https:\\\/\\\/www.notibras.com\\\/site\\\/morrer-e-complicado-e-quando-jovem-pior-ainda\\\/\"]}]},{\"@type\":\"ImageObject\",\"inLanguage\":\"pt-BR\",\"@id\":\"https:\\\/\\\/www.notibras.com\\\/site\\\/morrer-e-complicado-e-quando-jovem-pior-ainda\\\/#primaryimage\",\"url\":\"https:\\\/\\\/www.notibras.com\\\/site\\\/wp-content\\\/uploads\\\/2024\\\/05\\\/73798a60-7ab9-4ac3-8307-e721e6d3e025.jpeg\",\"contentUrl\":\"https:\\\/\\\/www.notibras.com\\\/site\\\/wp-content\\\/uploads\\\/2024\\\/05\\\/73798a60-7ab9-4ac3-8307-e721e6d3e025.jpeg\",\"width\":1024,\"height\":1024},{\"@type\":\"BreadcrumbList\",\"@id\":\"https:\\\/\\\/www.notibras.com\\\/site\\\/morrer-e-complicado-e-quando-jovem-pior-ainda\\\/#breadcrumb\",\"itemListElement\":[{\"@type\":\"ListItem\",\"position\":1,\"name\":\"In\u00edcio\",\"item\":\"https:\\\/\\\/www.notibras.com\\\/site\\\/\"},{\"@type\":\"ListItem\",\"position\":2,\"name\":\"Morrer \u00e9 complicado, e quando jovem, pior ainda\"}]},{\"@type\":\"WebSite\",\"@id\":\"https:\\\/\\\/www.notibras.com\\\/site\\\/#website\",\"url\":\"https:\\\/\\\/www.notibras.com\\\/site\\\/\",\"name\":\"Notibras\",\"description\":\"Not\u00edcias de Bras\u00edlia, do Brasil e do Mundo\",\"publisher\":{\"@id\":\"https:\\\/\\\/www.notibras.com\\\/site\\\/#organization\"},\"potentialAction\":[{\"@type\":\"SearchAction\",\"target\":{\"@type\":\"EntryPoint\",\"urlTemplate\":\"https:\\\/\\\/www.notibras.com\\\/site\\\/?s={search_term_string}\"},\"query-input\":{\"@type\":\"PropertyValueSpecification\",\"valueRequired\":true,\"valueName\":\"search_term_string\"}}],\"inLanguage\":\"pt-BR\"},{\"@type\":\"Organization\",\"@id\":\"https:\\\/\\\/www.notibras.com\\\/site\\\/#organization\",\"name\":\"Grupo Notibras de Comunica\u00e7\u00e3o\",\"url\":\"https:\\\/\\\/www.notibras.com\\\/site\\\/\",\"logo\":{\"@type\":\"ImageObject\",\"inLanguage\":\"pt-BR\",\"@id\":\"https:\\\/\\\/www.notibras.com\\\/site\\\/#\\\/schema\\\/logo\\\/image\\\/\",\"url\":\"https:\\\/\\\/www.notibras.com\\\/site\\\/wp-content\\\/uploads\\\/2023\\\/01\\\/notibras23.png\",\"contentUrl\":\"https:\\\/\\\/www.notibras.com\\\/site\\\/wp-content\\\/uploads\\\/2023\\\/01\\\/notibras23.png\",\"width\":350,\"height\":87,\"caption\":\"Grupo Notibras de Comunica\u00e7\u00e3o\"},\"image\":{\"@id\":\"https:\\\/\\\/www.notibras.com\\\/site\\\/#\\\/schema\\\/logo\\\/image\\\/\"},\"sameAs\":[\"https:\\\/\\\/www.facebook.com\\\/notibras\\\/\",\"https:\\\/\\\/x.com\\\/Notibras\",\"https:\\\/\\\/www.instagram.com\\\/notibras\\\/\"]},{\"@type\":\"Person\",\"@id\":\"https:\\\/\\\/www.notibras.com\\\/site\\\/#\\\/schema\\\/person\\\/36ab0979449956132d3e5b517ea76ac8\",\"name\":\"Reda\u00e7\u00e3o\",\"image\":{\"@type\":\"ImageObject\",\"inLanguage\":\"pt-BR\",\"@id\":\"https:\\\/\\\/secure.gravatar.com\\\/avatar\\\/e0a867bdedb85fd243eadf09663511f96fc81e0720a4a42581f334ad4303aa6b?s=96&d=mm&r=g\",\"url\":\"https:\\\/\\\/secure.gravatar.com\\\/avatar\\\/e0a867bdedb85fd243eadf09663511f96fc81e0720a4a42581f334ad4303aa6b?s=96&d=mm&r=g\",\"contentUrl\":\"https:\\\/\\\/secure.gravatar.com\\\/avatar\\\/e0a867bdedb85fd243eadf09663511f96fc81e0720a4a42581f334ad4303aa6b?s=96&d=mm&r=g\",\"caption\":\"Reda\u00e7\u00e3o\"}}]}<\/script>\n<!-- \/ Yoast SEO plugin. -->","yoast_head_json":{"title":"Morrer \u00e9 complicado, e quando jovem, pior ainda - Notibras","robots":{"index":"index","follow":"follow","max-snippet":"max-snippet:-1","max-image-preview":"max-image-preview:large","max-video-preview":"max-video-preview:-1"},"canonical":"https:\/\/www.notibras.com\/site\/morrer-e-complicado-e-quando-jovem-pior-ainda\/","og_locale":"pt_BR","og_type":"article","og_title":"Morrer \u00e9 complicado, e quando jovem, pior ainda - Notibras","og_description":"Parece, mas n\u00e3o \u00e9 sempre que ocorre, que o tempo carrega o vi\u00e7o, apesar da vaidade permanecer incrustada na alma. Se isso \u00e9 totalmente verdade, n\u00e3o se pode afirmar, mas bem que, como mostra esta hist\u00f3ria, que se iniciou logo ali naquela pra\u00e7a, parece que \u00e9. \u2014 Como est\u00e1 o Asdr\u00fabal? \u2014 Anda mal, muito [&hellip;]","og_url":"https:\/\/www.notibras.com\/site\/morrer-e-complicado-e-quando-jovem-pior-ainda\/","og_site_name":"Notibras","article_publisher":"https:\/\/www.facebook.com\/notibras\/","article_published_time":"2024-05-02T05:52:39+00:00","article_modified_time":"2024-05-02T05:53:48+00:00","og_image":[{"width":1024,"height":1024,"url":"https:\/\/www.notibras.com\/site\/wp-content\/uploads\/2024\/05\/73798a60-7ab9-4ac3-8307-e721e6d3e025.jpeg","type":"image\/jpeg"}],"author":"Reda\u00e7\u00e3o","twitter_card":"summary_large_image","twitter_creator":"@Notibras","twitter_site":"@Notibras","twitter_misc":{"Escrito por":"Reda\u00e7\u00e3o","Est. tempo de leitura":"3 minutos"},"schema":{"@context":"https:\/\/schema.org","@graph":[{"@type":"Article","@id":"https:\/\/www.notibras.com\/site\/morrer-e-complicado-e-quando-jovem-pior-ainda\/#article","isPartOf":{"@id":"https:\/\/www.notibras.com\/site\/morrer-e-complicado-e-quando-jovem-pior-ainda\/"},"author":{"name":"Reda\u00e7\u00e3o","@id":"https:\/\/www.notibras.com\/site\/#\/schema\/person\/36ab0979449956132d3e5b517ea76ac8"},"headline":"Morrer \u00e9 complicado, e quando jovem, pior ainda","datePublished":"2024-05-02T05:52:39+00:00","dateModified":"2024-05-02T05:53:48+00:00","mainEntityOfPage":{"@id":"https:\/\/www.notibras.com\/site\/morrer-e-complicado-e-quando-jovem-pior-ainda\/"},"wordCount":359,"publisher":{"@id":"https:\/\/www.notibras.com\/site\/#organization"},"image":{"@id":"https:\/\/www.notibras.com\/site\/morrer-e-complicado-e-quando-jovem-pior-ainda\/#primaryimage"},"thumbnailUrl":"https:\/\/www.notibras.com\/site\/wp-content\/uploads\/2024\/05\/73798a60-7ab9-4ac3-8307-e721e6d3e025.jpeg","articleSection":["Quadradinho em Foco"],"inLanguage":"pt-BR"},{"@type":"WebPage","@id":"https:\/\/www.notibras.com\/site\/morrer-e-complicado-e-quando-jovem-pior-ainda\/","url":"https:\/\/www.notibras.com\/site\/morrer-e-complicado-e-quando-jovem-pior-ainda\/","name":"Morrer \u00e9 complicado, e quando jovem, pior ainda - Notibras","isPartOf":{"@id":"https:\/\/www.notibras.com\/site\/#website"},"primaryImageOfPage":{"@id":"https:\/\/www.notibras.com\/site\/morrer-e-complicado-e-quando-jovem-pior-ainda\/#primaryimage"},"image":{"@id":"https:\/\/www.notibras.com\/site\/morrer-e-complicado-e-quando-jovem-pior-ainda\/#primaryimage"},"thumbnailUrl":"https:\/\/www.notibras.com\/site\/wp-content\/uploads\/2024\/05\/73798a60-7ab9-4ac3-8307-e721e6d3e025.jpeg","datePublished":"2024-05-02T05:52:39+00:00","dateModified":"2024-05-02T05:53:48+00:00","breadcrumb":{"@id":"https:\/\/www.notibras.com\/site\/morrer-e-complicado-e-quando-jovem-pior-ainda\/#breadcrumb"},"inLanguage":"pt-BR","potentialAction":[{"@type":"ReadAction","target":["https:\/\/www.notibras.com\/site\/morrer-e-complicado-e-quando-jovem-pior-ainda\/"]}]},{"@type":"ImageObject","inLanguage":"pt-BR","@id":"https:\/\/www.notibras.com\/site\/morrer-e-complicado-e-quando-jovem-pior-ainda\/#primaryimage","url":"https:\/\/www.notibras.com\/site\/wp-content\/uploads\/2024\/05\/73798a60-7ab9-4ac3-8307-e721e6d3e025.jpeg","contentUrl":"https:\/\/www.notibras.com\/site\/wp-content\/uploads\/2024\/05\/73798a60-7ab9-4ac3-8307-e721e6d3e025.jpeg","width":1024,"height":1024},{"@type":"BreadcrumbList","@id":"https:\/\/www.notibras.com\/site\/morrer-e-complicado-e-quando-jovem-pior-ainda\/#breadcrumb","itemListElement":[{"@type":"ListItem","position":1,"name":"In\u00edcio","item":"https:\/\/www.notibras.com\/site\/"},{"@type":"ListItem","position":2,"name":"Morrer \u00e9 complicado, e quando jovem, pior ainda"}]},{"@type":"WebSite","@id":"https:\/\/www.notibras.com\/site\/#website","url":"https:\/\/www.notibras.com\/site\/","name":"Notibras","description":"Not\u00edcias de Bras\u00edlia, do Brasil e do Mundo","publisher":{"@id":"https:\/\/www.notibras.com\/site\/#organization"},"potentialAction":[{"@type":"SearchAction","target":{"@type":"EntryPoint","urlTemplate":"https:\/\/www.notibras.com\/site\/?s={search_term_string}"},"query-input":{"@type":"PropertyValueSpecification","valueRequired":true,"valueName":"search_term_string"}}],"inLanguage":"pt-BR"},{"@type":"Organization","@id":"https:\/\/www.notibras.com\/site\/#organization","name":"Grupo Notibras de Comunica\u00e7\u00e3o","url":"https:\/\/www.notibras.com\/site\/","logo":{"@type":"ImageObject","inLanguage":"pt-BR","@id":"https:\/\/www.notibras.com\/site\/#\/schema\/logo\/image\/","url":"https:\/\/www.notibras.com\/site\/wp-content\/uploads\/2023\/01\/notibras23.png","contentUrl":"https:\/\/www.notibras.com\/site\/wp-content\/uploads\/2023\/01\/notibras23.png","width":350,"height":87,"caption":"Grupo Notibras de Comunica\u00e7\u00e3o"},"image":{"@id":"https:\/\/www.notibras.com\/site\/#\/schema\/logo\/image\/"},"sameAs":["https:\/\/www.facebook.com\/notibras\/","https:\/\/x.com\/Notibras","https:\/\/www.instagram.com\/notibras\/"]},{"@type":"Person","@id":"https:\/\/www.notibras.com\/site\/#\/schema\/person\/36ab0979449956132d3e5b517ea76ac8","name":"Reda\u00e7\u00e3o","image":{"@type":"ImageObject","inLanguage":"pt-BR","@id":"https:\/\/secure.gravatar.com\/avatar\/e0a867bdedb85fd243eadf09663511f96fc81e0720a4a42581f334ad4303aa6b?s=96&d=mm&r=g","url":"https:\/\/secure.gravatar.com\/avatar\/e0a867bdedb85fd243eadf09663511f96fc81e0720a4a42581f334ad4303aa6b?s=96&d=mm&r=g","contentUrl":"https:\/\/secure.gravatar.com\/avatar\/e0a867bdedb85fd243eadf09663511f96fc81e0720a4a42581f334ad4303aa6b?s=96&d=mm&r=g","caption":"Reda\u00e7\u00e3o"}}]}},"amp_enabled":true,"_links":{"self":[{"href":"https:\/\/www.notibras.com\/site\/wp-json\/wp\/v2\/posts\/327821","targetHints":{"allow":["GET"]}}],"collection":[{"href":"https:\/\/www.notibras.com\/site\/wp-json\/wp\/v2\/posts"}],"about":[{"href":"https:\/\/www.notibras.com\/site\/wp-json\/wp\/v2\/types\/post"}],"author":[{"embeddable":true,"href":"https:\/\/www.notibras.com\/site\/wp-json\/wp\/v2\/users\/2"}],"replies":[{"embeddable":true,"href":"https:\/\/www.notibras.com\/site\/wp-json\/wp\/v2\/comments?post=327821"}],"version-history":[{"count":1,"href":"https:\/\/www.notibras.com\/site\/wp-json\/wp\/v2\/posts\/327821\/revisions"}],"predecessor-version":[{"id":327824,"href":"https:\/\/www.notibras.com\/site\/wp-json\/wp\/v2\/posts\/327821\/revisions\/327824"}],"wp:featuredmedia":[{"embeddable":true,"href":"https:\/\/www.notibras.com\/site\/wp-json\/wp\/v2\/media\/327823"}],"wp:attachment":[{"href":"https:\/\/www.notibras.com\/site\/wp-json\/wp\/v2\/media?parent=327821"}],"wp:term":[{"taxonomy":"category","embeddable":true,"href":"https:\/\/www.notibras.com\/site\/wp-json\/wp\/v2\/categories?post=327821"},{"taxonomy":"post_tag","embeddable":true,"href":"https:\/\/www.notibras.com\/site\/wp-json\/wp\/v2\/tags?post=327821"}],"curies":[{"name":"wp","href":"https:\/\/api.w.org\/{rel}","templated":true}]}}