{"id":327850,"date":"2024-05-02T00:00:16","date_gmt":"2024-05-02T03:00:16","guid":{"rendered":"https:\/\/www.notibras.com\/site\/?p=327850"},"modified":"2024-05-02T09:36:27","modified_gmt":"2024-05-02T12:36:27","slug":"encontro-de-carrinhos-de-rolima-reune-geracoes-no-paranoa","status":"publish","type":"post","link":"https:\/\/www.notibras.com\/site\/encontro-de-carrinhos-de-rolima-reune-geracoes-no-paranoa\/","title":{"rendered":"Encontro de Carrinhos de Rolim\u00e3 re\u00fane gera\u00e7\u00f5es no Parano\u00e1"},"content":{"rendered":"<p>O 5\u00ba Encontro de Carrinhos de Rolim\u00e3 reuniu dezenas de apaixonados pelas \u201crodas de a\u00e7o\u201d, no Parque Vivencial do Parano\u00e1, durante o feriado do Dia do Trabalhador, celebrado nesta quarta-feira (1\u00ba). O evento tamb\u00e9m marca o in\u00edcio das a\u00e7\u00f5es de conscientiza\u00e7\u00e3o da campanha Maio Amarelo. A iniciativa visa chamar a aten\u00e7\u00e3o dos condutores e passageiros para a seguran\u00e7a no tr\u00e2nsito.<\/p>\n<p>A rampa de descida foi inaugurada ap\u00f3s representantes das for\u00e7as de seguran\u00e7a vinculadas \u00e0 Secretaria de Seguran\u00e7a P\u00fablica desfilarem com viaturas e carrinhos de rolim\u00e3 tem\u00e1ticos de cada corpora\u00e7\u00e3o. Segundo os organizadores do evento, a expectativa \u00e9 que mais de 1,5 mil apaixonados pelo esporte passem pelo local e participem das atividades.<\/p>\n<p>Para a crian\u00e7ada, uma das atra\u00e7\u00f5es era o teatro organizado pelo Departamento de Tr\u00e2nsito (Detran-DF). De acordo com o diretor-adjunto do departamento, Hugo Figueiredo, o objetivo \u00e9 se aproximar da popula\u00e7\u00e3o para levar conhecimento sobre a paz no tr\u00e2nsito.<\/p>\n<p>\u201c\u00c9 importante que o Detran apoie eventos como esse para aumentar o contato com a popula\u00e7\u00e3o, trazer proximidade e para desmistificar que somos um \u00f3rg\u00e3o autuador. Somos um departamento que visa a educa\u00e7\u00e3o no tr\u00e2nsito\u201d, defendeu Hugo.<\/p>\n<p><strong>Um esporte que une gera\u00e7\u00f5es<\/strong><br \/>\nO carrinho de rolim\u00e3 tem suas origens na d\u00e9cada de 1930 no Brasil, mais especificamente na regi\u00e3o Sul do pa\u00eds, onde tamb\u00e9m \u00e9 conhecido como carrinho de lomba. A divers\u00e3o evoluiu de forma org\u00e2nica, com crian\u00e7as improvisando carrinhos usando materiais simples, como t\u00e1buas de madeira, rolim\u00e3s (rodinhas de carrinho de brinquedo) e caixotes.<\/p>\n<p>\u00c9 conhecido por unir gera\u00e7\u00f5es pela tradi\u00e7\u00e3o familiar. Pais que brincavam com carrinhos de rolim\u00e3 quando eram crian\u00e7as compartilham essa experi\u00eancia com os filhos, criando um v\u00ednculo entre diferentes gera\u00e7\u00f5es.<\/p>\n<p>A pequena Amanda Cordeiro, de 11 anos, faz parte dessa tradi\u00e7\u00e3o na fam\u00edlia. A estudante herdou do pai a paix\u00e3o pela brincadeira. \u201cEu j\u00e1 vim no evento do ano passado e esse ano quis vir novamente. O que eu mais gosto \u00e9 de descer a ladeira porque d\u00e1 muita emo\u00e7\u00e3o. Quem fez meu carrinho foi meu pai, ele levou uns tr\u00eas dias para construir\u201d, revelou a garotinha.<\/p>\n<p>J\u00e1 a m\u00e3e, Leandra Cordeiro, 44 anos, garantiu: \u201cEu n\u00e3o tenho coragem de descer de jeito nenhum. N\u00e3o me arrisco. Mas o pai \u00e9 pioneiro e ensinou a filha a gostar tamb\u00e9m. Eu s\u00f3 trago e incentivo\u201d, brincou a comerciante.<\/p>\n<p>\u201cJ\u00e1 tem cinco anos que a gente anda de rolim\u00e3. \u00c9 um hobby para n\u00f3s\u201d, diz o vigilante Jo\u00e3o Luiz Sousa, que criou o grupo Unidos do Rolim\u00e3 de Planaltina<\/p>\n<p>Conhecida como uma brincadeira das antigas, o carrinho de rolim\u00e3 tamb\u00e9m estimula as mem\u00f3rias de inf\u00e2ncia. Para muitas pessoas, as lembran\u00e7as da brincadeira s\u00e3o algumas das mais queridas. Com esse prop\u00f3sito, o vigilante Jo\u00e3o Luiz Sousa, 60 anos, instituiu o grupo Unidos do Rolim\u00e3 de Planaltina.<\/p>\n<p>\u201cSomos 50 pessoas que integram o grupo. J\u00e1 tem cinco anos que a gente anda de rolim\u00e3. \u00c9 um hobby para n\u00f3s. Com a pandemia, paramos com os encontros, mas agora eles j\u00e1 foram retomados e a gente marca de descer a ladeira pelo menos uma vez por m\u00eas. \u00c9 um sucesso porque resgata um brinquedo antigo, que marcou a nossa inf\u00e2ncia\u201d, defendeu Jo\u00e3o.<\/p>\n<p><strong>Maio Amarelo<\/strong><br \/>\nNeste ano, a campanha nacional dos \u00f3rg\u00e3os de tr\u00e2nsito completa 11 anos, e tem como tema \u201cPaz no tr\u00e2nsito come\u00e7a por voc\u00ea\u201d. Equipes do Departamento de Estradas de Rodagem do Distrito Federal (DER-DF) e do Detran-DF cumpriram uma s\u00e9rie de atividades voltadas para a popula\u00e7\u00e3o. O Corpo de Bombeiros e a Pol\u00edcia Militar do DF tamb\u00e9m marcaram presen\u00e7a no Parque Vivencial do Parano\u00e1.<\/p>\n<p>Ao longo de todo o m\u00eas, as equipes far\u00e3o pr\u00e1ticas presenciais, com a distribui\u00e7\u00e3o de kits em diversas rodovias do DF, voltadas para motoristas, ciclistas, pedestres e passageiros \u2013 todas as categorias que integram o tr\u00e2nsito. Campanhas de conscientiza\u00e7\u00e3o para as crian\u00e7as tamb\u00e9m ser\u00e3o refor\u00e7adas durante o Maio Amarelo. No 5\u00ba Encontro de Carrinhos de Rolim\u00e3, foram entregues mais de 2.500 kits educativos para a crian\u00e7ada presente.<\/p>\n<p>Presente no evento, o presidente do DER-DF, Fauzi Nacfur Junior, destacou a import\u00e2ncia da campanha anual para garantir a seguran\u00e7a nas vias da capital federal: \u201cMais um dia muito importante que d\u00e1 in\u00edcio ao Maio Amarelo, em um lugar maravilhoso onde temos toda a sociedade organizada reunida com as entidades do governo. Nada disso teria import\u00e2ncia se n\u00e3o fosse para conscientizar sobre as mortes no tr\u00e2nsito. Com o tema \u2018Paz no tr\u00e2nsito come\u00e7a por voc\u00ea\u2019, cada um tem a sua responsabilidade, tanto o governo quanto a sociedade\u201d.<\/p>\n","protected":false},"excerpt":{"rendered":"<p>O 5\u00ba Encontro de Carrinhos de Rolim\u00e3 reuniu dezenas de apaixonados pelas \u201crodas de a\u00e7o\u201d, no Parque Vivencial do Parano\u00e1, durante o feriado do Dia do Trabalhador, celebrado nesta quarta-feira (1\u00ba). O evento tamb\u00e9m marca o in\u00edcio das a\u00e7\u00f5es de conscientiza\u00e7\u00e3o da campanha Maio Amarelo. A iniciativa visa chamar a aten\u00e7\u00e3o dos condutores e passageiros [&hellip;]<\/p>\n","protected":false},"author":2,"featured_media":327851,"comment_status":"closed","ping_status":"closed","sticky":false,"template":"","format":"standard","meta":{"_acf_changed":false,"footnotes":""},"categories":[161],"tags":[],"class_list":["post-327850","post","type-post","status-publish","format-standard","has-post-thumbnail","hentry","category-quadradinho-em-foco"],"acf":[],"yoast_head":"<!-- This site is optimized with the Yoast SEO plugin v27.5 - https:\/\/yoast.com\/product\/yoast-seo-wordpress\/ -->\n<title>Encontro de Carrinhos de Rolim\u00e3 re\u00fane gera\u00e7\u00f5es no Parano\u00e1 - Notibras<\/title>\n<meta name=\"robots\" content=\"index, follow, max-snippet:-1, max-image-preview:large, max-video-preview:-1\" \/>\n<link rel=\"canonical\" href=\"https:\/\/www.notibras.com\/site\/encontro-de-carrinhos-de-rolima-reune-geracoes-no-paranoa\/\" \/>\n<meta property=\"og:locale\" content=\"pt_BR\" \/>\n<meta property=\"og:type\" content=\"article\" \/>\n<meta property=\"og:title\" content=\"Encontro de Carrinhos de Rolim\u00e3 re\u00fane gera\u00e7\u00f5es no Parano\u00e1 - Notibras\" \/>\n<meta property=\"og:description\" content=\"O 5\u00ba Encontro de Carrinhos de Rolim\u00e3 reuniu dezenas de apaixonados pelas \u201crodas de a\u00e7o\u201d, no Parque Vivencial do Parano\u00e1, durante o feriado do Dia do Trabalhador, celebrado nesta quarta-feira (1\u00ba). O evento tamb\u00e9m marca o in\u00edcio das a\u00e7\u00f5es de conscientiza\u00e7\u00e3o da campanha Maio Amarelo. A iniciativa visa chamar a aten\u00e7\u00e3o dos condutores e passageiros [&hellip;]\" \/>\n<meta property=\"og:url\" content=\"https:\/\/www.notibras.com\/site\/encontro-de-carrinhos-de-rolima-reune-geracoes-no-paranoa\/\" \/>\n<meta property=\"og:site_name\" content=\"Notibras\" \/>\n<meta property=\"article:publisher\" content=\"https:\/\/www.facebook.com\/notibras\/\" \/>\n<meta property=\"article:published_time\" content=\"2024-05-02T03:00:16+00:00\" \/>\n<meta property=\"article:modified_time\" content=\"2024-05-02T12:36:27+00:00\" \/>\n<meta property=\"og:image\" content=\"https:\/\/www.notibras.com\/site\/wp-content\/uploads\/2024\/05\/dentro-2.jpg\" \/>\n\t<meta property=\"og:image:width\" content=\"1181\" \/>\n\t<meta property=\"og:image:height\" content=\"788\" \/>\n\t<meta property=\"og:image:type\" content=\"image\/jpeg\" \/>\n<meta name=\"author\" content=\"Reda\u00e7\u00e3o\" \/>\n<meta name=\"twitter:card\" content=\"summary_large_image\" \/>\n<meta name=\"twitter:creator\" content=\"@Notibras\" \/>\n<meta name=\"twitter:site\" content=\"@Notibras\" \/>\n<meta name=\"twitter:label1\" content=\"Escrito por\" \/>\n\t<meta name=\"twitter:data1\" content=\"Reda\u00e7\u00e3o\" \/>\n\t<meta name=\"twitter:label2\" content=\"Est. tempo de leitura\" \/>\n\t<meta name=\"twitter:data2\" content=\"5 minutos\" \/>\n<script type=\"application\/ld+json\" class=\"yoast-schema-graph\">{\"@context\":\"https:\\\/\\\/schema.org\",\"@graph\":[{\"@type\":\"Article\",\"@id\":\"https:\\\/\\\/www.notibras.com\\\/site\\\/encontro-de-carrinhos-de-rolima-reune-geracoes-no-paranoa\\\/#article\",\"isPartOf\":{\"@id\":\"https:\\\/\\\/www.notibras.com\\\/site\\\/encontro-de-carrinhos-de-rolima-reune-geracoes-no-paranoa\\\/\"},\"author\":{\"name\":\"Reda\u00e7\u00e3o\",\"@id\":\"https:\\\/\\\/www.notibras.com\\\/site\\\/#\\\/schema\\\/person\\\/36ab0979449956132d3e5b517ea76ac8\"},\"headline\":\"Encontro de Carrinhos de Rolim\u00e3 re\u00fane gera\u00e7\u00f5es no Parano\u00e1\",\"datePublished\":\"2024-05-02T03:00:16+00:00\",\"dateModified\":\"2024-05-02T12:36:27+00:00\",\"mainEntityOfPage\":{\"@id\":\"https:\\\/\\\/www.notibras.com\\\/site\\\/encontro-de-carrinhos-de-rolima-reune-geracoes-no-paranoa\\\/\"},\"wordCount\":820,\"publisher\":{\"@id\":\"https:\\\/\\\/www.notibras.com\\\/site\\\/#organization\"},\"image\":{\"@id\":\"https:\\\/\\\/www.notibras.com\\\/site\\\/encontro-de-carrinhos-de-rolima-reune-geracoes-no-paranoa\\\/#primaryimage\"},\"thumbnailUrl\":\"https:\\\/\\\/www.notibras.com\\\/site\\\/wp-content\\\/uploads\\\/2024\\\/05\\\/dentro-2.jpg\",\"articleSection\":[\"Quadradinho em Foco\"],\"inLanguage\":\"pt-BR\"},{\"@type\":\"WebPage\",\"@id\":\"https:\\\/\\\/www.notibras.com\\\/site\\\/encontro-de-carrinhos-de-rolima-reune-geracoes-no-paranoa\\\/\",\"url\":\"https:\\\/\\\/www.notibras.com\\\/site\\\/encontro-de-carrinhos-de-rolima-reune-geracoes-no-paranoa\\\/\",\"name\":\"Encontro de Carrinhos de Rolim\u00e3 re\u00fane gera\u00e7\u00f5es no Parano\u00e1 - Notibras\",\"isPartOf\":{\"@id\":\"https:\\\/\\\/www.notibras.com\\\/site\\\/#website\"},\"primaryImageOfPage\":{\"@id\":\"https:\\\/\\\/www.notibras.com\\\/site\\\/encontro-de-carrinhos-de-rolima-reune-geracoes-no-paranoa\\\/#primaryimage\"},\"image\":{\"@id\":\"https:\\\/\\\/www.notibras.com\\\/site\\\/encontro-de-carrinhos-de-rolima-reune-geracoes-no-paranoa\\\/#primaryimage\"},\"thumbnailUrl\":\"https:\\\/\\\/www.notibras.com\\\/site\\\/wp-content\\\/uploads\\\/2024\\\/05\\\/dentro-2.jpg\",\"datePublished\":\"2024-05-02T03:00:16+00:00\",\"dateModified\":\"2024-05-02T12:36:27+00:00\",\"breadcrumb\":{\"@id\":\"https:\\\/\\\/www.notibras.com\\\/site\\\/encontro-de-carrinhos-de-rolima-reune-geracoes-no-paranoa\\\/#breadcrumb\"},\"inLanguage\":\"pt-BR\",\"potentialAction\":[{\"@type\":\"ReadAction\",\"target\":[\"https:\\\/\\\/www.notibras.com\\\/site\\\/encontro-de-carrinhos-de-rolima-reune-geracoes-no-paranoa\\\/\"]}]},{\"@type\":\"ImageObject\",\"inLanguage\":\"pt-BR\",\"@id\":\"https:\\\/\\\/www.notibras.com\\\/site\\\/encontro-de-carrinhos-de-rolima-reune-geracoes-no-paranoa\\\/#primaryimage\",\"url\":\"https:\\\/\\\/www.notibras.com\\\/site\\\/wp-content\\\/uploads\\\/2024\\\/05\\\/dentro-2.jpg\",\"contentUrl\":\"https:\\\/\\\/www.notibras.com\\\/site\\\/wp-content\\\/uploads\\\/2024\\\/05\\\/dentro-2.jpg\",\"width\":1181,\"height\":788},{\"@type\":\"BreadcrumbList\",\"@id\":\"https:\\\/\\\/www.notibras.com\\\/site\\\/encontro-de-carrinhos-de-rolima-reune-geracoes-no-paranoa\\\/#breadcrumb\",\"itemListElement\":[{\"@type\":\"ListItem\",\"position\":1,\"name\":\"In\u00edcio\",\"item\":\"https:\\\/\\\/www.notibras.com\\\/site\\\/\"},{\"@type\":\"ListItem\",\"position\":2,\"name\":\"Encontro de Carrinhos de Rolim\u00e3 re\u00fane gera\u00e7\u00f5es no Parano\u00e1\"}]},{\"@type\":\"WebSite\",\"@id\":\"https:\\\/\\\/www.notibras.com\\\/site\\\/#website\",\"url\":\"https:\\\/\\\/www.notibras.com\\\/site\\\/\",\"name\":\"Notibras\",\"description\":\"Not\u00edcias de Bras\u00edlia, do Brasil e do Mundo\",\"publisher\":{\"@id\":\"https:\\\/\\\/www.notibras.com\\\/site\\\/#organization\"},\"potentialAction\":[{\"@type\":\"SearchAction\",\"target\":{\"@type\":\"EntryPoint\",\"urlTemplate\":\"https:\\\/\\\/www.notibras.com\\\/site\\\/?s={search_term_string}\"},\"query-input\":{\"@type\":\"PropertyValueSpecification\",\"valueRequired\":true,\"valueName\":\"search_term_string\"}}],\"inLanguage\":\"pt-BR\"},{\"@type\":\"Organization\",\"@id\":\"https:\\\/\\\/www.notibras.com\\\/site\\\/#organization\",\"name\":\"Grupo Notibras de Comunica\u00e7\u00e3o\",\"url\":\"https:\\\/\\\/www.notibras.com\\\/site\\\/\",\"logo\":{\"@type\":\"ImageObject\",\"inLanguage\":\"pt-BR\",\"@id\":\"https:\\\/\\\/www.notibras.com\\\/site\\\/#\\\/schema\\\/logo\\\/image\\\/\",\"url\":\"https:\\\/\\\/www.notibras.com\\\/site\\\/wp-content\\\/uploads\\\/2023\\\/01\\\/notibras23.png\",\"contentUrl\":\"https:\\\/\\\/www.notibras.com\\\/site\\\/wp-content\\\/uploads\\\/2023\\\/01\\\/notibras23.png\",\"width\":350,\"height\":87,\"caption\":\"Grupo Notibras de Comunica\u00e7\u00e3o\"},\"image\":{\"@id\":\"https:\\\/\\\/www.notibras.com\\\/site\\\/#\\\/schema\\\/logo\\\/image\\\/\"},\"sameAs\":[\"https:\\\/\\\/www.facebook.com\\\/notibras\\\/\",\"https:\\\/\\\/x.com\\\/Notibras\",\"https:\\\/\\\/www.instagram.com\\\/notibras\\\/\"]},{\"@type\":\"Person\",\"@id\":\"https:\\\/\\\/www.notibras.com\\\/site\\\/#\\\/schema\\\/person\\\/36ab0979449956132d3e5b517ea76ac8\",\"name\":\"Reda\u00e7\u00e3o\",\"image\":{\"@type\":\"ImageObject\",\"inLanguage\":\"pt-BR\",\"@id\":\"https:\\\/\\\/secure.gravatar.com\\\/avatar\\\/e0a867bdedb85fd243eadf09663511f96fc81e0720a4a42581f334ad4303aa6b?s=96&d=mm&r=g\",\"url\":\"https:\\\/\\\/secure.gravatar.com\\\/avatar\\\/e0a867bdedb85fd243eadf09663511f96fc81e0720a4a42581f334ad4303aa6b?s=96&d=mm&r=g\",\"contentUrl\":\"https:\\\/\\\/secure.gravatar.com\\\/avatar\\\/e0a867bdedb85fd243eadf09663511f96fc81e0720a4a42581f334ad4303aa6b?s=96&d=mm&r=g\",\"caption\":\"Reda\u00e7\u00e3o\"}}]}<\/script>\n<!-- \/ Yoast SEO plugin. -->","yoast_head_json":{"title":"Encontro de Carrinhos de Rolim\u00e3 re\u00fane gera\u00e7\u00f5es no Parano\u00e1 - Notibras","robots":{"index":"index","follow":"follow","max-snippet":"max-snippet:-1","max-image-preview":"max-image-preview:large","max-video-preview":"max-video-preview:-1"},"canonical":"https:\/\/www.notibras.com\/site\/encontro-de-carrinhos-de-rolima-reune-geracoes-no-paranoa\/","og_locale":"pt_BR","og_type":"article","og_title":"Encontro de Carrinhos de Rolim\u00e3 re\u00fane gera\u00e7\u00f5es no Parano\u00e1 - Notibras","og_description":"O 5\u00ba Encontro de Carrinhos de Rolim\u00e3 reuniu dezenas de apaixonados pelas \u201crodas de a\u00e7o\u201d, no Parque Vivencial do Parano\u00e1, durante o feriado do Dia do Trabalhador, celebrado nesta quarta-feira (1\u00ba). O evento tamb\u00e9m marca o in\u00edcio das a\u00e7\u00f5es de conscientiza\u00e7\u00e3o da campanha Maio Amarelo. A iniciativa visa chamar a aten\u00e7\u00e3o dos condutores e passageiros [&hellip;]","og_url":"https:\/\/www.notibras.com\/site\/encontro-de-carrinhos-de-rolima-reune-geracoes-no-paranoa\/","og_site_name":"Notibras","article_publisher":"https:\/\/www.facebook.com\/notibras\/","article_published_time":"2024-05-02T03:00:16+00:00","article_modified_time":"2024-05-02T12:36:27+00:00","og_image":[{"width":1181,"height":788,"url":"https:\/\/www.notibras.com\/site\/wp-content\/uploads\/2024\/05\/dentro-2.jpg","type":"image\/jpeg"}],"author":"Reda\u00e7\u00e3o","twitter_card":"summary_large_image","twitter_creator":"@Notibras","twitter_site":"@Notibras","twitter_misc":{"Escrito por":"Reda\u00e7\u00e3o","Est. tempo de leitura":"5 minutos"},"schema":{"@context":"https:\/\/schema.org","@graph":[{"@type":"Article","@id":"https:\/\/www.notibras.com\/site\/encontro-de-carrinhos-de-rolima-reune-geracoes-no-paranoa\/#article","isPartOf":{"@id":"https:\/\/www.notibras.com\/site\/encontro-de-carrinhos-de-rolima-reune-geracoes-no-paranoa\/"},"author":{"name":"Reda\u00e7\u00e3o","@id":"https:\/\/www.notibras.com\/site\/#\/schema\/person\/36ab0979449956132d3e5b517ea76ac8"},"headline":"Encontro de Carrinhos de Rolim\u00e3 re\u00fane gera\u00e7\u00f5es no Parano\u00e1","datePublished":"2024-05-02T03:00:16+00:00","dateModified":"2024-05-02T12:36:27+00:00","mainEntityOfPage":{"@id":"https:\/\/www.notibras.com\/site\/encontro-de-carrinhos-de-rolima-reune-geracoes-no-paranoa\/"},"wordCount":820,"publisher":{"@id":"https:\/\/www.notibras.com\/site\/#organization"},"image":{"@id":"https:\/\/www.notibras.com\/site\/encontro-de-carrinhos-de-rolima-reune-geracoes-no-paranoa\/#primaryimage"},"thumbnailUrl":"https:\/\/www.notibras.com\/site\/wp-content\/uploads\/2024\/05\/dentro-2.jpg","articleSection":["Quadradinho em Foco"],"inLanguage":"pt-BR"},{"@type":"WebPage","@id":"https:\/\/www.notibras.com\/site\/encontro-de-carrinhos-de-rolima-reune-geracoes-no-paranoa\/","url":"https:\/\/www.notibras.com\/site\/encontro-de-carrinhos-de-rolima-reune-geracoes-no-paranoa\/","name":"Encontro de Carrinhos de Rolim\u00e3 re\u00fane gera\u00e7\u00f5es no Parano\u00e1 - Notibras","isPartOf":{"@id":"https:\/\/www.notibras.com\/site\/#website"},"primaryImageOfPage":{"@id":"https:\/\/www.notibras.com\/site\/encontro-de-carrinhos-de-rolima-reune-geracoes-no-paranoa\/#primaryimage"},"image":{"@id":"https:\/\/www.notibras.com\/site\/encontro-de-carrinhos-de-rolima-reune-geracoes-no-paranoa\/#primaryimage"},"thumbnailUrl":"https:\/\/www.notibras.com\/site\/wp-content\/uploads\/2024\/05\/dentro-2.jpg","datePublished":"2024-05-02T03:00:16+00:00","dateModified":"2024-05-02T12:36:27+00:00","breadcrumb":{"@id":"https:\/\/www.notibras.com\/site\/encontro-de-carrinhos-de-rolima-reune-geracoes-no-paranoa\/#breadcrumb"},"inLanguage":"pt-BR","potentialAction":[{"@type":"ReadAction","target":["https:\/\/www.notibras.com\/site\/encontro-de-carrinhos-de-rolima-reune-geracoes-no-paranoa\/"]}]},{"@type":"ImageObject","inLanguage":"pt-BR","@id":"https:\/\/www.notibras.com\/site\/encontro-de-carrinhos-de-rolima-reune-geracoes-no-paranoa\/#primaryimage","url":"https:\/\/www.notibras.com\/site\/wp-content\/uploads\/2024\/05\/dentro-2.jpg","contentUrl":"https:\/\/www.notibras.com\/site\/wp-content\/uploads\/2024\/05\/dentro-2.jpg","width":1181,"height":788},{"@type":"BreadcrumbList","@id":"https:\/\/www.notibras.com\/site\/encontro-de-carrinhos-de-rolima-reune-geracoes-no-paranoa\/#breadcrumb","itemListElement":[{"@type":"ListItem","position":1,"name":"In\u00edcio","item":"https:\/\/www.notibras.com\/site\/"},{"@type":"ListItem","position":2,"name":"Encontro de Carrinhos de Rolim\u00e3 re\u00fane gera\u00e7\u00f5es no Parano\u00e1"}]},{"@type":"WebSite","@id":"https:\/\/www.notibras.com\/site\/#website","url":"https:\/\/www.notibras.com\/site\/","name":"Notibras","description":"Not\u00edcias de Bras\u00edlia, do Brasil e do Mundo","publisher":{"@id":"https:\/\/www.notibras.com\/site\/#organization"},"potentialAction":[{"@type":"SearchAction","target":{"@type":"EntryPoint","urlTemplate":"https:\/\/www.notibras.com\/site\/?s={search_term_string}"},"query-input":{"@type":"PropertyValueSpecification","valueRequired":true,"valueName":"search_term_string"}}],"inLanguage":"pt-BR"},{"@type":"Organization","@id":"https:\/\/www.notibras.com\/site\/#organization","name":"Grupo Notibras de Comunica\u00e7\u00e3o","url":"https:\/\/www.notibras.com\/site\/","logo":{"@type":"ImageObject","inLanguage":"pt-BR","@id":"https:\/\/www.notibras.com\/site\/#\/schema\/logo\/image\/","url":"https:\/\/www.notibras.com\/site\/wp-content\/uploads\/2023\/01\/notibras23.png","contentUrl":"https:\/\/www.notibras.com\/site\/wp-content\/uploads\/2023\/01\/notibras23.png","width":350,"height":87,"caption":"Grupo Notibras de Comunica\u00e7\u00e3o"},"image":{"@id":"https:\/\/www.notibras.com\/site\/#\/schema\/logo\/image\/"},"sameAs":["https:\/\/www.facebook.com\/notibras\/","https:\/\/x.com\/Notibras","https:\/\/www.instagram.com\/notibras\/"]},{"@type":"Person","@id":"https:\/\/www.notibras.com\/site\/#\/schema\/person\/36ab0979449956132d3e5b517ea76ac8","name":"Reda\u00e7\u00e3o","image":{"@type":"ImageObject","inLanguage":"pt-BR","@id":"https:\/\/secure.gravatar.com\/avatar\/e0a867bdedb85fd243eadf09663511f96fc81e0720a4a42581f334ad4303aa6b?s=96&d=mm&r=g","url":"https:\/\/secure.gravatar.com\/avatar\/e0a867bdedb85fd243eadf09663511f96fc81e0720a4a42581f334ad4303aa6b?s=96&d=mm&r=g","contentUrl":"https:\/\/secure.gravatar.com\/avatar\/e0a867bdedb85fd243eadf09663511f96fc81e0720a4a42581f334ad4303aa6b?s=96&d=mm&r=g","caption":"Reda\u00e7\u00e3o"}}]}},"amp_enabled":true,"_links":{"self":[{"href":"https:\/\/www.notibras.com\/site\/wp-json\/wp\/v2\/posts\/327850","targetHints":{"allow":["GET"]}}],"collection":[{"href":"https:\/\/www.notibras.com\/site\/wp-json\/wp\/v2\/posts"}],"about":[{"href":"https:\/\/www.notibras.com\/site\/wp-json\/wp\/v2\/types\/post"}],"author":[{"embeddable":true,"href":"https:\/\/www.notibras.com\/site\/wp-json\/wp\/v2\/users\/2"}],"replies":[{"embeddable":true,"href":"https:\/\/www.notibras.com\/site\/wp-json\/wp\/v2\/comments?post=327850"}],"version-history":[{"count":1,"href":"https:\/\/www.notibras.com\/site\/wp-json\/wp\/v2\/posts\/327850\/revisions"}],"predecessor-version":[{"id":327852,"href":"https:\/\/www.notibras.com\/site\/wp-json\/wp\/v2\/posts\/327850\/revisions\/327852"}],"wp:featuredmedia":[{"embeddable":true,"href":"https:\/\/www.notibras.com\/site\/wp-json\/wp\/v2\/media\/327851"}],"wp:attachment":[{"href":"https:\/\/www.notibras.com\/site\/wp-json\/wp\/v2\/media?parent=327850"}],"wp:term":[{"taxonomy":"category","embeddable":true,"href":"https:\/\/www.notibras.com\/site\/wp-json\/wp\/v2\/categories?post=327850"},{"taxonomy":"post_tag","embeddable":true,"href":"https:\/\/www.notibras.com\/site\/wp-json\/wp\/v2\/tags?post=327850"}],"curies":[{"name":"wp","href":"https:\/\/api.w.org\/{rel}","templated":true}]}}