{"id":327853,"date":"2024-05-02T00:00:15","date_gmt":"2024-05-02T03:00:15","guid":{"rendered":"https:\/\/www.notibras.com\/site\/?p=327853"},"modified":"2024-05-02T09:41:55","modified_gmt":"2024-05-02T12:41:55","slug":"novo-retorno-facilita-acesso-aos-moradores-de-aguas-claras-e-park-way","status":"publish","type":"post","link":"https:\/\/www.notibras.com\/site\/novo-retorno-facilita-acesso-aos-moradores-de-aguas-claras-e-park-way\/","title":{"rendered":"Novo retorno facilita acesso aos moradores de \u00c1guas Claras e Park Way"},"content":{"rendered":"<p>Para dar uma maior fluidez ao tr\u00e2nsito na DF-079, via de acesso entre \u00c1guas Claras e o Park Way, o Departamento de Estradas de Rodagem (DER-DF) finalizou a constru\u00e7\u00e3o de um retorno pr\u00f3ximo ao bal\u00e3o de entrada das cidades. A expectativa \u00e9 que, com a finaliza\u00e7\u00e3o da obra, diminua o engarrafamento da regi\u00e3o nos hor\u00e1rios de pico.<\/p>\n<p>Constru\u00edda entre a linha do metr\u00f4 e a rotat\u00f3ria de acesso \u00e0 Avenida Castanheiras, em \u00c1guas Claras, a interven\u00e7\u00e3o vi\u00e1ria permite que o tr\u00e1fego no sentido Park Way ofere\u00e7a a op\u00e7\u00e3o de entrar no retorno para acessar a EPNB | Foto: Matheus H. Souza\/Ag\u00eancia Bras\u00edlia<\/p>\n<p>Com investimento de aproximadamente R$ 400 mil, a interven\u00e7\u00e3o vi\u00e1ria constru\u00edda entre a linha do metr\u00f4 e a rotat\u00f3ria de acesso \u00e0 Avenida Castanheiras, em \u00c1guas Claras, permite ao condutor que trafega no sentido Park Way ter a op\u00e7\u00e3o de entrar no retorno para acessar a Estrada Parque N\u00facleo Bandeirante (EPNB), ou seguir rumo \u00e0 Avenida Vereda da Cruz, sem a necessidade de esperar na rotat\u00f3ria.<\/p>\n<p>Diretor do 3\u00ba Distrito do DER-DF, Jarbas Martins afirma que, desde a abertura do acesso, mais de 1.600 ve\u00edculos t\u00eam utilizado a via diariamente. \u201cOs motoristas que desejam simplesmente retornar em dire\u00e7\u00e3o \u00e0 EPNB ou ao Park Way j\u00e1 utilizam o retorno e, consequentemente, diminui a reten\u00e7\u00e3o na rotat\u00f3ria de entrada de \u00c1guas Claras. Com a obra, as pessoas ficam mais confort\u00e1veis para fazer o retorno com seguran\u00e7a e com o tr\u00e2nsito mais livre\u201d, destaca.<\/p>\n<p>Morador de \u00c1guas Claras h\u00e1 mais de 20 anos, T\u00e9rcio Mendes acredita que a obra j\u00e1 tem beneficiado os motoristas e a popula\u00e7\u00e3o local. \u201cEsse retorno deu uma fluidez ao tr\u00e2nsito nesse bal\u00e3o, \u00e0s pessoas, em especial as que v\u00e3o para a regi\u00e3o da Vereda da Cruz, que est\u00e3o muito satisfeitas. A nossa cidade cresceu muito e, consequentemente, o fluxo de carros aumentou. \u00c9 importante esse olhar do governo para o tr\u00e2nsito da nossa cidade\u201d, avalia o morador.<\/p>\n<p>O gar\u00e7om Adriano Nogueira trabalha em frente \u00e0 rodovia e acredita que a constru\u00e7\u00e3o ser\u00e1 boa tamb\u00e9m para os pedestres. \u201cAqui tem muita movimenta\u00e7\u00e3o, e atravessar \u00e9 muito dif\u00edcil. Agora que entregaram o retorno, acredito que vai ficar mais f\u00e1cil, j\u00e1 vejo que diminuiu o engarrafamento no bal\u00e3o\u201d, conta.<\/p>\n<p>Com aproximadamente 200 metros, o retorno conta com um novo pavimento asf\u00e1ltico, meio-fio e uma sinaliza\u00e7\u00e3o vertical e horizontal para orienta\u00e7\u00e3o aos motoristas que trafegam no local. O diretor do DER-DF destaca ainda que uma s\u00e9rie de melhorias ainda est\u00e1 prevista para a regi\u00e3o. \u201cAqui ter\u00e1 outras interven\u00e7\u00f5es, entre a Estrada Parque Taguatinga (EPTG) e a EPNB, entre elas travessias de pedestres e instala\u00e7\u00e3o de abrigos de \u00f4nibus ao lado da rodovia\u201d, completa Martins.<\/p>\n","protected":false},"excerpt":{"rendered":"<p>Para dar uma maior fluidez ao tr\u00e2nsito na DF-079, via de acesso entre \u00c1guas Claras e o Park Way, o Departamento de Estradas de Rodagem (DER-DF) finalizou a constru\u00e7\u00e3o de um retorno pr\u00f3ximo ao bal\u00e3o de entrada das cidades. A expectativa \u00e9 que, com a finaliza\u00e7\u00e3o da obra, diminua o engarrafamento da regi\u00e3o nos hor\u00e1rios [&hellip;]<\/p>\n","protected":false},"author":2,"featured_media":327854,"comment_status":"closed","ping_status":"closed","sticky":false,"template":"","format":"standard","meta":{"_acf_changed":false,"footnotes":""},"categories":[161],"tags":[],"class_list":["post-327853","post","type-post","status-publish","format-standard","has-post-thumbnail","hentry","category-quadradinho-em-foco"],"acf":[],"yoast_head":"<!-- This site is optimized with the Yoast SEO plugin v27.5 - https:\/\/yoast.com\/product\/yoast-seo-wordpress\/ -->\n<title>Novo retorno facilita acesso aos moradores de \u00c1guas Claras e Park Way - Notibras<\/title>\n<meta name=\"robots\" content=\"index, follow, max-snippet:-1, max-image-preview:large, max-video-preview:-1\" \/>\n<link rel=\"canonical\" href=\"https:\/\/www.notibras.com\/site\/novo-retorno-facilita-acesso-aos-moradores-de-aguas-claras-e-park-way\/\" \/>\n<meta property=\"og:locale\" content=\"pt_BR\" \/>\n<meta property=\"og:type\" content=\"article\" \/>\n<meta property=\"og:title\" content=\"Novo retorno facilita acesso aos moradores de \u00c1guas Claras e Park Way - Notibras\" \/>\n<meta property=\"og:description\" content=\"Para dar uma maior fluidez ao tr\u00e2nsito na DF-079, via de acesso entre \u00c1guas Claras e o Park Way, o Departamento de Estradas de Rodagem (DER-DF) finalizou a constru\u00e7\u00e3o de um retorno pr\u00f3ximo ao bal\u00e3o de entrada das cidades. A expectativa \u00e9 que, com a finaliza\u00e7\u00e3o da obra, diminua o engarrafamento da regi\u00e3o nos hor\u00e1rios [&hellip;]\" \/>\n<meta property=\"og:url\" content=\"https:\/\/www.notibras.com\/site\/novo-retorno-facilita-acesso-aos-moradores-de-aguas-claras-e-park-way\/\" \/>\n<meta property=\"og:site_name\" content=\"Notibras\" \/>\n<meta property=\"article:publisher\" content=\"https:\/\/www.facebook.com\/notibras\/\" \/>\n<meta property=\"article:published_time\" content=\"2024-05-02T03:00:15+00:00\" \/>\n<meta property=\"article:modified_time\" content=\"2024-05-02T12:41:55+00:00\" \/>\n<meta property=\"og:image\" content=\"https:\/\/www.notibras.com\/site\/wp-content\/uploads\/2024\/05\/Dentro-1_1-1536x1024-1.jpg\" \/>\n\t<meta property=\"og:image:width\" content=\"1536\" \/>\n\t<meta property=\"og:image:height\" content=\"1024\" \/>\n\t<meta property=\"og:image:type\" content=\"image\/jpeg\" \/>\n<meta name=\"author\" content=\"Reda\u00e7\u00e3o\" \/>\n<meta name=\"twitter:card\" content=\"summary_large_image\" \/>\n<meta name=\"twitter:creator\" content=\"@Notibras\" \/>\n<meta name=\"twitter:site\" content=\"@Notibras\" \/>\n<meta name=\"twitter:label1\" content=\"Escrito por\" \/>\n\t<meta name=\"twitter:data1\" content=\"Reda\u00e7\u00e3o\" \/>\n\t<meta name=\"twitter:label2\" content=\"Est. tempo de leitura\" \/>\n\t<meta name=\"twitter:data2\" content=\"3 minutos\" \/>\n<script type=\"application\/ld+json\" class=\"yoast-schema-graph\">{\"@context\":\"https:\\\/\\\/schema.org\",\"@graph\":[{\"@type\":\"Article\",\"@id\":\"https:\\\/\\\/www.notibras.com\\\/site\\\/novo-retorno-facilita-acesso-aos-moradores-de-aguas-claras-e-park-way\\\/#article\",\"isPartOf\":{\"@id\":\"https:\\\/\\\/www.notibras.com\\\/site\\\/novo-retorno-facilita-acesso-aos-moradores-de-aguas-claras-e-park-way\\\/\"},\"author\":{\"name\":\"Reda\u00e7\u00e3o\",\"@id\":\"https:\\\/\\\/www.notibras.com\\\/site\\\/#\\\/schema\\\/person\\\/36ab0979449956132d3e5b517ea76ac8\"},\"headline\":\"Novo retorno facilita acesso aos moradores de \u00c1guas Claras e Park Way\",\"datePublished\":\"2024-05-02T03:00:15+00:00\",\"dateModified\":\"2024-05-02T12:41:55+00:00\",\"mainEntityOfPage\":{\"@id\":\"https:\\\/\\\/www.notibras.com\\\/site\\\/novo-retorno-facilita-acesso-aos-moradores-de-aguas-claras-e-park-way\\\/\"},\"wordCount\":496,\"publisher\":{\"@id\":\"https:\\\/\\\/www.notibras.com\\\/site\\\/#organization\"},\"image\":{\"@id\":\"https:\\\/\\\/www.notibras.com\\\/site\\\/novo-retorno-facilita-acesso-aos-moradores-de-aguas-claras-e-park-way\\\/#primaryimage\"},\"thumbnailUrl\":\"https:\\\/\\\/www.notibras.com\\\/site\\\/wp-content\\\/uploads\\\/2024\\\/05\\\/Dentro-1_1-1536x1024-1.jpg\",\"articleSection\":[\"Quadradinho em Foco\"],\"inLanguage\":\"pt-BR\"},{\"@type\":\"WebPage\",\"@id\":\"https:\\\/\\\/www.notibras.com\\\/site\\\/novo-retorno-facilita-acesso-aos-moradores-de-aguas-claras-e-park-way\\\/\",\"url\":\"https:\\\/\\\/www.notibras.com\\\/site\\\/novo-retorno-facilita-acesso-aos-moradores-de-aguas-claras-e-park-way\\\/\",\"name\":\"Novo retorno facilita acesso aos moradores de \u00c1guas Claras e Park Way - Notibras\",\"isPartOf\":{\"@id\":\"https:\\\/\\\/www.notibras.com\\\/site\\\/#website\"},\"primaryImageOfPage\":{\"@id\":\"https:\\\/\\\/www.notibras.com\\\/site\\\/novo-retorno-facilita-acesso-aos-moradores-de-aguas-claras-e-park-way\\\/#primaryimage\"},\"image\":{\"@id\":\"https:\\\/\\\/www.notibras.com\\\/site\\\/novo-retorno-facilita-acesso-aos-moradores-de-aguas-claras-e-park-way\\\/#primaryimage\"},\"thumbnailUrl\":\"https:\\\/\\\/www.notibras.com\\\/site\\\/wp-content\\\/uploads\\\/2024\\\/05\\\/Dentro-1_1-1536x1024-1.jpg\",\"datePublished\":\"2024-05-02T03:00:15+00:00\",\"dateModified\":\"2024-05-02T12:41:55+00:00\",\"breadcrumb\":{\"@id\":\"https:\\\/\\\/www.notibras.com\\\/site\\\/novo-retorno-facilita-acesso-aos-moradores-de-aguas-claras-e-park-way\\\/#breadcrumb\"},\"inLanguage\":\"pt-BR\",\"potentialAction\":[{\"@type\":\"ReadAction\",\"target\":[\"https:\\\/\\\/www.notibras.com\\\/site\\\/novo-retorno-facilita-acesso-aos-moradores-de-aguas-claras-e-park-way\\\/\"]}]},{\"@type\":\"ImageObject\",\"inLanguage\":\"pt-BR\",\"@id\":\"https:\\\/\\\/www.notibras.com\\\/site\\\/novo-retorno-facilita-acesso-aos-moradores-de-aguas-claras-e-park-way\\\/#primaryimage\",\"url\":\"https:\\\/\\\/www.notibras.com\\\/site\\\/wp-content\\\/uploads\\\/2024\\\/05\\\/Dentro-1_1-1536x1024-1.jpg\",\"contentUrl\":\"https:\\\/\\\/www.notibras.com\\\/site\\\/wp-content\\\/uploads\\\/2024\\\/05\\\/Dentro-1_1-1536x1024-1.jpg\",\"width\":1536,\"height\":1024},{\"@type\":\"BreadcrumbList\",\"@id\":\"https:\\\/\\\/www.notibras.com\\\/site\\\/novo-retorno-facilita-acesso-aos-moradores-de-aguas-claras-e-park-way\\\/#breadcrumb\",\"itemListElement\":[{\"@type\":\"ListItem\",\"position\":1,\"name\":\"In\u00edcio\",\"item\":\"https:\\\/\\\/www.notibras.com\\\/site\\\/\"},{\"@type\":\"ListItem\",\"position\":2,\"name\":\"Novo retorno facilita acesso aos moradores de \u00c1guas Claras e Park Way\"}]},{\"@type\":\"WebSite\",\"@id\":\"https:\\\/\\\/www.notibras.com\\\/site\\\/#website\",\"url\":\"https:\\\/\\\/www.notibras.com\\\/site\\\/\",\"name\":\"Notibras\",\"description\":\"Not\u00edcias de Bras\u00edlia, do Brasil e do Mundo\",\"publisher\":{\"@id\":\"https:\\\/\\\/www.notibras.com\\\/site\\\/#organization\"},\"potentialAction\":[{\"@type\":\"SearchAction\",\"target\":{\"@type\":\"EntryPoint\",\"urlTemplate\":\"https:\\\/\\\/www.notibras.com\\\/site\\\/?s={search_term_string}\"},\"query-input\":{\"@type\":\"PropertyValueSpecification\",\"valueRequired\":true,\"valueName\":\"search_term_string\"}}],\"inLanguage\":\"pt-BR\"},{\"@type\":\"Organization\",\"@id\":\"https:\\\/\\\/www.notibras.com\\\/site\\\/#organization\",\"name\":\"Grupo Notibras de Comunica\u00e7\u00e3o\",\"url\":\"https:\\\/\\\/www.notibras.com\\\/site\\\/\",\"logo\":{\"@type\":\"ImageObject\",\"inLanguage\":\"pt-BR\",\"@id\":\"https:\\\/\\\/www.notibras.com\\\/site\\\/#\\\/schema\\\/logo\\\/image\\\/\",\"url\":\"https:\\\/\\\/www.notibras.com\\\/site\\\/wp-content\\\/uploads\\\/2023\\\/01\\\/notibras23.png\",\"contentUrl\":\"https:\\\/\\\/www.notibras.com\\\/site\\\/wp-content\\\/uploads\\\/2023\\\/01\\\/notibras23.png\",\"width\":350,\"height\":87,\"caption\":\"Grupo Notibras de Comunica\u00e7\u00e3o\"},\"image\":{\"@id\":\"https:\\\/\\\/www.notibras.com\\\/site\\\/#\\\/schema\\\/logo\\\/image\\\/\"},\"sameAs\":[\"https:\\\/\\\/www.facebook.com\\\/notibras\\\/\",\"https:\\\/\\\/x.com\\\/Notibras\",\"https:\\\/\\\/www.instagram.com\\\/notibras\\\/\"]},{\"@type\":\"Person\",\"@id\":\"https:\\\/\\\/www.notibras.com\\\/site\\\/#\\\/schema\\\/person\\\/36ab0979449956132d3e5b517ea76ac8\",\"name\":\"Reda\u00e7\u00e3o\",\"image\":{\"@type\":\"ImageObject\",\"inLanguage\":\"pt-BR\",\"@id\":\"https:\\\/\\\/secure.gravatar.com\\\/avatar\\\/e0a867bdedb85fd243eadf09663511f96fc81e0720a4a42581f334ad4303aa6b?s=96&d=mm&r=g\",\"url\":\"https:\\\/\\\/secure.gravatar.com\\\/avatar\\\/e0a867bdedb85fd243eadf09663511f96fc81e0720a4a42581f334ad4303aa6b?s=96&d=mm&r=g\",\"contentUrl\":\"https:\\\/\\\/secure.gravatar.com\\\/avatar\\\/e0a867bdedb85fd243eadf09663511f96fc81e0720a4a42581f334ad4303aa6b?s=96&d=mm&r=g\",\"caption\":\"Reda\u00e7\u00e3o\"}}]}<\/script>\n<!-- \/ Yoast SEO plugin. -->","yoast_head_json":{"title":"Novo retorno facilita acesso aos moradores de \u00c1guas Claras e Park Way - Notibras","robots":{"index":"index","follow":"follow","max-snippet":"max-snippet:-1","max-image-preview":"max-image-preview:large","max-video-preview":"max-video-preview:-1"},"canonical":"https:\/\/www.notibras.com\/site\/novo-retorno-facilita-acesso-aos-moradores-de-aguas-claras-e-park-way\/","og_locale":"pt_BR","og_type":"article","og_title":"Novo retorno facilita acesso aos moradores de \u00c1guas Claras e Park Way - Notibras","og_description":"Para dar uma maior fluidez ao tr\u00e2nsito na DF-079, via de acesso entre \u00c1guas Claras e o Park Way, o Departamento de Estradas de Rodagem (DER-DF) finalizou a constru\u00e7\u00e3o de um retorno pr\u00f3ximo ao bal\u00e3o de entrada das cidades. A expectativa \u00e9 que, com a finaliza\u00e7\u00e3o da obra, diminua o engarrafamento da regi\u00e3o nos hor\u00e1rios [&hellip;]","og_url":"https:\/\/www.notibras.com\/site\/novo-retorno-facilita-acesso-aos-moradores-de-aguas-claras-e-park-way\/","og_site_name":"Notibras","article_publisher":"https:\/\/www.facebook.com\/notibras\/","article_published_time":"2024-05-02T03:00:15+00:00","article_modified_time":"2024-05-02T12:41:55+00:00","og_image":[{"width":1536,"height":1024,"url":"https:\/\/www.notibras.com\/site\/wp-content\/uploads\/2024\/05\/Dentro-1_1-1536x1024-1.jpg","type":"image\/jpeg"}],"author":"Reda\u00e7\u00e3o","twitter_card":"summary_large_image","twitter_creator":"@Notibras","twitter_site":"@Notibras","twitter_misc":{"Escrito por":"Reda\u00e7\u00e3o","Est. tempo de leitura":"3 minutos"},"schema":{"@context":"https:\/\/schema.org","@graph":[{"@type":"Article","@id":"https:\/\/www.notibras.com\/site\/novo-retorno-facilita-acesso-aos-moradores-de-aguas-claras-e-park-way\/#article","isPartOf":{"@id":"https:\/\/www.notibras.com\/site\/novo-retorno-facilita-acesso-aos-moradores-de-aguas-claras-e-park-way\/"},"author":{"name":"Reda\u00e7\u00e3o","@id":"https:\/\/www.notibras.com\/site\/#\/schema\/person\/36ab0979449956132d3e5b517ea76ac8"},"headline":"Novo retorno facilita acesso aos moradores de \u00c1guas Claras e Park Way","datePublished":"2024-05-02T03:00:15+00:00","dateModified":"2024-05-02T12:41:55+00:00","mainEntityOfPage":{"@id":"https:\/\/www.notibras.com\/site\/novo-retorno-facilita-acesso-aos-moradores-de-aguas-claras-e-park-way\/"},"wordCount":496,"publisher":{"@id":"https:\/\/www.notibras.com\/site\/#organization"},"image":{"@id":"https:\/\/www.notibras.com\/site\/novo-retorno-facilita-acesso-aos-moradores-de-aguas-claras-e-park-way\/#primaryimage"},"thumbnailUrl":"https:\/\/www.notibras.com\/site\/wp-content\/uploads\/2024\/05\/Dentro-1_1-1536x1024-1.jpg","articleSection":["Quadradinho em Foco"],"inLanguage":"pt-BR"},{"@type":"WebPage","@id":"https:\/\/www.notibras.com\/site\/novo-retorno-facilita-acesso-aos-moradores-de-aguas-claras-e-park-way\/","url":"https:\/\/www.notibras.com\/site\/novo-retorno-facilita-acesso-aos-moradores-de-aguas-claras-e-park-way\/","name":"Novo retorno facilita acesso aos moradores de \u00c1guas Claras e Park Way - Notibras","isPartOf":{"@id":"https:\/\/www.notibras.com\/site\/#website"},"primaryImageOfPage":{"@id":"https:\/\/www.notibras.com\/site\/novo-retorno-facilita-acesso-aos-moradores-de-aguas-claras-e-park-way\/#primaryimage"},"image":{"@id":"https:\/\/www.notibras.com\/site\/novo-retorno-facilita-acesso-aos-moradores-de-aguas-claras-e-park-way\/#primaryimage"},"thumbnailUrl":"https:\/\/www.notibras.com\/site\/wp-content\/uploads\/2024\/05\/Dentro-1_1-1536x1024-1.jpg","datePublished":"2024-05-02T03:00:15+00:00","dateModified":"2024-05-02T12:41:55+00:00","breadcrumb":{"@id":"https:\/\/www.notibras.com\/site\/novo-retorno-facilita-acesso-aos-moradores-de-aguas-claras-e-park-way\/#breadcrumb"},"inLanguage":"pt-BR","potentialAction":[{"@type":"ReadAction","target":["https:\/\/www.notibras.com\/site\/novo-retorno-facilita-acesso-aos-moradores-de-aguas-claras-e-park-way\/"]}]},{"@type":"ImageObject","inLanguage":"pt-BR","@id":"https:\/\/www.notibras.com\/site\/novo-retorno-facilita-acesso-aos-moradores-de-aguas-claras-e-park-way\/#primaryimage","url":"https:\/\/www.notibras.com\/site\/wp-content\/uploads\/2024\/05\/Dentro-1_1-1536x1024-1.jpg","contentUrl":"https:\/\/www.notibras.com\/site\/wp-content\/uploads\/2024\/05\/Dentro-1_1-1536x1024-1.jpg","width":1536,"height":1024},{"@type":"BreadcrumbList","@id":"https:\/\/www.notibras.com\/site\/novo-retorno-facilita-acesso-aos-moradores-de-aguas-claras-e-park-way\/#breadcrumb","itemListElement":[{"@type":"ListItem","position":1,"name":"In\u00edcio","item":"https:\/\/www.notibras.com\/site\/"},{"@type":"ListItem","position":2,"name":"Novo retorno facilita acesso aos moradores de \u00c1guas Claras e Park Way"}]},{"@type":"WebSite","@id":"https:\/\/www.notibras.com\/site\/#website","url":"https:\/\/www.notibras.com\/site\/","name":"Notibras","description":"Not\u00edcias de Bras\u00edlia, do Brasil e do Mundo","publisher":{"@id":"https:\/\/www.notibras.com\/site\/#organization"},"potentialAction":[{"@type":"SearchAction","target":{"@type":"EntryPoint","urlTemplate":"https:\/\/www.notibras.com\/site\/?s={search_term_string}"},"query-input":{"@type":"PropertyValueSpecification","valueRequired":true,"valueName":"search_term_string"}}],"inLanguage":"pt-BR"},{"@type":"Organization","@id":"https:\/\/www.notibras.com\/site\/#organization","name":"Grupo Notibras de Comunica\u00e7\u00e3o","url":"https:\/\/www.notibras.com\/site\/","logo":{"@type":"ImageObject","inLanguage":"pt-BR","@id":"https:\/\/www.notibras.com\/site\/#\/schema\/logo\/image\/","url":"https:\/\/www.notibras.com\/site\/wp-content\/uploads\/2023\/01\/notibras23.png","contentUrl":"https:\/\/www.notibras.com\/site\/wp-content\/uploads\/2023\/01\/notibras23.png","width":350,"height":87,"caption":"Grupo Notibras de Comunica\u00e7\u00e3o"},"image":{"@id":"https:\/\/www.notibras.com\/site\/#\/schema\/logo\/image\/"},"sameAs":["https:\/\/www.facebook.com\/notibras\/","https:\/\/x.com\/Notibras","https:\/\/www.instagram.com\/notibras\/"]},{"@type":"Person","@id":"https:\/\/www.notibras.com\/site\/#\/schema\/person\/36ab0979449956132d3e5b517ea76ac8","name":"Reda\u00e7\u00e3o","image":{"@type":"ImageObject","inLanguage":"pt-BR","@id":"https:\/\/secure.gravatar.com\/avatar\/e0a867bdedb85fd243eadf09663511f96fc81e0720a4a42581f334ad4303aa6b?s=96&d=mm&r=g","url":"https:\/\/secure.gravatar.com\/avatar\/e0a867bdedb85fd243eadf09663511f96fc81e0720a4a42581f334ad4303aa6b?s=96&d=mm&r=g","contentUrl":"https:\/\/secure.gravatar.com\/avatar\/e0a867bdedb85fd243eadf09663511f96fc81e0720a4a42581f334ad4303aa6b?s=96&d=mm&r=g","caption":"Reda\u00e7\u00e3o"}}]}},"amp_enabled":true,"_links":{"self":[{"href":"https:\/\/www.notibras.com\/site\/wp-json\/wp\/v2\/posts\/327853","targetHints":{"allow":["GET"]}}],"collection":[{"href":"https:\/\/www.notibras.com\/site\/wp-json\/wp\/v2\/posts"}],"about":[{"href":"https:\/\/www.notibras.com\/site\/wp-json\/wp\/v2\/types\/post"}],"author":[{"embeddable":true,"href":"https:\/\/www.notibras.com\/site\/wp-json\/wp\/v2\/users\/2"}],"replies":[{"embeddable":true,"href":"https:\/\/www.notibras.com\/site\/wp-json\/wp\/v2\/comments?post=327853"}],"version-history":[{"count":1,"href":"https:\/\/www.notibras.com\/site\/wp-json\/wp\/v2\/posts\/327853\/revisions"}],"predecessor-version":[{"id":327855,"href":"https:\/\/www.notibras.com\/site\/wp-json\/wp\/v2\/posts\/327853\/revisions\/327855"}],"wp:featuredmedia":[{"embeddable":true,"href":"https:\/\/www.notibras.com\/site\/wp-json\/wp\/v2\/media\/327854"}],"wp:attachment":[{"href":"https:\/\/www.notibras.com\/site\/wp-json\/wp\/v2\/media?parent=327853"}],"wp:term":[{"taxonomy":"category","embeddable":true,"href":"https:\/\/www.notibras.com\/site\/wp-json\/wp\/v2\/categories?post=327853"},{"taxonomy":"post_tag","embeddable":true,"href":"https:\/\/www.notibras.com\/site\/wp-json\/wp\/v2\/tags?post=327853"}],"curies":[{"name":"wp","href":"https:\/\/api.w.org\/{rel}","templated":true}]}}