{"id":327856,"date":"2024-05-02T00:00:53","date_gmt":"2024-05-02T03:00:53","guid":{"rendered":"https:\/\/www.notibras.com\/site\/?p=327856"},"modified":"2024-05-02T09:46:19","modified_gmt":"2024-05-02T12:46:19","slug":"brasilia-registra-feminicidio-zero-pelo-segundo-mes-seguido","status":"publish","type":"post","link":"https:\/\/www.notibras.com\/site\/brasilia-registra-feminicidio-zero-pelo-segundo-mes-seguido\/","title":{"rendered":"Bras\u00edlia registra feminic\u00eddio zero pelo segundo m\u00eas seguido"},"content":{"rendered":"<p>Nenhum feminic\u00eddio foi registrado no m\u00eas de abril de 2024 no Distrito Federal. Este \u00e9 o segundo m\u00eas consecutivo que n\u00e3o h\u00e1 registro do crime neste ano. Em mar\u00e7o tamb\u00e9m n\u00e3o houve registro. No acumulado dos quatro meses deste ano, no comparativo com o mesmo per\u00edodo do ano passado, a redu\u00e7\u00e3o \u00e9 de 64,28%. Neste ano foram registrados cinco feminic\u00eddios, enquanto em 2023 houve 14 no per\u00edodo.<\/p>\n<p>O enfrentamento ao feminic\u00eddio e \u00e0 viol\u00eancia dom\u00e9stica vem sendo tratado de forma priorit\u00e1ria pela seguran\u00e7a e pelos \u00f3rg\u00e3os do Governo do Distrito Federal (GDF) e tamb\u00e9m nas a\u00e7\u00f5es realizadas em parceria com a sociedade civil. Para tratar de forma ainda mais espec\u00edfica sobre o tema, a Secretaria de Seguran\u00e7a P\u00fablica (SSP-DF) criou um eixo exclusivo para a tem\u00e1tica no Programa DF Mais Seguro \u2013 Seguran\u00e7a Integral: o Mulher Mais Segura. O eixo re\u00fane medidas preventivas e tecnol\u00f3gicas voltadas \u00e0 prote\u00e7\u00e3o da mulher e ao combate \u00e0 viol\u00eancia dom\u00e9stica e familiar.<\/p>\n<p>Para o secret\u00e1rio de Seguran\u00e7a P\u00fablica, Sandro Avelar, esta \u00e9 uma conquista de toda a popula\u00e7\u00e3o. \u201cEstar h\u00e1 dois meses sem registrar nenhum feminic\u00eddio no Distrito Federal mostra que as estrat\u00e9gias conjuntas, tanto com as for\u00e7as de seguran\u00e7a quanto com os demais \u00f3rg\u00e3os do GDF, e em especial a Secretaria da Mulher, t\u00eam surtido efeito positivo. Isso nos mostra que estamos no caminho certo, incentivando a den\u00fancia, em busca de parcerias e a\u00e7\u00f5es com foco na prote\u00e7\u00e3o das mulheres e no feminic\u00eddio zero no DF\u201d, ressalta Avelar.<\/p>\n<p>\u201cAs a\u00e7\u00f5es em parceria com a sociedade civil, com empresas e imprensa, sobretudo, t\u00eam sido essenciais para a conscientiza\u00e7\u00e3o da popula\u00e7\u00e3o. Cada vez mais criamos oportunidades e formas de atuar em conjunto, como foi o caso do semin\u00e1rio que realizamos para a imprensa, os treinamentos por meio do projeto Empresa Respons\u00e1vel e reuni\u00f5es dos Conselhos de Seguran\u00e7a Comunit\u00e1rio\u201d, completa o secret\u00e1rio.<\/p>\n<p>A Diretoria de Monitoramento de Pessoas Protegidas (DMPP), da SSP-DF, realiza o monitoramento de medidas protetivas de urg\u00eancia (MPU). O total inclui v\u00edtimas e agressores monitorados por meio do dispositivo de prote\u00e7\u00e3o \u00e0 pessoa (DPP), tornozeleira eletr\u00f4nica, no caso dos agressores, e, ainda, o Viva Flor, tanto os dispositivos entregues em delegacias, como aqueles em que s\u00e3o determinados pelo Judici\u00e1rio. Atualmente, 714 pessoas, entre v\u00edtimas e agressores, s\u00e3o monitoradas pelas tecnologias. Nos primeiros quatro meses deste ano, 11 homens foram presos por terem violado as medidas estabelecidas pelo Judici\u00e1rio. Ano passado, 33 agressores foram presos.<\/p>\n<p>\u201cOs dispositivos de monitoramento ampliam a prote\u00e7\u00e3o das mulheres com medida protetiva de urg\u00eancia expedida pelo Judici\u00e1rio. Nosso trabalho \u00e9 constante e essas tecnologias garantem ainda mais seguran\u00e7a para mulheres que buscam o Estado para se protegerem. Nenhuma delas, desde que iniciamos esse servi\u00e7o de prote\u00e7\u00e3o, foi v\u00edtima de feminic\u00eddio\u201d, refor\u00e7a Avelar.<\/p>\n<p>A secret\u00e1ria da Mulher, Giselle Ferreira, ressaltou a import\u00e2ncia das a\u00e7\u00f5es conjuntas: \u201cCada m\u00eas sem feminic\u00eddio representa um passo importante na dire\u00e7\u00e3o certa. Mostra que nossos esfor\u00e7os e as pol\u00edticas p\u00fablicas est\u00e3o come\u00e7ando a fazer a diferen\u00e7a. Mas tamb\u00e9m \u00e9 um lembrete de que ainda h\u00e1 muito a ser feito. \u00c9 uma mistura de esperan\u00e7a e determina\u00e7\u00e3o para continuar lutando por um mundo onde todas as mulheres possam viver sem medo. A luta contra a viol\u00eancia de g\u00eanero deve ser constante, e todos n\u00f3s temos o dever de promover uma sociedade mais justa e igualit\u00e1ria.\u201d<\/p>\n<p>O secret\u00e1rio-executivo de Seguran\u00e7a P\u00fablica, Alexandre Patury, falou da import\u00e2ncia da aten\u00e7\u00e3o com as mulheres. \u201cCuidem umas das outras, mantenham-se atentas aos detalhes. A escalada da viol\u00eancia \u00e9 progressiva. Conversem sobre o assunto. Para a v\u00edtima, uma palavra de conforto pode ser essencial e, para quem ajuda, pode ser a reafirma\u00e7\u00e3o de que situa\u00e7\u00f5es de viol\u00eancia n\u00e3o s\u00e3o aceit\u00e1veis\u201d.<\/p>\n<p><strong>Preven\u00e7\u00e3o<\/strong><br \/>\nEm abril, a SSP-DF lan\u00e7ou o curso Ressignificar: Prote\u00e7\u00e3o integral \u00e0s mulheres, voltado para capacitar servidores p\u00fablicos no atendimento especial \u00e0s v\u00edtimas de viol\u00eancia dom\u00e9stica. A capacita\u00e7\u00e3o \u00e9 oferecida por meio da Escola de Governo (Egov) para qualifica\u00e7\u00e3o de profissionais da pr\u00f3pria pasta e das for\u00e7as de seguran\u00e7a, al\u00e9m da Secretaria de Administra\u00e7\u00e3o Penitenci\u00e1ria (Seape) e da Subsecretaria do Sistema Socioeducativo, vinculada \u00e0 Secretaria de Justi\u00e7a e Cidadania (Sejus). A atividade \u00e9 extensiva a todos os demais servidores da administra\u00e7\u00e3o p\u00fablica que tenham interesse no tema. Ao todo, 1.283 est\u00e3o inscritos no curso e ter\u00e3o at\u00e9 o pr\u00f3ximo dia 15 de maio para finalizar a primeira fase.<\/p>\n<p>Com o objetivo de desenvolver a\u00e7\u00f5es conjuntas relacionadas \u00e0 preven\u00e7\u00e3o da viol\u00eancia contra a mulher, a SSP-DF tem firmado parcerias com empresas para capacitar colaboradores sobre a tem\u00e1tica. A \u00faltima capacita\u00e7\u00e3o ocorreu com profissionais que atuar\u00e3o no Funn Festival, com estimativa de circula\u00e7\u00e3o di\u00e1ria de 14 mil pessoas. As empresas interessadas em participar do projeto e garantir o selo Parceiro da Seguran\u00e7a devem preencher um formul\u00e1rio. Em seguida, as equipes da SSP entrar\u00e3o em contato para confirmar a inscri\u00e7\u00e3o no programa.<\/p>\n<p>Para promover a\u00e7\u00f5es unificadas junto a lideran\u00e7as religiosas e sociais e \u00e0 comunidade, a SSP-DF realiza o projeto Encontro Formativo da Alian\u00e7a Protetiva \u2013 Institui\u00e7\u00f5es Religiosas e Sociais no Enfrentamento \u00e0 Viol\u00eancia Dom\u00e9stica e Familiar. O objetivo \u00e9 preparar essas lideran\u00e7as para orienta\u00e7\u00e3o e encaminhamento de mulheres e meninas em situa\u00e7\u00e3o de vulnerabilidade \u00e0 rede de prote\u00e7\u00e3o, como forma de seguridade de direitos. O \u00faltimo ocorreu em Taguatinga, em parceria com Secretaria da Mulher, Tribunal de Justi\u00e7a do Distrito Federal e Territ\u00f3rios (TJDFT) e pol\u00edcias Civil (PCDF) e Militar (PMDF).<\/p>\n","protected":false},"excerpt":{"rendered":"<p>Nenhum feminic\u00eddio foi registrado no m\u00eas de abril de 2024 no Distrito Federal. Este \u00e9 o segundo m\u00eas consecutivo que n\u00e3o h\u00e1 registro do crime neste ano. Em mar\u00e7o tamb\u00e9m n\u00e3o houve registro. No acumulado dos quatro meses deste ano, no comparativo com o mesmo per\u00edodo do ano passado, a redu\u00e7\u00e3o \u00e9 de 64,28%. Neste [&hellip;]<\/p>\n","protected":false},"author":2,"featured_media":327857,"comment_status":"closed","ping_status":"closed","sticky":false,"template":"","format":"standard","meta":{"_acf_changed":false,"footnotes":""},"categories":[161],"tags":[],"class_list":["post-327856","post","type-post","status-publish","format-standard","has-post-thumbnail","hentry","category-quadradinho-em-foco"],"acf":[],"yoast_head":"<!-- This site is optimized with the Yoast SEO plugin v27.5 - https:\/\/yoast.com\/product\/yoast-seo-wordpress\/ -->\n<title>Bras\u00edlia registra feminic\u00eddio zero pelo segundo m\u00eas seguido - Notibras<\/title>\n<meta name=\"robots\" content=\"index, follow, max-snippet:-1, max-image-preview:large, max-video-preview:-1\" \/>\n<link rel=\"canonical\" href=\"https:\/\/www.notibras.com\/site\/brasilia-registra-feminicidio-zero-pelo-segundo-mes-seguido\/\" \/>\n<meta property=\"og:locale\" content=\"pt_BR\" \/>\n<meta property=\"og:type\" content=\"article\" \/>\n<meta property=\"og:title\" content=\"Bras\u00edlia registra feminic\u00eddio zero pelo segundo m\u00eas seguido - Notibras\" \/>\n<meta property=\"og:description\" content=\"Nenhum feminic\u00eddio foi registrado no m\u00eas de abril de 2024 no Distrito Federal. Este \u00e9 o segundo m\u00eas consecutivo que n\u00e3o h\u00e1 registro do crime neste ano. Em mar\u00e7o tamb\u00e9m n\u00e3o houve registro. No acumulado dos quatro meses deste ano, no comparativo com o mesmo per\u00edodo do ano passado, a redu\u00e7\u00e3o \u00e9 de 64,28%. Neste [&hellip;]\" \/>\n<meta property=\"og:url\" content=\"https:\/\/www.notibras.com\/site\/brasilia-registra-feminicidio-zero-pelo-segundo-mes-seguido\/\" \/>\n<meta property=\"og:site_name\" content=\"Notibras\" \/>\n<meta property=\"article:publisher\" content=\"https:\/\/www.facebook.com\/notibras\/\" \/>\n<meta property=\"article:published_time\" content=\"2024-05-02T03:00:53+00:00\" \/>\n<meta property=\"article:modified_time\" content=\"2024-05-02T12:46:19+00:00\" \/>\n<meta property=\"og:image\" content=\"https:\/\/www.notibras.com\/site\/wp-content\/uploads\/2024\/05\/IMG_6784.jpg\" \/>\n\t<meta property=\"og:image:width\" content=\"1501\" \/>\n\t<meta property=\"og:image:height\" content=\"1000\" \/>\n\t<meta property=\"og:image:type\" content=\"image\/jpeg\" \/>\n<meta name=\"author\" content=\"Reda\u00e7\u00e3o\" \/>\n<meta name=\"twitter:card\" content=\"summary_large_image\" \/>\n<meta name=\"twitter:creator\" content=\"@Notibras\" \/>\n<meta name=\"twitter:site\" content=\"@Notibras\" \/>\n<meta name=\"twitter:label1\" content=\"Escrito por\" \/>\n\t<meta name=\"twitter:data1\" content=\"Reda\u00e7\u00e3o\" \/>\n\t<meta name=\"twitter:label2\" content=\"Est. tempo de leitura\" \/>\n\t<meta name=\"twitter:data2\" content=\"6 minutos\" \/>\n<script type=\"application\/ld+json\" class=\"yoast-schema-graph\">{\"@context\":\"https:\\\/\\\/schema.org\",\"@graph\":[{\"@type\":\"Article\",\"@id\":\"https:\\\/\\\/www.notibras.com\\\/site\\\/brasilia-registra-feminicidio-zero-pelo-segundo-mes-seguido\\\/#article\",\"isPartOf\":{\"@id\":\"https:\\\/\\\/www.notibras.com\\\/site\\\/brasilia-registra-feminicidio-zero-pelo-segundo-mes-seguido\\\/\"},\"author\":{\"name\":\"Reda\u00e7\u00e3o\",\"@id\":\"https:\\\/\\\/www.notibras.com\\\/site\\\/#\\\/schema\\\/person\\\/36ab0979449956132d3e5b517ea76ac8\"},\"headline\":\"Bras\u00edlia registra feminic\u00eddio zero pelo segundo m\u00eas seguido\",\"datePublished\":\"2024-05-02T03:00:53+00:00\",\"dateModified\":\"2024-05-02T12:46:19+00:00\",\"mainEntityOfPage\":{\"@id\":\"https:\\\/\\\/www.notibras.com\\\/site\\\/brasilia-registra-feminicidio-zero-pelo-segundo-mes-seguido\\\/\"},\"wordCount\":1015,\"publisher\":{\"@id\":\"https:\\\/\\\/www.notibras.com\\\/site\\\/#organization\"},\"image\":{\"@id\":\"https:\\\/\\\/www.notibras.com\\\/site\\\/brasilia-registra-feminicidio-zero-pelo-segundo-mes-seguido\\\/#primaryimage\"},\"thumbnailUrl\":\"https:\\\/\\\/www.notibras.com\\\/site\\\/wp-content\\\/uploads\\\/2024\\\/05\\\/IMG_6784.jpg\",\"articleSection\":[\"Quadradinho em Foco\"],\"inLanguage\":\"pt-BR\"},{\"@type\":\"WebPage\",\"@id\":\"https:\\\/\\\/www.notibras.com\\\/site\\\/brasilia-registra-feminicidio-zero-pelo-segundo-mes-seguido\\\/\",\"url\":\"https:\\\/\\\/www.notibras.com\\\/site\\\/brasilia-registra-feminicidio-zero-pelo-segundo-mes-seguido\\\/\",\"name\":\"Bras\u00edlia registra feminic\u00eddio zero pelo segundo m\u00eas seguido - Notibras\",\"isPartOf\":{\"@id\":\"https:\\\/\\\/www.notibras.com\\\/site\\\/#website\"},\"primaryImageOfPage\":{\"@id\":\"https:\\\/\\\/www.notibras.com\\\/site\\\/brasilia-registra-feminicidio-zero-pelo-segundo-mes-seguido\\\/#primaryimage\"},\"image\":{\"@id\":\"https:\\\/\\\/www.notibras.com\\\/site\\\/brasilia-registra-feminicidio-zero-pelo-segundo-mes-seguido\\\/#primaryimage\"},\"thumbnailUrl\":\"https:\\\/\\\/www.notibras.com\\\/site\\\/wp-content\\\/uploads\\\/2024\\\/05\\\/IMG_6784.jpg\",\"datePublished\":\"2024-05-02T03:00:53+00:00\",\"dateModified\":\"2024-05-02T12:46:19+00:00\",\"breadcrumb\":{\"@id\":\"https:\\\/\\\/www.notibras.com\\\/site\\\/brasilia-registra-feminicidio-zero-pelo-segundo-mes-seguido\\\/#breadcrumb\"},\"inLanguage\":\"pt-BR\",\"potentialAction\":[{\"@type\":\"ReadAction\",\"target\":[\"https:\\\/\\\/www.notibras.com\\\/site\\\/brasilia-registra-feminicidio-zero-pelo-segundo-mes-seguido\\\/\"]}]},{\"@type\":\"ImageObject\",\"inLanguage\":\"pt-BR\",\"@id\":\"https:\\\/\\\/www.notibras.com\\\/site\\\/brasilia-registra-feminicidio-zero-pelo-segundo-mes-seguido\\\/#primaryimage\",\"url\":\"https:\\\/\\\/www.notibras.com\\\/site\\\/wp-content\\\/uploads\\\/2024\\\/05\\\/IMG_6784.jpg\",\"contentUrl\":\"https:\\\/\\\/www.notibras.com\\\/site\\\/wp-content\\\/uploads\\\/2024\\\/05\\\/IMG_6784.jpg\",\"width\":1501,\"height\":1000},{\"@type\":\"BreadcrumbList\",\"@id\":\"https:\\\/\\\/www.notibras.com\\\/site\\\/brasilia-registra-feminicidio-zero-pelo-segundo-mes-seguido\\\/#breadcrumb\",\"itemListElement\":[{\"@type\":\"ListItem\",\"position\":1,\"name\":\"In\u00edcio\",\"item\":\"https:\\\/\\\/www.notibras.com\\\/site\\\/\"},{\"@type\":\"ListItem\",\"position\":2,\"name\":\"Bras\u00edlia registra feminic\u00eddio zero pelo segundo m\u00eas seguido\"}]},{\"@type\":\"WebSite\",\"@id\":\"https:\\\/\\\/www.notibras.com\\\/site\\\/#website\",\"url\":\"https:\\\/\\\/www.notibras.com\\\/site\\\/\",\"name\":\"Notibras\",\"description\":\"Not\u00edcias de Bras\u00edlia, do Brasil e do Mundo\",\"publisher\":{\"@id\":\"https:\\\/\\\/www.notibras.com\\\/site\\\/#organization\"},\"potentialAction\":[{\"@type\":\"SearchAction\",\"target\":{\"@type\":\"EntryPoint\",\"urlTemplate\":\"https:\\\/\\\/www.notibras.com\\\/site\\\/?s={search_term_string}\"},\"query-input\":{\"@type\":\"PropertyValueSpecification\",\"valueRequired\":true,\"valueName\":\"search_term_string\"}}],\"inLanguage\":\"pt-BR\"},{\"@type\":\"Organization\",\"@id\":\"https:\\\/\\\/www.notibras.com\\\/site\\\/#organization\",\"name\":\"Grupo Notibras de Comunica\u00e7\u00e3o\",\"url\":\"https:\\\/\\\/www.notibras.com\\\/site\\\/\",\"logo\":{\"@type\":\"ImageObject\",\"inLanguage\":\"pt-BR\",\"@id\":\"https:\\\/\\\/www.notibras.com\\\/site\\\/#\\\/schema\\\/logo\\\/image\\\/\",\"url\":\"https:\\\/\\\/www.notibras.com\\\/site\\\/wp-content\\\/uploads\\\/2023\\\/01\\\/notibras23.png\",\"contentUrl\":\"https:\\\/\\\/www.notibras.com\\\/site\\\/wp-content\\\/uploads\\\/2023\\\/01\\\/notibras23.png\",\"width\":350,\"height\":87,\"caption\":\"Grupo Notibras de Comunica\u00e7\u00e3o\"},\"image\":{\"@id\":\"https:\\\/\\\/www.notibras.com\\\/site\\\/#\\\/schema\\\/logo\\\/image\\\/\"},\"sameAs\":[\"https:\\\/\\\/www.facebook.com\\\/notibras\\\/\",\"https:\\\/\\\/x.com\\\/Notibras\",\"https:\\\/\\\/www.instagram.com\\\/notibras\\\/\"]},{\"@type\":\"Person\",\"@id\":\"https:\\\/\\\/www.notibras.com\\\/site\\\/#\\\/schema\\\/person\\\/36ab0979449956132d3e5b517ea76ac8\",\"name\":\"Reda\u00e7\u00e3o\",\"image\":{\"@type\":\"ImageObject\",\"inLanguage\":\"pt-BR\",\"@id\":\"https:\\\/\\\/secure.gravatar.com\\\/avatar\\\/e0a867bdedb85fd243eadf09663511f96fc81e0720a4a42581f334ad4303aa6b?s=96&d=mm&r=g\",\"url\":\"https:\\\/\\\/secure.gravatar.com\\\/avatar\\\/e0a867bdedb85fd243eadf09663511f96fc81e0720a4a42581f334ad4303aa6b?s=96&d=mm&r=g\",\"contentUrl\":\"https:\\\/\\\/secure.gravatar.com\\\/avatar\\\/e0a867bdedb85fd243eadf09663511f96fc81e0720a4a42581f334ad4303aa6b?s=96&d=mm&r=g\",\"caption\":\"Reda\u00e7\u00e3o\"}}]}<\/script>\n<!-- \/ Yoast SEO plugin. -->","yoast_head_json":{"title":"Bras\u00edlia registra feminic\u00eddio zero pelo segundo m\u00eas seguido - Notibras","robots":{"index":"index","follow":"follow","max-snippet":"max-snippet:-1","max-image-preview":"max-image-preview:large","max-video-preview":"max-video-preview:-1"},"canonical":"https:\/\/www.notibras.com\/site\/brasilia-registra-feminicidio-zero-pelo-segundo-mes-seguido\/","og_locale":"pt_BR","og_type":"article","og_title":"Bras\u00edlia registra feminic\u00eddio zero pelo segundo m\u00eas seguido - Notibras","og_description":"Nenhum feminic\u00eddio foi registrado no m\u00eas de abril de 2024 no Distrito Federal. Este \u00e9 o segundo m\u00eas consecutivo que n\u00e3o h\u00e1 registro do crime neste ano. Em mar\u00e7o tamb\u00e9m n\u00e3o houve registro. No acumulado dos quatro meses deste ano, no comparativo com o mesmo per\u00edodo do ano passado, a redu\u00e7\u00e3o \u00e9 de 64,28%. Neste [&hellip;]","og_url":"https:\/\/www.notibras.com\/site\/brasilia-registra-feminicidio-zero-pelo-segundo-mes-seguido\/","og_site_name":"Notibras","article_publisher":"https:\/\/www.facebook.com\/notibras\/","article_published_time":"2024-05-02T03:00:53+00:00","article_modified_time":"2024-05-02T12:46:19+00:00","og_image":[{"width":1501,"height":1000,"url":"https:\/\/www.notibras.com\/site\/wp-content\/uploads\/2024\/05\/IMG_6784.jpg","type":"image\/jpeg"}],"author":"Reda\u00e7\u00e3o","twitter_card":"summary_large_image","twitter_creator":"@Notibras","twitter_site":"@Notibras","twitter_misc":{"Escrito por":"Reda\u00e7\u00e3o","Est. tempo de leitura":"6 minutos"},"schema":{"@context":"https:\/\/schema.org","@graph":[{"@type":"Article","@id":"https:\/\/www.notibras.com\/site\/brasilia-registra-feminicidio-zero-pelo-segundo-mes-seguido\/#article","isPartOf":{"@id":"https:\/\/www.notibras.com\/site\/brasilia-registra-feminicidio-zero-pelo-segundo-mes-seguido\/"},"author":{"name":"Reda\u00e7\u00e3o","@id":"https:\/\/www.notibras.com\/site\/#\/schema\/person\/36ab0979449956132d3e5b517ea76ac8"},"headline":"Bras\u00edlia registra feminic\u00eddio zero pelo segundo m\u00eas seguido","datePublished":"2024-05-02T03:00:53+00:00","dateModified":"2024-05-02T12:46:19+00:00","mainEntityOfPage":{"@id":"https:\/\/www.notibras.com\/site\/brasilia-registra-feminicidio-zero-pelo-segundo-mes-seguido\/"},"wordCount":1015,"publisher":{"@id":"https:\/\/www.notibras.com\/site\/#organization"},"image":{"@id":"https:\/\/www.notibras.com\/site\/brasilia-registra-feminicidio-zero-pelo-segundo-mes-seguido\/#primaryimage"},"thumbnailUrl":"https:\/\/www.notibras.com\/site\/wp-content\/uploads\/2024\/05\/IMG_6784.jpg","articleSection":["Quadradinho em Foco"],"inLanguage":"pt-BR"},{"@type":"WebPage","@id":"https:\/\/www.notibras.com\/site\/brasilia-registra-feminicidio-zero-pelo-segundo-mes-seguido\/","url":"https:\/\/www.notibras.com\/site\/brasilia-registra-feminicidio-zero-pelo-segundo-mes-seguido\/","name":"Bras\u00edlia registra feminic\u00eddio zero pelo segundo m\u00eas seguido - Notibras","isPartOf":{"@id":"https:\/\/www.notibras.com\/site\/#website"},"primaryImageOfPage":{"@id":"https:\/\/www.notibras.com\/site\/brasilia-registra-feminicidio-zero-pelo-segundo-mes-seguido\/#primaryimage"},"image":{"@id":"https:\/\/www.notibras.com\/site\/brasilia-registra-feminicidio-zero-pelo-segundo-mes-seguido\/#primaryimage"},"thumbnailUrl":"https:\/\/www.notibras.com\/site\/wp-content\/uploads\/2024\/05\/IMG_6784.jpg","datePublished":"2024-05-02T03:00:53+00:00","dateModified":"2024-05-02T12:46:19+00:00","breadcrumb":{"@id":"https:\/\/www.notibras.com\/site\/brasilia-registra-feminicidio-zero-pelo-segundo-mes-seguido\/#breadcrumb"},"inLanguage":"pt-BR","potentialAction":[{"@type":"ReadAction","target":["https:\/\/www.notibras.com\/site\/brasilia-registra-feminicidio-zero-pelo-segundo-mes-seguido\/"]}]},{"@type":"ImageObject","inLanguage":"pt-BR","@id":"https:\/\/www.notibras.com\/site\/brasilia-registra-feminicidio-zero-pelo-segundo-mes-seguido\/#primaryimage","url":"https:\/\/www.notibras.com\/site\/wp-content\/uploads\/2024\/05\/IMG_6784.jpg","contentUrl":"https:\/\/www.notibras.com\/site\/wp-content\/uploads\/2024\/05\/IMG_6784.jpg","width":1501,"height":1000},{"@type":"BreadcrumbList","@id":"https:\/\/www.notibras.com\/site\/brasilia-registra-feminicidio-zero-pelo-segundo-mes-seguido\/#breadcrumb","itemListElement":[{"@type":"ListItem","position":1,"name":"In\u00edcio","item":"https:\/\/www.notibras.com\/site\/"},{"@type":"ListItem","position":2,"name":"Bras\u00edlia registra feminic\u00eddio zero pelo segundo m\u00eas seguido"}]},{"@type":"WebSite","@id":"https:\/\/www.notibras.com\/site\/#website","url":"https:\/\/www.notibras.com\/site\/","name":"Notibras","description":"Not\u00edcias de Bras\u00edlia, do Brasil e do Mundo","publisher":{"@id":"https:\/\/www.notibras.com\/site\/#organization"},"potentialAction":[{"@type":"SearchAction","target":{"@type":"EntryPoint","urlTemplate":"https:\/\/www.notibras.com\/site\/?s={search_term_string}"},"query-input":{"@type":"PropertyValueSpecification","valueRequired":true,"valueName":"search_term_string"}}],"inLanguage":"pt-BR"},{"@type":"Organization","@id":"https:\/\/www.notibras.com\/site\/#organization","name":"Grupo Notibras de Comunica\u00e7\u00e3o","url":"https:\/\/www.notibras.com\/site\/","logo":{"@type":"ImageObject","inLanguage":"pt-BR","@id":"https:\/\/www.notibras.com\/site\/#\/schema\/logo\/image\/","url":"https:\/\/www.notibras.com\/site\/wp-content\/uploads\/2023\/01\/notibras23.png","contentUrl":"https:\/\/www.notibras.com\/site\/wp-content\/uploads\/2023\/01\/notibras23.png","width":350,"height":87,"caption":"Grupo Notibras de Comunica\u00e7\u00e3o"},"image":{"@id":"https:\/\/www.notibras.com\/site\/#\/schema\/logo\/image\/"},"sameAs":["https:\/\/www.facebook.com\/notibras\/","https:\/\/x.com\/Notibras","https:\/\/www.instagram.com\/notibras\/"]},{"@type":"Person","@id":"https:\/\/www.notibras.com\/site\/#\/schema\/person\/36ab0979449956132d3e5b517ea76ac8","name":"Reda\u00e7\u00e3o","image":{"@type":"ImageObject","inLanguage":"pt-BR","@id":"https:\/\/secure.gravatar.com\/avatar\/e0a867bdedb85fd243eadf09663511f96fc81e0720a4a42581f334ad4303aa6b?s=96&d=mm&r=g","url":"https:\/\/secure.gravatar.com\/avatar\/e0a867bdedb85fd243eadf09663511f96fc81e0720a4a42581f334ad4303aa6b?s=96&d=mm&r=g","contentUrl":"https:\/\/secure.gravatar.com\/avatar\/e0a867bdedb85fd243eadf09663511f96fc81e0720a4a42581f334ad4303aa6b?s=96&d=mm&r=g","caption":"Reda\u00e7\u00e3o"}}]}},"amp_enabled":true,"_links":{"self":[{"href":"https:\/\/www.notibras.com\/site\/wp-json\/wp\/v2\/posts\/327856","targetHints":{"allow":["GET"]}}],"collection":[{"href":"https:\/\/www.notibras.com\/site\/wp-json\/wp\/v2\/posts"}],"about":[{"href":"https:\/\/www.notibras.com\/site\/wp-json\/wp\/v2\/types\/post"}],"author":[{"embeddable":true,"href":"https:\/\/www.notibras.com\/site\/wp-json\/wp\/v2\/users\/2"}],"replies":[{"embeddable":true,"href":"https:\/\/www.notibras.com\/site\/wp-json\/wp\/v2\/comments?post=327856"}],"version-history":[{"count":1,"href":"https:\/\/www.notibras.com\/site\/wp-json\/wp\/v2\/posts\/327856\/revisions"}],"predecessor-version":[{"id":327858,"href":"https:\/\/www.notibras.com\/site\/wp-json\/wp\/v2\/posts\/327856\/revisions\/327858"}],"wp:featuredmedia":[{"embeddable":true,"href":"https:\/\/www.notibras.com\/site\/wp-json\/wp\/v2\/media\/327857"}],"wp:attachment":[{"href":"https:\/\/www.notibras.com\/site\/wp-json\/wp\/v2\/media?parent=327856"}],"wp:term":[{"taxonomy":"category","embeddable":true,"href":"https:\/\/www.notibras.com\/site\/wp-json\/wp\/v2\/categories?post=327856"},{"taxonomy":"post_tag","embeddable":true,"href":"https:\/\/www.notibras.com\/site\/wp-json\/wp\/v2\/tags?post=327856"}],"curies":[{"name":"wp","href":"https:\/\/api.w.org\/{rel}","templated":true}]}}