{"id":327859,"date":"2024-05-02T00:00:35","date_gmt":"2024-05-02T03:00:35","guid":{"rendered":"https:\/\/www.notibras.com\/site\/?p=327859"},"modified":"2024-05-02T09:56:29","modified_gmt":"2024-05-02T12:56:29","slug":"fiscalizacao-apreende-mais-de-r-1-milhao-em-mercadorias-irregulares","status":"publish","type":"post","link":"https:\/\/www.notibras.com\/site\/fiscalizacao-apreende-mais-de-r-1-milhao-em-mercadorias-irregulares\/","title":{"rendered":"Fiscaliza\u00e7\u00e3o apreende mais de R$ 1 milh\u00e3o em mercadorias irregulares"},"content":{"rendered":"<p>Equipes de auditores da Secretaria de Economia abordaram, na madrugada desta quarta-feira (1\u00ba), v\u00e1rias cargas com aus\u00eancia de documenta\u00e7\u00e3o fiscal id\u00f4nea. As mercadorias irregulares, avaliadas em cerca de R$ 1 milh\u00e3o, foram apreendidas em rodovias e encontradas em transportadoras. Entre os produtos apreendidos est\u00e3o bebidas, confec\u00e7\u00f5es, alimentos e pe\u00e7as para carros.<\/p>\n<p>As a\u00e7\u00f5es de fiscaliza\u00e7\u00e3o em v\u00e9spera de feriado apostam na cren\u00e7a dos sonegadores de que n\u00e3o haver\u00e1 fiscaliza\u00e7\u00e3o. \u201c\u00c9 importante dizer que as nossas equipes prosseguem trabalhando 24 horas por dia, mesmo em feriados e fins de semanas, e encontram-se nas vias, rodovias, no aeroporto e em transportadoras do DF\u201d, explica o coordenador de Fiscaliza\u00e7\u00e3o Tribut\u00e1ria, Silvino Nogueira Filho.<\/p>\n<p>\u201cA import\u00e2ncia da fiscaliza\u00e7\u00e3o tribut\u00e1ria do DF perpassa por combater frontalmente a sonega\u00e7\u00e3o fiscal, proporcionando uma sensa\u00e7\u00e3o de risco \u00e0queles que insistem em deixar de cumprir suas obriga\u00e7\u00f5es fiscais junto \u00e0 Receita do DF\u201d, acrescenta.<\/p>\n<p>Para o secret\u00e1rio de Economia, Ney Ferraz, o objetivo n\u00e3o \u00e9 apenas apreender mercadorias e multar. \u201cQueremos com essa a\u00e7\u00e3o rotineira mostrar que o GDF est\u00e1 nas ruas atuando para que os tributos sejam arrecadados dentro da lei, sem prejudicar aqueles contribuintes que est\u00e3o em dia com o Fisco\u201d, refor\u00e7a.<\/p>\n<p>Confira o que foi apreendido e o local da a\u00e7\u00e3o de fiscaliza\u00e7\u00e3o:<\/p>\n<p>\u21d2 Carreta com cosm\u00e9ticos (sabonetes, col\u00f4nias, desodorantes, \u00f3leos, kit capilar, etc.) sem nota fiscal: carga avaliada em R$ 700 mil. Ve\u00edculo abordado em Ceil\u00e2ndia;<\/p>\n<p>\u21d2 Carreta com bebidas alco\u00f3licas (36 mil unidades de cervejas e 2016 unidades de cacha\u00e7a sem nota fiscal): carga avaliada em R$ 110 mil. Carreta abordada em Sobradinho;<\/p>\n<p>\u21d2 Peixes com nota fiscal inid\u00f4nea carga abordada na BR-060. Valores em apura\u00e7\u00e3o;<\/p>\n<p>\u21d2 Produtos automotivos (pneus e far\u00f3is) com nota fiscal inid\u00f4nea. Valores em apura\u00e7\u00e3o;<\/p>\n<p>\u21d2 Confec\u00e7\u00f5es com nota fiscal inid\u00f4nea. Valores em apura\u00e7\u00e3o;<\/p>\n<p>\u21d2 Bolsas com nota fiscal inid\u00f4neas. Valores em apura\u00e7\u00e3o;<\/p>\n<p>\u21d2 Pneus e far\u00f3is com nota fiscal inid\u00f4neas. Valores em apura\u00e7\u00e3o.<\/p>\n","protected":false},"excerpt":{"rendered":"<p>Equipes de auditores da Secretaria de Economia abordaram, na madrugada desta quarta-feira (1\u00ba), v\u00e1rias cargas com aus\u00eancia de documenta\u00e7\u00e3o fiscal id\u00f4nea. As mercadorias irregulares, avaliadas em cerca de R$ 1 milh\u00e3o, foram apreendidas em rodovias e encontradas em transportadoras. Entre os produtos apreendidos est\u00e3o bebidas, confec\u00e7\u00f5es, alimentos e pe\u00e7as para carros. As a\u00e7\u00f5es de fiscaliza\u00e7\u00e3o [&hellip;]<\/p>\n","protected":false},"author":2,"featured_media":327860,"comment_status":"closed","ping_status":"closed","sticky":false,"template":"","format":"standard","meta":{"_acf_changed":false,"footnotes":""},"categories":[161],"tags":[],"class_list":["post-327859","post","type-post","status-publish","format-standard","has-post-thumbnail","hentry","category-quadradinho-em-foco"],"acf":[],"yoast_head":"<!-- This site is optimized with the Yoast SEO plugin v27.5 - https:\/\/yoast.com\/product\/yoast-seo-wordpress\/ -->\n<title>Fiscaliza\u00e7\u00e3o apreende mais de R$ 1 milh\u00e3o em mercadorias irregulares - Notibras<\/title>\n<meta name=\"robots\" content=\"index, follow, max-snippet:-1, max-image-preview:large, max-video-preview:-1\" \/>\n<link rel=\"canonical\" href=\"https:\/\/www.notibras.com\/site\/fiscalizacao-apreende-mais-de-r-1-milhao-em-mercadorias-irregulares\/\" \/>\n<meta property=\"og:locale\" content=\"pt_BR\" \/>\n<meta property=\"og:type\" content=\"article\" \/>\n<meta property=\"og:title\" content=\"Fiscaliza\u00e7\u00e3o apreende mais de R$ 1 milh\u00e3o em mercadorias irregulares - Notibras\" \/>\n<meta property=\"og:description\" content=\"Equipes de auditores da Secretaria de Economia abordaram, na madrugada desta quarta-feira (1\u00ba), v\u00e1rias cargas com aus\u00eancia de documenta\u00e7\u00e3o fiscal id\u00f4nea. As mercadorias irregulares, avaliadas em cerca de R$ 1 milh\u00e3o, foram apreendidas em rodovias e encontradas em transportadoras. Entre os produtos apreendidos est\u00e3o bebidas, confec\u00e7\u00f5es, alimentos e pe\u00e7as para carros. As a\u00e7\u00f5es de fiscaliza\u00e7\u00e3o [&hellip;]\" \/>\n<meta property=\"og:url\" content=\"https:\/\/www.notibras.com\/site\/fiscalizacao-apreende-mais-de-r-1-milhao-em-mercadorias-irregulares\/\" \/>\n<meta property=\"og:site_name\" content=\"Notibras\" \/>\n<meta property=\"article:publisher\" content=\"https:\/\/www.facebook.com\/notibras\/\" \/>\n<meta property=\"article:published_time\" content=\"2024-05-02T03:00:35+00:00\" \/>\n<meta property=\"article:modified_time\" content=\"2024-05-02T12:56:29+00:00\" \/>\n<meta property=\"og:image\" content=\"https:\/\/www.notibras.com\/site\/wp-content\/uploads\/2024\/05\/WhatsApp-Image-2024-05-01-at-10.16.27-1-768x1365-1.jpeg\" \/>\n\t<meta property=\"og:image:width\" content=\"768\" \/>\n\t<meta property=\"og:image:height\" content=\"1365\" \/>\n\t<meta property=\"og:image:type\" content=\"image\/jpeg\" \/>\n<meta name=\"author\" content=\"Reda\u00e7\u00e3o\" \/>\n<meta name=\"twitter:card\" content=\"summary_large_image\" \/>\n<meta name=\"twitter:creator\" content=\"@Notibras\" \/>\n<meta name=\"twitter:site\" content=\"@Notibras\" \/>\n<meta name=\"twitter:label1\" content=\"Escrito por\" \/>\n\t<meta name=\"twitter:data1\" content=\"Reda\u00e7\u00e3o\" \/>\n\t<meta name=\"twitter:label2\" content=\"Est. tempo de leitura\" \/>\n\t<meta name=\"twitter:data2\" content=\"2 minutos\" \/>\n<script type=\"application\/ld+json\" class=\"yoast-schema-graph\">{\"@context\":\"https:\\\/\\\/schema.org\",\"@graph\":[{\"@type\":\"Article\",\"@id\":\"https:\\\/\\\/www.notibras.com\\\/site\\\/fiscalizacao-apreende-mais-de-r-1-milhao-em-mercadorias-irregulares\\\/#article\",\"isPartOf\":{\"@id\":\"https:\\\/\\\/www.notibras.com\\\/site\\\/fiscalizacao-apreende-mais-de-r-1-milhao-em-mercadorias-irregulares\\\/\"},\"author\":{\"name\":\"Reda\u00e7\u00e3o\",\"@id\":\"https:\\\/\\\/www.notibras.com\\\/site\\\/#\\\/schema\\\/person\\\/36ab0979449956132d3e5b517ea76ac8\"},\"headline\":\"Fiscaliza\u00e7\u00e3o apreende mais de R$ 1 milh\u00e3o em mercadorias irregulares\",\"datePublished\":\"2024-05-02T03:00:35+00:00\",\"dateModified\":\"2024-05-02T12:56:29+00:00\",\"mainEntityOfPage\":{\"@id\":\"https:\\\/\\\/www.notibras.com\\\/site\\\/fiscalizacao-apreende-mais-de-r-1-milhao-em-mercadorias-irregulares\\\/\"},\"wordCount\":356,\"publisher\":{\"@id\":\"https:\\\/\\\/www.notibras.com\\\/site\\\/#organization\"},\"image\":{\"@id\":\"https:\\\/\\\/www.notibras.com\\\/site\\\/fiscalizacao-apreende-mais-de-r-1-milhao-em-mercadorias-irregulares\\\/#primaryimage\"},\"thumbnailUrl\":\"https:\\\/\\\/www.notibras.com\\\/site\\\/wp-content\\\/uploads\\\/2024\\\/05\\\/WhatsApp-Image-2024-05-01-at-10.16.27-1-768x1365-1.jpeg\",\"articleSection\":[\"Quadradinho em Foco\"],\"inLanguage\":\"pt-BR\"},{\"@type\":\"WebPage\",\"@id\":\"https:\\\/\\\/www.notibras.com\\\/site\\\/fiscalizacao-apreende-mais-de-r-1-milhao-em-mercadorias-irregulares\\\/\",\"url\":\"https:\\\/\\\/www.notibras.com\\\/site\\\/fiscalizacao-apreende-mais-de-r-1-milhao-em-mercadorias-irregulares\\\/\",\"name\":\"Fiscaliza\u00e7\u00e3o apreende mais de R$ 1 milh\u00e3o em mercadorias irregulares - Notibras\",\"isPartOf\":{\"@id\":\"https:\\\/\\\/www.notibras.com\\\/site\\\/#website\"},\"primaryImageOfPage\":{\"@id\":\"https:\\\/\\\/www.notibras.com\\\/site\\\/fiscalizacao-apreende-mais-de-r-1-milhao-em-mercadorias-irregulares\\\/#primaryimage\"},\"image\":{\"@id\":\"https:\\\/\\\/www.notibras.com\\\/site\\\/fiscalizacao-apreende-mais-de-r-1-milhao-em-mercadorias-irregulares\\\/#primaryimage\"},\"thumbnailUrl\":\"https:\\\/\\\/www.notibras.com\\\/site\\\/wp-content\\\/uploads\\\/2024\\\/05\\\/WhatsApp-Image-2024-05-01-at-10.16.27-1-768x1365-1.jpeg\",\"datePublished\":\"2024-05-02T03:00:35+00:00\",\"dateModified\":\"2024-05-02T12:56:29+00:00\",\"breadcrumb\":{\"@id\":\"https:\\\/\\\/www.notibras.com\\\/site\\\/fiscalizacao-apreende-mais-de-r-1-milhao-em-mercadorias-irregulares\\\/#breadcrumb\"},\"inLanguage\":\"pt-BR\",\"potentialAction\":[{\"@type\":\"ReadAction\",\"target\":[\"https:\\\/\\\/www.notibras.com\\\/site\\\/fiscalizacao-apreende-mais-de-r-1-milhao-em-mercadorias-irregulares\\\/\"]}]},{\"@type\":\"ImageObject\",\"inLanguage\":\"pt-BR\",\"@id\":\"https:\\\/\\\/www.notibras.com\\\/site\\\/fiscalizacao-apreende-mais-de-r-1-milhao-em-mercadorias-irregulares\\\/#primaryimage\",\"url\":\"https:\\\/\\\/www.notibras.com\\\/site\\\/wp-content\\\/uploads\\\/2024\\\/05\\\/WhatsApp-Image-2024-05-01-at-10.16.27-1-768x1365-1.jpeg\",\"contentUrl\":\"https:\\\/\\\/www.notibras.com\\\/site\\\/wp-content\\\/uploads\\\/2024\\\/05\\\/WhatsApp-Image-2024-05-01-at-10.16.27-1-768x1365-1.jpeg\",\"width\":768,\"height\":1365},{\"@type\":\"BreadcrumbList\",\"@id\":\"https:\\\/\\\/www.notibras.com\\\/site\\\/fiscalizacao-apreende-mais-de-r-1-milhao-em-mercadorias-irregulares\\\/#breadcrumb\",\"itemListElement\":[{\"@type\":\"ListItem\",\"position\":1,\"name\":\"In\u00edcio\",\"item\":\"https:\\\/\\\/www.notibras.com\\\/site\\\/\"},{\"@type\":\"ListItem\",\"position\":2,\"name\":\"Fiscaliza\u00e7\u00e3o apreende mais de R$ 1 milh\u00e3o em mercadorias irregulares\"}]},{\"@type\":\"WebSite\",\"@id\":\"https:\\\/\\\/www.notibras.com\\\/site\\\/#website\",\"url\":\"https:\\\/\\\/www.notibras.com\\\/site\\\/\",\"name\":\"Notibras\",\"description\":\"Not\u00edcias de Bras\u00edlia, do Brasil e do Mundo\",\"publisher\":{\"@id\":\"https:\\\/\\\/www.notibras.com\\\/site\\\/#organization\"},\"potentialAction\":[{\"@type\":\"SearchAction\",\"target\":{\"@type\":\"EntryPoint\",\"urlTemplate\":\"https:\\\/\\\/www.notibras.com\\\/site\\\/?s={search_term_string}\"},\"query-input\":{\"@type\":\"PropertyValueSpecification\",\"valueRequired\":true,\"valueName\":\"search_term_string\"}}],\"inLanguage\":\"pt-BR\"},{\"@type\":\"Organization\",\"@id\":\"https:\\\/\\\/www.notibras.com\\\/site\\\/#organization\",\"name\":\"Grupo Notibras de Comunica\u00e7\u00e3o\",\"url\":\"https:\\\/\\\/www.notibras.com\\\/site\\\/\",\"logo\":{\"@type\":\"ImageObject\",\"inLanguage\":\"pt-BR\",\"@id\":\"https:\\\/\\\/www.notibras.com\\\/site\\\/#\\\/schema\\\/logo\\\/image\\\/\",\"url\":\"https:\\\/\\\/www.notibras.com\\\/site\\\/wp-content\\\/uploads\\\/2023\\\/01\\\/notibras23.png\",\"contentUrl\":\"https:\\\/\\\/www.notibras.com\\\/site\\\/wp-content\\\/uploads\\\/2023\\\/01\\\/notibras23.png\",\"width\":350,\"height\":87,\"caption\":\"Grupo Notibras de Comunica\u00e7\u00e3o\"},\"image\":{\"@id\":\"https:\\\/\\\/www.notibras.com\\\/site\\\/#\\\/schema\\\/logo\\\/image\\\/\"},\"sameAs\":[\"https:\\\/\\\/www.facebook.com\\\/notibras\\\/\",\"https:\\\/\\\/x.com\\\/Notibras\",\"https:\\\/\\\/www.instagram.com\\\/notibras\\\/\"]},{\"@type\":\"Person\",\"@id\":\"https:\\\/\\\/www.notibras.com\\\/site\\\/#\\\/schema\\\/person\\\/36ab0979449956132d3e5b517ea76ac8\",\"name\":\"Reda\u00e7\u00e3o\",\"image\":{\"@type\":\"ImageObject\",\"inLanguage\":\"pt-BR\",\"@id\":\"https:\\\/\\\/secure.gravatar.com\\\/avatar\\\/e0a867bdedb85fd243eadf09663511f96fc81e0720a4a42581f334ad4303aa6b?s=96&d=mm&r=g\",\"url\":\"https:\\\/\\\/secure.gravatar.com\\\/avatar\\\/e0a867bdedb85fd243eadf09663511f96fc81e0720a4a42581f334ad4303aa6b?s=96&d=mm&r=g\",\"contentUrl\":\"https:\\\/\\\/secure.gravatar.com\\\/avatar\\\/e0a867bdedb85fd243eadf09663511f96fc81e0720a4a42581f334ad4303aa6b?s=96&d=mm&r=g\",\"caption\":\"Reda\u00e7\u00e3o\"}}]}<\/script>\n<!-- \/ Yoast SEO plugin. -->","yoast_head_json":{"title":"Fiscaliza\u00e7\u00e3o apreende mais de R$ 1 milh\u00e3o em mercadorias irregulares - Notibras","robots":{"index":"index","follow":"follow","max-snippet":"max-snippet:-1","max-image-preview":"max-image-preview:large","max-video-preview":"max-video-preview:-1"},"canonical":"https:\/\/www.notibras.com\/site\/fiscalizacao-apreende-mais-de-r-1-milhao-em-mercadorias-irregulares\/","og_locale":"pt_BR","og_type":"article","og_title":"Fiscaliza\u00e7\u00e3o apreende mais de R$ 1 milh\u00e3o em mercadorias irregulares - Notibras","og_description":"Equipes de auditores da Secretaria de Economia abordaram, na madrugada desta quarta-feira (1\u00ba), v\u00e1rias cargas com aus\u00eancia de documenta\u00e7\u00e3o fiscal id\u00f4nea. As mercadorias irregulares, avaliadas em cerca de R$ 1 milh\u00e3o, foram apreendidas em rodovias e encontradas em transportadoras. Entre os produtos apreendidos est\u00e3o bebidas, confec\u00e7\u00f5es, alimentos e pe\u00e7as para carros. As a\u00e7\u00f5es de fiscaliza\u00e7\u00e3o [&hellip;]","og_url":"https:\/\/www.notibras.com\/site\/fiscalizacao-apreende-mais-de-r-1-milhao-em-mercadorias-irregulares\/","og_site_name":"Notibras","article_publisher":"https:\/\/www.facebook.com\/notibras\/","article_published_time":"2024-05-02T03:00:35+00:00","article_modified_time":"2024-05-02T12:56:29+00:00","og_image":[{"width":768,"height":1365,"url":"https:\/\/www.notibras.com\/site\/wp-content\/uploads\/2024\/05\/WhatsApp-Image-2024-05-01-at-10.16.27-1-768x1365-1.jpeg","type":"image\/jpeg"}],"author":"Reda\u00e7\u00e3o","twitter_card":"summary_large_image","twitter_creator":"@Notibras","twitter_site":"@Notibras","twitter_misc":{"Escrito por":"Reda\u00e7\u00e3o","Est. tempo de leitura":"2 minutos"},"schema":{"@context":"https:\/\/schema.org","@graph":[{"@type":"Article","@id":"https:\/\/www.notibras.com\/site\/fiscalizacao-apreende-mais-de-r-1-milhao-em-mercadorias-irregulares\/#article","isPartOf":{"@id":"https:\/\/www.notibras.com\/site\/fiscalizacao-apreende-mais-de-r-1-milhao-em-mercadorias-irregulares\/"},"author":{"name":"Reda\u00e7\u00e3o","@id":"https:\/\/www.notibras.com\/site\/#\/schema\/person\/36ab0979449956132d3e5b517ea76ac8"},"headline":"Fiscaliza\u00e7\u00e3o apreende mais de R$ 1 milh\u00e3o em mercadorias irregulares","datePublished":"2024-05-02T03:00:35+00:00","dateModified":"2024-05-02T12:56:29+00:00","mainEntityOfPage":{"@id":"https:\/\/www.notibras.com\/site\/fiscalizacao-apreende-mais-de-r-1-milhao-em-mercadorias-irregulares\/"},"wordCount":356,"publisher":{"@id":"https:\/\/www.notibras.com\/site\/#organization"},"image":{"@id":"https:\/\/www.notibras.com\/site\/fiscalizacao-apreende-mais-de-r-1-milhao-em-mercadorias-irregulares\/#primaryimage"},"thumbnailUrl":"https:\/\/www.notibras.com\/site\/wp-content\/uploads\/2024\/05\/WhatsApp-Image-2024-05-01-at-10.16.27-1-768x1365-1.jpeg","articleSection":["Quadradinho em Foco"],"inLanguage":"pt-BR"},{"@type":"WebPage","@id":"https:\/\/www.notibras.com\/site\/fiscalizacao-apreende-mais-de-r-1-milhao-em-mercadorias-irregulares\/","url":"https:\/\/www.notibras.com\/site\/fiscalizacao-apreende-mais-de-r-1-milhao-em-mercadorias-irregulares\/","name":"Fiscaliza\u00e7\u00e3o apreende mais de R$ 1 milh\u00e3o em mercadorias irregulares - Notibras","isPartOf":{"@id":"https:\/\/www.notibras.com\/site\/#website"},"primaryImageOfPage":{"@id":"https:\/\/www.notibras.com\/site\/fiscalizacao-apreende-mais-de-r-1-milhao-em-mercadorias-irregulares\/#primaryimage"},"image":{"@id":"https:\/\/www.notibras.com\/site\/fiscalizacao-apreende-mais-de-r-1-milhao-em-mercadorias-irregulares\/#primaryimage"},"thumbnailUrl":"https:\/\/www.notibras.com\/site\/wp-content\/uploads\/2024\/05\/WhatsApp-Image-2024-05-01-at-10.16.27-1-768x1365-1.jpeg","datePublished":"2024-05-02T03:00:35+00:00","dateModified":"2024-05-02T12:56:29+00:00","breadcrumb":{"@id":"https:\/\/www.notibras.com\/site\/fiscalizacao-apreende-mais-de-r-1-milhao-em-mercadorias-irregulares\/#breadcrumb"},"inLanguage":"pt-BR","potentialAction":[{"@type":"ReadAction","target":["https:\/\/www.notibras.com\/site\/fiscalizacao-apreende-mais-de-r-1-milhao-em-mercadorias-irregulares\/"]}]},{"@type":"ImageObject","inLanguage":"pt-BR","@id":"https:\/\/www.notibras.com\/site\/fiscalizacao-apreende-mais-de-r-1-milhao-em-mercadorias-irregulares\/#primaryimage","url":"https:\/\/www.notibras.com\/site\/wp-content\/uploads\/2024\/05\/WhatsApp-Image-2024-05-01-at-10.16.27-1-768x1365-1.jpeg","contentUrl":"https:\/\/www.notibras.com\/site\/wp-content\/uploads\/2024\/05\/WhatsApp-Image-2024-05-01-at-10.16.27-1-768x1365-1.jpeg","width":768,"height":1365},{"@type":"BreadcrumbList","@id":"https:\/\/www.notibras.com\/site\/fiscalizacao-apreende-mais-de-r-1-milhao-em-mercadorias-irregulares\/#breadcrumb","itemListElement":[{"@type":"ListItem","position":1,"name":"In\u00edcio","item":"https:\/\/www.notibras.com\/site\/"},{"@type":"ListItem","position":2,"name":"Fiscaliza\u00e7\u00e3o apreende mais de R$ 1 milh\u00e3o em mercadorias irregulares"}]},{"@type":"WebSite","@id":"https:\/\/www.notibras.com\/site\/#website","url":"https:\/\/www.notibras.com\/site\/","name":"Notibras","description":"Not\u00edcias de Bras\u00edlia, do Brasil e do Mundo","publisher":{"@id":"https:\/\/www.notibras.com\/site\/#organization"},"potentialAction":[{"@type":"SearchAction","target":{"@type":"EntryPoint","urlTemplate":"https:\/\/www.notibras.com\/site\/?s={search_term_string}"},"query-input":{"@type":"PropertyValueSpecification","valueRequired":true,"valueName":"search_term_string"}}],"inLanguage":"pt-BR"},{"@type":"Organization","@id":"https:\/\/www.notibras.com\/site\/#organization","name":"Grupo Notibras de Comunica\u00e7\u00e3o","url":"https:\/\/www.notibras.com\/site\/","logo":{"@type":"ImageObject","inLanguage":"pt-BR","@id":"https:\/\/www.notibras.com\/site\/#\/schema\/logo\/image\/","url":"https:\/\/www.notibras.com\/site\/wp-content\/uploads\/2023\/01\/notibras23.png","contentUrl":"https:\/\/www.notibras.com\/site\/wp-content\/uploads\/2023\/01\/notibras23.png","width":350,"height":87,"caption":"Grupo Notibras de Comunica\u00e7\u00e3o"},"image":{"@id":"https:\/\/www.notibras.com\/site\/#\/schema\/logo\/image\/"},"sameAs":["https:\/\/www.facebook.com\/notibras\/","https:\/\/x.com\/Notibras","https:\/\/www.instagram.com\/notibras\/"]},{"@type":"Person","@id":"https:\/\/www.notibras.com\/site\/#\/schema\/person\/36ab0979449956132d3e5b517ea76ac8","name":"Reda\u00e7\u00e3o","image":{"@type":"ImageObject","inLanguage":"pt-BR","@id":"https:\/\/secure.gravatar.com\/avatar\/e0a867bdedb85fd243eadf09663511f96fc81e0720a4a42581f334ad4303aa6b?s=96&d=mm&r=g","url":"https:\/\/secure.gravatar.com\/avatar\/e0a867bdedb85fd243eadf09663511f96fc81e0720a4a42581f334ad4303aa6b?s=96&d=mm&r=g","contentUrl":"https:\/\/secure.gravatar.com\/avatar\/e0a867bdedb85fd243eadf09663511f96fc81e0720a4a42581f334ad4303aa6b?s=96&d=mm&r=g","caption":"Reda\u00e7\u00e3o"}}]}},"amp_enabled":true,"_links":{"self":[{"href":"https:\/\/www.notibras.com\/site\/wp-json\/wp\/v2\/posts\/327859","targetHints":{"allow":["GET"]}}],"collection":[{"href":"https:\/\/www.notibras.com\/site\/wp-json\/wp\/v2\/posts"}],"about":[{"href":"https:\/\/www.notibras.com\/site\/wp-json\/wp\/v2\/types\/post"}],"author":[{"embeddable":true,"href":"https:\/\/www.notibras.com\/site\/wp-json\/wp\/v2\/users\/2"}],"replies":[{"embeddable":true,"href":"https:\/\/www.notibras.com\/site\/wp-json\/wp\/v2\/comments?post=327859"}],"version-history":[{"count":1,"href":"https:\/\/www.notibras.com\/site\/wp-json\/wp\/v2\/posts\/327859\/revisions"}],"predecessor-version":[{"id":327861,"href":"https:\/\/www.notibras.com\/site\/wp-json\/wp\/v2\/posts\/327859\/revisions\/327861"}],"wp:featuredmedia":[{"embeddable":true,"href":"https:\/\/www.notibras.com\/site\/wp-json\/wp\/v2\/media\/327860"}],"wp:attachment":[{"href":"https:\/\/www.notibras.com\/site\/wp-json\/wp\/v2\/media?parent=327859"}],"wp:term":[{"taxonomy":"category","embeddable":true,"href":"https:\/\/www.notibras.com\/site\/wp-json\/wp\/v2\/categories?post=327859"},{"taxonomy":"post_tag","embeddable":true,"href":"https:\/\/www.notibras.com\/site\/wp-json\/wp\/v2\/tags?post=327859"}],"curies":[{"name":"wp","href":"https:\/\/api.w.org\/{rel}","templated":true}]}}