{"id":327884,"date":"2024-05-02T13:29:16","date_gmt":"2024-05-02T16:29:16","guid":{"rendered":"https:\/\/www.notibras.com\/site\/?p=327884"},"modified":"2024-05-02T16:15:13","modified_gmt":"2024-05-02T19:15:13","slug":"lyssa-em-dia-de-princesa-vira-estrela-de-silvio-santos","status":"publish","type":"post","link":"https:\/\/www.notibras.com\/site\/lyssa-em-dia-de-princesa-vira-estrela-de-silvio-santos\/","title":{"rendered":"Lyssa, em dia de princesa, vira estrela de S\u00edlvio Santos"},"content":{"rendered":"<p>Lyssa, agora com seis anos, nasceu princesa com direito a uma coroa de ouro adornada com as mais finas pedras preciosas. No est\u00e1gio a caminho de virar rainha, ela viveu mais um dia de conto de fadas, ao visitar o Happy Land, um parque em Bras\u00edlia que re\u00fane suas hom\u00f3logas.<\/p>\n<p>Nesse mundo de fantasias, ela teve a companhia de Moana, Frozen, Minie, Pluto, Homem Aranha&#8230; e direito a deliciar-se em uma fazendinha com animais de verdade, como p\u00f4neis e cabras. Lyssa e as amigas dan\u00e7aram numa experi\u00eancia l\u00fadica, correram para todos os lados e repuseram as energias ao fim do dia, com uma pizza no Man\u00e9 Mercado. Tudo isso no cora\u00e7\u00e3o de Bras\u00edlia.<\/p>\n<p>Sua desenvoltura, seu charme, seu sorriso cativante atra\u00edram uma equipe de reportagem do SBT. E a princesa coroou seu dia de brilho com uma entrevista \u00e0 emissora de S\u00edlvio Santos.<\/p>\n<p>Em sua mente infantil, em permanente movimento, Lyssa se viu em um reino distante, onde os raios de sol dan\u00e7am entre as torres dos castelos e as flores desabrocham em um espet\u00e1culo de cores. Com seus cabelos dourados e olhos brilhantes como estrelas, ela encheu seu cora\u00e7\u00e3o com mais sonhos para realizar, quem sabe, quando adolescente for.<\/p>\n<p>Em sua imagina\u00e7\u00e3o, enquanto brincava nos jardins do castelo, Lyssa encontrou um misterioso livro empoeirado escondido a um canto. As p\u00e1ginas eram antigas e desgastadas, mas as ilustra\u00e7\u00f5es reluziam com cores vibrantes. Intrigada, a pequena princesa come\u00e7ou a folhear as p\u00e1ginas. De repente, uma leve brisa envolveu o jardim e uma porta m\u00e1gica apareceu diante dela.<\/p>\n<p>Sem hesitar, Lyssa atravessou a porta e encontrou-se em um reino encantado, onde todas as meninas eram princesas e todos os animais falavam. As ruas eram pavimentadas com pedras preciosas e o c\u00e9u estava sempre pintado com tons de azul, rosa e dourado.<\/p>\n<p>Lyssa maravilhou-se com tudo o que via e logo fez amizade com outras princesas, cada uma com sua pr\u00f3pria hist\u00f3ria e habilidades \u00fanicas. Juntas, elas embarcaram em uma emocionante aventura pelo reino da fantasia, enfrentando desafios e superando obst\u00e1culos com coragem e determina\u00e7\u00e3o.<\/p>\n<p>No caminho, Lyssa descobriu que ser uma princesa n\u00e3o era apenas sobre usar coroas e vestidos elegantes, mas tamb\u00e9m sobre bondade, compaix\u00e3o e coragem. Ela ajudou a curar uma fada ferida, resgatou um unic\u00f3rnio perdido e at\u00e9 mesmo derrotou um malvado feiticeiro com a for\u00e7a do amor e da amizade.<\/p>\n<p>Ao final da jornada, Lyssa percebeu que o verdadeiro poder de uma princesa reside em seu cora\u00e7\u00e3o e na maneira como ela trata os outros ao seu redor. Com essa nova sabedoria em mente, nossa princesinha voltou para casa pelos bra\u00e7os da m\u00e3e e do pai, levando consigo mem\u00f3rias preciosas e li\u00e7\u00f5es que durar\u00e3o para sempre.<\/p>\n<p>\u00c9 assim que ela vai continuar crescendo, transformando-se em uma princesa n\u00e3o apenas do reino encantado, mas tamb\u00e9m do mundo real, espalhando luz e amor onde quer que v\u00e1. E em seu cora\u00e7\u00e3o, \u00e9 de supor-se, sempre guardar\u00e1 a lembran\u00e7a daquela m\u00e1gica viagem ao reino das princesas, onde os sonhos se tornaram realidade e a magia fez parte do cotidiano.<\/p>\n<p>Nessa noite, antes de recolher-se para a cama na companhia de suas bonecas e animais de pel\u00facia, pediu um favor \u00e0 m\u00e3e: &#8216;Liga pro vov\u00f4 e diz que tive um verdadeiro dia de conto de fadas&#8217;.<\/p>\n","protected":false},"excerpt":{"rendered":"<p>Lyssa, agora com seis anos, nasceu princesa com direito a uma coroa de ouro adornada com as mais finas pedras preciosas. No est\u00e1gio a caminho de virar rainha, ela viveu mais um dia de conto de fadas, ao visitar o Happy Land, um parque em Bras\u00edlia que re\u00fane suas hom\u00f3logas. Nesse mundo de fantasias, ela [&hellip;]<\/p>\n","protected":false},"author":2,"featured_media":327885,"comment_status":"closed","ping_status":"closed","sticky":false,"template":"","format":"standard","meta":{"_acf_changed":false,"footnotes":""},"categories":[161],"tags":[],"class_list":["post-327884","post","type-post","status-publish","format-standard","has-post-thumbnail","hentry","category-quadradinho-em-foco"],"acf":[],"yoast_head":"<!-- This site is optimized with the Yoast SEO plugin v27.5 - https:\/\/yoast.com\/product\/yoast-seo-wordpress\/ -->\n<title>Lyssa, em dia de princesa, vira estrela de S\u00edlvio Santos - Notibras<\/title>\n<meta name=\"robots\" content=\"index, follow, max-snippet:-1, max-image-preview:large, max-video-preview:-1\" \/>\n<link rel=\"canonical\" href=\"https:\/\/www.notibras.com\/site\/lyssa-em-dia-de-princesa-vira-estrela-de-silvio-santos\/\" \/>\n<meta property=\"og:locale\" content=\"pt_BR\" \/>\n<meta property=\"og:type\" content=\"article\" \/>\n<meta property=\"og:title\" content=\"Lyssa, em dia de princesa, vira estrela de S\u00edlvio Santos - Notibras\" \/>\n<meta property=\"og:description\" content=\"Lyssa, agora com seis anos, nasceu princesa com direito a uma coroa de ouro adornada com as mais finas pedras preciosas. No est\u00e1gio a caminho de virar rainha, ela viveu mais um dia de conto de fadas, ao visitar o Happy Land, um parque em Bras\u00edlia que re\u00fane suas hom\u00f3logas. Nesse mundo de fantasias, ela [&hellip;]\" \/>\n<meta property=\"og:url\" content=\"https:\/\/www.notibras.com\/site\/lyssa-em-dia-de-princesa-vira-estrela-de-silvio-santos\/\" \/>\n<meta property=\"og:site_name\" content=\"Notibras\" \/>\n<meta property=\"article:publisher\" content=\"https:\/\/www.facebook.com\/notibras\/\" \/>\n<meta property=\"article:published_time\" content=\"2024-05-02T16:29:16+00:00\" \/>\n<meta property=\"article:modified_time\" content=\"2024-05-02T19:15:13+00:00\" \/>\n<meta property=\"og:image\" content=\"https:\/\/www.notibras.com\/site\/wp-content\/uploads\/2024\/05\/lySSA.PRINCESSA.jpg\" \/>\n\t<meta property=\"og:image:width\" content=\"1362\" \/>\n\t<meta property=\"og:image:height\" content=\"1600\" \/>\n\t<meta property=\"og:image:type\" content=\"image\/jpeg\" \/>\n<meta name=\"author\" content=\"Reda\u00e7\u00e3o\" \/>\n<meta name=\"twitter:card\" content=\"summary_large_image\" \/>\n<meta name=\"twitter:creator\" content=\"@Notibras\" \/>\n<meta name=\"twitter:site\" content=\"@Notibras\" \/>\n<meta name=\"twitter:label1\" content=\"Escrito por\" \/>\n\t<meta name=\"twitter:data1\" content=\"Reda\u00e7\u00e3o\" \/>\n\t<meta name=\"twitter:label2\" content=\"Est. tempo de leitura\" \/>\n\t<meta name=\"twitter:data2\" content=\"4 minutos\" \/>\n<script type=\"application\/ld+json\" class=\"yoast-schema-graph\">{\"@context\":\"https:\\\/\\\/schema.org\",\"@graph\":[{\"@type\":\"Article\",\"@id\":\"https:\\\/\\\/www.notibras.com\\\/site\\\/lyssa-em-dia-de-princesa-vira-estrela-de-silvio-santos\\\/#article\",\"isPartOf\":{\"@id\":\"https:\\\/\\\/www.notibras.com\\\/site\\\/lyssa-em-dia-de-princesa-vira-estrela-de-silvio-santos\\\/\"},\"author\":{\"name\":\"Reda\u00e7\u00e3o\",\"@id\":\"https:\\\/\\\/www.notibras.com\\\/site\\\/#\\\/schema\\\/person\\\/36ab0979449956132d3e5b517ea76ac8\"},\"headline\":\"Lyssa, em dia de princesa, vira estrela de S\u00edlvio Santos\",\"datePublished\":\"2024-05-02T16:29:16+00:00\",\"dateModified\":\"2024-05-02T19:15:13+00:00\",\"mainEntityOfPage\":{\"@id\":\"https:\\\/\\\/www.notibras.com\\\/site\\\/lyssa-em-dia-de-princesa-vira-estrela-de-silvio-santos\\\/\"},\"wordCount\":595,\"publisher\":{\"@id\":\"https:\\\/\\\/www.notibras.com\\\/site\\\/#organization\"},\"image\":{\"@id\":\"https:\\\/\\\/www.notibras.com\\\/site\\\/lyssa-em-dia-de-princesa-vira-estrela-de-silvio-santos\\\/#primaryimage\"},\"thumbnailUrl\":\"https:\\\/\\\/www.notibras.com\\\/site\\\/wp-content\\\/uploads\\\/2024\\\/05\\\/lySSA.PRINCESSA.jpg\",\"articleSection\":[\"Quadradinho em Foco\"],\"inLanguage\":\"pt-BR\"},{\"@type\":\"WebPage\",\"@id\":\"https:\\\/\\\/www.notibras.com\\\/site\\\/lyssa-em-dia-de-princesa-vira-estrela-de-silvio-santos\\\/\",\"url\":\"https:\\\/\\\/www.notibras.com\\\/site\\\/lyssa-em-dia-de-princesa-vira-estrela-de-silvio-santos\\\/\",\"name\":\"Lyssa, em dia de princesa, vira estrela de S\u00edlvio Santos - Notibras\",\"isPartOf\":{\"@id\":\"https:\\\/\\\/www.notibras.com\\\/site\\\/#website\"},\"primaryImageOfPage\":{\"@id\":\"https:\\\/\\\/www.notibras.com\\\/site\\\/lyssa-em-dia-de-princesa-vira-estrela-de-silvio-santos\\\/#primaryimage\"},\"image\":{\"@id\":\"https:\\\/\\\/www.notibras.com\\\/site\\\/lyssa-em-dia-de-princesa-vira-estrela-de-silvio-santos\\\/#primaryimage\"},\"thumbnailUrl\":\"https:\\\/\\\/www.notibras.com\\\/site\\\/wp-content\\\/uploads\\\/2024\\\/05\\\/lySSA.PRINCESSA.jpg\",\"datePublished\":\"2024-05-02T16:29:16+00:00\",\"dateModified\":\"2024-05-02T19:15:13+00:00\",\"breadcrumb\":{\"@id\":\"https:\\\/\\\/www.notibras.com\\\/site\\\/lyssa-em-dia-de-princesa-vira-estrela-de-silvio-santos\\\/#breadcrumb\"},\"inLanguage\":\"pt-BR\",\"potentialAction\":[{\"@type\":\"ReadAction\",\"target\":[\"https:\\\/\\\/www.notibras.com\\\/site\\\/lyssa-em-dia-de-princesa-vira-estrela-de-silvio-santos\\\/\"]}]},{\"@type\":\"ImageObject\",\"inLanguage\":\"pt-BR\",\"@id\":\"https:\\\/\\\/www.notibras.com\\\/site\\\/lyssa-em-dia-de-princesa-vira-estrela-de-silvio-santos\\\/#primaryimage\",\"url\":\"https:\\\/\\\/www.notibras.com\\\/site\\\/wp-content\\\/uploads\\\/2024\\\/05\\\/lySSA.PRINCESSA.jpg\",\"contentUrl\":\"https:\\\/\\\/www.notibras.com\\\/site\\\/wp-content\\\/uploads\\\/2024\\\/05\\\/lySSA.PRINCESSA.jpg\",\"width\":1362,\"height\":1600},{\"@type\":\"BreadcrumbList\",\"@id\":\"https:\\\/\\\/www.notibras.com\\\/site\\\/lyssa-em-dia-de-princesa-vira-estrela-de-silvio-santos\\\/#breadcrumb\",\"itemListElement\":[{\"@type\":\"ListItem\",\"position\":1,\"name\":\"In\u00edcio\",\"item\":\"https:\\\/\\\/www.notibras.com\\\/site\\\/\"},{\"@type\":\"ListItem\",\"position\":2,\"name\":\"Lyssa, em dia de princesa, vira estrela de S\u00edlvio Santos\"}]},{\"@type\":\"WebSite\",\"@id\":\"https:\\\/\\\/www.notibras.com\\\/site\\\/#website\",\"url\":\"https:\\\/\\\/www.notibras.com\\\/site\\\/\",\"name\":\"Notibras\",\"description\":\"Not\u00edcias de Bras\u00edlia, do Brasil e do Mundo\",\"publisher\":{\"@id\":\"https:\\\/\\\/www.notibras.com\\\/site\\\/#organization\"},\"potentialAction\":[{\"@type\":\"SearchAction\",\"target\":{\"@type\":\"EntryPoint\",\"urlTemplate\":\"https:\\\/\\\/www.notibras.com\\\/site\\\/?s={search_term_string}\"},\"query-input\":{\"@type\":\"PropertyValueSpecification\",\"valueRequired\":true,\"valueName\":\"search_term_string\"}}],\"inLanguage\":\"pt-BR\"},{\"@type\":\"Organization\",\"@id\":\"https:\\\/\\\/www.notibras.com\\\/site\\\/#organization\",\"name\":\"Grupo Notibras de Comunica\u00e7\u00e3o\",\"url\":\"https:\\\/\\\/www.notibras.com\\\/site\\\/\",\"logo\":{\"@type\":\"ImageObject\",\"inLanguage\":\"pt-BR\",\"@id\":\"https:\\\/\\\/www.notibras.com\\\/site\\\/#\\\/schema\\\/logo\\\/image\\\/\",\"url\":\"https:\\\/\\\/www.notibras.com\\\/site\\\/wp-content\\\/uploads\\\/2023\\\/01\\\/notibras23.png\",\"contentUrl\":\"https:\\\/\\\/www.notibras.com\\\/site\\\/wp-content\\\/uploads\\\/2023\\\/01\\\/notibras23.png\",\"width\":350,\"height\":87,\"caption\":\"Grupo Notibras de Comunica\u00e7\u00e3o\"},\"image\":{\"@id\":\"https:\\\/\\\/www.notibras.com\\\/site\\\/#\\\/schema\\\/logo\\\/image\\\/\"},\"sameAs\":[\"https:\\\/\\\/www.facebook.com\\\/notibras\\\/\",\"https:\\\/\\\/x.com\\\/Notibras\",\"https:\\\/\\\/www.instagram.com\\\/notibras\\\/\"]},{\"@type\":\"Person\",\"@id\":\"https:\\\/\\\/www.notibras.com\\\/site\\\/#\\\/schema\\\/person\\\/36ab0979449956132d3e5b517ea76ac8\",\"name\":\"Reda\u00e7\u00e3o\",\"image\":{\"@type\":\"ImageObject\",\"inLanguage\":\"pt-BR\",\"@id\":\"https:\\\/\\\/secure.gravatar.com\\\/avatar\\\/e0a867bdedb85fd243eadf09663511f96fc81e0720a4a42581f334ad4303aa6b?s=96&d=mm&r=g\",\"url\":\"https:\\\/\\\/secure.gravatar.com\\\/avatar\\\/e0a867bdedb85fd243eadf09663511f96fc81e0720a4a42581f334ad4303aa6b?s=96&d=mm&r=g\",\"contentUrl\":\"https:\\\/\\\/secure.gravatar.com\\\/avatar\\\/e0a867bdedb85fd243eadf09663511f96fc81e0720a4a42581f334ad4303aa6b?s=96&d=mm&r=g\",\"caption\":\"Reda\u00e7\u00e3o\"}}]}<\/script>\n<!-- \/ Yoast SEO plugin. -->","yoast_head_json":{"title":"Lyssa, em dia de princesa, vira estrela de S\u00edlvio Santos - Notibras","robots":{"index":"index","follow":"follow","max-snippet":"max-snippet:-1","max-image-preview":"max-image-preview:large","max-video-preview":"max-video-preview:-1"},"canonical":"https:\/\/www.notibras.com\/site\/lyssa-em-dia-de-princesa-vira-estrela-de-silvio-santos\/","og_locale":"pt_BR","og_type":"article","og_title":"Lyssa, em dia de princesa, vira estrela de S\u00edlvio Santos - Notibras","og_description":"Lyssa, agora com seis anos, nasceu princesa com direito a uma coroa de ouro adornada com as mais finas pedras preciosas. No est\u00e1gio a caminho de virar rainha, ela viveu mais um dia de conto de fadas, ao visitar o Happy Land, um parque em Bras\u00edlia que re\u00fane suas hom\u00f3logas. Nesse mundo de fantasias, ela [&hellip;]","og_url":"https:\/\/www.notibras.com\/site\/lyssa-em-dia-de-princesa-vira-estrela-de-silvio-santos\/","og_site_name":"Notibras","article_publisher":"https:\/\/www.facebook.com\/notibras\/","article_published_time":"2024-05-02T16:29:16+00:00","article_modified_time":"2024-05-02T19:15:13+00:00","og_image":[{"width":1362,"height":1600,"url":"https:\/\/www.notibras.com\/site\/wp-content\/uploads\/2024\/05\/lySSA.PRINCESSA.jpg","type":"image\/jpeg"}],"author":"Reda\u00e7\u00e3o","twitter_card":"summary_large_image","twitter_creator":"@Notibras","twitter_site":"@Notibras","twitter_misc":{"Escrito por":"Reda\u00e7\u00e3o","Est. tempo de leitura":"4 minutos"},"schema":{"@context":"https:\/\/schema.org","@graph":[{"@type":"Article","@id":"https:\/\/www.notibras.com\/site\/lyssa-em-dia-de-princesa-vira-estrela-de-silvio-santos\/#article","isPartOf":{"@id":"https:\/\/www.notibras.com\/site\/lyssa-em-dia-de-princesa-vira-estrela-de-silvio-santos\/"},"author":{"name":"Reda\u00e7\u00e3o","@id":"https:\/\/www.notibras.com\/site\/#\/schema\/person\/36ab0979449956132d3e5b517ea76ac8"},"headline":"Lyssa, em dia de princesa, vira estrela de S\u00edlvio Santos","datePublished":"2024-05-02T16:29:16+00:00","dateModified":"2024-05-02T19:15:13+00:00","mainEntityOfPage":{"@id":"https:\/\/www.notibras.com\/site\/lyssa-em-dia-de-princesa-vira-estrela-de-silvio-santos\/"},"wordCount":595,"publisher":{"@id":"https:\/\/www.notibras.com\/site\/#organization"},"image":{"@id":"https:\/\/www.notibras.com\/site\/lyssa-em-dia-de-princesa-vira-estrela-de-silvio-santos\/#primaryimage"},"thumbnailUrl":"https:\/\/www.notibras.com\/site\/wp-content\/uploads\/2024\/05\/lySSA.PRINCESSA.jpg","articleSection":["Quadradinho em Foco"],"inLanguage":"pt-BR"},{"@type":"WebPage","@id":"https:\/\/www.notibras.com\/site\/lyssa-em-dia-de-princesa-vira-estrela-de-silvio-santos\/","url":"https:\/\/www.notibras.com\/site\/lyssa-em-dia-de-princesa-vira-estrela-de-silvio-santos\/","name":"Lyssa, em dia de princesa, vira estrela de S\u00edlvio Santos - Notibras","isPartOf":{"@id":"https:\/\/www.notibras.com\/site\/#website"},"primaryImageOfPage":{"@id":"https:\/\/www.notibras.com\/site\/lyssa-em-dia-de-princesa-vira-estrela-de-silvio-santos\/#primaryimage"},"image":{"@id":"https:\/\/www.notibras.com\/site\/lyssa-em-dia-de-princesa-vira-estrela-de-silvio-santos\/#primaryimage"},"thumbnailUrl":"https:\/\/www.notibras.com\/site\/wp-content\/uploads\/2024\/05\/lySSA.PRINCESSA.jpg","datePublished":"2024-05-02T16:29:16+00:00","dateModified":"2024-05-02T19:15:13+00:00","breadcrumb":{"@id":"https:\/\/www.notibras.com\/site\/lyssa-em-dia-de-princesa-vira-estrela-de-silvio-santos\/#breadcrumb"},"inLanguage":"pt-BR","potentialAction":[{"@type":"ReadAction","target":["https:\/\/www.notibras.com\/site\/lyssa-em-dia-de-princesa-vira-estrela-de-silvio-santos\/"]}]},{"@type":"ImageObject","inLanguage":"pt-BR","@id":"https:\/\/www.notibras.com\/site\/lyssa-em-dia-de-princesa-vira-estrela-de-silvio-santos\/#primaryimage","url":"https:\/\/www.notibras.com\/site\/wp-content\/uploads\/2024\/05\/lySSA.PRINCESSA.jpg","contentUrl":"https:\/\/www.notibras.com\/site\/wp-content\/uploads\/2024\/05\/lySSA.PRINCESSA.jpg","width":1362,"height":1600},{"@type":"BreadcrumbList","@id":"https:\/\/www.notibras.com\/site\/lyssa-em-dia-de-princesa-vira-estrela-de-silvio-santos\/#breadcrumb","itemListElement":[{"@type":"ListItem","position":1,"name":"In\u00edcio","item":"https:\/\/www.notibras.com\/site\/"},{"@type":"ListItem","position":2,"name":"Lyssa, em dia de princesa, vira estrela de S\u00edlvio Santos"}]},{"@type":"WebSite","@id":"https:\/\/www.notibras.com\/site\/#website","url":"https:\/\/www.notibras.com\/site\/","name":"Notibras","description":"Not\u00edcias de Bras\u00edlia, do Brasil e do Mundo","publisher":{"@id":"https:\/\/www.notibras.com\/site\/#organization"},"potentialAction":[{"@type":"SearchAction","target":{"@type":"EntryPoint","urlTemplate":"https:\/\/www.notibras.com\/site\/?s={search_term_string}"},"query-input":{"@type":"PropertyValueSpecification","valueRequired":true,"valueName":"search_term_string"}}],"inLanguage":"pt-BR"},{"@type":"Organization","@id":"https:\/\/www.notibras.com\/site\/#organization","name":"Grupo Notibras de Comunica\u00e7\u00e3o","url":"https:\/\/www.notibras.com\/site\/","logo":{"@type":"ImageObject","inLanguage":"pt-BR","@id":"https:\/\/www.notibras.com\/site\/#\/schema\/logo\/image\/","url":"https:\/\/www.notibras.com\/site\/wp-content\/uploads\/2023\/01\/notibras23.png","contentUrl":"https:\/\/www.notibras.com\/site\/wp-content\/uploads\/2023\/01\/notibras23.png","width":350,"height":87,"caption":"Grupo Notibras de Comunica\u00e7\u00e3o"},"image":{"@id":"https:\/\/www.notibras.com\/site\/#\/schema\/logo\/image\/"},"sameAs":["https:\/\/www.facebook.com\/notibras\/","https:\/\/x.com\/Notibras","https:\/\/www.instagram.com\/notibras\/"]},{"@type":"Person","@id":"https:\/\/www.notibras.com\/site\/#\/schema\/person\/36ab0979449956132d3e5b517ea76ac8","name":"Reda\u00e7\u00e3o","image":{"@type":"ImageObject","inLanguage":"pt-BR","@id":"https:\/\/secure.gravatar.com\/avatar\/e0a867bdedb85fd243eadf09663511f96fc81e0720a4a42581f334ad4303aa6b?s=96&d=mm&r=g","url":"https:\/\/secure.gravatar.com\/avatar\/e0a867bdedb85fd243eadf09663511f96fc81e0720a4a42581f334ad4303aa6b?s=96&d=mm&r=g","contentUrl":"https:\/\/secure.gravatar.com\/avatar\/e0a867bdedb85fd243eadf09663511f96fc81e0720a4a42581f334ad4303aa6b?s=96&d=mm&r=g","caption":"Reda\u00e7\u00e3o"}}]}},"amp_enabled":true,"_links":{"self":[{"href":"https:\/\/www.notibras.com\/site\/wp-json\/wp\/v2\/posts\/327884","targetHints":{"allow":["GET"]}}],"collection":[{"href":"https:\/\/www.notibras.com\/site\/wp-json\/wp\/v2\/posts"}],"about":[{"href":"https:\/\/www.notibras.com\/site\/wp-json\/wp\/v2\/types\/post"}],"author":[{"embeddable":true,"href":"https:\/\/www.notibras.com\/site\/wp-json\/wp\/v2\/users\/2"}],"replies":[{"embeddable":true,"href":"https:\/\/www.notibras.com\/site\/wp-json\/wp\/v2\/comments?post=327884"}],"version-history":[{"count":3,"href":"https:\/\/www.notibras.com\/site\/wp-json\/wp\/v2\/posts\/327884\/revisions"}],"predecessor-version":[{"id":327888,"href":"https:\/\/www.notibras.com\/site\/wp-json\/wp\/v2\/posts\/327884\/revisions\/327888"}],"wp:featuredmedia":[{"embeddable":true,"href":"https:\/\/www.notibras.com\/site\/wp-json\/wp\/v2\/media\/327885"}],"wp:attachment":[{"href":"https:\/\/www.notibras.com\/site\/wp-json\/wp\/v2\/media?parent=327884"}],"wp:term":[{"taxonomy":"category","embeddable":true,"href":"https:\/\/www.notibras.com\/site\/wp-json\/wp\/v2\/categories?post=327884"},{"taxonomy":"post_tag","embeddable":true,"href":"https:\/\/www.notibras.com\/site\/wp-json\/wp\/v2\/tags?post=327884"}],"curies":[{"name":"wp","href":"https:\/\/api.w.org\/{rel}","templated":true}]}}