{"id":327889,"date":"2024-05-03T00:53:54","date_gmt":"2024-05-03T03:53:54","guid":{"rendered":"https:\/\/www.notibras.com\/site\/?p=327889"},"modified":"2024-05-02T19:56:08","modified_gmt":"2024-05-02T22:56:08","slug":"roda-de-coco-e-bumba-praieiro-soam-eternos","status":"publish","type":"post","link":"https:\/\/www.notibras.com\/site\/roda-de-coco-e-bumba-praieiro-soam-eternos\/","title":{"rendered":"Roda de Coco e Bumba Praieiro soam eternos"},"content":{"rendered":"<p>S\u00e3o Louren\u00e7o da Mata fica na Regi\u00e3o Metropolitana do Recife. Para quem n\u00e3o sabe, \u00e9 a cidade-sede da Arena Pernambuco, erguida para receber jogos da Copa do Mundo de 2014, em que o Brasil amargou uma derrota de 7 a 1 para a Alemanha. Futebol \u00e0 parte, o munic\u00edpio \u00e9 um celeiro de gente que mant\u00e9m vivas as tradi\u00e7\u00f5es culturais nordestinas. A Roda de Coco e o Bumba Praieiro s\u00e3o apenas dois exemplos.<\/p>\n<p>Na quarta, 1\u00ba de maio, Anderson e seu grupo de artistas ambulantes deslocou-se para a praia de Itapuama. \u00c9 uma curta viagem de carro, com pouco mais de uma hora de dura\u00e7\u00e3o. Na programa\u00e7\u00e3o oficial, uma apresenta\u00e7\u00e3o ao cair da tarde na paradis\u00edaca praia. Depois, o resto da noite seria deles. E foi o que fizeram. Ocuparam duas mesas no Bamboo, restaurante do uruguaio Nemo Guzm\u00e1n, e espontaneamente tocaram para um seleto grupo de clientes especiais.<\/p>\n<p>No grupo de m\u00fasicos comandados por Anderson e sua Kalimba (um min\u00fasculo piano de m\u00e3o), que se apresenta em troca de um sorriso, havia produtor de bebidas artesanais, como Felipe e sua flauta Bico de P\u00e1ssaro; a rainha do pandeiro, Josi; e um violinista e seu instrumento r\u00fastico, feito com a delicadeza dos pr\u00f3prios dedos. Ele se faz an\u00f4nimo como as estrelas que brilham no c\u00e9u, mas, pela maestria com que faz soar os sons, pode ocupar o espa\u00e7o reservado ao Spalla de qualquer orquestra.<\/p>\n<p>\u00c9 nessa vastid\u00e3o de cores e ritmos que comp\u00f5em o Nordeste brasileiro, que suas manifesta\u00e7\u00f5es culturais se destacam como verdadeiros tesouros do folclore regional: o Boi Praieiro e a Roda de Coco. Ambas carregam s\u00e9culos de tradi\u00e7\u00e3o, transmitidos de gera\u00e7\u00e3o em gera\u00e7\u00e3o, e encantam n\u00e3o s\u00f3 os nordestinos, mas tamb\u00e9m quem tem a oportunidade de testemunhar sua magia.<\/p>\n<p>O Boi Praieiro \u00e9 uma celebra\u00e7\u00e3o que mescla elementos da cultura africana, ind\u00edgena e portuguesa. Suas origens remontam ao per\u00edodo colonial, quando escravos trazidos da \u00c1frica desembarcaram com seus folguedos, mesclando tudo com as dos povos nativos e dos colonizadores. A festa acontece principalmente durante o per\u00edodo junino, mas suas ra\u00edzes est\u00e3o fincadas profundamente na alma nordestina durante todo o ano.<\/p>\n<p>Essa manifesta\u00e7\u00e3o \u00e9 marcada por uma encena\u00e7\u00e3o teatral, que conta a hist\u00f3ria do boi, desde o nascimento at\u00e9 sua morte e ressurrei\u00e7\u00e3o. Os personagens s\u00e3o diversos e coloridos, desde o boi em si, representado por uma enorme estrutura adornada com tecidos e enfeites, at\u00e9 os brincantes que o cercam: o fazendeiro, a \u00edndia, o vaqueiro, o capit\u00e3o e muitos outros. A m\u00fasica, os cantos e as dan\u00e7as d\u00e3o vida \u00e0 narrativa, levando o p\u00fablico a mergulhar na riqueza cultural do Nordeste.<\/p>\n<p>J\u00e1 a Roda de Coco \u00e9 uma express\u00e3o mais intimista, mas n\u00e3o menos vibrante. Origin\u00e1ria de comunidades rurais, essa manifesta\u00e7\u00e3o consiste em uma roda de dan\u00e7a, em que os participantes se re\u00fanem ao som de m\u00fasicas tradicionais e batidas de percuss\u00e3o. A alegria contagiante dos dan\u00e7arinos, muitas vezes acompanhada pelo som de pandeiros, zabumbas e ganz\u00e1s, cria uma atmosfera de comunh\u00e3o e celebra\u00e7\u00e3o.<\/p>\n<p>Na Roda de Coco, a simplicidade \u00e9 a ess\u00eancia. N\u00e3o h\u00e1 enredos elaborados nem figurinos extravagantes; apenas a energia pulsante dos ritmos nordestinos e a alegria de estar junto aos amigos e familiares. \u00c9 uma celebra\u00e7\u00e3o da vida, do trabalho \u00e1rduo e da resili\u00eancia de um povo que encontra na dan\u00e7a e na m\u00fasica uma forma de expressar suas alegrias e tristezas, suas lutas e suas conquistas.<\/p>\n<p>Tanto o Boi quanto o Coco s\u00e3o verdadeiros testemunhos da riqueza cultural do Nordeste brasileiro. Eles refletem n\u00e3o apenas a diversidade \u00e9tnica e a cultura da regi\u00e3o, mas tamb\u00e9m a sua capacidade de se reinventar e se manter viva ao longo dos s\u00e9culos. S\u00e3o festas que resistem ao tempo e \u00e0s adversidades, mantendo viva a chama da tradi\u00e7\u00e3o e da identidade de gente brava, guerreira quando necess\u00e1rio, mas acima de tudo, pacifista.<\/p>\n","protected":false},"excerpt":{"rendered":"<p>S\u00e3o Louren\u00e7o da Mata fica na Regi\u00e3o Metropolitana do Recife. Para quem n\u00e3o sabe, \u00e9 a cidade-sede da Arena Pernambuco, erguida para receber jogos da Copa do Mundo de 2014, em que o Brasil amargou uma derrota de 7 a 1 para a Alemanha. Futebol \u00e0 parte, o munic\u00edpio \u00e9 um celeiro de gente que [&hellip;]<\/p>\n","protected":false},"author":2,"featured_media":327891,"comment_status":"closed","ping_status":"closed","sticky":false,"template":"","format":"standard","meta":{"_acf_changed":false,"footnotes":""},"categories":[165,171],"tags":[],"class_list":["post-327889","post","type-post","status-publish","format-standard","has-post-thumbnail","hentry","category-nordeste","category-pernambuco-nordeste"],"acf":[],"_links":{"self":[{"href":"https:\/\/www.notibras.com\/site\/wp-json\/wp\/v2\/posts\/327889","targetHints":{"allow":["GET"]}}],"collection":[{"href":"https:\/\/www.notibras.com\/site\/wp-json\/wp\/v2\/posts"}],"about":[{"href":"https:\/\/www.notibras.com\/site\/wp-json\/wp\/v2\/types\/post"}],"author":[{"embeddable":true,"href":"https:\/\/www.notibras.com\/site\/wp-json\/wp\/v2\/users\/2"}],"replies":[{"embeddable":true,"href":"https:\/\/www.notibras.com\/site\/wp-json\/wp\/v2\/comments?post=327889"}],"version-history":[{"count":4,"href":"https:\/\/www.notibras.com\/site\/wp-json\/wp\/v2\/posts\/327889\/revisions"}],"predecessor-version":[{"id":327895,"href":"https:\/\/www.notibras.com\/site\/wp-json\/wp\/v2\/posts\/327889\/revisions\/327895"}],"wp:featuredmedia":[{"embeddable":true,"href":"https:\/\/www.notibras.com\/site\/wp-json\/wp\/v2\/media\/327891"}],"wp:attachment":[{"href":"https:\/\/www.notibras.com\/site\/wp-json\/wp\/v2\/media?parent=327889"}],"wp:term":[{"taxonomy":"category","embeddable":true,"href":"https:\/\/www.notibras.com\/site\/wp-json\/wp\/v2\/categories?post=327889"},{"taxonomy":"post_tag","embeddable":true,"href":"https:\/\/www.notibras.com\/site\/wp-json\/wp\/v2\/tags?post=327889"}],"curies":[{"name":"wp","href":"https:\/\/api.w.org\/{rel}","templated":true}]}}