{"id":327911,"date":"2024-05-03T07:25:15","date_gmt":"2024-05-03T10:25:15","guid":{"rendered":"https:\/\/www.notibras.com\/site\/?p=327911"},"modified":"2024-05-03T07:25:15","modified_gmt":"2024-05-03T10:25:15","slug":"vida-de-escritor-e-dificil-mas-nada-de-vagabundagem","status":"publish","type":"post","link":"https:\/\/www.notibras.com\/site\/vida-de-escritor-e-dificil-mas-nada-de-vagabundagem\/","title":{"rendered":"Vida de escritor \u00e9 dif\u00edcil, mas nada de vagabundagem"},"content":{"rendered":"<p>Os que me conhecem sabem muito bem que n\u00e3o sou de festejos. N\u00e3o que seja totalmente antissocial, mas \u00e9 que n\u00e3o gosto de locais apinhados. Confraterniza\u00e7\u00e3o com amigos, at\u00e9 encaro. Se bem que sou da turma do cafezinho, ainda mais se tiver a companhia de proseador dos bons. Mas nem sempre consigo fugir de certos compromissos, ainda mais quando sou pego de surpresa e n\u00e3o tenho tempo de inventar uma desculpa que cole.<\/p>\n<p>Pois l\u00e1 fomos n\u00f3s, minha esposa (a Dona Irene) e eu, para um churrasco na casa da minha grande amiga Grace, que \u00e9 casada com o Leoton. Assim que chegamos, fomos recebidos por muitos sorrisos, beijos e abra\u00e7os, mesmo porque j\u00e1 fazia um bom tempo que n\u00e3o encontrava aquele casal t\u00e3o gente boa e a filha, a pequena Grabriele, que j\u00e1 n\u00e3o est\u00e1 t\u00e3o pequena assim. Por ali tamb\u00e9m estavam a Dona Lourdes e o Max, pais da Grace, assim como a Faf\u00e1, irm\u00e3 do Leoton.<\/p>\n<p>Conversa vai, conversa vem, fomos apresentados a um monte de gente. N\u00e3o sei como \u00e9 que voc\u00ea se sente quando isso acontece, mas fico meio confuso diante de tantos nomes e rostos novos. \u00c9 como se eu tivesse sa\u00eddo de uma caverna bem escura e, de repente, algu\u00e9m jogasse um facho de luz t\u00e3o forte, que cega. Seja como for, ap\u00f3s quase meia hora, minha vista come\u00e7ou a se acostumar com toda aquela claridade. Tanto \u00e9 que, j\u00e1 devidamente acomodado em uma mesa ao lado da minha esposa e outras pessoas, aceitei de bom grado a conversa iniciada por uma mulher.<\/p>\n<p>\u2014 Voc\u00ea trabalha com o qu\u00ea, Edu?<\/p>\n<p>\u2014 Sou escritor.<\/p>\n<p>\u2014 Escritor?<\/p>\n<p>\u2014 \u00c9, escritor.<\/p>\n<p>\u2014 Como assim?<\/p>\n<p>\u2014 Como assim o qu\u00ea?<\/p>\n<p>\u2014 O que voc\u00ea faz pra viver?<\/p>\n<p>\u2014 U\u00e9, escrevo.<\/p>\n<p>\u2014 Mas voc\u00ea n\u00e3o tem uma profiss\u00e3o?<\/p>\n<p>\u2014 Sou escritor.<\/p>\n<p>O clima pareceu pesado, at\u00e9 que a Dona Irene apaziguou as coisas. \u00c9 que ela disse para a minha amiga de \u00faltima hora que eu tamb\u00e9m era m\u00e9dico veterin\u00e1rio. Pra qu\u00ea? A mulher, que era tutora de dois c\u00e3es, quatro gatos e um coelho, come\u00e7ou a me fazer perguntas que n\u00e3o acabavam mais. Mas mantive a linha e respondi educadamente cada questionamento, at\u00e9 que, finalmente, nos despedimos e fomos embora.<\/p>\n<p>Durante o trajeto de volta, a minha esposa e eu comentamos sobre o maravilhoso tempero do churrasco. Certamente era receita da Dona Lourdes. Mas eis que a minha amada come\u00e7a a rir do nada.<\/p>\n<p>\u2014 O que foi?<\/p>\n<p>\u2014 Nada, Edu!<\/p>\n<p>\u2014 U\u00e9, por que est\u00e1 rindo?<\/p>\n<p>\u2014 Voc\u00ea tinha que ver a sua cara.<\/p>\n<p>\u2014 Como assim?<\/p>\n<p>\u2014 Voc\u00ea fazia umas caretas quando estava respondendo \u00e0s perguntas daquela mulher.<\/p>\n<p>\u2014 Ta\u00ed uma coisa que n\u00e3o entendi.<\/p>\n<p>\u2014 O qu\u00ea, Edu?<\/p>\n<p>\u2014 Por que voc\u00ea falou pra ela que sou veterin\u00e1rio?<\/p>\n<p>\u2014 Ah, pra ela n\u00e3o pensar que voc\u00ea era um vagabundo.<\/p>\n","protected":false},"excerpt":{"rendered":"<p>Os que me conhecem sabem muito bem que n\u00e3o sou de festejos. N\u00e3o que seja totalmente antissocial, mas \u00e9 que n\u00e3o gosto de locais apinhados. Confraterniza\u00e7\u00e3o com amigos, at\u00e9 encaro. Se bem que sou da turma do cafezinho, ainda mais se tiver a companhia de proseador dos bons. Mas nem sempre consigo fugir de certos [&hellip;]<\/p>\n","protected":false},"author":2,"featured_media":327912,"comment_status":"closed","ping_status":"closed","sticky":false,"template":"","format":"standard","meta":{"_acf_changed":false,"footnotes":""},"categories":[161],"tags":[],"class_list":["post-327911","post","type-post","status-publish","format-standard","has-post-thumbnail","hentry","category-quadradinho-em-foco"],"acf":[],"yoast_head":"<!-- This site is optimized with the Yoast SEO plugin v27.5 - https:\/\/yoast.com\/product\/yoast-seo-wordpress\/ -->\n<title>Vida de escritor \u00e9 dif\u00edcil, mas nada de vagabundagem - Notibras<\/title>\n<meta name=\"robots\" content=\"index, follow, max-snippet:-1, max-image-preview:large, max-video-preview:-1\" \/>\n<link rel=\"canonical\" href=\"https:\/\/www.notibras.com\/site\/vida-de-escritor-e-dificil-mas-nada-de-vagabundagem\/\" \/>\n<meta property=\"og:locale\" content=\"pt_BR\" \/>\n<meta property=\"og:type\" content=\"article\" \/>\n<meta property=\"og:title\" content=\"Vida de escritor \u00e9 dif\u00edcil, mas nada de vagabundagem - Notibras\" \/>\n<meta property=\"og:description\" content=\"Os que me conhecem sabem muito bem que n\u00e3o sou de festejos. N\u00e3o que seja totalmente antissocial, mas \u00e9 que n\u00e3o gosto de locais apinhados. Confraterniza\u00e7\u00e3o com amigos, at\u00e9 encaro. Se bem que sou da turma do cafezinho, ainda mais se tiver a companhia de proseador dos bons. Mas nem sempre consigo fugir de certos [&hellip;]\" \/>\n<meta property=\"og:url\" content=\"https:\/\/www.notibras.com\/site\/vida-de-escritor-e-dificil-mas-nada-de-vagabundagem\/\" \/>\n<meta property=\"og:site_name\" content=\"Notibras\" \/>\n<meta property=\"article:publisher\" content=\"https:\/\/www.facebook.com\/notibras\/\" \/>\n<meta property=\"article:published_time\" content=\"2024-05-03T10:25:15+00:00\" \/>\n<meta property=\"og:image\" content=\"https:\/\/www.notibras.com\/site\/wp-content\/uploads\/2024\/05\/a47ba5b7-c55d-427d-9444-6878e9a3416e.jpeg\" \/>\n\t<meta property=\"og:image:width\" content=\"1024\" \/>\n\t<meta property=\"og:image:height\" content=\"1024\" \/>\n\t<meta property=\"og:image:type\" content=\"image\/jpeg\" \/>\n<meta name=\"author\" content=\"Reda\u00e7\u00e3o\" \/>\n<meta name=\"twitter:card\" content=\"summary_large_image\" \/>\n<meta name=\"twitter:creator\" content=\"@Notibras\" \/>\n<meta name=\"twitter:site\" content=\"@Notibras\" \/>\n<meta name=\"twitter:label1\" content=\"Escrito por\" \/>\n\t<meta name=\"twitter:data1\" content=\"Reda\u00e7\u00e3o\" \/>\n\t<meta name=\"twitter:label2\" content=\"Est. tempo de leitura\" \/>\n\t<meta name=\"twitter:data2\" content=\"3 minutos\" \/>\n<script type=\"application\/ld+json\" class=\"yoast-schema-graph\">{\"@context\":\"https:\\\/\\\/schema.org\",\"@graph\":[{\"@type\":\"Article\",\"@id\":\"https:\\\/\\\/www.notibras.com\\\/site\\\/vida-de-escritor-e-dificil-mas-nada-de-vagabundagem\\\/#article\",\"isPartOf\":{\"@id\":\"https:\\\/\\\/www.notibras.com\\\/site\\\/vida-de-escritor-e-dificil-mas-nada-de-vagabundagem\\\/\"},\"author\":{\"name\":\"Reda\u00e7\u00e3o\",\"@id\":\"https:\\\/\\\/www.notibras.com\\\/site\\\/#\\\/schema\\\/person\\\/36ab0979449956132d3e5b517ea76ac8\"},\"headline\":\"Vida de escritor \u00e9 dif\u00edcil, mas nada de vagabundagem\",\"datePublished\":\"2024-05-03T10:25:15+00:00\",\"mainEntityOfPage\":{\"@id\":\"https:\\\/\\\/www.notibras.com\\\/site\\\/vida-de-escritor-e-dificil-mas-nada-de-vagabundagem\\\/\"},\"wordCount\":487,\"publisher\":{\"@id\":\"https:\\\/\\\/www.notibras.com\\\/site\\\/#organization\"},\"image\":{\"@id\":\"https:\\\/\\\/www.notibras.com\\\/site\\\/vida-de-escritor-e-dificil-mas-nada-de-vagabundagem\\\/#primaryimage\"},\"thumbnailUrl\":\"https:\\\/\\\/www.notibras.com\\\/site\\\/wp-content\\\/uploads\\\/2024\\\/05\\\/a47ba5b7-c55d-427d-9444-6878e9a3416e.jpeg\",\"articleSection\":[\"Quadradinho em Foco\"],\"inLanguage\":\"pt-BR\"},{\"@type\":\"WebPage\",\"@id\":\"https:\\\/\\\/www.notibras.com\\\/site\\\/vida-de-escritor-e-dificil-mas-nada-de-vagabundagem\\\/\",\"url\":\"https:\\\/\\\/www.notibras.com\\\/site\\\/vida-de-escritor-e-dificil-mas-nada-de-vagabundagem\\\/\",\"name\":\"Vida de escritor \u00e9 dif\u00edcil, mas nada de vagabundagem - Notibras\",\"isPartOf\":{\"@id\":\"https:\\\/\\\/www.notibras.com\\\/site\\\/#website\"},\"primaryImageOfPage\":{\"@id\":\"https:\\\/\\\/www.notibras.com\\\/site\\\/vida-de-escritor-e-dificil-mas-nada-de-vagabundagem\\\/#primaryimage\"},\"image\":{\"@id\":\"https:\\\/\\\/www.notibras.com\\\/site\\\/vida-de-escritor-e-dificil-mas-nada-de-vagabundagem\\\/#primaryimage\"},\"thumbnailUrl\":\"https:\\\/\\\/www.notibras.com\\\/site\\\/wp-content\\\/uploads\\\/2024\\\/05\\\/a47ba5b7-c55d-427d-9444-6878e9a3416e.jpeg\",\"datePublished\":\"2024-05-03T10:25:15+00:00\",\"breadcrumb\":{\"@id\":\"https:\\\/\\\/www.notibras.com\\\/site\\\/vida-de-escritor-e-dificil-mas-nada-de-vagabundagem\\\/#breadcrumb\"},\"inLanguage\":\"pt-BR\",\"potentialAction\":[{\"@type\":\"ReadAction\",\"target\":[\"https:\\\/\\\/www.notibras.com\\\/site\\\/vida-de-escritor-e-dificil-mas-nada-de-vagabundagem\\\/\"]}]},{\"@type\":\"ImageObject\",\"inLanguage\":\"pt-BR\",\"@id\":\"https:\\\/\\\/www.notibras.com\\\/site\\\/vida-de-escritor-e-dificil-mas-nada-de-vagabundagem\\\/#primaryimage\",\"url\":\"https:\\\/\\\/www.notibras.com\\\/site\\\/wp-content\\\/uploads\\\/2024\\\/05\\\/a47ba5b7-c55d-427d-9444-6878e9a3416e.jpeg\",\"contentUrl\":\"https:\\\/\\\/www.notibras.com\\\/site\\\/wp-content\\\/uploads\\\/2024\\\/05\\\/a47ba5b7-c55d-427d-9444-6878e9a3416e.jpeg\",\"width\":1024,\"height\":1024},{\"@type\":\"BreadcrumbList\",\"@id\":\"https:\\\/\\\/www.notibras.com\\\/site\\\/vida-de-escritor-e-dificil-mas-nada-de-vagabundagem\\\/#breadcrumb\",\"itemListElement\":[{\"@type\":\"ListItem\",\"position\":1,\"name\":\"In\u00edcio\",\"item\":\"https:\\\/\\\/www.notibras.com\\\/site\\\/\"},{\"@type\":\"ListItem\",\"position\":2,\"name\":\"Vida de escritor \u00e9 dif\u00edcil, mas nada de vagabundagem\"}]},{\"@type\":\"WebSite\",\"@id\":\"https:\\\/\\\/www.notibras.com\\\/site\\\/#website\",\"url\":\"https:\\\/\\\/www.notibras.com\\\/site\\\/\",\"name\":\"Notibras\",\"description\":\"Not\u00edcias de Bras\u00edlia, do Brasil e do Mundo\",\"publisher\":{\"@id\":\"https:\\\/\\\/www.notibras.com\\\/site\\\/#organization\"},\"potentialAction\":[{\"@type\":\"SearchAction\",\"target\":{\"@type\":\"EntryPoint\",\"urlTemplate\":\"https:\\\/\\\/www.notibras.com\\\/site\\\/?s={search_term_string}\"},\"query-input\":{\"@type\":\"PropertyValueSpecification\",\"valueRequired\":true,\"valueName\":\"search_term_string\"}}],\"inLanguage\":\"pt-BR\"},{\"@type\":\"Organization\",\"@id\":\"https:\\\/\\\/www.notibras.com\\\/site\\\/#organization\",\"name\":\"Grupo Notibras de Comunica\u00e7\u00e3o\",\"url\":\"https:\\\/\\\/www.notibras.com\\\/site\\\/\",\"logo\":{\"@type\":\"ImageObject\",\"inLanguage\":\"pt-BR\",\"@id\":\"https:\\\/\\\/www.notibras.com\\\/site\\\/#\\\/schema\\\/logo\\\/image\\\/\",\"url\":\"https:\\\/\\\/www.notibras.com\\\/site\\\/wp-content\\\/uploads\\\/2023\\\/01\\\/notibras23.png\",\"contentUrl\":\"https:\\\/\\\/www.notibras.com\\\/site\\\/wp-content\\\/uploads\\\/2023\\\/01\\\/notibras23.png\",\"width\":350,\"height\":87,\"caption\":\"Grupo Notibras de Comunica\u00e7\u00e3o\"},\"image\":{\"@id\":\"https:\\\/\\\/www.notibras.com\\\/site\\\/#\\\/schema\\\/logo\\\/image\\\/\"},\"sameAs\":[\"https:\\\/\\\/www.facebook.com\\\/notibras\\\/\",\"https:\\\/\\\/x.com\\\/Notibras\",\"https:\\\/\\\/www.instagram.com\\\/notibras\\\/\"]},{\"@type\":\"Person\",\"@id\":\"https:\\\/\\\/www.notibras.com\\\/site\\\/#\\\/schema\\\/person\\\/36ab0979449956132d3e5b517ea76ac8\",\"name\":\"Reda\u00e7\u00e3o\",\"image\":{\"@type\":\"ImageObject\",\"inLanguage\":\"pt-BR\",\"@id\":\"https:\\\/\\\/secure.gravatar.com\\\/avatar\\\/e0a867bdedb85fd243eadf09663511f96fc81e0720a4a42581f334ad4303aa6b?s=96&d=mm&r=g\",\"url\":\"https:\\\/\\\/secure.gravatar.com\\\/avatar\\\/e0a867bdedb85fd243eadf09663511f96fc81e0720a4a42581f334ad4303aa6b?s=96&d=mm&r=g\",\"contentUrl\":\"https:\\\/\\\/secure.gravatar.com\\\/avatar\\\/e0a867bdedb85fd243eadf09663511f96fc81e0720a4a42581f334ad4303aa6b?s=96&d=mm&r=g\",\"caption\":\"Reda\u00e7\u00e3o\"}}]}<\/script>\n<!-- \/ Yoast SEO plugin. -->","yoast_head_json":{"title":"Vida de escritor \u00e9 dif\u00edcil, mas nada de vagabundagem - Notibras","robots":{"index":"index","follow":"follow","max-snippet":"max-snippet:-1","max-image-preview":"max-image-preview:large","max-video-preview":"max-video-preview:-1"},"canonical":"https:\/\/www.notibras.com\/site\/vida-de-escritor-e-dificil-mas-nada-de-vagabundagem\/","og_locale":"pt_BR","og_type":"article","og_title":"Vida de escritor \u00e9 dif\u00edcil, mas nada de vagabundagem - Notibras","og_description":"Os que me conhecem sabem muito bem que n\u00e3o sou de festejos. N\u00e3o que seja totalmente antissocial, mas \u00e9 que n\u00e3o gosto de locais apinhados. Confraterniza\u00e7\u00e3o com amigos, at\u00e9 encaro. Se bem que sou da turma do cafezinho, ainda mais se tiver a companhia de proseador dos bons. Mas nem sempre consigo fugir de certos [&hellip;]","og_url":"https:\/\/www.notibras.com\/site\/vida-de-escritor-e-dificil-mas-nada-de-vagabundagem\/","og_site_name":"Notibras","article_publisher":"https:\/\/www.facebook.com\/notibras\/","article_published_time":"2024-05-03T10:25:15+00:00","og_image":[{"width":1024,"height":1024,"url":"https:\/\/www.notibras.com\/site\/wp-content\/uploads\/2024\/05\/a47ba5b7-c55d-427d-9444-6878e9a3416e.jpeg","type":"image\/jpeg"}],"author":"Reda\u00e7\u00e3o","twitter_card":"summary_large_image","twitter_creator":"@Notibras","twitter_site":"@Notibras","twitter_misc":{"Escrito por":"Reda\u00e7\u00e3o","Est. tempo de leitura":"3 minutos"},"schema":{"@context":"https:\/\/schema.org","@graph":[{"@type":"Article","@id":"https:\/\/www.notibras.com\/site\/vida-de-escritor-e-dificil-mas-nada-de-vagabundagem\/#article","isPartOf":{"@id":"https:\/\/www.notibras.com\/site\/vida-de-escritor-e-dificil-mas-nada-de-vagabundagem\/"},"author":{"name":"Reda\u00e7\u00e3o","@id":"https:\/\/www.notibras.com\/site\/#\/schema\/person\/36ab0979449956132d3e5b517ea76ac8"},"headline":"Vida de escritor \u00e9 dif\u00edcil, mas nada de vagabundagem","datePublished":"2024-05-03T10:25:15+00:00","mainEntityOfPage":{"@id":"https:\/\/www.notibras.com\/site\/vida-de-escritor-e-dificil-mas-nada-de-vagabundagem\/"},"wordCount":487,"publisher":{"@id":"https:\/\/www.notibras.com\/site\/#organization"},"image":{"@id":"https:\/\/www.notibras.com\/site\/vida-de-escritor-e-dificil-mas-nada-de-vagabundagem\/#primaryimage"},"thumbnailUrl":"https:\/\/www.notibras.com\/site\/wp-content\/uploads\/2024\/05\/a47ba5b7-c55d-427d-9444-6878e9a3416e.jpeg","articleSection":["Quadradinho em Foco"],"inLanguage":"pt-BR"},{"@type":"WebPage","@id":"https:\/\/www.notibras.com\/site\/vida-de-escritor-e-dificil-mas-nada-de-vagabundagem\/","url":"https:\/\/www.notibras.com\/site\/vida-de-escritor-e-dificil-mas-nada-de-vagabundagem\/","name":"Vida de escritor \u00e9 dif\u00edcil, mas nada de vagabundagem - Notibras","isPartOf":{"@id":"https:\/\/www.notibras.com\/site\/#website"},"primaryImageOfPage":{"@id":"https:\/\/www.notibras.com\/site\/vida-de-escritor-e-dificil-mas-nada-de-vagabundagem\/#primaryimage"},"image":{"@id":"https:\/\/www.notibras.com\/site\/vida-de-escritor-e-dificil-mas-nada-de-vagabundagem\/#primaryimage"},"thumbnailUrl":"https:\/\/www.notibras.com\/site\/wp-content\/uploads\/2024\/05\/a47ba5b7-c55d-427d-9444-6878e9a3416e.jpeg","datePublished":"2024-05-03T10:25:15+00:00","breadcrumb":{"@id":"https:\/\/www.notibras.com\/site\/vida-de-escritor-e-dificil-mas-nada-de-vagabundagem\/#breadcrumb"},"inLanguage":"pt-BR","potentialAction":[{"@type":"ReadAction","target":["https:\/\/www.notibras.com\/site\/vida-de-escritor-e-dificil-mas-nada-de-vagabundagem\/"]}]},{"@type":"ImageObject","inLanguage":"pt-BR","@id":"https:\/\/www.notibras.com\/site\/vida-de-escritor-e-dificil-mas-nada-de-vagabundagem\/#primaryimage","url":"https:\/\/www.notibras.com\/site\/wp-content\/uploads\/2024\/05\/a47ba5b7-c55d-427d-9444-6878e9a3416e.jpeg","contentUrl":"https:\/\/www.notibras.com\/site\/wp-content\/uploads\/2024\/05\/a47ba5b7-c55d-427d-9444-6878e9a3416e.jpeg","width":1024,"height":1024},{"@type":"BreadcrumbList","@id":"https:\/\/www.notibras.com\/site\/vida-de-escritor-e-dificil-mas-nada-de-vagabundagem\/#breadcrumb","itemListElement":[{"@type":"ListItem","position":1,"name":"In\u00edcio","item":"https:\/\/www.notibras.com\/site\/"},{"@type":"ListItem","position":2,"name":"Vida de escritor \u00e9 dif\u00edcil, mas nada de vagabundagem"}]},{"@type":"WebSite","@id":"https:\/\/www.notibras.com\/site\/#website","url":"https:\/\/www.notibras.com\/site\/","name":"Notibras","description":"Not\u00edcias de Bras\u00edlia, do Brasil e do Mundo","publisher":{"@id":"https:\/\/www.notibras.com\/site\/#organization"},"potentialAction":[{"@type":"SearchAction","target":{"@type":"EntryPoint","urlTemplate":"https:\/\/www.notibras.com\/site\/?s={search_term_string}"},"query-input":{"@type":"PropertyValueSpecification","valueRequired":true,"valueName":"search_term_string"}}],"inLanguage":"pt-BR"},{"@type":"Organization","@id":"https:\/\/www.notibras.com\/site\/#organization","name":"Grupo Notibras de Comunica\u00e7\u00e3o","url":"https:\/\/www.notibras.com\/site\/","logo":{"@type":"ImageObject","inLanguage":"pt-BR","@id":"https:\/\/www.notibras.com\/site\/#\/schema\/logo\/image\/","url":"https:\/\/www.notibras.com\/site\/wp-content\/uploads\/2023\/01\/notibras23.png","contentUrl":"https:\/\/www.notibras.com\/site\/wp-content\/uploads\/2023\/01\/notibras23.png","width":350,"height":87,"caption":"Grupo Notibras de Comunica\u00e7\u00e3o"},"image":{"@id":"https:\/\/www.notibras.com\/site\/#\/schema\/logo\/image\/"},"sameAs":["https:\/\/www.facebook.com\/notibras\/","https:\/\/x.com\/Notibras","https:\/\/www.instagram.com\/notibras\/"]},{"@type":"Person","@id":"https:\/\/www.notibras.com\/site\/#\/schema\/person\/36ab0979449956132d3e5b517ea76ac8","name":"Reda\u00e7\u00e3o","image":{"@type":"ImageObject","inLanguage":"pt-BR","@id":"https:\/\/secure.gravatar.com\/avatar\/e0a867bdedb85fd243eadf09663511f96fc81e0720a4a42581f334ad4303aa6b?s=96&d=mm&r=g","url":"https:\/\/secure.gravatar.com\/avatar\/e0a867bdedb85fd243eadf09663511f96fc81e0720a4a42581f334ad4303aa6b?s=96&d=mm&r=g","contentUrl":"https:\/\/secure.gravatar.com\/avatar\/e0a867bdedb85fd243eadf09663511f96fc81e0720a4a42581f334ad4303aa6b?s=96&d=mm&r=g","caption":"Reda\u00e7\u00e3o"}}]}},"amp_enabled":true,"_links":{"self":[{"href":"https:\/\/www.notibras.com\/site\/wp-json\/wp\/v2\/posts\/327911","targetHints":{"allow":["GET"]}}],"collection":[{"href":"https:\/\/www.notibras.com\/site\/wp-json\/wp\/v2\/posts"}],"about":[{"href":"https:\/\/www.notibras.com\/site\/wp-json\/wp\/v2\/types\/post"}],"author":[{"embeddable":true,"href":"https:\/\/www.notibras.com\/site\/wp-json\/wp\/v2\/users\/2"}],"replies":[{"embeddable":true,"href":"https:\/\/www.notibras.com\/site\/wp-json\/wp\/v2\/comments?post=327911"}],"version-history":[{"count":1,"href":"https:\/\/www.notibras.com\/site\/wp-json\/wp\/v2\/posts\/327911\/revisions"}],"predecessor-version":[{"id":327913,"href":"https:\/\/www.notibras.com\/site\/wp-json\/wp\/v2\/posts\/327911\/revisions\/327913"}],"wp:featuredmedia":[{"embeddable":true,"href":"https:\/\/www.notibras.com\/site\/wp-json\/wp\/v2\/media\/327912"}],"wp:attachment":[{"href":"https:\/\/www.notibras.com\/site\/wp-json\/wp\/v2\/media?parent=327911"}],"wp:term":[{"taxonomy":"category","embeddable":true,"href":"https:\/\/www.notibras.com\/site\/wp-json\/wp\/v2\/categories?post=327911"},{"taxonomy":"post_tag","embeddable":true,"href":"https:\/\/www.notibras.com\/site\/wp-json\/wp\/v2\/tags?post=327911"}],"curies":[{"name":"wp","href":"https:\/\/api.w.org\/{rel}","templated":true}]}}