{"id":327947,"date":"2024-05-03T00:00:34","date_gmt":"2024-05-03T03:00:34","guid":{"rendered":"https:\/\/www.notibras.com\/site\/?p=327947"},"modified":"2024-05-03T09:06:05","modified_gmt":"2024-05-03T12:06:05","slug":"pms-suspeitos-de-tortura-em-curso-de-formacao-sao-libertados","status":"publish","type":"post","link":"https:\/\/www.notibras.com\/site\/pms-suspeitos-de-tortura-em-curso-de-formacao-sao-libertados\/","title":{"rendered":"PMs suspeitos de tortura em curso de forma\u00e7\u00e3o s\u00e3o libertados"},"content":{"rendered":"<p>Os 14 policiais militares do Distrito Federal que estavam em pris\u00e3o tempor\u00e1ria desde segunda-feira (29 de abril), no 19\u00ba Batalh\u00e3o da Pol\u00edcia Militar, foram soltos nesta quinta-feira (2), ap\u00f3s decis\u00e3o do Tribunal de Justi\u00e7a do Distrito Federal e dos Territ\u00f3rios (TJDFT), proferida nesta madrugada. Os militares estavam detidos por suspeita de tortura ao soldado Danilo Martins Pereira, durante o 16\u00ba curso de forma\u00e7\u00e3o do Patrulhamento T\u00e1tico M\u00f3vel do Batalh\u00e3o de Choque (BPChoque), chamada tamb\u00e9m de Patamo.<\/p>\n<p>Para o desembargador do TJDFT, Sandoval Oliveira, que assinou o habeas corpus, n\u00e3o h\u00e1 fundamentos concretos que justifiquem a medida de deten\u00e7\u00e3o do grupo da Patamo. A decis\u00e3o aponta ainda que a proibi\u00e7\u00e3o de entrar na unidade militar pode evitar o acesso dos acusados \u00e0s provas de supostos delitos e, ainda, diz que os policiais militares detidos n\u00e3o apresentam risco concreto \u00e0 investiga\u00e7\u00e3o.<\/p>\n<p>\u201cA distin\u00e7\u00e3o evidenciada nas medidas impostas ao mandante e aos executores tamb\u00e9m n\u00e3o atende ao fundamento apresentado para tanto: risco concreto \u00e0 investiga\u00e7\u00e3o. Seja em raz\u00e3o do temor reverencial que decorre da posi\u00e7\u00e3o hier\u00e1rquica ou pelo grau de acesso funcional e documental, \u00e9 razo\u00e1vel pressupor que o comandante teria condi\u00e7\u00f5es id\u00eanticas \u2013 ou mais amplas \u2013 de oferecer risco \u00e0s investiga\u00e7\u00f5es, do que seus comandados\u201d, conclui a liminar em habeas corpus para os 14 policiais militares.<\/p>\n<p>Na decis\u00e3o, o magistrado do Tribunal de Justi\u00e7a do Distrito Federal e Territ\u00f3rios imp\u00f4s medidas cautelares, como a proibi\u00e7\u00e3o de acesso \u00e0 referida unidade militar; a proibi\u00e7\u00e3o de contato entre os investigados; e a proibi\u00e7\u00e3o de contato com a v\u00edtima.<\/p>\n<p>Apesar da libera\u00e7\u00e3o, as investiga\u00e7\u00f5es continuar\u00e3o sob a responsabilidade do Departamento de Controle e Correi\u00e7\u00e3o da Pol\u00edcia Militar do Distrito Federal (PMDF).<\/p>\n<p>Em nota o MPDFT diz que foi informado sobre a concess\u00e3o da liminar em habeas corpus que resultou na liberdade dos policiais militares suspeitos da pr\u00e1tica de tortura contra Danilo.<\/p>\n<p>O \u00f3rg\u00e3o esclarece que mesmo com a liberdade deles, permanecem em vigor as medidas cautelares impostas pela Auditoria Militar do DF, incluindo o afastamento do comandante da unidade, TC Calebe, e a suspens\u00e3o do curso de forma\u00e7\u00e3o at\u00e9 o encerramento das investiga\u00e7\u00f5es.<\/p>\n<p>O Minist\u00e9rio P\u00fablico adiantou que pode apresentar uma den\u00fancia formal ao tribunal e iniciar o processo penal legal contra os suspeitos.<\/p>\n<p><strong>Caso<\/strong><br \/>\nNa segunda-feira (29), o Minist\u00e9rio P\u00fablico do Distrito Federal e Territ\u00f3rios (MPDFT), por meio da 3\u00aa Promotoria de Justi\u00e7a Militar, pediu a pris\u00e3o dos 14 acusados de tortura do soldado Danilo Martins Pereira, de 34 anos, que afirma ter sido v\u00edtima de diversas viol\u00eancias durante o curso de forma\u00e7\u00e3o de integrantes da equipe da Patamo, em 22 de abril.<\/p>\n<p>Em nota, o MPDFT relata que a v\u00edtima denunciou que foi for\u00e7ada a desistir do curso de forma\u00e7\u00e3o do qual participava. Com a recusa da desist\u00eancia por parte do soldado, ele teria sido agredido, humilhado e torturado durante oito horas nas instala\u00e7\u00f5es do BPChoque.<\/p>\n<p>A pedido do MPDFT, foram cumpridos 14 mandados de pris\u00e3o tempor\u00e1ria por 30 dias, entre eles, o Tenente Marco Teixeira, coordenador do curso de forma\u00e7\u00e3o. Na decis\u00e3o judicial de segunda-feira, tamb\u00e9m foram cumpridos 15 mandados de busca e apreens\u00e3o de todos os objetos apontados pela v\u00edtima como meio de execu\u00e7\u00e3o das torturas f\u00edsicas; apreens\u00e3o de celulares dos policiais militares supostamente envolvidos; e a suspens\u00e3o do curso de forma\u00e7\u00e3o.<\/p>\n<p>No in\u00edcio da semana, na primeira decis\u00e3o, a justi\u00e7a do DF tamb\u00e9m havia determinado o afastamento do comandante do referido batalh\u00e3o de choque, tenente-coronel Calebe Teixeira Das Neves at\u00e9 o encerramento das apura\u00e7\u00f5es, al\u00e9m da permiss\u00e3o de acesso ao prontu\u00e1rio m\u00e9dico do soldado supostamente torturado, com o objetivo de elaborar o laudo de exame de corpo de delito pelo Instituto M\u00e9dico Legal da Pol\u00edcia Civil do Distrito Federal.<\/p>\n<p>A decis\u00e3o divulga trechos do depoimento do soldado, em que relata diversos abusos f\u00edsicos e psicol\u00f3gicos, entre eles: que foi obrigado a correr em volta da unidade militar carregando objetos de at\u00e9 80 kg, enquanto era obrigado a entoar dizeres humilhantes a pr\u00f3pria honra; diz ter sofrido agress\u00f5es com peda\u00e7o de madeira na regi\u00e3o da panturrilha e dos gl\u00fateos; ser alvo de chutes e socos; constrangimentos; realizar exerc\u00edcios f\u00edsicos extenuantes, enquanto sofria agress\u00f5es verbais e f\u00edsicas.<\/p>\n","protected":false},"excerpt":{"rendered":"<p>Os 14 policiais militares do Distrito Federal que estavam em pris\u00e3o tempor\u00e1ria desde segunda-feira (29 de abril), no 19\u00ba Batalh\u00e3o da Pol\u00edcia Militar, foram soltos nesta quinta-feira (2), ap\u00f3s decis\u00e3o do Tribunal de Justi\u00e7a do Distrito Federal e dos Territ\u00f3rios (TJDFT), proferida nesta madrugada. Os militares estavam detidos por suspeita de tortura ao soldado Danilo [&hellip;]<\/p>\n","protected":false},"author":2,"featured_media":325377,"comment_status":"closed","ping_status":"closed","sticky":false,"template":"","format":"standard","meta":{"_acf_changed":false,"footnotes":""},"categories":[161],"tags":[],"class_list":["post-327947","post","type-post","status-publish","format-standard","has-post-thumbnail","hentry","category-quadradinho-em-foco"],"acf":[],"yoast_head":"<!-- This site is optimized with the Yoast SEO plugin v27.5 - https:\/\/yoast.com\/product\/yoast-seo-wordpress\/ -->\n<title>PMs suspeitos de tortura em curso de forma\u00e7\u00e3o s\u00e3o libertados - Notibras<\/title>\n<meta name=\"robots\" content=\"index, follow, max-snippet:-1, max-image-preview:large, max-video-preview:-1\" \/>\n<link rel=\"canonical\" href=\"https:\/\/www.notibras.com\/site\/pms-suspeitos-de-tortura-em-curso-de-formacao-sao-libertados\/\" \/>\n<meta property=\"og:locale\" content=\"pt_BR\" \/>\n<meta property=\"og:type\" content=\"article\" \/>\n<meta property=\"og:title\" content=\"PMs suspeitos de tortura em curso de forma\u00e7\u00e3o s\u00e3o libertados - Notibras\" \/>\n<meta property=\"og:description\" content=\"Os 14 policiais militares do Distrito Federal que estavam em pris\u00e3o tempor\u00e1ria desde segunda-feira (29 de abril), no 19\u00ba Batalh\u00e3o da Pol\u00edcia Militar, foram soltos nesta quinta-feira (2), ap\u00f3s decis\u00e3o do Tribunal de Justi\u00e7a do Distrito Federal e dos Territ\u00f3rios (TJDFT), proferida nesta madrugada. Os militares estavam detidos por suspeita de tortura ao soldado Danilo [&hellip;]\" \/>\n<meta property=\"og:url\" content=\"https:\/\/www.notibras.com\/site\/pms-suspeitos-de-tortura-em-curso-de-formacao-sao-libertados\/\" \/>\n<meta property=\"og:site_name\" content=\"Notibras\" \/>\n<meta property=\"article:publisher\" content=\"https:\/\/www.facebook.com\/notibras\/\" \/>\n<meta property=\"article:published_time\" content=\"2024-05-03T03:00:34+00:00\" \/>\n<meta property=\"article:modified_time\" content=\"2024-05-03T12:06:05+00:00\" \/>\n<meta property=\"og:image\" content=\"https:\/\/www.notibras.com\/site\/wp-content\/uploads\/2024\/03\/WhatsApp-Image-2024-03-22-at-2.50.21-PM-768x510-1.jpeg\" \/>\n\t<meta property=\"og:image:width\" content=\"768\" \/>\n\t<meta property=\"og:image:height\" content=\"510\" \/>\n\t<meta property=\"og:image:type\" content=\"image\/jpeg\" \/>\n<meta name=\"author\" content=\"Reda\u00e7\u00e3o\" \/>\n<meta name=\"twitter:card\" content=\"summary_large_image\" \/>\n<meta name=\"twitter:creator\" content=\"@Notibras\" \/>\n<meta name=\"twitter:site\" content=\"@Notibras\" \/>\n<meta name=\"twitter:label1\" content=\"Escrito por\" \/>\n\t<meta name=\"twitter:data1\" content=\"Reda\u00e7\u00e3o\" \/>\n\t<meta name=\"twitter:label2\" content=\"Est. tempo de leitura\" \/>\n\t<meta name=\"twitter:data2\" content=\"5 minutos\" \/>\n<script type=\"application\/ld+json\" class=\"yoast-schema-graph\">{\"@context\":\"https:\\\/\\\/schema.org\",\"@graph\":[{\"@type\":\"Article\",\"@id\":\"https:\\\/\\\/www.notibras.com\\\/site\\\/pms-suspeitos-de-tortura-em-curso-de-formacao-sao-libertados\\\/#article\",\"isPartOf\":{\"@id\":\"https:\\\/\\\/www.notibras.com\\\/site\\\/pms-suspeitos-de-tortura-em-curso-de-formacao-sao-libertados\\\/\"},\"author\":{\"name\":\"Reda\u00e7\u00e3o\",\"@id\":\"https:\\\/\\\/www.notibras.com\\\/site\\\/#\\\/schema\\\/person\\\/36ab0979449956132d3e5b517ea76ac8\"},\"headline\":\"PMs suspeitos de tortura em curso de forma\u00e7\u00e3o s\u00e3o libertados\",\"datePublished\":\"2024-05-03T03:00:34+00:00\",\"dateModified\":\"2024-05-03T12:06:05+00:00\",\"mainEntityOfPage\":{\"@id\":\"https:\\\/\\\/www.notibras.com\\\/site\\\/pms-suspeitos-de-tortura-em-curso-de-formacao-sao-libertados\\\/\"},\"wordCount\":778,\"publisher\":{\"@id\":\"https:\\\/\\\/www.notibras.com\\\/site\\\/#organization\"},\"image\":{\"@id\":\"https:\\\/\\\/www.notibras.com\\\/site\\\/pms-suspeitos-de-tortura-em-curso-de-formacao-sao-libertados\\\/#primaryimage\"},\"thumbnailUrl\":\"https:\\\/\\\/www.notibras.com\\\/site\\\/wp-content\\\/uploads\\\/2024\\\/03\\\/WhatsApp-Image-2024-03-22-at-2.50.21-PM-768x510-1.jpeg\",\"articleSection\":[\"Quadradinho em Foco\"],\"inLanguage\":\"pt-BR\"},{\"@type\":\"WebPage\",\"@id\":\"https:\\\/\\\/www.notibras.com\\\/site\\\/pms-suspeitos-de-tortura-em-curso-de-formacao-sao-libertados\\\/\",\"url\":\"https:\\\/\\\/www.notibras.com\\\/site\\\/pms-suspeitos-de-tortura-em-curso-de-formacao-sao-libertados\\\/\",\"name\":\"PMs suspeitos de tortura em curso de forma\u00e7\u00e3o s\u00e3o libertados - Notibras\",\"isPartOf\":{\"@id\":\"https:\\\/\\\/www.notibras.com\\\/site\\\/#website\"},\"primaryImageOfPage\":{\"@id\":\"https:\\\/\\\/www.notibras.com\\\/site\\\/pms-suspeitos-de-tortura-em-curso-de-formacao-sao-libertados\\\/#primaryimage\"},\"image\":{\"@id\":\"https:\\\/\\\/www.notibras.com\\\/site\\\/pms-suspeitos-de-tortura-em-curso-de-formacao-sao-libertados\\\/#primaryimage\"},\"thumbnailUrl\":\"https:\\\/\\\/www.notibras.com\\\/site\\\/wp-content\\\/uploads\\\/2024\\\/03\\\/WhatsApp-Image-2024-03-22-at-2.50.21-PM-768x510-1.jpeg\",\"datePublished\":\"2024-05-03T03:00:34+00:00\",\"dateModified\":\"2024-05-03T12:06:05+00:00\",\"breadcrumb\":{\"@id\":\"https:\\\/\\\/www.notibras.com\\\/site\\\/pms-suspeitos-de-tortura-em-curso-de-formacao-sao-libertados\\\/#breadcrumb\"},\"inLanguage\":\"pt-BR\",\"potentialAction\":[{\"@type\":\"ReadAction\",\"target\":[\"https:\\\/\\\/www.notibras.com\\\/site\\\/pms-suspeitos-de-tortura-em-curso-de-formacao-sao-libertados\\\/\"]}]},{\"@type\":\"ImageObject\",\"inLanguage\":\"pt-BR\",\"@id\":\"https:\\\/\\\/www.notibras.com\\\/site\\\/pms-suspeitos-de-tortura-em-curso-de-formacao-sao-libertados\\\/#primaryimage\",\"url\":\"https:\\\/\\\/www.notibras.com\\\/site\\\/wp-content\\\/uploads\\\/2024\\\/03\\\/WhatsApp-Image-2024-03-22-at-2.50.21-PM-768x510-1.jpeg\",\"contentUrl\":\"https:\\\/\\\/www.notibras.com\\\/site\\\/wp-content\\\/uploads\\\/2024\\\/03\\\/WhatsApp-Image-2024-03-22-at-2.50.21-PM-768x510-1.jpeg\",\"width\":768,\"height\":510},{\"@type\":\"BreadcrumbList\",\"@id\":\"https:\\\/\\\/www.notibras.com\\\/site\\\/pms-suspeitos-de-tortura-em-curso-de-formacao-sao-libertados\\\/#breadcrumb\",\"itemListElement\":[{\"@type\":\"ListItem\",\"position\":1,\"name\":\"In\u00edcio\",\"item\":\"https:\\\/\\\/www.notibras.com\\\/site\\\/\"},{\"@type\":\"ListItem\",\"position\":2,\"name\":\"PMs suspeitos de tortura em curso de forma\u00e7\u00e3o s\u00e3o libertados\"}]},{\"@type\":\"WebSite\",\"@id\":\"https:\\\/\\\/www.notibras.com\\\/site\\\/#website\",\"url\":\"https:\\\/\\\/www.notibras.com\\\/site\\\/\",\"name\":\"Notibras\",\"description\":\"Not\u00edcias de Bras\u00edlia, do Brasil e do Mundo\",\"publisher\":{\"@id\":\"https:\\\/\\\/www.notibras.com\\\/site\\\/#organization\"},\"potentialAction\":[{\"@type\":\"SearchAction\",\"target\":{\"@type\":\"EntryPoint\",\"urlTemplate\":\"https:\\\/\\\/www.notibras.com\\\/site\\\/?s={search_term_string}\"},\"query-input\":{\"@type\":\"PropertyValueSpecification\",\"valueRequired\":true,\"valueName\":\"search_term_string\"}}],\"inLanguage\":\"pt-BR\"},{\"@type\":\"Organization\",\"@id\":\"https:\\\/\\\/www.notibras.com\\\/site\\\/#organization\",\"name\":\"Grupo Notibras de Comunica\u00e7\u00e3o\",\"url\":\"https:\\\/\\\/www.notibras.com\\\/site\\\/\",\"logo\":{\"@type\":\"ImageObject\",\"inLanguage\":\"pt-BR\",\"@id\":\"https:\\\/\\\/www.notibras.com\\\/site\\\/#\\\/schema\\\/logo\\\/image\\\/\",\"url\":\"https:\\\/\\\/www.notibras.com\\\/site\\\/wp-content\\\/uploads\\\/2023\\\/01\\\/notibras23.png\",\"contentUrl\":\"https:\\\/\\\/www.notibras.com\\\/site\\\/wp-content\\\/uploads\\\/2023\\\/01\\\/notibras23.png\",\"width\":350,\"height\":87,\"caption\":\"Grupo Notibras de Comunica\u00e7\u00e3o\"},\"image\":{\"@id\":\"https:\\\/\\\/www.notibras.com\\\/site\\\/#\\\/schema\\\/logo\\\/image\\\/\"},\"sameAs\":[\"https:\\\/\\\/www.facebook.com\\\/notibras\\\/\",\"https:\\\/\\\/x.com\\\/Notibras\",\"https:\\\/\\\/www.instagram.com\\\/notibras\\\/\"]},{\"@type\":\"Person\",\"@id\":\"https:\\\/\\\/www.notibras.com\\\/site\\\/#\\\/schema\\\/person\\\/36ab0979449956132d3e5b517ea76ac8\",\"name\":\"Reda\u00e7\u00e3o\",\"image\":{\"@type\":\"ImageObject\",\"inLanguage\":\"pt-BR\",\"@id\":\"https:\\\/\\\/secure.gravatar.com\\\/avatar\\\/e0a867bdedb85fd243eadf09663511f96fc81e0720a4a42581f334ad4303aa6b?s=96&d=mm&r=g\",\"url\":\"https:\\\/\\\/secure.gravatar.com\\\/avatar\\\/e0a867bdedb85fd243eadf09663511f96fc81e0720a4a42581f334ad4303aa6b?s=96&d=mm&r=g\",\"contentUrl\":\"https:\\\/\\\/secure.gravatar.com\\\/avatar\\\/e0a867bdedb85fd243eadf09663511f96fc81e0720a4a42581f334ad4303aa6b?s=96&d=mm&r=g\",\"caption\":\"Reda\u00e7\u00e3o\"}}]}<\/script>\n<!-- \/ Yoast SEO plugin. -->","yoast_head_json":{"title":"PMs suspeitos de tortura em curso de forma\u00e7\u00e3o s\u00e3o libertados - Notibras","robots":{"index":"index","follow":"follow","max-snippet":"max-snippet:-1","max-image-preview":"max-image-preview:large","max-video-preview":"max-video-preview:-1"},"canonical":"https:\/\/www.notibras.com\/site\/pms-suspeitos-de-tortura-em-curso-de-formacao-sao-libertados\/","og_locale":"pt_BR","og_type":"article","og_title":"PMs suspeitos de tortura em curso de forma\u00e7\u00e3o s\u00e3o libertados - Notibras","og_description":"Os 14 policiais militares do Distrito Federal que estavam em pris\u00e3o tempor\u00e1ria desde segunda-feira (29 de abril), no 19\u00ba Batalh\u00e3o da Pol\u00edcia Militar, foram soltos nesta quinta-feira (2), ap\u00f3s decis\u00e3o do Tribunal de Justi\u00e7a do Distrito Federal e dos Territ\u00f3rios (TJDFT), proferida nesta madrugada. Os militares estavam detidos por suspeita de tortura ao soldado Danilo [&hellip;]","og_url":"https:\/\/www.notibras.com\/site\/pms-suspeitos-de-tortura-em-curso-de-formacao-sao-libertados\/","og_site_name":"Notibras","article_publisher":"https:\/\/www.facebook.com\/notibras\/","article_published_time":"2024-05-03T03:00:34+00:00","article_modified_time":"2024-05-03T12:06:05+00:00","og_image":[{"width":768,"height":510,"url":"https:\/\/www.notibras.com\/site\/wp-content\/uploads\/2024\/03\/WhatsApp-Image-2024-03-22-at-2.50.21-PM-768x510-1.jpeg","type":"image\/jpeg"}],"author":"Reda\u00e7\u00e3o","twitter_card":"summary_large_image","twitter_creator":"@Notibras","twitter_site":"@Notibras","twitter_misc":{"Escrito por":"Reda\u00e7\u00e3o","Est. tempo de leitura":"5 minutos"},"schema":{"@context":"https:\/\/schema.org","@graph":[{"@type":"Article","@id":"https:\/\/www.notibras.com\/site\/pms-suspeitos-de-tortura-em-curso-de-formacao-sao-libertados\/#article","isPartOf":{"@id":"https:\/\/www.notibras.com\/site\/pms-suspeitos-de-tortura-em-curso-de-formacao-sao-libertados\/"},"author":{"name":"Reda\u00e7\u00e3o","@id":"https:\/\/www.notibras.com\/site\/#\/schema\/person\/36ab0979449956132d3e5b517ea76ac8"},"headline":"PMs suspeitos de tortura em curso de forma\u00e7\u00e3o s\u00e3o libertados","datePublished":"2024-05-03T03:00:34+00:00","dateModified":"2024-05-03T12:06:05+00:00","mainEntityOfPage":{"@id":"https:\/\/www.notibras.com\/site\/pms-suspeitos-de-tortura-em-curso-de-formacao-sao-libertados\/"},"wordCount":778,"publisher":{"@id":"https:\/\/www.notibras.com\/site\/#organization"},"image":{"@id":"https:\/\/www.notibras.com\/site\/pms-suspeitos-de-tortura-em-curso-de-formacao-sao-libertados\/#primaryimage"},"thumbnailUrl":"https:\/\/www.notibras.com\/site\/wp-content\/uploads\/2024\/03\/WhatsApp-Image-2024-03-22-at-2.50.21-PM-768x510-1.jpeg","articleSection":["Quadradinho em Foco"],"inLanguage":"pt-BR"},{"@type":"WebPage","@id":"https:\/\/www.notibras.com\/site\/pms-suspeitos-de-tortura-em-curso-de-formacao-sao-libertados\/","url":"https:\/\/www.notibras.com\/site\/pms-suspeitos-de-tortura-em-curso-de-formacao-sao-libertados\/","name":"PMs suspeitos de tortura em curso de forma\u00e7\u00e3o s\u00e3o libertados - Notibras","isPartOf":{"@id":"https:\/\/www.notibras.com\/site\/#website"},"primaryImageOfPage":{"@id":"https:\/\/www.notibras.com\/site\/pms-suspeitos-de-tortura-em-curso-de-formacao-sao-libertados\/#primaryimage"},"image":{"@id":"https:\/\/www.notibras.com\/site\/pms-suspeitos-de-tortura-em-curso-de-formacao-sao-libertados\/#primaryimage"},"thumbnailUrl":"https:\/\/www.notibras.com\/site\/wp-content\/uploads\/2024\/03\/WhatsApp-Image-2024-03-22-at-2.50.21-PM-768x510-1.jpeg","datePublished":"2024-05-03T03:00:34+00:00","dateModified":"2024-05-03T12:06:05+00:00","breadcrumb":{"@id":"https:\/\/www.notibras.com\/site\/pms-suspeitos-de-tortura-em-curso-de-formacao-sao-libertados\/#breadcrumb"},"inLanguage":"pt-BR","potentialAction":[{"@type":"ReadAction","target":["https:\/\/www.notibras.com\/site\/pms-suspeitos-de-tortura-em-curso-de-formacao-sao-libertados\/"]}]},{"@type":"ImageObject","inLanguage":"pt-BR","@id":"https:\/\/www.notibras.com\/site\/pms-suspeitos-de-tortura-em-curso-de-formacao-sao-libertados\/#primaryimage","url":"https:\/\/www.notibras.com\/site\/wp-content\/uploads\/2024\/03\/WhatsApp-Image-2024-03-22-at-2.50.21-PM-768x510-1.jpeg","contentUrl":"https:\/\/www.notibras.com\/site\/wp-content\/uploads\/2024\/03\/WhatsApp-Image-2024-03-22-at-2.50.21-PM-768x510-1.jpeg","width":768,"height":510},{"@type":"BreadcrumbList","@id":"https:\/\/www.notibras.com\/site\/pms-suspeitos-de-tortura-em-curso-de-formacao-sao-libertados\/#breadcrumb","itemListElement":[{"@type":"ListItem","position":1,"name":"In\u00edcio","item":"https:\/\/www.notibras.com\/site\/"},{"@type":"ListItem","position":2,"name":"PMs suspeitos de tortura em curso de forma\u00e7\u00e3o s\u00e3o libertados"}]},{"@type":"WebSite","@id":"https:\/\/www.notibras.com\/site\/#website","url":"https:\/\/www.notibras.com\/site\/","name":"Notibras","description":"Not\u00edcias de Bras\u00edlia, do Brasil e do Mundo","publisher":{"@id":"https:\/\/www.notibras.com\/site\/#organization"},"potentialAction":[{"@type":"SearchAction","target":{"@type":"EntryPoint","urlTemplate":"https:\/\/www.notibras.com\/site\/?s={search_term_string}"},"query-input":{"@type":"PropertyValueSpecification","valueRequired":true,"valueName":"search_term_string"}}],"inLanguage":"pt-BR"},{"@type":"Organization","@id":"https:\/\/www.notibras.com\/site\/#organization","name":"Grupo Notibras de Comunica\u00e7\u00e3o","url":"https:\/\/www.notibras.com\/site\/","logo":{"@type":"ImageObject","inLanguage":"pt-BR","@id":"https:\/\/www.notibras.com\/site\/#\/schema\/logo\/image\/","url":"https:\/\/www.notibras.com\/site\/wp-content\/uploads\/2023\/01\/notibras23.png","contentUrl":"https:\/\/www.notibras.com\/site\/wp-content\/uploads\/2023\/01\/notibras23.png","width":350,"height":87,"caption":"Grupo Notibras de Comunica\u00e7\u00e3o"},"image":{"@id":"https:\/\/www.notibras.com\/site\/#\/schema\/logo\/image\/"},"sameAs":["https:\/\/www.facebook.com\/notibras\/","https:\/\/x.com\/Notibras","https:\/\/www.instagram.com\/notibras\/"]},{"@type":"Person","@id":"https:\/\/www.notibras.com\/site\/#\/schema\/person\/36ab0979449956132d3e5b517ea76ac8","name":"Reda\u00e7\u00e3o","image":{"@type":"ImageObject","inLanguage":"pt-BR","@id":"https:\/\/secure.gravatar.com\/avatar\/e0a867bdedb85fd243eadf09663511f96fc81e0720a4a42581f334ad4303aa6b?s=96&d=mm&r=g","url":"https:\/\/secure.gravatar.com\/avatar\/e0a867bdedb85fd243eadf09663511f96fc81e0720a4a42581f334ad4303aa6b?s=96&d=mm&r=g","contentUrl":"https:\/\/secure.gravatar.com\/avatar\/e0a867bdedb85fd243eadf09663511f96fc81e0720a4a42581f334ad4303aa6b?s=96&d=mm&r=g","caption":"Reda\u00e7\u00e3o"}}]}},"amp_enabled":true,"_links":{"self":[{"href":"https:\/\/www.notibras.com\/site\/wp-json\/wp\/v2\/posts\/327947","targetHints":{"allow":["GET"]}}],"collection":[{"href":"https:\/\/www.notibras.com\/site\/wp-json\/wp\/v2\/posts"}],"about":[{"href":"https:\/\/www.notibras.com\/site\/wp-json\/wp\/v2\/types\/post"}],"author":[{"embeddable":true,"href":"https:\/\/www.notibras.com\/site\/wp-json\/wp\/v2\/users\/2"}],"replies":[{"embeddable":true,"href":"https:\/\/www.notibras.com\/site\/wp-json\/wp\/v2\/comments?post=327947"}],"version-history":[{"count":1,"href":"https:\/\/www.notibras.com\/site\/wp-json\/wp\/v2\/posts\/327947\/revisions"}],"predecessor-version":[{"id":327948,"href":"https:\/\/www.notibras.com\/site\/wp-json\/wp\/v2\/posts\/327947\/revisions\/327948"}],"wp:featuredmedia":[{"embeddable":true,"href":"https:\/\/www.notibras.com\/site\/wp-json\/wp\/v2\/media\/325377"}],"wp:attachment":[{"href":"https:\/\/www.notibras.com\/site\/wp-json\/wp\/v2\/media?parent=327947"}],"wp:term":[{"taxonomy":"category","embeddable":true,"href":"https:\/\/www.notibras.com\/site\/wp-json\/wp\/v2\/categories?post=327947"},{"taxonomy":"post_tag","embeddable":true,"href":"https:\/\/www.notibras.com\/site\/wp-json\/wp\/v2\/tags?post=327947"}],"curies":[{"name":"wp","href":"https:\/\/api.w.org\/{rel}","templated":true}]}}