{"id":327951,"date":"2024-05-03T00:45:19","date_gmt":"2024-05-03T03:45:19","guid":{"rendered":"https:\/\/www.notibras.com\/site\/?p=327951"},"modified":"2024-05-03T09:46:55","modified_gmt":"2024-05-03T12:46:55","slug":"fim-de-semana-tera-artesanato-espetaculos-e-muita-musica","status":"publish","type":"post","link":"https:\/\/www.notibras.com\/site\/fim-de-semana-tera-artesanato-espetaculos-e-muita-musica\/","title":{"rendered":"Fim de semana ter\u00e1 artesanato, espet\u00e1culos e muita m\u00fasica"},"content":{"rendered":"<p>As op\u00e7\u00f5es de divers\u00e3o que o brasiliense pode aproveitar no fim de semana nas \u00e1reas de cultura e turismo permeiam desde artesanato e aulas de circo at\u00e9 stand up comedy, passando tamb\u00e9m por shows com uma dose de rock and roll e uma pitada de sertanejo. Confira a programa\u00e7\u00e3o fomentada pelas secretarias de Turismo (Setur) e de Cultura e Economia Criativa (Secec) do DF.<\/p>\n<p>Para quem \u00e9 f\u00e3 de artesanato, a segunda edi\u00e7\u00e3o da Feira Comunidade de Fibra ocupar\u00e1 o Complexo Cultural de Planaltina nesta sexta (3) e no s\u00e1bado (4), das 14h \u00e0s 21h, com comercializa\u00e7\u00e3o de produtos artesanais e agroecol\u00f3gicos, oficinas e atra\u00e7\u00f5es art\u00edsticas gratuitas. A entrada franca e aberta a todos os p\u00fablicos. Mais informa\u00e7\u00f5es est\u00e3o dispon\u00edveis nas redes sociais do evento.<\/p>\n<p>No domingo (5), a Casa da Cultura do Guar\u00e1 receber\u00e1 a segunda edi\u00e7\u00e3o do Festival Familiarte, trazendo uma variedade de oficinas gratuitas para todas as idades. Desde constru\u00e7\u00e3o de brinquedos, percuss\u00e3o corporal a aulas de circo, h\u00e1 algo para todos os membros da fam\u00edlia se envolverem e se divertirem. O evento ser\u00e1 na QE 25 do Guar\u00e1 II, a partir das 15h. Todas as atividades contar\u00e3o com int\u00e9rpretes de Libras, e a entrada \u00e9 gratuita.<\/p>\n<p><strong>Espet\u00e1culos<\/strong><br \/>\nTamb\u00e9m no domingo, \u00e0s 20h, o Teatro de Bolso do Espa\u00e7o Cultural Renato Russo, localizado na 508 Sul, receber\u00e1 o espet\u00e1culo de stand up comedy A quase dama e os completos vagabundos, apresentado pelo trio Elson Filho, Ana Ferreira e Davi Barros. A classifica\u00e7\u00e3o \u00e9 de 16 anos, e os ingressos est\u00e3o dispon\u00edveis no Sympla.<\/p>\n<p>Ainda no Espa\u00e7o Cultural Renato Russo, o espet\u00e1culo Entre elas ser\u00e1 apresentado nesta sexta e no s\u00e1bado \u00e0s 20h e no domingo, \u00e0s 19h. Baseada em fatos reais, a com\u00e9dia conta a hist\u00f3ria de tr\u00eas amigas que vivem situa\u00e7\u00f5es inesperadas durante uma viagem, trazendo \u00e0 tona temas importantes e pertencentes ao universo feminino que s\u00e3o tratados de maneira direta, leve e divertida. Os ingressos podem ser adquiridos pelo Sympla.<\/p>\n<p>No s\u00e1bado, o Espa\u00e7o Jovem de Express\u00e3o promover\u00e1 o espet\u00e1culo Afluentes \u00e0s 16h e \u00e0s 20h, contando a hist\u00f3ria de cinco personagens pretos em suas mais profundas complexidades. A classifica\u00e7\u00e3o indicativa \u00e9 de 14 anos, e o espa\u00e7o fica localizado na Pra\u00e7a do Cidad\u00e3o, Bloco C, em Ceil\u00e2ndia. Mais informa\u00e7\u00f5es podem ser encontradas no Sympla.<\/p>\n<p>A terceira edi\u00e7\u00e3o do Festival Inclus\u00e3o Rock Live vai ser neste domingo, a partir das 14h, no estacionamento do Complexo Cultural de Samambaia. Ser\u00e3o seis bandas e artistas para sacudir o palco, contando com nomes como Ayla Serena, RA II, Barto Blues, Line Rock, C\u00e1lida Ess\u00eancia e Desonra. Para saber mais, \u00e9 s\u00f3 acessar as redes sociais do evento.<\/p>\n<p>E o Guar\u00e1 recebe a partir desta sexta o Festival Expomix Brasil, que contar\u00e1 com parque de divers\u00f5es e variadas op\u00e7\u00f5es gastron\u00f4micas. Al\u00e9m de artistas locais, a programa\u00e7\u00e3o ter\u00e1 shows com Felipe Ara\u00fajo (sexta), Max e Luan (s\u00e1bado) e Z\u00e9 Vaqueiro (domingo). Outras informa\u00e7\u00f5es est\u00e3o expostas no site do evento.<\/p>\n<p>A entrada para o festival, que comemora os 55 anos da regi\u00e3o administrativa, \u00e9 gratuita. Contudo, a organiza\u00e7\u00e3o pede que o p\u00fablico doe 2 kg de alimentos n\u00e3o perec\u00edveis. Os itens ser\u00e3o entregues a entidades que atendem fam\u00edlias em situa\u00e7\u00e3o de vulnerabilidade social e institui\u00e7\u00f5es filantr\u00f3picas. O evento ser\u00e1 realizado no gramado ao lado da Avenida Contorno, em frente \u00e0 QE 23. Na sexta e no s\u00e1bado, os port\u00f5es ser\u00e3o abertos \u00e0s 18h. No domingo, o in\u00edcio ser\u00e1 \u00e0s 15h.<\/p>\n","protected":false},"excerpt":{"rendered":"<p>As op\u00e7\u00f5es de divers\u00e3o que o brasiliense pode aproveitar no fim de semana nas \u00e1reas de cultura e turismo permeiam desde artesanato e aulas de circo at\u00e9 stand up comedy, passando tamb\u00e9m por shows com uma dose de rock and roll e uma pitada de sertanejo. Confira a programa\u00e7\u00e3o fomentada pelas secretarias de Turismo (Setur) [&hellip;]<\/p>\n","protected":false},"author":2,"featured_media":327952,"comment_status":"closed","ping_status":"closed","sticky":false,"template":"","format":"standard","meta":{"_acf_changed":false,"footnotes":""},"categories":[161],"tags":[],"class_list":["post-327951","post","type-post","status-publish","format-standard","has-post-thumbnail","hentry","category-quadradinho-em-foco"],"acf":[],"yoast_head":"<!-- This site is optimized with the Yoast SEO plugin v27.5 - https:\/\/yoast.com\/product\/yoast-seo-wordpress\/ -->\n<title>Fim de semana ter\u00e1 artesanato, espet\u00e1culos e muita m\u00fasica - Notibras<\/title>\n<meta name=\"robots\" content=\"index, follow, max-snippet:-1, max-image-preview:large, max-video-preview:-1\" \/>\n<link rel=\"canonical\" href=\"https:\/\/www.notibras.com\/site\/fim-de-semana-tera-artesanato-espetaculos-e-muita-musica\/\" \/>\n<meta property=\"og:locale\" content=\"pt_BR\" \/>\n<meta property=\"og:type\" content=\"article\" \/>\n<meta property=\"og:title\" content=\"Fim de semana ter\u00e1 artesanato, espet\u00e1culos e muita m\u00fasica - Notibras\" \/>\n<meta property=\"og:description\" content=\"As op\u00e7\u00f5es de divers\u00e3o que o brasiliense pode aproveitar no fim de semana nas \u00e1reas de cultura e turismo permeiam desde artesanato e aulas de circo at\u00e9 stand up comedy, passando tamb\u00e9m por shows com uma dose de rock and roll e uma pitada de sertanejo. Confira a programa\u00e7\u00e3o fomentada pelas secretarias de Turismo (Setur) [&hellip;]\" \/>\n<meta property=\"og:url\" content=\"https:\/\/www.notibras.com\/site\/fim-de-semana-tera-artesanato-espetaculos-e-muita-musica\/\" \/>\n<meta property=\"og:site_name\" content=\"Notibras\" \/>\n<meta property=\"article:publisher\" content=\"https:\/\/www.facebook.com\/notibras\/\" \/>\n<meta property=\"article:published_time\" content=\"2024-05-03T03:45:19+00:00\" \/>\n<meta property=\"article:modified_time\" content=\"2024-05-03T12:46:55+00:00\" \/>\n<meta property=\"og:image\" content=\"https:\/\/www.notibras.com\/site\/wp-content\/uploads\/2024\/05\/2a-edicao-da-Feira-de-artesanato-Comunidade-de-Fibra-Foto-Divulgacao-2.jpeg\" \/>\n\t<meta property=\"og:image:width\" content=\"1349\" \/>\n\t<meta property=\"og:image:height\" content=\"899\" \/>\n\t<meta property=\"og:image:type\" content=\"image\/jpeg\" \/>\n<meta name=\"author\" content=\"Reda\u00e7\u00e3o\" \/>\n<meta name=\"twitter:card\" content=\"summary_large_image\" \/>\n<meta name=\"twitter:creator\" content=\"@Notibras\" \/>\n<meta name=\"twitter:site\" content=\"@Notibras\" \/>\n<meta name=\"twitter:label1\" content=\"Escrito por\" \/>\n\t<meta name=\"twitter:data1\" content=\"Reda\u00e7\u00e3o\" \/>\n\t<meta name=\"twitter:label2\" content=\"Est. tempo de leitura\" \/>\n\t<meta name=\"twitter:data2\" content=\"4 minutos\" \/>\n<script type=\"application\/ld+json\" class=\"yoast-schema-graph\">{\"@context\":\"https:\\\/\\\/schema.org\",\"@graph\":[{\"@type\":\"Article\",\"@id\":\"https:\\\/\\\/www.notibras.com\\\/site\\\/fim-de-semana-tera-artesanato-espetaculos-e-muita-musica\\\/#article\",\"isPartOf\":{\"@id\":\"https:\\\/\\\/www.notibras.com\\\/site\\\/fim-de-semana-tera-artesanato-espetaculos-e-muita-musica\\\/\"},\"author\":{\"name\":\"Reda\u00e7\u00e3o\",\"@id\":\"https:\\\/\\\/www.notibras.com\\\/site\\\/#\\\/schema\\\/person\\\/36ab0979449956132d3e5b517ea76ac8\"},\"headline\":\"Fim de semana ter\u00e1 artesanato, espet\u00e1culos e muita m\u00fasica\",\"datePublished\":\"2024-05-03T03:45:19+00:00\",\"dateModified\":\"2024-05-03T12:46:55+00:00\",\"mainEntityOfPage\":{\"@id\":\"https:\\\/\\\/www.notibras.com\\\/site\\\/fim-de-semana-tera-artesanato-espetaculos-e-muita-musica\\\/\"},\"wordCount\":636,\"publisher\":{\"@id\":\"https:\\\/\\\/www.notibras.com\\\/site\\\/#organization\"},\"image\":{\"@id\":\"https:\\\/\\\/www.notibras.com\\\/site\\\/fim-de-semana-tera-artesanato-espetaculos-e-muita-musica\\\/#primaryimage\"},\"thumbnailUrl\":\"https:\\\/\\\/www.notibras.com\\\/site\\\/wp-content\\\/uploads\\\/2024\\\/05\\\/2a-edicao-da-Feira-de-artesanato-Comunidade-de-Fibra-Foto-Divulgacao-2.jpeg\",\"articleSection\":[\"Quadradinho em Foco\"],\"inLanguage\":\"pt-BR\"},{\"@type\":\"WebPage\",\"@id\":\"https:\\\/\\\/www.notibras.com\\\/site\\\/fim-de-semana-tera-artesanato-espetaculos-e-muita-musica\\\/\",\"url\":\"https:\\\/\\\/www.notibras.com\\\/site\\\/fim-de-semana-tera-artesanato-espetaculos-e-muita-musica\\\/\",\"name\":\"Fim de semana ter\u00e1 artesanato, espet\u00e1culos e muita m\u00fasica - Notibras\",\"isPartOf\":{\"@id\":\"https:\\\/\\\/www.notibras.com\\\/site\\\/#website\"},\"primaryImageOfPage\":{\"@id\":\"https:\\\/\\\/www.notibras.com\\\/site\\\/fim-de-semana-tera-artesanato-espetaculos-e-muita-musica\\\/#primaryimage\"},\"image\":{\"@id\":\"https:\\\/\\\/www.notibras.com\\\/site\\\/fim-de-semana-tera-artesanato-espetaculos-e-muita-musica\\\/#primaryimage\"},\"thumbnailUrl\":\"https:\\\/\\\/www.notibras.com\\\/site\\\/wp-content\\\/uploads\\\/2024\\\/05\\\/2a-edicao-da-Feira-de-artesanato-Comunidade-de-Fibra-Foto-Divulgacao-2.jpeg\",\"datePublished\":\"2024-05-03T03:45:19+00:00\",\"dateModified\":\"2024-05-03T12:46:55+00:00\",\"breadcrumb\":{\"@id\":\"https:\\\/\\\/www.notibras.com\\\/site\\\/fim-de-semana-tera-artesanato-espetaculos-e-muita-musica\\\/#breadcrumb\"},\"inLanguage\":\"pt-BR\",\"potentialAction\":[{\"@type\":\"ReadAction\",\"target\":[\"https:\\\/\\\/www.notibras.com\\\/site\\\/fim-de-semana-tera-artesanato-espetaculos-e-muita-musica\\\/\"]}]},{\"@type\":\"ImageObject\",\"inLanguage\":\"pt-BR\",\"@id\":\"https:\\\/\\\/www.notibras.com\\\/site\\\/fim-de-semana-tera-artesanato-espetaculos-e-muita-musica\\\/#primaryimage\",\"url\":\"https:\\\/\\\/www.notibras.com\\\/site\\\/wp-content\\\/uploads\\\/2024\\\/05\\\/2a-edicao-da-Feira-de-artesanato-Comunidade-de-Fibra-Foto-Divulgacao-2.jpeg\",\"contentUrl\":\"https:\\\/\\\/www.notibras.com\\\/site\\\/wp-content\\\/uploads\\\/2024\\\/05\\\/2a-edicao-da-Feira-de-artesanato-Comunidade-de-Fibra-Foto-Divulgacao-2.jpeg\",\"width\":1349,\"height\":899},{\"@type\":\"BreadcrumbList\",\"@id\":\"https:\\\/\\\/www.notibras.com\\\/site\\\/fim-de-semana-tera-artesanato-espetaculos-e-muita-musica\\\/#breadcrumb\",\"itemListElement\":[{\"@type\":\"ListItem\",\"position\":1,\"name\":\"In\u00edcio\",\"item\":\"https:\\\/\\\/www.notibras.com\\\/site\\\/\"},{\"@type\":\"ListItem\",\"position\":2,\"name\":\"Fim de semana ter\u00e1 artesanato, espet\u00e1culos e muita m\u00fasica\"}]},{\"@type\":\"WebSite\",\"@id\":\"https:\\\/\\\/www.notibras.com\\\/site\\\/#website\",\"url\":\"https:\\\/\\\/www.notibras.com\\\/site\\\/\",\"name\":\"Notibras\",\"description\":\"Not\u00edcias de Bras\u00edlia, do Brasil e do Mundo\",\"publisher\":{\"@id\":\"https:\\\/\\\/www.notibras.com\\\/site\\\/#organization\"},\"potentialAction\":[{\"@type\":\"SearchAction\",\"target\":{\"@type\":\"EntryPoint\",\"urlTemplate\":\"https:\\\/\\\/www.notibras.com\\\/site\\\/?s={search_term_string}\"},\"query-input\":{\"@type\":\"PropertyValueSpecification\",\"valueRequired\":true,\"valueName\":\"search_term_string\"}}],\"inLanguage\":\"pt-BR\"},{\"@type\":\"Organization\",\"@id\":\"https:\\\/\\\/www.notibras.com\\\/site\\\/#organization\",\"name\":\"Grupo Notibras de Comunica\u00e7\u00e3o\",\"url\":\"https:\\\/\\\/www.notibras.com\\\/site\\\/\",\"logo\":{\"@type\":\"ImageObject\",\"inLanguage\":\"pt-BR\",\"@id\":\"https:\\\/\\\/www.notibras.com\\\/site\\\/#\\\/schema\\\/logo\\\/image\\\/\",\"url\":\"https:\\\/\\\/www.notibras.com\\\/site\\\/wp-content\\\/uploads\\\/2023\\\/01\\\/notibras23.png\",\"contentUrl\":\"https:\\\/\\\/www.notibras.com\\\/site\\\/wp-content\\\/uploads\\\/2023\\\/01\\\/notibras23.png\",\"width\":350,\"height\":87,\"caption\":\"Grupo Notibras de Comunica\u00e7\u00e3o\"},\"image\":{\"@id\":\"https:\\\/\\\/www.notibras.com\\\/site\\\/#\\\/schema\\\/logo\\\/image\\\/\"},\"sameAs\":[\"https:\\\/\\\/www.facebook.com\\\/notibras\\\/\",\"https:\\\/\\\/x.com\\\/Notibras\",\"https:\\\/\\\/www.instagram.com\\\/notibras\\\/\"]},{\"@type\":\"Person\",\"@id\":\"https:\\\/\\\/www.notibras.com\\\/site\\\/#\\\/schema\\\/person\\\/36ab0979449956132d3e5b517ea76ac8\",\"name\":\"Reda\u00e7\u00e3o\",\"image\":{\"@type\":\"ImageObject\",\"inLanguage\":\"pt-BR\",\"@id\":\"https:\\\/\\\/secure.gravatar.com\\\/avatar\\\/e0a867bdedb85fd243eadf09663511f96fc81e0720a4a42581f334ad4303aa6b?s=96&d=mm&r=g\",\"url\":\"https:\\\/\\\/secure.gravatar.com\\\/avatar\\\/e0a867bdedb85fd243eadf09663511f96fc81e0720a4a42581f334ad4303aa6b?s=96&d=mm&r=g\",\"contentUrl\":\"https:\\\/\\\/secure.gravatar.com\\\/avatar\\\/e0a867bdedb85fd243eadf09663511f96fc81e0720a4a42581f334ad4303aa6b?s=96&d=mm&r=g\",\"caption\":\"Reda\u00e7\u00e3o\"}}]}<\/script>\n<!-- \/ Yoast SEO plugin. -->","yoast_head_json":{"title":"Fim de semana ter\u00e1 artesanato, espet\u00e1culos e muita m\u00fasica - Notibras","robots":{"index":"index","follow":"follow","max-snippet":"max-snippet:-1","max-image-preview":"max-image-preview:large","max-video-preview":"max-video-preview:-1"},"canonical":"https:\/\/www.notibras.com\/site\/fim-de-semana-tera-artesanato-espetaculos-e-muita-musica\/","og_locale":"pt_BR","og_type":"article","og_title":"Fim de semana ter\u00e1 artesanato, espet\u00e1culos e muita m\u00fasica - Notibras","og_description":"As op\u00e7\u00f5es de divers\u00e3o que o brasiliense pode aproveitar no fim de semana nas \u00e1reas de cultura e turismo permeiam desde artesanato e aulas de circo at\u00e9 stand up comedy, passando tamb\u00e9m por shows com uma dose de rock and roll e uma pitada de sertanejo. Confira a programa\u00e7\u00e3o fomentada pelas secretarias de Turismo (Setur) [&hellip;]","og_url":"https:\/\/www.notibras.com\/site\/fim-de-semana-tera-artesanato-espetaculos-e-muita-musica\/","og_site_name":"Notibras","article_publisher":"https:\/\/www.facebook.com\/notibras\/","article_published_time":"2024-05-03T03:45:19+00:00","article_modified_time":"2024-05-03T12:46:55+00:00","og_image":[{"width":1349,"height":899,"url":"https:\/\/www.notibras.com\/site\/wp-content\/uploads\/2024\/05\/2a-edicao-da-Feira-de-artesanato-Comunidade-de-Fibra-Foto-Divulgacao-2.jpeg","type":"image\/jpeg"}],"author":"Reda\u00e7\u00e3o","twitter_card":"summary_large_image","twitter_creator":"@Notibras","twitter_site":"@Notibras","twitter_misc":{"Escrito por":"Reda\u00e7\u00e3o","Est. tempo de leitura":"4 minutos"},"schema":{"@context":"https:\/\/schema.org","@graph":[{"@type":"Article","@id":"https:\/\/www.notibras.com\/site\/fim-de-semana-tera-artesanato-espetaculos-e-muita-musica\/#article","isPartOf":{"@id":"https:\/\/www.notibras.com\/site\/fim-de-semana-tera-artesanato-espetaculos-e-muita-musica\/"},"author":{"name":"Reda\u00e7\u00e3o","@id":"https:\/\/www.notibras.com\/site\/#\/schema\/person\/36ab0979449956132d3e5b517ea76ac8"},"headline":"Fim de semana ter\u00e1 artesanato, espet\u00e1culos e muita m\u00fasica","datePublished":"2024-05-03T03:45:19+00:00","dateModified":"2024-05-03T12:46:55+00:00","mainEntityOfPage":{"@id":"https:\/\/www.notibras.com\/site\/fim-de-semana-tera-artesanato-espetaculos-e-muita-musica\/"},"wordCount":636,"publisher":{"@id":"https:\/\/www.notibras.com\/site\/#organization"},"image":{"@id":"https:\/\/www.notibras.com\/site\/fim-de-semana-tera-artesanato-espetaculos-e-muita-musica\/#primaryimage"},"thumbnailUrl":"https:\/\/www.notibras.com\/site\/wp-content\/uploads\/2024\/05\/2a-edicao-da-Feira-de-artesanato-Comunidade-de-Fibra-Foto-Divulgacao-2.jpeg","articleSection":["Quadradinho em Foco"],"inLanguage":"pt-BR"},{"@type":"WebPage","@id":"https:\/\/www.notibras.com\/site\/fim-de-semana-tera-artesanato-espetaculos-e-muita-musica\/","url":"https:\/\/www.notibras.com\/site\/fim-de-semana-tera-artesanato-espetaculos-e-muita-musica\/","name":"Fim de semana ter\u00e1 artesanato, espet\u00e1culos e muita m\u00fasica - Notibras","isPartOf":{"@id":"https:\/\/www.notibras.com\/site\/#website"},"primaryImageOfPage":{"@id":"https:\/\/www.notibras.com\/site\/fim-de-semana-tera-artesanato-espetaculos-e-muita-musica\/#primaryimage"},"image":{"@id":"https:\/\/www.notibras.com\/site\/fim-de-semana-tera-artesanato-espetaculos-e-muita-musica\/#primaryimage"},"thumbnailUrl":"https:\/\/www.notibras.com\/site\/wp-content\/uploads\/2024\/05\/2a-edicao-da-Feira-de-artesanato-Comunidade-de-Fibra-Foto-Divulgacao-2.jpeg","datePublished":"2024-05-03T03:45:19+00:00","dateModified":"2024-05-03T12:46:55+00:00","breadcrumb":{"@id":"https:\/\/www.notibras.com\/site\/fim-de-semana-tera-artesanato-espetaculos-e-muita-musica\/#breadcrumb"},"inLanguage":"pt-BR","potentialAction":[{"@type":"ReadAction","target":["https:\/\/www.notibras.com\/site\/fim-de-semana-tera-artesanato-espetaculos-e-muita-musica\/"]}]},{"@type":"ImageObject","inLanguage":"pt-BR","@id":"https:\/\/www.notibras.com\/site\/fim-de-semana-tera-artesanato-espetaculos-e-muita-musica\/#primaryimage","url":"https:\/\/www.notibras.com\/site\/wp-content\/uploads\/2024\/05\/2a-edicao-da-Feira-de-artesanato-Comunidade-de-Fibra-Foto-Divulgacao-2.jpeg","contentUrl":"https:\/\/www.notibras.com\/site\/wp-content\/uploads\/2024\/05\/2a-edicao-da-Feira-de-artesanato-Comunidade-de-Fibra-Foto-Divulgacao-2.jpeg","width":1349,"height":899},{"@type":"BreadcrumbList","@id":"https:\/\/www.notibras.com\/site\/fim-de-semana-tera-artesanato-espetaculos-e-muita-musica\/#breadcrumb","itemListElement":[{"@type":"ListItem","position":1,"name":"In\u00edcio","item":"https:\/\/www.notibras.com\/site\/"},{"@type":"ListItem","position":2,"name":"Fim de semana ter\u00e1 artesanato, espet\u00e1culos e muita m\u00fasica"}]},{"@type":"WebSite","@id":"https:\/\/www.notibras.com\/site\/#website","url":"https:\/\/www.notibras.com\/site\/","name":"Notibras","description":"Not\u00edcias de Bras\u00edlia, do Brasil e do Mundo","publisher":{"@id":"https:\/\/www.notibras.com\/site\/#organization"},"potentialAction":[{"@type":"SearchAction","target":{"@type":"EntryPoint","urlTemplate":"https:\/\/www.notibras.com\/site\/?s={search_term_string}"},"query-input":{"@type":"PropertyValueSpecification","valueRequired":true,"valueName":"search_term_string"}}],"inLanguage":"pt-BR"},{"@type":"Organization","@id":"https:\/\/www.notibras.com\/site\/#organization","name":"Grupo Notibras de Comunica\u00e7\u00e3o","url":"https:\/\/www.notibras.com\/site\/","logo":{"@type":"ImageObject","inLanguage":"pt-BR","@id":"https:\/\/www.notibras.com\/site\/#\/schema\/logo\/image\/","url":"https:\/\/www.notibras.com\/site\/wp-content\/uploads\/2023\/01\/notibras23.png","contentUrl":"https:\/\/www.notibras.com\/site\/wp-content\/uploads\/2023\/01\/notibras23.png","width":350,"height":87,"caption":"Grupo Notibras de Comunica\u00e7\u00e3o"},"image":{"@id":"https:\/\/www.notibras.com\/site\/#\/schema\/logo\/image\/"},"sameAs":["https:\/\/www.facebook.com\/notibras\/","https:\/\/x.com\/Notibras","https:\/\/www.instagram.com\/notibras\/"]},{"@type":"Person","@id":"https:\/\/www.notibras.com\/site\/#\/schema\/person\/36ab0979449956132d3e5b517ea76ac8","name":"Reda\u00e7\u00e3o","image":{"@type":"ImageObject","inLanguage":"pt-BR","@id":"https:\/\/secure.gravatar.com\/avatar\/e0a867bdedb85fd243eadf09663511f96fc81e0720a4a42581f334ad4303aa6b?s=96&d=mm&r=g","url":"https:\/\/secure.gravatar.com\/avatar\/e0a867bdedb85fd243eadf09663511f96fc81e0720a4a42581f334ad4303aa6b?s=96&d=mm&r=g","contentUrl":"https:\/\/secure.gravatar.com\/avatar\/e0a867bdedb85fd243eadf09663511f96fc81e0720a4a42581f334ad4303aa6b?s=96&d=mm&r=g","caption":"Reda\u00e7\u00e3o"}}]}},"amp_enabled":true,"_links":{"self":[{"href":"https:\/\/www.notibras.com\/site\/wp-json\/wp\/v2\/posts\/327951","targetHints":{"allow":["GET"]}}],"collection":[{"href":"https:\/\/www.notibras.com\/site\/wp-json\/wp\/v2\/posts"}],"about":[{"href":"https:\/\/www.notibras.com\/site\/wp-json\/wp\/v2\/types\/post"}],"author":[{"embeddable":true,"href":"https:\/\/www.notibras.com\/site\/wp-json\/wp\/v2\/users\/2"}],"replies":[{"embeddable":true,"href":"https:\/\/www.notibras.com\/site\/wp-json\/wp\/v2\/comments?post=327951"}],"version-history":[{"count":1,"href":"https:\/\/www.notibras.com\/site\/wp-json\/wp\/v2\/posts\/327951\/revisions"}],"predecessor-version":[{"id":327953,"href":"https:\/\/www.notibras.com\/site\/wp-json\/wp\/v2\/posts\/327951\/revisions\/327953"}],"wp:featuredmedia":[{"embeddable":true,"href":"https:\/\/www.notibras.com\/site\/wp-json\/wp\/v2\/media\/327952"}],"wp:attachment":[{"href":"https:\/\/www.notibras.com\/site\/wp-json\/wp\/v2\/media?parent=327951"}],"wp:term":[{"taxonomy":"category","embeddable":true,"href":"https:\/\/www.notibras.com\/site\/wp-json\/wp\/v2\/categories?post=327951"},{"taxonomy":"post_tag","embeddable":true,"href":"https:\/\/www.notibras.com\/site\/wp-json\/wp\/v2\/tags?post=327951"}],"curies":[{"name":"wp","href":"https:\/\/api.w.org\/{rel}","templated":true}]}}