{"id":328015,"date":"2024-05-04T07:41:33","date_gmt":"2024-05-04T10:41:33","guid":{"rendered":"https:\/\/www.notibras.com\/site\/?p=328015"},"modified":"2024-05-04T07:42:57","modified_gmt":"2024-05-04T10:42:57","slug":"adalberto-joao-saldanha-e-historias-sobre-garrincha","status":"publish","type":"post","link":"https:\/\/www.notibras.com\/site\/adalberto-joao-saldanha-e-historias-sobre-garrincha\/","title":{"rendered":"Adalberto, Jo\u00e3o Saldanha e hist\u00f3rias sobre Garrincha"},"content":{"rendered":"<p>L\u00e1 pelos idos dos anos 1990, tive a oportunidade de entrevistar o Adalberto, ex-goleiro do Botafogo e do Santos. O cara, para quem n\u00e3o sabe, estava naquela final \u00e9pica do campeonato carioca de 1957, quando o Fluminense, que tinha o Tel\u00ea Santana como um dos seus principais jogadores, tomou de 6 a 2. A torcida alvinegra aproveitou a ocasi\u00e3o para rimar o placar: Seis a dois no P\u00f3 de Arroz!<\/p>\n<p>E l\u00e1 estava eu diante daquele cara enorme, que havia jogado ao lado de tantas lendas, de Garrincha a Pel\u00e9, passando pelos imortais Nilton Santos e Didi. Adalberto, sempre polido, trabalhava no Maracan\u00e3 nessa \u00e9poca, onde me levou para um passeio pelo lend\u00e1rio est\u00e1dio.<\/p>\n<p>Eu, que j\u00e1 havia assistido a v\u00e1rios jogos ali, nunca ficara t\u00e3o perto do gramado, a ponto de, sorrateiramente, esticar meu p\u00e9 esquerdo e toc\u00e1-lo, a despeito do meu anfitri\u00e3o ter me advertido diversas vezes para que eu n\u00e3o fizesse isso. N\u00e3o sei se ele percebeu minha travessura, mas n\u00e3o me repreendeu.<\/p>\n<p>Falamos sobre futebol, \u00e9 verdade, mas o que mais gostei de escutar do antigo craque foram os causos do Jo\u00e3o Saldanha. O folcl\u00f3rico jornalista, durante uma \u00e9poca, ficou muito pr\u00f3ximo ao Adalberto, quando este j\u00e1 havia pendurado as chuteiras. E, por isso, sempre o levava para as suas palestras mundo afora.<\/p>\n<p>O Jo\u00e3o, que adorava contar hist\u00f3rias sobre o Garrincha, sempre buscava no Adalberto a confirma\u00e7\u00e3o dos ocorridos. O ex-goleiro, t\u00edmido que era, apenas acenava positivamente com a cabe\u00e7a, para del\u00edrio da plateia, que aplaudia de p\u00e9 o contador de causos. No entanto, quando os dois estavam sozinhos, o Adalberto, de maneira educada, obviamente, questionava o amigo.<\/p>\n<p>\u2014 Mas, Jo\u00e3o, nessa \u00e9poca eu nem estava mais no Botafogo!<\/p>\n<p>\u2014 Adalberto, Adalberto, vou te contar uma coisa que aprendi h\u00e1 muito tempo.<\/p>\n<p>\u2014 O qu\u00ea?<\/p>\n<p>\u2014 Sabe o que \u00e9 mais importante do que os fatos?<\/p>\n<p>\u2014 N\u00e3o.<\/p>\n<p>\u2014 A hist\u00f3ria, meu amigo! A hist\u00f3ria!<\/p>\n","protected":false},"excerpt":{"rendered":"<p>L\u00e1 pelos idos dos anos 1990, tive a oportunidade de entrevistar o Adalberto, ex-goleiro do Botafogo e do Santos. O cara, para quem n\u00e3o sabe, estava naquela final \u00e9pica do campeonato carioca de 1957, quando o Fluminense, que tinha o Tel\u00ea Santana como um dos seus principais jogadores, tomou de 6 a 2. A torcida [&hellip;]<\/p>\n","protected":false},"author":2,"featured_media":328016,"comment_status":"closed","ping_status":"closed","sticky":false,"template":"","format":"standard","meta":{"_acf_changed":false,"footnotes":""},"categories":[161],"tags":[],"class_list":["post-328015","post","type-post","status-publish","format-standard","has-post-thumbnail","hentry","category-quadradinho-em-foco"],"acf":[],"yoast_head":"<!-- This site is optimized with the Yoast SEO plugin v27.5 - https:\/\/yoast.com\/product\/yoast-seo-wordpress\/ -->\n<title>Adalberto, Jo\u00e3o Saldanha e hist\u00f3rias sobre Garrincha - Notibras<\/title>\n<meta name=\"robots\" content=\"index, follow, max-snippet:-1, max-image-preview:large, max-video-preview:-1\" \/>\n<link rel=\"canonical\" href=\"https:\/\/www.notibras.com\/site\/adalberto-joao-saldanha-e-historias-sobre-garrincha\/\" \/>\n<meta property=\"og:locale\" content=\"pt_BR\" \/>\n<meta property=\"og:type\" content=\"article\" \/>\n<meta property=\"og:title\" content=\"Adalberto, Jo\u00e3o Saldanha e hist\u00f3rias sobre Garrincha - Notibras\" \/>\n<meta property=\"og:description\" content=\"L\u00e1 pelos idos dos anos 1990, tive a oportunidade de entrevistar o Adalberto, ex-goleiro do Botafogo e do Santos. O cara, para quem n\u00e3o sabe, estava naquela final \u00e9pica do campeonato carioca de 1957, quando o Fluminense, que tinha o Tel\u00ea Santana como um dos seus principais jogadores, tomou de 6 a 2. A torcida [&hellip;]\" \/>\n<meta property=\"og:url\" content=\"https:\/\/www.notibras.com\/site\/adalberto-joao-saldanha-e-historias-sobre-garrincha\/\" \/>\n<meta property=\"og:site_name\" content=\"Notibras\" \/>\n<meta property=\"article:publisher\" content=\"https:\/\/www.facebook.com\/notibras\/\" \/>\n<meta property=\"article:published_time\" content=\"2024-05-04T10:41:33+00:00\" \/>\n<meta property=\"article:modified_time\" content=\"2024-05-04T10:42:57+00:00\" \/>\n<meta property=\"og:image\" content=\"https:\/\/www.notibras.com\/site\/wp-content\/uploads\/2024\/05\/cf9e9653-01f9-42fb-bf46-48aaf2539deb.jpeg\" \/>\n\t<meta property=\"og:image:width\" content=\"984\" \/>\n\t<meta property=\"og:image:height\" content=\"658\" \/>\n\t<meta property=\"og:image:type\" content=\"image\/jpeg\" \/>\n<meta name=\"author\" content=\"Reda\u00e7\u00e3o\" \/>\n<meta name=\"twitter:card\" content=\"summary_large_image\" \/>\n<meta name=\"twitter:creator\" content=\"@Notibras\" \/>\n<meta name=\"twitter:site\" content=\"@Notibras\" \/>\n<meta name=\"twitter:label1\" content=\"Escrito por\" \/>\n\t<meta name=\"twitter:data1\" content=\"Reda\u00e7\u00e3o\" \/>\n\t<meta name=\"twitter:label2\" content=\"Est. tempo de leitura\" \/>\n\t<meta name=\"twitter:data2\" content=\"3 minutos\" \/>\n<script type=\"application\/ld+json\" class=\"yoast-schema-graph\">{\"@context\":\"https:\\\/\\\/schema.org\",\"@graph\":[{\"@type\":\"Article\",\"@id\":\"https:\\\/\\\/www.notibras.com\\\/site\\\/adalberto-joao-saldanha-e-historias-sobre-garrincha\\\/#article\",\"isPartOf\":{\"@id\":\"https:\\\/\\\/www.notibras.com\\\/site\\\/adalberto-joao-saldanha-e-historias-sobre-garrincha\\\/\"},\"author\":{\"name\":\"Reda\u00e7\u00e3o\",\"@id\":\"https:\\\/\\\/www.notibras.com\\\/site\\\/#\\\/schema\\\/person\\\/36ab0979449956132d3e5b517ea76ac8\"},\"headline\":\"Adalberto, Jo\u00e3o Saldanha e hist\u00f3rias sobre Garrincha\",\"datePublished\":\"2024-05-04T10:41:33+00:00\",\"dateModified\":\"2024-05-04T10:42:57+00:00\",\"mainEntityOfPage\":{\"@id\":\"https:\\\/\\\/www.notibras.com\\\/site\\\/adalberto-joao-saldanha-e-historias-sobre-garrincha\\\/\"},\"wordCount\":341,\"publisher\":{\"@id\":\"https:\\\/\\\/www.notibras.com\\\/site\\\/#organization\"},\"image\":{\"@id\":\"https:\\\/\\\/www.notibras.com\\\/site\\\/adalberto-joao-saldanha-e-historias-sobre-garrincha\\\/#primaryimage\"},\"thumbnailUrl\":\"https:\\\/\\\/www.notibras.com\\\/site\\\/wp-content\\\/uploads\\\/2024\\\/05\\\/cf9e9653-01f9-42fb-bf46-48aaf2539deb.jpeg\",\"articleSection\":[\"Quadradinho em Foco\"],\"inLanguage\":\"pt-BR\"},{\"@type\":\"WebPage\",\"@id\":\"https:\\\/\\\/www.notibras.com\\\/site\\\/adalberto-joao-saldanha-e-historias-sobre-garrincha\\\/\",\"url\":\"https:\\\/\\\/www.notibras.com\\\/site\\\/adalberto-joao-saldanha-e-historias-sobre-garrincha\\\/\",\"name\":\"Adalberto, Jo\u00e3o Saldanha e hist\u00f3rias sobre Garrincha - Notibras\",\"isPartOf\":{\"@id\":\"https:\\\/\\\/www.notibras.com\\\/site\\\/#website\"},\"primaryImageOfPage\":{\"@id\":\"https:\\\/\\\/www.notibras.com\\\/site\\\/adalberto-joao-saldanha-e-historias-sobre-garrincha\\\/#primaryimage\"},\"image\":{\"@id\":\"https:\\\/\\\/www.notibras.com\\\/site\\\/adalberto-joao-saldanha-e-historias-sobre-garrincha\\\/#primaryimage\"},\"thumbnailUrl\":\"https:\\\/\\\/www.notibras.com\\\/site\\\/wp-content\\\/uploads\\\/2024\\\/05\\\/cf9e9653-01f9-42fb-bf46-48aaf2539deb.jpeg\",\"datePublished\":\"2024-05-04T10:41:33+00:00\",\"dateModified\":\"2024-05-04T10:42:57+00:00\",\"breadcrumb\":{\"@id\":\"https:\\\/\\\/www.notibras.com\\\/site\\\/adalberto-joao-saldanha-e-historias-sobre-garrincha\\\/#breadcrumb\"},\"inLanguage\":\"pt-BR\",\"potentialAction\":[{\"@type\":\"ReadAction\",\"target\":[\"https:\\\/\\\/www.notibras.com\\\/site\\\/adalberto-joao-saldanha-e-historias-sobre-garrincha\\\/\"]}]},{\"@type\":\"ImageObject\",\"inLanguage\":\"pt-BR\",\"@id\":\"https:\\\/\\\/www.notibras.com\\\/site\\\/adalberto-joao-saldanha-e-historias-sobre-garrincha\\\/#primaryimage\",\"url\":\"https:\\\/\\\/www.notibras.com\\\/site\\\/wp-content\\\/uploads\\\/2024\\\/05\\\/cf9e9653-01f9-42fb-bf46-48aaf2539deb.jpeg\",\"contentUrl\":\"https:\\\/\\\/www.notibras.com\\\/site\\\/wp-content\\\/uploads\\\/2024\\\/05\\\/cf9e9653-01f9-42fb-bf46-48aaf2539deb.jpeg\",\"width\":984,\"height\":658},{\"@type\":\"BreadcrumbList\",\"@id\":\"https:\\\/\\\/www.notibras.com\\\/site\\\/adalberto-joao-saldanha-e-historias-sobre-garrincha\\\/#breadcrumb\",\"itemListElement\":[{\"@type\":\"ListItem\",\"position\":1,\"name\":\"In\u00edcio\",\"item\":\"https:\\\/\\\/www.notibras.com\\\/site\\\/\"},{\"@type\":\"ListItem\",\"position\":2,\"name\":\"Adalberto, Jo\u00e3o Saldanha e hist\u00f3rias sobre Garrincha\"}]},{\"@type\":\"WebSite\",\"@id\":\"https:\\\/\\\/www.notibras.com\\\/site\\\/#website\",\"url\":\"https:\\\/\\\/www.notibras.com\\\/site\\\/\",\"name\":\"Notibras\",\"description\":\"Not\u00edcias de Bras\u00edlia, do Brasil e do Mundo\",\"publisher\":{\"@id\":\"https:\\\/\\\/www.notibras.com\\\/site\\\/#organization\"},\"potentialAction\":[{\"@type\":\"SearchAction\",\"target\":{\"@type\":\"EntryPoint\",\"urlTemplate\":\"https:\\\/\\\/www.notibras.com\\\/site\\\/?s={search_term_string}\"},\"query-input\":{\"@type\":\"PropertyValueSpecification\",\"valueRequired\":true,\"valueName\":\"search_term_string\"}}],\"inLanguage\":\"pt-BR\"},{\"@type\":\"Organization\",\"@id\":\"https:\\\/\\\/www.notibras.com\\\/site\\\/#organization\",\"name\":\"Grupo Notibras de Comunica\u00e7\u00e3o\",\"url\":\"https:\\\/\\\/www.notibras.com\\\/site\\\/\",\"logo\":{\"@type\":\"ImageObject\",\"inLanguage\":\"pt-BR\",\"@id\":\"https:\\\/\\\/www.notibras.com\\\/site\\\/#\\\/schema\\\/logo\\\/image\\\/\",\"url\":\"https:\\\/\\\/www.notibras.com\\\/site\\\/wp-content\\\/uploads\\\/2023\\\/01\\\/notibras23.png\",\"contentUrl\":\"https:\\\/\\\/www.notibras.com\\\/site\\\/wp-content\\\/uploads\\\/2023\\\/01\\\/notibras23.png\",\"width\":350,\"height\":87,\"caption\":\"Grupo Notibras de Comunica\u00e7\u00e3o\"},\"image\":{\"@id\":\"https:\\\/\\\/www.notibras.com\\\/site\\\/#\\\/schema\\\/logo\\\/image\\\/\"},\"sameAs\":[\"https:\\\/\\\/www.facebook.com\\\/notibras\\\/\",\"https:\\\/\\\/x.com\\\/Notibras\",\"https:\\\/\\\/www.instagram.com\\\/notibras\\\/\"]},{\"@type\":\"Person\",\"@id\":\"https:\\\/\\\/www.notibras.com\\\/site\\\/#\\\/schema\\\/person\\\/36ab0979449956132d3e5b517ea76ac8\",\"name\":\"Reda\u00e7\u00e3o\",\"image\":{\"@type\":\"ImageObject\",\"inLanguage\":\"pt-BR\",\"@id\":\"https:\\\/\\\/secure.gravatar.com\\\/avatar\\\/e0a867bdedb85fd243eadf09663511f96fc81e0720a4a42581f334ad4303aa6b?s=96&d=mm&r=g\",\"url\":\"https:\\\/\\\/secure.gravatar.com\\\/avatar\\\/e0a867bdedb85fd243eadf09663511f96fc81e0720a4a42581f334ad4303aa6b?s=96&d=mm&r=g\",\"contentUrl\":\"https:\\\/\\\/secure.gravatar.com\\\/avatar\\\/e0a867bdedb85fd243eadf09663511f96fc81e0720a4a42581f334ad4303aa6b?s=96&d=mm&r=g\",\"caption\":\"Reda\u00e7\u00e3o\"}}]}<\/script>\n<!-- \/ Yoast SEO plugin. -->","yoast_head_json":{"title":"Adalberto, Jo\u00e3o Saldanha e hist\u00f3rias sobre Garrincha - Notibras","robots":{"index":"index","follow":"follow","max-snippet":"max-snippet:-1","max-image-preview":"max-image-preview:large","max-video-preview":"max-video-preview:-1"},"canonical":"https:\/\/www.notibras.com\/site\/adalberto-joao-saldanha-e-historias-sobre-garrincha\/","og_locale":"pt_BR","og_type":"article","og_title":"Adalberto, Jo\u00e3o Saldanha e hist\u00f3rias sobre Garrincha - Notibras","og_description":"L\u00e1 pelos idos dos anos 1990, tive a oportunidade de entrevistar o Adalberto, ex-goleiro do Botafogo e do Santos. O cara, para quem n\u00e3o sabe, estava naquela final \u00e9pica do campeonato carioca de 1957, quando o Fluminense, que tinha o Tel\u00ea Santana como um dos seus principais jogadores, tomou de 6 a 2. A torcida [&hellip;]","og_url":"https:\/\/www.notibras.com\/site\/adalberto-joao-saldanha-e-historias-sobre-garrincha\/","og_site_name":"Notibras","article_publisher":"https:\/\/www.facebook.com\/notibras\/","article_published_time":"2024-05-04T10:41:33+00:00","article_modified_time":"2024-05-04T10:42:57+00:00","og_image":[{"width":984,"height":658,"url":"https:\/\/www.notibras.com\/site\/wp-content\/uploads\/2024\/05\/cf9e9653-01f9-42fb-bf46-48aaf2539deb.jpeg","type":"image\/jpeg"}],"author":"Reda\u00e7\u00e3o","twitter_card":"summary_large_image","twitter_creator":"@Notibras","twitter_site":"@Notibras","twitter_misc":{"Escrito por":"Reda\u00e7\u00e3o","Est. tempo de leitura":"3 minutos"},"schema":{"@context":"https:\/\/schema.org","@graph":[{"@type":"Article","@id":"https:\/\/www.notibras.com\/site\/adalberto-joao-saldanha-e-historias-sobre-garrincha\/#article","isPartOf":{"@id":"https:\/\/www.notibras.com\/site\/adalberto-joao-saldanha-e-historias-sobre-garrincha\/"},"author":{"name":"Reda\u00e7\u00e3o","@id":"https:\/\/www.notibras.com\/site\/#\/schema\/person\/36ab0979449956132d3e5b517ea76ac8"},"headline":"Adalberto, Jo\u00e3o Saldanha e hist\u00f3rias sobre Garrincha","datePublished":"2024-05-04T10:41:33+00:00","dateModified":"2024-05-04T10:42:57+00:00","mainEntityOfPage":{"@id":"https:\/\/www.notibras.com\/site\/adalberto-joao-saldanha-e-historias-sobre-garrincha\/"},"wordCount":341,"publisher":{"@id":"https:\/\/www.notibras.com\/site\/#organization"},"image":{"@id":"https:\/\/www.notibras.com\/site\/adalberto-joao-saldanha-e-historias-sobre-garrincha\/#primaryimage"},"thumbnailUrl":"https:\/\/www.notibras.com\/site\/wp-content\/uploads\/2024\/05\/cf9e9653-01f9-42fb-bf46-48aaf2539deb.jpeg","articleSection":["Quadradinho em Foco"],"inLanguage":"pt-BR"},{"@type":"WebPage","@id":"https:\/\/www.notibras.com\/site\/adalberto-joao-saldanha-e-historias-sobre-garrincha\/","url":"https:\/\/www.notibras.com\/site\/adalberto-joao-saldanha-e-historias-sobre-garrincha\/","name":"Adalberto, Jo\u00e3o Saldanha e hist\u00f3rias sobre Garrincha - Notibras","isPartOf":{"@id":"https:\/\/www.notibras.com\/site\/#website"},"primaryImageOfPage":{"@id":"https:\/\/www.notibras.com\/site\/adalberto-joao-saldanha-e-historias-sobre-garrincha\/#primaryimage"},"image":{"@id":"https:\/\/www.notibras.com\/site\/adalberto-joao-saldanha-e-historias-sobre-garrincha\/#primaryimage"},"thumbnailUrl":"https:\/\/www.notibras.com\/site\/wp-content\/uploads\/2024\/05\/cf9e9653-01f9-42fb-bf46-48aaf2539deb.jpeg","datePublished":"2024-05-04T10:41:33+00:00","dateModified":"2024-05-04T10:42:57+00:00","breadcrumb":{"@id":"https:\/\/www.notibras.com\/site\/adalberto-joao-saldanha-e-historias-sobre-garrincha\/#breadcrumb"},"inLanguage":"pt-BR","potentialAction":[{"@type":"ReadAction","target":["https:\/\/www.notibras.com\/site\/adalberto-joao-saldanha-e-historias-sobre-garrincha\/"]}]},{"@type":"ImageObject","inLanguage":"pt-BR","@id":"https:\/\/www.notibras.com\/site\/adalberto-joao-saldanha-e-historias-sobre-garrincha\/#primaryimage","url":"https:\/\/www.notibras.com\/site\/wp-content\/uploads\/2024\/05\/cf9e9653-01f9-42fb-bf46-48aaf2539deb.jpeg","contentUrl":"https:\/\/www.notibras.com\/site\/wp-content\/uploads\/2024\/05\/cf9e9653-01f9-42fb-bf46-48aaf2539deb.jpeg","width":984,"height":658},{"@type":"BreadcrumbList","@id":"https:\/\/www.notibras.com\/site\/adalberto-joao-saldanha-e-historias-sobre-garrincha\/#breadcrumb","itemListElement":[{"@type":"ListItem","position":1,"name":"In\u00edcio","item":"https:\/\/www.notibras.com\/site\/"},{"@type":"ListItem","position":2,"name":"Adalberto, Jo\u00e3o Saldanha e hist\u00f3rias sobre Garrincha"}]},{"@type":"WebSite","@id":"https:\/\/www.notibras.com\/site\/#website","url":"https:\/\/www.notibras.com\/site\/","name":"Notibras","description":"Not\u00edcias de Bras\u00edlia, do Brasil e do Mundo","publisher":{"@id":"https:\/\/www.notibras.com\/site\/#organization"},"potentialAction":[{"@type":"SearchAction","target":{"@type":"EntryPoint","urlTemplate":"https:\/\/www.notibras.com\/site\/?s={search_term_string}"},"query-input":{"@type":"PropertyValueSpecification","valueRequired":true,"valueName":"search_term_string"}}],"inLanguage":"pt-BR"},{"@type":"Organization","@id":"https:\/\/www.notibras.com\/site\/#organization","name":"Grupo Notibras de Comunica\u00e7\u00e3o","url":"https:\/\/www.notibras.com\/site\/","logo":{"@type":"ImageObject","inLanguage":"pt-BR","@id":"https:\/\/www.notibras.com\/site\/#\/schema\/logo\/image\/","url":"https:\/\/www.notibras.com\/site\/wp-content\/uploads\/2023\/01\/notibras23.png","contentUrl":"https:\/\/www.notibras.com\/site\/wp-content\/uploads\/2023\/01\/notibras23.png","width":350,"height":87,"caption":"Grupo Notibras de Comunica\u00e7\u00e3o"},"image":{"@id":"https:\/\/www.notibras.com\/site\/#\/schema\/logo\/image\/"},"sameAs":["https:\/\/www.facebook.com\/notibras\/","https:\/\/x.com\/Notibras","https:\/\/www.instagram.com\/notibras\/"]},{"@type":"Person","@id":"https:\/\/www.notibras.com\/site\/#\/schema\/person\/36ab0979449956132d3e5b517ea76ac8","name":"Reda\u00e7\u00e3o","image":{"@type":"ImageObject","inLanguage":"pt-BR","@id":"https:\/\/secure.gravatar.com\/avatar\/e0a867bdedb85fd243eadf09663511f96fc81e0720a4a42581f334ad4303aa6b?s=96&d=mm&r=g","url":"https:\/\/secure.gravatar.com\/avatar\/e0a867bdedb85fd243eadf09663511f96fc81e0720a4a42581f334ad4303aa6b?s=96&d=mm&r=g","contentUrl":"https:\/\/secure.gravatar.com\/avatar\/e0a867bdedb85fd243eadf09663511f96fc81e0720a4a42581f334ad4303aa6b?s=96&d=mm&r=g","caption":"Reda\u00e7\u00e3o"}}]}},"amp_enabled":true,"_links":{"self":[{"href":"https:\/\/www.notibras.com\/site\/wp-json\/wp\/v2\/posts\/328015","targetHints":{"allow":["GET"]}}],"collection":[{"href":"https:\/\/www.notibras.com\/site\/wp-json\/wp\/v2\/posts"}],"about":[{"href":"https:\/\/www.notibras.com\/site\/wp-json\/wp\/v2\/types\/post"}],"author":[{"embeddable":true,"href":"https:\/\/www.notibras.com\/site\/wp-json\/wp\/v2\/users\/2"}],"replies":[{"embeddable":true,"href":"https:\/\/www.notibras.com\/site\/wp-json\/wp\/v2\/comments?post=328015"}],"version-history":[{"count":2,"href":"https:\/\/www.notibras.com\/site\/wp-json\/wp\/v2\/posts\/328015\/revisions"}],"predecessor-version":[{"id":328018,"href":"https:\/\/www.notibras.com\/site\/wp-json\/wp\/v2\/posts\/328015\/revisions\/328018"}],"wp:featuredmedia":[{"embeddable":true,"href":"https:\/\/www.notibras.com\/site\/wp-json\/wp\/v2\/media\/328016"}],"wp:attachment":[{"href":"https:\/\/www.notibras.com\/site\/wp-json\/wp\/v2\/media?parent=328015"}],"wp:term":[{"taxonomy":"category","embeddable":true,"href":"https:\/\/www.notibras.com\/site\/wp-json\/wp\/v2\/categories?post=328015"},{"taxonomy":"post_tag","embeddable":true,"href":"https:\/\/www.notibras.com\/site\/wp-json\/wp\/v2\/tags?post=328015"}],"curies":[{"name":"wp","href":"https:\/\/api.w.org\/{rel}","templated":true}]}}