{"id":328022,"date":"2024-05-04T00:00:39","date_gmt":"2024-05-04T03:00:39","guid":{"rendered":"https:\/\/www.notibras.com\/site\/?p=328022"},"modified":"2024-05-04T08:11:32","modified_gmt":"2024-05-04T11:11:32","slug":"rota-do-cavalo-e-alvo-de-fiscalizacao-ambiental","status":"publish","type":"post","link":"https:\/\/www.notibras.com\/site\/rota-do-cavalo-e-alvo-de-fiscalizacao-ambiental\/","title":{"rendered":"Rota do Cavalo \u00e9 alvo de fiscaliza\u00e7\u00e3o ambiental"},"content":{"rendered":"<p>Com o objetivo de coibir os parcelamentos irregulares de solo no Distrito Federal, o Instituto Bras\u00edlia Ambiental realizou nesta semana opera\u00e7\u00e3o fiscal na Rota do Cavalo, localizada na Regi\u00e3o Administrativa de Sobradinho. No local, estavam ocorrendo obras em \u00e1rea de parcelamento irregular do solo.<\/p>\n<p>A a\u00e7\u00e3o, que foi feita em conjunto com a Delegacia de Combate \u00e0 Ocupa\u00e7\u00e3o Irregular do Solo e aos Crimes contra a Ordem Urban\u00edstica e o Meio Ambiente (Dema), resultou na aplica\u00e7\u00e3o de multa no valor de R$ 263.500,95.<\/p>\n<p>A superintendente de Fiscaliza\u00e7\u00e3o, Auditoria e Monitoramento (Sufam) do instituto, Simone de Moura Rosa, destaca que o parcelamento irregular do solo naquele local j\u00e1 foi autuado diversas vezes pelo Bras\u00edlia Ambiental. \u201cDessa vez, foram flagrados tr\u00eas tratores e dois caminh\u00f5es realizando obras no interior do Condom\u00ednio Mans\u00f5es Bougainville sem autoriza\u00e7\u00e3o do \u00f3rg\u00e3o ambiental e desrespeitando embargo de obras j\u00e1 imposto pela nossa fiscaliza\u00e7\u00e3o\u201d, informa.<\/p>\n<p>O presidente da autarquia, R\u00f4ney Nemer, ressalta a import\u00e2ncia do acompanhamento di\u00e1rio da equipe de fiscaliza\u00e7\u00e3o atrav\u00e9s do monitoramento com os drones. \u201cOs infratores n\u00e3o conseguem detectar a nossa equipe atrav\u00e9s dos voos de drone, sendo assim conseguimos agir de forma mais incisiva e r\u00e1pida. Conseguimos diminuir os impactos no nosso Cerrado.\u201d<\/p>\n<p>O Auto de Infra\u00e7\u00e3o Ambiental, lavrado pelos auditores do Bras\u00edlia Ambiental em desfavor do condom\u00ednio, foi justificado por interven\u00e7\u00e3o em \u00c1rea de Preserva\u00e7\u00e3o Permanente (APP) com terraplanagem e revolvimento de solo com caracter\u00edsticas hidrom\u00f3rficas sem licen\u00e7a\/autoriza\u00e7\u00e3o ambiental, al\u00e9m de descumprimento de embargo de obras datado de 2021. Al\u00e9m da aplica\u00e7\u00e3o da multa, quatro pessoas presas e os equipamentos utilizados nas obras foram todos apreendidos.<\/p>\n<p>O instituto ressalta que tem em sua mira a coibi\u00e7\u00e3o dessa irregularidade porque esse tipo de obra gera v\u00e1rios problemas ambientais, entre eles polui\u00e7\u00e3o, eros\u00e3o, degrada\u00e7\u00e3o em APPs e \u00c1reas de Prote\u00e7\u00e3o Ambiental (APAs).<\/p>\n","protected":false},"excerpt":{"rendered":"<p>Com o objetivo de coibir os parcelamentos irregulares de solo no Distrito Federal, o Instituto Bras\u00edlia Ambiental realizou nesta semana opera\u00e7\u00e3o fiscal na Rota do Cavalo, localizada na Regi\u00e3o Administrativa de Sobradinho. No local, estavam ocorrendo obras em \u00e1rea de parcelamento irregular do solo. A a\u00e7\u00e3o, que foi feita em conjunto com a Delegacia de [&hellip;]<\/p>\n","protected":false},"author":2,"featured_media":328023,"comment_status":"closed","ping_status":"closed","sticky":false,"template":"","format":"standard","meta":{"_acf_changed":false,"footnotes":""},"categories":[161],"tags":[],"class_list":["post-328022","post","type-post","status-publish","format-standard","has-post-thumbnail","hentry","category-quadradinho-em-foco"],"acf":[],"yoast_head":"<!-- This site is optimized with the Yoast SEO plugin v27.5 - https:\/\/yoast.com\/product\/yoast-seo-wordpress\/ -->\n<title>Rota do Cavalo \u00e9 alvo de fiscaliza\u00e7\u00e3o ambiental - Notibras<\/title>\n<meta name=\"robots\" content=\"index, follow, max-snippet:-1, max-image-preview:large, max-video-preview:-1\" \/>\n<link rel=\"canonical\" href=\"https:\/\/www.notibras.com\/site\/rota-do-cavalo-e-alvo-de-fiscalizacao-ambiental\/\" \/>\n<meta property=\"og:locale\" content=\"pt_BR\" \/>\n<meta property=\"og:type\" content=\"article\" \/>\n<meta property=\"og:title\" content=\"Rota do Cavalo \u00e9 alvo de fiscaliza\u00e7\u00e3o ambiental - Notibras\" \/>\n<meta property=\"og:description\" content=\"Com o objetivo de coibir os parcelamentos irregulares de solo no Distrito Federal, o Instituto Bras\u00edlia Ambiental realizou nesta semana opera\u00e7\u00e3o fiscal na Rota do Cavalo, localizada na Regi\u00e3o Administrativa de Sobradinho. No local, estavam ocorrendo obras em \u00e1rea de parcelamento irregular do solo. A a\u00e7\u00e3o, que foi feita em conjunto com a Delegacia de [&hellip;]\" \/>\n<meta property=\"og:url\" content=\"https:\/\/www.notibras.com\/site\/rota-do-cavalo-e-alvo-de-fiscalizacao-ambiental\/\" \/>\n<meta property=\"og:site_name\" content=\"Notibras\" \/>\n<meta property=\"article:publisher\" content=\"https:\/\/www.facebook.com\/notibras\/\" \/>\n<meta property=\"article:published_time\" content=\"2024-05-04T03:00:39+00:00\" \/>\n<meta property=\"article:modified_time\" content=\"2024-05-04T11:11:32+00:00\" \/>\n<meta property=\"og:image\" content=\"https:\/\/www.notibras.com\/site\/wp-content\/uploads\/2024\/05\/Foto-3-Mat-Operacao-Fsical-na-Rota-do-Cavalo.jpg\" \/>\n\t<meta property=\"og:image:width\" content=\"1125\" \/>\n\t<meta property=\"og:image:height\" content=\"764\" \/>\n\t<meta property=\"og:image:type\" content=\"image\/jpeg\" \/>\n<meta name=\"author\" content=\"Reda\u00e7\u00e3o\" \/>\n<meta name=\"twitter:card\" content=\"summary_large_image\" \/>\n<meta name=\"twitter:creator\" content=\"@Notibras\" \/>\n<meta name=\"twitter:site\" content=\"@Notibras\" \/>\n<meta name=\"twitter:label1\" content=\"Escrito por\" \/>\n\t<meta name=\"twitter:data1\" content=\"Reda\u00e7\u00e3o\" \/>\n\t<meta name=\"twitter:label2\" content=\"Est. tempo de leitura\" \/>\n\t<meta name=\"twitter:data2\" content=\"2 minutos\" \/>\n<script type=\"application\/ld+json\" class=\"yoast-schema-graph\">{\"@context\":\"https:\\\/\\\/schema.org\",\"@graph\":[{\"@type\":\"Article\",\"@id\":\"https:\\\/\\\/www.notibras.com\\\/site\\\/rota-do-cavalo-e-alvo-de-fiscalizacao-ambiental\\\/#article\",\"isPartOf\":{\"@id\":\"https:\\\/\\\/www.notibras.com\\\/site\\\/rota-do-cavalo-e-alvo-de-fiscalizacao-ambiental\\\/\"},\"author\":{\"name\":\"Reda\u00e7\u00e3o\",\"@id\":\"https:\\\/\\\/www.notibras.com\\\/site\\\/#\\\/schema\\\/person\\\/36ab0979449956132d3e5b517ea76ac8\"},\"headline\":\"Rota do Cavalo \u00e9 alvo de fiscaliza\u00e7\u00e3o ambiental\",\"datePublished\":\"2024-05-04T03:00:39+00:00\",\"dateModified\":\"2024-05-04T11:11:32+00:00\",\"mainEntityOfPage\":{\"@id\":\"https:\\\/\\\/www.notibras.com\\\/site\\\/rota-do-cavalo-e-alvo-de-fiscalizacao-ambiental\\\/\"},\"wordCount\":345,\"publisher\":{\"@id\":\"https:\\\/\\\/www.notibras.com\\\/site\\\/#organization\"},\"image\":{\"@id\":\"https:\\\/\\\/www.notibras.com\\\/site\\\/rota-do-cavalo-e-alvo-de-fiscalizacao-ambiental\\\/#primaryimage\"},\"thumbnailUrl\":\"https:\\\/\\\/www.notibras.com\\\/site\\\/wp-content\\\/uploads\\\/2024\\\/05\\\/Foto-3-Mat-Operacao-Fsical-na-Rota-do-Cavalo.jpg\",\"articleSection\":[\"Quadradinho em Foco\"],\"inLanguage\":\"pt-BR\"},{\"@type\":\"WebPage\",\"@id\":\"https:\\\/\\\/www.notibras.com\\\/site\\\/rota-do-cavalo-e-alvo-de-fiscalizacao-ambiental\\\/\",\"url\":\"https:\\\/\\\/www.notibras.com\\\/site\\\/rota-do-cavalo-e-alvo-de-fiscalizacao-ambiental\\\/\",\"name\":\"Rota do Cavalo \u00e9 alvo de fiscaliza\u00e7\u00e3o ambiental - Notibras\",\"isPartOf\":{\"@id\":\"https:\\\/\\\/www.notibras.com\\\/site\\\/#website\"},\"primaryImageOfPage\":{\"@id\":\"https:\\\/\\\/www.notibras.com\\\/site\\\/rota-do-cavalo-e-alvo-de-fiscalizacao-ambiental\\\/#primaryimage\"},\"image\":{\"@id\":\"https:\\\/\\\/www.notibras.com\\\/site\\\/rota-do-cavalo-e-alvo-de-fiscalizacao-ambiental\\\/#primaryimage\"},\"thumbnailUrl\":\"https:\\\/\\\/www.notibras.com\\\/site\\\/wp-content\\\/uploads\\\/2024\\\/05\\\/Foto-3-Mat-Operacao-Fsical-na-Rota-do-Cavalo.jpg\",\"datePublished\":\"2024-05-04T03:00:39+00:00\",\"dateModified\":\"2024-05-04T11:11:32+00:00\",\"breadcrumb\":{\"@id\":\"https:\\\/\\\/www.notibras.com\\\/site\\\/rota-do-cavalo-e-alvo-de-fiscalizacao-ambiental\\\/#breadcrumb\"},\"inLanguage\":\"pt-BR\",\"potentialAction\":[{\"@type\":\"ReadAction\",\"target\":[\"https:\\\/\\\/www.notibras.com\\\/site\\\/rota-do-cavalo-e-alvo-de-fiscalizacao-ambiental\\\/\"]}]},{\"@type\":\"ImageObject\",\"inLanguage\":\"pt-BR\",\"@id\":\"https:\\\/\\\/www.notibras.com\\\/site\\\/rota-do-cavalo-e-alvo-de-fiscalizacao-ambiental\\\/#primaryimage\",\"url\":\"https:\\\/\\\/www.notibras.com\\\/site\\\/wp-content\\\/uploads\\\/2024\\\/05\\\/Foto-3-Mat-Operacao-Fsical-na-Rota-do-Cavalo.jpg\",\"contentUrl\":\"https:\\\/\\\/www.notibras.com\\\/site\\\/wp-content\\\/uploads\\\/2024\\\/05\\\/Foto-3-Mat-Operacao-Fsical-na-Rota-do-Cavalo.jpg\",\"width\":1125,\"height\":764},{\"@type\":\"BreadcrumbList\",\"@id\":\"https:\\\/\\\/www.notibras.com\\\/site\\\/rota-do-cavalo-e-alvo-de-fiscalizacao-ambiental\\\/#breadcrumb\",\"itemListElement\":[{\"@type\":\"ListItem\",\"position\":1,\"name\":\"In\u00edcio\",\"item\":\"https:\\\/\\\/www.notibras.com\\\/site\\\/\"},{\"@type\":\"ListItem\",\"position\":2,\"name\":\"Rota do Cavalo \u00e9 alvo de fiscaliza\u00e7\u00e3o ambiental\"}]},{\"@type\":\"WebSite\",\"@id\":\"https:\\\/\\\/www.notibras.com\\\/site\\\/#website\",\"url\":\"https:\\\/\\\/www.notibras.com\\\/site\\\/\",\"name\":\"Notibras\",\"description\":\"Not\u00edcias de Bras\u00edlia, do Brasil e do Mundo\",\"publisher\":{\"@id\":\"https:\\\/\\\/www.notibras.com\\\/site\\\/#organization\"},\"potentialAction\":[{\"@type\":\"SearchAction\",\"target\":{\"@type\":\"EntryPoint\",\"urlTemplate\":\"https:\\\/\\\/www.notibras.com\\\/site\\\/?s={search_term_string}\"},\"query-input\":{\"@type\":\"PropertyValueSpecification\",\"valueRequired\":true,\"valueName\":\"search_term_string\"}}],\"inLanguage\":\"pt-BR\"},{\"@type\":\"Organization\",\"@id\":\"https:\\\/\\\/www.notibras.com\\\/site\\\/#organization\",\"name\":\"Grupo Notibras de Comunica\u00e7\u00e3o\",\"url\":\"https:\\\/\\\/www.notibras.com\\\/site\\\/\",\"logo\":{\"@type\":\"ImageObject\",\"inLanguage\":\"pt-BR\",\"@id\":\"https:\\\/\\\/www.notibras.com\\\/site\\\/#\\\/schema\\\/logo\\\/image\\\/\",\"url\":\"https:\\\/\\\/www.notibras.com\\\/site\\\/wp-content\\\/uploads\\\/2023\\\/01\\\/notibras23.png\",\"contentUrl\":\"https:\\\/\\\/www.notibras.com\\\/site\\\/wp-content\\\/uploads\\\/2023\\\/01\\\/notibras23.png\",\"width\":350,\"height\":87,\"caption\":\"Grupo Notibras de Comunica\u00e7\u00e3o\"},\"image\":{\"@id\":\"https:\\\/\\\/www.notibras.com\\\/site\\\/#\\\/schema\\\/logo\\\/image\\\/\"},\"sameAs\":[\"https:\\\/\\\/www.facebook.com\\\/notibras\\\/\",\"https:\\\/\\\/x.com\\\/Notibras\",\"https:\\\/\\\/www.instagram.com\\\/notibras\\\/\"]},{\"@type\":\"Person\",\"@id\":\"https:\\\/\\\/www.notibras.com\\\/site\\\/#\\\/schema\\\/person\\\/36ab0979449956132d3e5b517ea76ac8\",\"name\":\"Reda\u00e7\u00e3o\",\"image\":{\"@type\":\"ImageObject\",\"inLanguage\":\"pt-BR\",\"@id\":\"https:\\\/\\\/secure.gravatar.com\\\/avatar\\\/e0a867bdedb85fd243eadf09663511f96fc81e0720a4a42581f334ad4303aa6b?s=96&d=mm&r=g\",\"url\":\"https:\\\/\\\/secure.gravatar.com\\\/avatar\\\/e0a867bdedb85fd243eadf09663511f96fc81e0720a4a42581f334ad4303aa6b?s=96&d=mm&r=g\",\"contentUrl\":\"https:\\\/\\\/secure.gravatar.com\\\/avatar\\\/e0a867bdedb85fd243eadf09663511f96fc81e0720a4a42581f334ad4303aa6b?s=96&d=mm&r=g\",\"caption\":\"Reda\u00e7\u00e3o\"}}]}<\/script>\n<!-- \/ Yoast SEO plugin. -->","yoast_head_json":{"title":"Rota do Cavalo \u00e9 alvo de fiscaliza\u00e7\u00e3o ambiental - Notibras","robots":{"index":"index","follow":"follow","max-snippet":"max-snippet:-1","max-image-preview":"max-image-preview:large","max-video-preview":"max-video-preview:-1"},"canonical":"https:\/\/www.notibras.com\/site\/rota-do-cavalo-e-alvo-de-fiscalizacao-ambiental\/","og_locale":"pt_BR","og_type":"article","og_title":"Rota do Cavalo \u00e9 alvo de fiscaliza\u00e7\u00e3o ambiental - Notibras","og_description":"Com o objetivo de coibir os parcelamentos irregulares de solo no Distrito Federal, o Instituto Bras\u00edlia Ambiental realizou nesta semana opera\u00e7\u00e3o fiscal na Rota do Cavalo, localizada na Regi\u00e3o Administrativa de Sobradinho. No local, estavam ocorrendo obras em \u00e1rea de parcelamento irregular do solo. A a\u00e7\u00e3o, que foi feita em conjunto com a Delegacia de [&hellip;]","og_url":"https:\/\/www.notibras.com\/site\/rota-do-cavalo-e-alvo-de-fiscalizacao-ambiental\/","og_site_name":"Notibras","article_publisher":"https:\/\/www.facebook.com\/notibras\/","article_published_time":"2024-05-04T03:00:39+00:00","article_modified_time":"2024-05-04T11:11:32+00:00","og_image":[{"width":1125,"height":764,"url":"https:\/\/www.notibras.com\/site\/wp-content\/uploads\/2024\/05\/Foto-3-Mat-Operacao-Fsical-na-Rota-do-Cavalo.jpg","type":"image\/jpeg"}],"author":"Reda\u00e7\u00e3o","twitter_card":"summary_large_image","twitter_creator":"@Notibras","twitter_site":"@Notibras","twitter_misc":{"Escrito por":"Reda\u00e7\u00e3o","Est. tempo de leitura":"2 minutos"},"schema":{"@context":"https:\/\/schema.org","@graph":[{"@type":"Article","@id":"https:\/\/www.notibras.com\/site\/rota-do-cavalo-e-alvo-de-fiscalizacao-ambiental\/#article","isPartOf":{"@id":"https:\/\/www.notibras.com\/site\/rota-do-cavalo-e-alvo-de-fiscalizacao-ambiental\/"},"author":{"name":"Reda\u00e7\u00e3o","@id":"https:\/\/www.notibras.com\/site\/#\/schema\/person\/36ab0979449956132d3e5b517ea76ac8"},"headline":"Rota do Cavalo \u00e9 alvo de fiscaliza\u00e7\u00e3o ambiental","datePublished":"2024-05-04T03:00:39+00:00","dateModified":"2024-05-04T11:11:32+00:00","mainEntityOfPage":{"@id":"https:\/\/www.notibras.com\/site\/rota-do-cavalo-e-alvo-de-fiscalizacao-ambiental\/"},"wordCount":345,"publisher":{"@id":"https:\/\/www.notibras.com\/site\/#organization"},"image":{"@id":"https:\/\/www.notibras.com\/site\/rota-do-cavalo-e-alvo-de-fiscalizacao-ambiental\/#primaryimage"},"thumbnailUrl":"https:\/\/www.notibras.com\/site\/wp-content\/uploads\/2024\/05\/Foto-3-Mat-Operacao-Fsical-na-Rota-do-Cavalo.jpg","articleSection":["Quadradinho em Foco"],"inLanguage":"pt-BR"},{"@type":"WebPage","@id":"https:\/\/www.notibras.com\/site\/rota-do-cavalo-e-alvo-de-fiscalizacao-ambiental\/","url":"https:\/\/www.notibras.com\/site\/rota-do-cavalo-e-alvo-de-fiscalizacao-ambiental\/","name":"Rota do Cavalo \u00e9 alvo de fiscaliza\u00e7\u00e3o ambiental - Notibras","isPartOf":{"@id":"https:\/\/www.notibras.com\/site\/#website"},"primaryImageOfPage":{"@id":"https:\/\/www.notibras.com\/site\/rota-do-cavalo-e-alvo-de-fiscalizacao-ambiental\/#primaryimage"},"image":{"@id":"https:\/\/www.notibras.com\/site\/rota-do-cavalo-e-alvo-de-fiscalizacao-ambiental\/#primaryimage"},"thumbnailUrl":"https:\/\/www.notibras.com\/site\/wp-content\/uploads\/2024\/05\/Foto-3-Mat-Operacao-Fsical-na-Rota-do-Cavalo.jpg","datePublished":"2024-05-04T03:00:39+00:00","dateModified":"2024-05-04T11:11:32+00:00","breadcrumb":{"@id":"https:\/\/www.notibras.com\/site\/rota-do-cavalo-e-alvo-de-fiscalizacao-ambiental\/#breadcrumb"},"inLanguage":"pt-BR","potentialAction":[{"@type":"ReadAction","target":["https:\/\/www.notibras.com\/site\/rota-do-cavalo-e-alvo-de-fiscalizacao-ambiental\/"]}]},{"@type":"ImageObject","inLanguage":"pt-BR","@id":"https:\/\/www.notibras.com\/site\/rota-do-cavalo-e-alvo-de-fiscalizacao-ambiental\/#primaryimage","url":"https:\/\/www.notibras.com\/site\/wp-content\/uploads\/2024\/05\/Foto-3-Mat-Operacao-Fsical-na-Rota-do-Cavalo.jpg","contentUrl":"https:\/\/www.notibras.com\/site\/wp-content\/uploads\/2024\/05\/Foto-3-Mat-Operacao-Fsical-na-Rota-do-Cavalo.jpg","width":1125,"height":764},{"@type":"BreadcrumbList","@id":"https:\/\/www.notibras.com\/site\/rota-do-cavalo-e-alvo-de-fiscalizacao-ambiental\/#breadcrumb","itemListElement":[{"@type":"ListItem","position":1,"name":"In\u00edcio","item":"https:\/\/www.notibras.com\/site\/"},{"@type":"ListItem","position":2,"name":"Rota do Cavalo \u00e9 alvo de fiscaliza\u00e7\u00e3o ambiental"}]},{"@type":"WebSite","@id":"https:\/\/www.notibras.com\/site\/#website","url":"https:\/\/www.notibras.com\/site\/","name":"Notibras","description":"Not\u00edcias de Bras\u00edlia, do Brasil e do Mundo","publisher":{"@id":"https:\/\/www.notibras.com\/site\/#organization"},"potentialAction":[{"@type":"SearchAction","target":{"@type":"EntryPoint","urlTemplate":"https:\/\/www.notibras.com\/site\/?s={search_term_string}"},"query-input":{"@type":"PropertyValueSpecification","valueRequired":true,"valueName":"search_term_string"}}],"inLanguage":"pt-BR"},{"@type":"Organization","@id":"https:\/\/www.notibras.com\/site\/#organization","name":"Grupo Notibras de Comunica\u00e7\u00e3o","url":"https:\/\/www.notibras.com\/site\/","logo":{"@type":"ImageObject","inLanguage":"pt-BR","@id":"https:\/\/www.notibras.com\/site\/#\/schema\/logo\/image\/","url":"https:\/\/www.notibras.com\/site\/wp-content\/uploads\/2023\/01\/notibras23.png","contentUrl":"https:\/\/www.notibras.com\/site\/wp-content\/uploads\/2023\/01\/notibras23.png","width":350,"height":87,"caption":"Grupo Notibras de Comunica\u00e7\u00e3o"},"image":{"@id":"https:\/\/www.notibras.com\/site\/#\/schema\/logo\/image\/"},"sameAs":["https:\/\/www.facebook.com\/notibras\/","https:\/\/x.com\/Notibras","https:\/\/www.instagram.com\/notibras\/"]},{"@type":"Person","@id":"https:\/\/www.notibras.com\/site\/#\/schema\/person\/36ab0979449956132d3e5b517ea76ac8","name":"Reda\u00e7\u00e3o","image":{"@type":"ImageObject","inLanguage":"pt-BR","@id":"https:\/\/secure.gravatar.com\/avatar\/e0a867bdedb85fd243eadf09663511f96fc81e0720a4a42581f334ad4303aa6b?s=96&d=mm&r=g","url":"https:\/\/secure.gravatar.com\/avatar\/e0a867bdedb85fd243eadf09663511f96fc81e0720a4a42581f334ad4303aa6b?s=96&d=mm&r=g","contentUrl":"https:\/\/secure.gravatar.com\/avatar\/e0a867bdedb85fd243eadf09663511f96fc81e0720a4a42581f334ad4303aa6b?s=96&d=mm&r=g","caption":"Reda\u00e7\u00e3o"}}]}},"amp_enabled":true,"_links":{"self":[{"href":"https:\/\/www.notibras.com\/site\/wp-json\/wp\/v2\/posts\/328022","targetHints":{"allow":["GET"]}}],"collection":[{"href":"https:\/\/www.notibras.com\/site\/wp-json\/wp\/v2\/posts"}],"about":[{"href":"https:\/\/www.notibras.com\/site\/wp-json\/wp\/v2\/types\/post"}],"author":[{"embeddable":true,"href":"https:\/\/www.notibras.com\/site\/wp-json\/wp\/v2\/users\/2"}],"replies":[{"embeddable":true,"href":"https:\/\/www.notibras.com\/site\/wp-json\/wp\/v2\/comments?post=328022"}],"version-history":[{"count":1,"href":"https:\/\/www.notibras.com\/site\/wp-json\/wp\/v2\/posts\/328022\/revisions"}],"predecessor-version":[{"id":328024,"href":"https:\/\/www.notibras.com\/site\/wp-json\/wp\/v2\/posts\/328022\/revisions\/328024"}],"wp:featuredmedia":[{"embeddable":true,"href":"https:\/\/www.notibras.com\/site\/wp-json\/wp\/v2\/media\/328023"}],"wp:attachment":[{"href":"https:\/\/www.notibras.com\/site\/wp-json\/wp\/v2\/media?parent=328022"}],"wp:term":[{"taxonomy":"category","embeddable":true,"href":"https:\/\/www.notibras.com\/site\/wp-json\/wp\/v2\/categories?post=328022"},{"taxonomy":"post_tag","embeddable":true,"href":"https:\/\/www.notibras.com\/site\/wp-json\/wp\/v2\/tags?post=328022"}],"curies":[{"name":"wp","href":"https:\/\/api.w.org\/{rel}","templated":true}]}}