{"id":328025,"date":"2024-05-04T00:00:21","date_gmt":"2024-05-04T03:00:21","guid":{"rendered":"https:\/\/www.notibras.com\/site\/?p=328025"},"modified":"2024-05-04T08:17:31","modified_gmt":"2024-05-04T11:17:31","slug":"chorinho-e-aulas-de-musicalizacao-chegam-as-escolas-publicas","status":"publish","type":"post","link":"https:\/\/www.notibras.com\/site\/chorinho-e-aulas-de-musicalizacao-chegam-as-escolas-publicas\/","title":{"rendered":"Chorinho e aulas de musicaliza\u00e7\u00e3o chegam \u00e0s escolas p\u00fablicas"},"content":{"rendered":"<p>Mais de 60 alunos do Centro de Ensino M\u00e9dio Integrado (Cemi) do Cruzeiro participaram de uma experi\u00eancia \u00edmpar. Nesta sexta-feira (3), os estudantes foram conhecer o Espa\u00e7o Cultural do Choro de Bras\u00edlia e acompanhar uma aula-show com apresenta\u00e7\u00f5es musicais em um repert\u00f3rio recheado de cl\u00e1ssicos do estilo musical.<\/p>\n<p>A iniciativa faz parte do projeto M\u00fasica para Todos, que, com o apoio do Governo do Distrito Federal (GDF), por meio das secretarias de Educa\u00e7\u00e3o (SEEDF) e de Cultura e Economia Criativa (Secec-DF), leva o choro, um dos mais antigos g\u00eaneros musicais brasileiros e recentemente reconhecido como Patrim\u00f4nio Cultural Brasileiro, para as escolas p\u00fablicas do DF. A expectativa do projeto \u00e9 atender ao todo 250 jovens, divididos em dez turmas com 25 alunos cada.<\/p>\n<p>O projeto-piloto do Clube do Choro e da Escola Brasileira de Choro vai semanalmente para a escola dar aulas de musicaliza\u00e7\u00e3o sobre o choro. As aulas de instrumento e pr\u00e1tica em conjunto s\u00e3o semanais, com dura\u00e7\u00e3o de duas horas, e ocorrem no contraturno escolar. Uma sexta-feira por m\u00eas, um dos encontros \u00e9 dedicado a uma aula-show no Clube. A metodologia consiste em abordar o g\u00eanero visitando obras de grandes compositores como Pixinguinha, Waldir Azevedo, Jacob do Bandolim e Raphael Rabello. Al\u00e9m da parte te\u00f3rica, os estudantes aprendem tamb\u00e9m a tocar instrumentos como cavaquinho, viol\u00e3o, pandeiro e percuss\u00e3o.<\/p>\n<p>De acordo com o diretor da Escola de Choro, Henrique Neto, o M\u00fasica para Todos \u00e9 composto por tr\u00eas pilares. \u201cS\u00e3o aulas presenciais, o nosso n\u00facleo de professores vai at\u00e9 a escola trabalhar o choro com os alunos, atualmente estamos no Cemi e no IFB [Instituto Federal de Bras\u00edlia]. E, por fim, vamos disponibilizar nove cursos completos, em formato online, democratizando ainda mais o choro\u201d, explica.<\/p>\n<p>Ainda como uma forma de aproximar a popula\u00e7\u00e3o do estilo musical, a iniciativa prev\u00ea apresenta\u00e7\u00f5es em diversas regi\u00f5es administrativas. \u201cEstamos fazendo rodas itinerantes pela nossa cidade. Queremos levar o choro para as pessoas em v\u00e1rios lugares p\u00fablicos, como o Parque da Cidade e em outras cidades do DF. Em um total de 40 rodas\u201d, completa Henrique Neto.<\/p>\n<p><strong>Alunos satisfeitos<\/strong><br \/>\nTodas as sextas-feiras, no per\u00edodo da tarde, os alunos e os professores do CEMI participam das aulas de choro com os integrantes do clube. O estudante do terceiro ano do Ensino M\u00e9dio, Jo\u00e3o Paulo Silveira, de 18 anos, afirma que a partir das aulas adotou o g\u00eanero musical para a vida. \u201cEst\u00e1 muito legal tocar, no in\u00edcio eu pensava que n\u00e3o conhecia o estilo musical, depois vi que ele est\u00e1 inserido em todos os estilos, o que aprendo aqui posso tocar em outros estilos, como o rock. O choro \u00e9 enorme. J\u00e1 junto com os amigos, treinamos e tocamos em casa, \u00e9 um projeto muito bom\u201d, relata o aprendiz.<\/p>\n<p>A mesma empolga\u00e7\u00e3o de Jo\u00e3o \u00e9 compartilhada pelos outros estudantes que fazem parte do projeto, de acordo com o diretor do Cemi Cruzeiro, Get\u00falio Cruz, existe uma fila de espera na escola para alunos interessados em participar das aulas de musicaliza\u00e7\u00e3o.<\/p>\n<p>\u201cOs alunos abra\u00e7aram o projeto, \u00e9 uma situa\u00e7\u00e3o musical muito importante, pois eles escolhem um instrumento para trabalhar, \u00e9 tudo de maneira gratuita. \u00c9 o despertar deles para o gosto musical, desenvolve coordena\u00e7\u00e3o, a socializa\u00e7\u00e3o. Todos os dias recebo alunos interessados em ingressar no projeto. Queremos, at\u00e9 outubro, atender a todos\u201d, destaca o diretor do Cemi.<\/p>\n<p>Ao final dos cursos, os participantes receber\u00e3o um certificado de conclus\u00e3o em uma cerim\u00f4nia no Clube do Choro, seguida de uma apresenta\u00e7\u00e3o musical com grupos contratados.<\/p>\n","protected":false},"excerpt":{"rendered":"<p>Mais de 60 alunos do Centro de Ensino M\u00e9dio Integrado (Cemi) do Cruzeiro participaram de uma experi\u00eancia \u00edmpar. Nesta sexta-feira (3), os estudantes foram conhecer o Espa\u00e7o Cultural do Choro de Bras\u00edlia e acompanhar uma aula-show com apresenta\u00e7\u00f5es musicais em um repert\u00f3rio recheado de cl\u00e1ssicos do estilo musical. A iniciativa faz parte do projeto M\u00fasica [&hellip;]<\/p>\n","protected":false},"author":2,"featured_media":328026,"comment_status":"closed","ping_status":"closed","sticky":false,"template":"","format":"standard","meta":{"_acf_changed":false,"footnotes":""},"categories":[161],"tags":[],"class_list":["post-328025","post","type-post","status-publish","format-standard","has-post-thumbnail","hentry","category-quadradinho-em-foco"],"acf":[],"yoast_head":"<!-- This site is optimized with the Yoast SEO plugin v27.5 - https:\/\/yoast.com\/product\/yoast-seo-wordpress\/ -->\n<title>Chorinho e aulas de musicaliza\u00e7\u00e3o chegam \u00e0s escolas p\u00fablicas - Notibras<\/title>\n<meta name=\"robots\" content=\"index, follow, max-snippet:-1, max-image-preview:large, max-video-preview:-1\" \/>\n<link rel=\"canonical\" href=\"https:\/\/www.notibras.com\/site\/chorinho-e-aulas-de-musicalizacao-chegam-as-escolas-publicas\/\" \/>\n<meta property=\"og:locale\" content=\"pt_BR\" \/>\n<meta property=\"og:type\" content=\"article\" \/>\n<meta property=\"og:title\" content=\"Chorinho e aulas de musicaliza\u00e7\u00e3o chegam \u00e0s escolas p\u00fablicas - Notibras\" \/>\n<meta property=\"og:description\" content=\"Mais de 60 alunos do Centro de Ensino M\u00e9dio Integrado (Cemi) do Cruzeiro participaram de uma experi\u00eancia \u00edmpar. Nesta sexta-feira (3), os estudantes foram conhecer o Espa\u00e7o Cultural do Choro de Bras\u00edlia e acompanhar uma aula-show com apresenta\u00e7\u00f5es musicais em um repert\u00f3rio recheado de cl\u00e1ssicos do estilo musical. A iniciativa faz parte do projeto M\u00fasica [&hellip;]\" \/>\n<meta property=\"og:url\" content=\"https:\/\/www.notibras.com\/site\/chorinho-e-aulas-de-musicalizacao-chegam-as-escolas-publicas\/\" \/>\n<meta property=\"og:site_name\" content=\"Notibras\" \/>\n<meta property=\"article:publisher\" content=\"https:\/\/www.facebook.com\/notibras\/\" \/>\n<meta property=\"article:published_time\" content=\"2024-05-04T03:00:21+00:00\" \/>\n<meta property=\"article:modified_time\" content=\"2024-05-04T11:17:31+00:00\" \/>\n<meta property=\"og:image\" content=\"https:\/\/www.notibras.com\/site\/wp-content\/uploads\/2024\/05\/DENTRO-JRO_3517-1536x1024-1.jpg\" \/>\n\t<meta property=\"og:image:width\" content=\"1536\" \/>\n\t<meta property=\"og:image:height\" content=\"1024\" \/>\n\t<meta property=\"og:image:type\" content=\"image\/jpeg\" \/>\n<meta name=\"author\" content=\"Reda\u00e7\u00e3o\" \/>\n<meta name=\"twitter:card\" content=\"summary_large_image\" \/>\n<meta name=\"twitter:creator\" content=\"@Notibras\" \/>\n<meta name=\"twitter:site\" content=\"@Notibras\" \/>\n<meta name=\"twitter:label1\" content=\"Escrito por\" \/>\n\t<meta name=\"twitter:data1\" content=\"Reda\u00e7\u00e3o\" \/>\n\t<meta name=\"twitter:label2\" content=\"Est. tempo de leitura\" \/>\n\t<meta name=\"twitter:data2\" content=\"4 minutos\" \/>\n<script type=\"application\/ld+json\" class=\"yoast-schema-graph\">{\"@context\":\"https:\\\/\\\/schema.org\",\"@graph\":[{\"@type\":\"Article\",\"@id\":\"https:\\\/\\\/www.notibras.com\\\/site\\\/chorinho-e-aulas-de-musicalizacao-chegam-as-escolas-publicas\\\/#article\",\"isPartOf\":{\"@id\":\"https:\\\/\\\/www.notibras.com\\\/site\\\/chorinho-e-aulas-de-musicalizacao-chegam-as-escolas-publicas\\\/\"},\"author\":{\"name\":\"Reda\u00e7\u00e3o\",\"@id\":\"https:\\\/\\\/www.notibras.com\\\/site\\\/#\\\/schema\\\/person\\\/36ab0979449956132d3e5b517ea76ac8\"},\"headline\":\"Chorinho e aulas de musicaliza\u00e7\u00e3o chegam \u00e0s escolas p\u00fablicas\",\"datePublished\":\"2024-05-04T03:00:21+00:00\",\"dateModified\":\"2024-05-04T11:17:31+00:00\",\"mainEntityOfPage\":{\"@id\":\"https:\\\/\\\/www.notibras.com\\\/site\\\/chorinho-e-aulas-de-musicalizacao-chegam-as-escolas-publicas\\\/\"},\"wordCount\":623,\"publisher\":{\"@id\":\"https:\\\/\\\/www.notibras.com\\\/site\\\/#organization\"},\"image\":{\"@id\":\"https:\\\/\\\/www.notibras.com\\\/site\\\/chorinho-e-aulas-de-musicalizacao-chegam-as-escolas-publicas\\\/#primaryimage\"},\"thumbnailUrl\":\"https:\\\/\\\/www.notibras.com\\\/site\\\/wp-content\\\/uploads\\\/2024\\\/05\\\/DENTRO-JRO_3517-1536x1024-1.jpg\",\"articleSection\":[\"Quadradinho em Foco\"],\"inLanguage\":\"pt-BR\"},{\"@type\":\"WebPage\",\"@id\":\"https:\\\/\\\/www.notibras.com\\\/site\\\/chorinho-e-aulas-de-musicalizacao-chegam-as-escolas-publicas\\\/\",\"url\":\"https:\\\/\\\/www.notibras.com\\\/site\\\/chorinho-e-aulas-de-musicalizacao-chegam-as-escolas-publicas\\\/\",\"name\":\"Chorinho e aulas de musicaliza\u00e7\u00e3o chegam \u00e0s escolas p\u00fablicas - Notibras\",\"isPartOf\":{\"@id\":\"https:\\\/\\\/www.notibras.com\\\/site\\\/#website\"},\"primaryImageOfPage\":{\"@id\":\"https:\\\/\\\/www.notibras.com\\\/site\\\/chorinho-e-aulas-de-musicalizacao-chegam-as-escolas-publicas\\\/#primaryimage\"},\"image\":{\"@id\":\"https:\\\/\\\/www.notibras.com\\\/site\\\/chorinho-e-aulas-de-musicalizacao-chegam-as-escolas-publicas\\\/#primaryimage\"},\"thumbnailUrl\":\"https:\\\/\\\/www.notibras.com\\\/site\\\/wp-content\\\/uploads\\\/2024\\\/05\\\/DENTRO-JRO_3517-1536x1024-1.jpg\",\"datePublished\":\"2024-05-04T03:00:21+00:00\",\"dateModified\":\"2024-05-04T11:17:31+00:00\",\"breadcrumb\":{\"@id\":\"https:\\\/\\\/www.notibras.com\\\/site\\\/chorinho-e-aulas-de-musicalizacao-chegam-as-escolas-publicas\\\/#breadcrumb\"},\"inLanguage\":\"pt-BR\",\"potentialAction\":[{\"@type\":\"ReadAction\",\"target\":[\"https:\\\/\\\/www.notibras.com\\\/site\\\/chorinho-e-aulas-de-musicalizacao-chegam-as-escolas-publicas\\\/\"]}]},{\"@type\":\"ImageObject\",\"inLanguage\":\"pt-BR\",\"@id\":\"https:\\\/\\\/www.notibras.com\\\/site\\\/chorinho-e-aulas-de-musicalizacao-chegam-as-escolas-publicas\\\/#primaryimage\",\"url\":\"https:\\\/\\\/www.notibras.com\\\/site\\\/wp-content\\\/uploads\\\/2024\\\/05\\\/DENTRO-JRO_3517-1536x1024-1.jpg\",\"contentUrl\":\"https:\\\/\\\/www.notibras.com\\\/site\\\/wp-content\\\/uploads\\\/2024\\\/05\\\/DENTRO-JRO_3517-1536x1024-1.jpg\",\"width\":1536,\"height\":1024},{\"@type\":\"BreadcrumbList\",\"@id\":\"https:\\\/\\\/www.notibras.com\\\/site\\\/chorinho-e-aulas-de-musicalizacao-chegam-as-escolas-publicas\\\/#breadcrumb\",\"itemListElement\":[{\"@type\":\"ListItem\",\"position\":1,\"name\":\"In\u00edcio\",\"item\":\"https:\\\/\\\/www.notibras.com\\\/site\\\/\"},{\"@type\":\"ListItem\",\"position\":2,\"name\":\"Chorinho e aulas de musicaliza\u00e7\u00e3o chegam \u00e0s escolas p\u00fablicas\"}]},{\"@type\":\"WebSite\",\"@id\":\"https:\\\/\\\/www.notibras.com\\\/site\\\/#website\",\"url\":\"https:\\\/\\\/www.notibras.com\\\/site\\\/\",\"name\":\"Notibras\",\"description\":\"Not\u00edcias de Bras\u00edlia, do Brasil e do Mundo\",\"publisher\":{\"@id\":\"https:\\\/\\\/www.notibras.com\\\/site\\\/#organization\"},\"potentialAction\":[{\"@type\":\"SearchAction\",\"target\":{\"@type\":\"EntryPoint\",\"urlTemplate\":\"https:\\\/\\\/www.notibras.com\\\/site\\\/?s={search_term_string}\"},\"query-input\":{\"@type\":\"PropertyValueSpecification\",\"valueRequired\":true,\"valueName\":\"search_term_string\"}}],\"inLanguage\":\"pt-BR\"},{\"@type\":\"Organization\",\"@id\":\"https:\\\/\\\/www.notibras.com\\\/site\\\/#organization\",\"name\":\"Grupo Notibras de Comunica\u00e7\u00e3o\",\"url\":\"https:\\\/\\\/www.notibras.com\\\/site\\\/\",\"logo\":{\"@type\":\"ImageObject\",\"inLanguage\":\"pt-BR\",\"@id\":\"https:\\\/\\\/www.notibras.com\\\/site\\\/#\\\/schema\\\/logo\\\/image\\\/\",\"url\":\"https:\\\/\\\/www.notibras.com\\\/site\\\/wp-content\\\/uploads\\\/2023\\\/01\\\/notibras23.png\",\"contentUrl\":\"https:\\\/\\\/www.notibras.com\\\/site\\\/wp-content\\\/uploads\\\/2023\\\/01\\\/notibras23.png\",\"width\":350,\"height\":87,\"caption\":\"Grupo Notibras de Comunica\u00e7\u00e3o\"},\"image\":{\"@id\":\"https:\\\/\\\/www.notibras.com\\\/site\\\/#\\\/schema\\\/logo\\\/image\\\/\"},\"sameAs\":[\"https:\\\/\\\/www.facebook.com\\\/notibras\\\/\",\"https:\\\/\\\/x.com\\\/Notibras\",\"https:\\\/\\\/www.instagram.com\\\/notibras\\\/\"]},{\"@type\":\"Person\",\"@id\":\"https:\\\/\\\/www.notibras.com\\\/site\\\/#\\\/schema\\\/person\\\/36ab0979449956132d3e5b517ea76ac8\",\"name\":\"Reda\u00e7\u00e3o\",\"image\":{\"@type\":\"ImageObject\",\"inLanguage\":\"pt-BR\",\"@id\":\"https:\\\/\\\/secure.gravatar.com\\\/avatar\\\/e0a867bdedb85fd243eadf09663511f96fc81e0720a4a42581f334ad4303aa6b?s=96&d=mm&r=g\",\"url\":\"https:\\\/\\\/secure.gravatar.com\\\/avatar\\\/e0a867bdedb85fd243eadf09663511f96fc81e0720a4a42581f334ad4303aa6b?s=96&d=mm&r=g\",\"contentUrl\":\"https:\\\/\\\/secure.gravatar.com\\\/avatar\\\/e0a867bdedb85fd243eadf09663511f96fc81e0720a4a42581f334ad4303aa6b?s=96&d=mm&r=g\",\"caption\":\"Reda\u00e7\u00e3o\"}}]}<\/script>\n<!-- \/ Yoast SEO plugin. -->","yoast_head_json":{"title":"Chorinho e aulas de musicaliza\u00e7\u00e3o chegam \u00e0s escolas p\u00fablicas - Notibras","robots":{"index":"index","follow":"follow","max-snippet":"max-snippet:-1","max-image-preview":"max-image-preview:large","max-video-preview":"max-video-preview:-1"},"canonical":"https:\/\/www.notibras.com\/site\/chorinho-e-aulas-de-musicalizacao-chegam-as-escolas-publicas\/","og_locale":"pt_BR","og_type":"article","og_title":"Chorinho e aulas de musicaliza\u00e7\u00e3o chegam \u00e0s escolas p\u00fablicas - Notibras","og_description":"Mais de 60 alunos do Centro de Ensino M\u00e9dio Integrado (Cemi) do Cruzeiro participaram de uma experi\u00eancia \u00edmpar. Nesta sexta-feira (3), os estudantes foram conhecer o Espa\u00e7o Cultural do Choro de Bras\u00edlia e acompanhar uma aula-show com apresenta\u00e7\u00f5es musicais em um repert\u00f3rio recheado de cl\u00e1ssicos do estilo musical. A iniciativa faz parte do projeto M\u00fasica [&hellip;]","og_url":"https:\/\/www.notibras.com\/site\/chorinho-e-aulas-de-musicalizacao-chegam-as-escolas-publicas\/","og_site_name":"Notibras","article_publisher":"https:\/\/www.facebook.com\/notibras\/","article_published_time":"2024-05-04T03:00:21+00:00","article_modified_time":"2024-05-04T11:17:31+00:00","og_image":[{"width":1536,"height":1024,"url":"https:\/\/www.notibras.com\/site\/wp-content\/uploads\/2024\/05\/DENTRO-JRO_3517-1536x1024-1.jpg","type":"image\/jpeg"}],"author":"Reda\u00e7\u00e3o","twitter_card":"summary_large_image","twitter_creator":"@Notibras","twitter_site":"@Notibras","twitter_misc":{"Escrito por":"Reda\u00e7\u00e3o","Est. tempo de leitura":"4 minutos"},"schema":{"@context":"https:\/\/schema.org","@graph":[{"@type":"Article","@id":"https:\/\/www.notibras.com\/site\/chorinho-e-aulas-de-musicalizacao-chegam-as-escolas-publicas\/#article","isPartOf":{"@id":"https:\/\/www.notibras.com\/site\/chorinho-e-aulas-de-musicalizacao-chegam-as-escolas-publicas\/"},"author":{"name":"Reda\u00e7\u00e3o","@id":"https:\/\/www.notibras.com\/site\/#\/schema\/person\/36ab0979449956132d3e5b517ea76ac8"},"headline":"Chorinho e aulas de musicaliza\u00e7\u00e3o chegam \u00e0s escolas p\u00fablicas","datePublished":"2024-05-04T03:00:21+00:00","dateModified":"2024-05-04T11:17:31+00:00","mainEntityOfPage":{"@id":"https:\/\/www.notibras.com\/site\/chorinho-e-aulas-de-musicalizacao-chegam-as-escolas-publicas\/"},"wordCount":623,"publisher":{"@id":"https:\/\/www.notibras.com\/site\/#organization"},"image":{"@id":"https:\/\/www.notibras.com\/site\/chorinho-e-aulas-de-musicalizacao-chegam-as-escolas-publicas\/#primaryimage"},"thumbnailUrl":"https:\/\/www.notibras.com\/site\/wp-content\/uploads\/2024\/05\/DENTRO-JRO_3517-1536x1024-1.jpg","articleSection":["Quadradinho em Foco"],"inLanguage":"pt-BR"},{"@type":"WebPage","@id":"https:\/\/www.notibras.com\/site\/chorinho-e-aulas-de-musicalizacao-chegam-as-escolas-publicas\/","url":"https:\/\/www.notibras.com\/site\/chorinho-e-aulas-de-musicalizacao-chegam-as-escolas-publicas\/","name":"Chorinho e aulas de musicaliza\u00e7\u00e3o chegam \u00e0s escolas p\u00fablicas - Notibras","isPartOf":{"@id":"https:\/\/www.notibras.com\/site\/#website"},"primaryImageOfPage":{"@id":"https:\/\/www.notibras.com\/site\/chorinho-e-aulas-de-musicalizacao-chegam-as-escolas-publicas\/#primaryimage"},"image":{"@id":"https:\/\/www.notibras.com\/site\/chorinho-e-aulas-de-musicalizacao-chegam-as-escolas-publicas\/#primaryimage"},"thumbnailUrl":"https:\/\/www.notibras.com\/site\/wp-content\/uploads\/2024\/05\/DENTRO-JRO_3517-1536x1024-1.jpg","datePublished":"2024-05-04T03:00:21+00:00","dateModified":"2024-05-04T11:17:31+00:00","breadcrumb":{"@id":"https:\/\/www.notibras.com\/site\/chorinho-e-aulas-de-musicalizacao-chegam-as-escolas-publicas\/#breadcrumb"},"inLanguage":"pt-BR","potentialAction":[{"@type":"ReadAction","target":["https:\/\/www.notibras.com\/site\/chorinho-e-aulas-de-musicalizacao-chegam-as-escolas-publicas\/"]}]},{"@type":"ImageObject","inLanguage":"pt-BR","@id":"https:\/\/www.notibras.com\/site\/chorinho-e-aulas-de-musicalizacao-chegam-as-escolas-publicas\/#primaryimage","url":"https:\/\/www.notibras.com\/site\/wp-content\/uploads\/2024\/05\/DENTRO-JRO_3517-1536x1024-1.jpg","contentUrl":"https:\/\/www.notibras.com\/site\/wp-content\/uploads\/2024\/05\/DENTRO-JRO_3517-1536x1024-1.jpg","width":1536,"height":1024},{"@type":"BreadcrumbList","@id":"https:\/\/www.notibras.com\/site\/chorinho-e-aulas-de-musicalizacao-chegam-as-escolas-publicas\/#breadcrumb","itemListElement":[{"@type":"ListItem","position":1,"name":"In\u00edcio","item":"https:\/\/www.notibras.com\/site\/"},{"@type":"ListItem","position":2,"name":"Chorinho e aulas de musicaliza\u00e7\u00e3o chegam \u00e0s escolas p\u00fablicas"}]},{"@type":"WebSite","@id":"https:\/\/www.notibras.com\/site\/#website","url":"https:\/\/www.notibras.com\/site\/","name":"Notibras","description":"Not\u00edcias de Bras\u00edlia, do Brasil e do Mundo","publisher":{"@id":"https:\/\/www.notibras.com\/site\/#organization"},"potentialAction":[{"@type":"SearchAction","target":{"@type":"EntryPoint","urlTemplate":"https:\/\/www.notibras.com\/site\/?s={search_term_string}"},"query-input":{"@type":"PropertyValueSpecification","valueRequired":true,"valueName":"search_term_string"}}],"inLanguage":"pt-BR"},{"@type":"Organization","@id":"https:\/\/www.notibras.com\/site\/#organization","name":"Grupo Notibras de Comunica\u00e7\u00e3o","url":"https:\/\/www.notibras.com\/site\/","logo":{"@type":"ImageObject","inLanguage":"pt-BR","@id":"https:\/\/www.notibras.com\/site\/#\/schema\/logo\/image\/","url":"https:\/\/www.notibras.com\/site\/wp-content\/uploads\/2023\/01\/notibras23.png","contentUrl":"https:\/\/www.notibras.com\/site\/wp-content\/uploads\/2023\/01\/notibras23.png","width":350,"height":87,"caption":"Grupo Notibras de Comunica\u00e7\u00e3o"},"image":{"@id":"https:\/\/www.notibras.com\/site\/#\/schema\/logo\/image\/"},"sameAs":["https:\/\/www.facebook.com\/notibras\/","https:\/\/x.com\/Notibras","https:\/\/www.instagram.com\/notibras\/"]},{"@type":"Person","@id":"https:\/\/www.notibras.com\/site\/#\/schema\/person\/36ab0979449956132d3e5b517ea76ac8","name":"Reda\u00e7\u00e3o","image":{"@type":"ImageObject","inLanguage":"pt-BR","@id":"https:\/\/secure.gravatar.com\/avatar\/e0a867bdedb85fd243eadf09663511f96fc81e0720a4a42581f334ad4303aa6b?s=96&d=mm&r=g","url":"https:\/\/secure.gravatar.com\/avatar\/e0a867bdedb85fd243eadf09663511f96fc81e0720a4a42581f334ad4303aa6b?s=96&d=mm&r=g","contentUrl":"https:\/\/secure.gravatar.com\/avatar\/e0a867bdedb85fd243eadf09663511f96fc81e0720a4a42581f334ad4303aa6b?s=96&d=mm&r=g","caption":"Reda\u00e7\u00e3o"}}]}},"amp_enabled":true,"_links":{"self":[{"href":"https:\/\/www.notibras.com\/site\/wp-json\/wp\/v2\/posts\/328025","targetHints":{"allow":["GET"]}}],"collection":[{"href":"https:\/\/www.notibras.com\/site\/wp-json\/wp\/v2\/posts"}],"about":[{"href":"https:\/\/www.notibras.com\/site\/wp-json\/wp\/v2\/types\/post"}],"author":[{"embeddable":true,"href":"https:\/\/www.notibras.com\/site\/wp-json\/wp\/v2\/users\/2"}],"replies":[{"embeddable":true,"href":"https:\/\/www.notibras.com\/site\/wp-json\/wp\/v2\/comments?post=328025"}],"version-history":[{"count":1,"href":"https:\/\/www.notibras.com\/site\/wp-json\/wp\/v2\/posts\/328025\/revisions"}],"predecessor-version":[{"id":328027,"href":"https:\/\/www.notibras.com\/site\/wp-json\/wp\/v2\/posts\/328025\/revisions\/328027"}],"wp:featuredmedia":[{"embeddable":true,"href":"https:\/\/www.notibras.com\/site\/wp-json\/wp\/v2\/media\/328026"}],"wp:attachment":[{"href":"https:\/\/www.notibras.com\/site\/wp-json\/wp\/v2\/media?parent=328025"}],"wp:term":[{"taxonomy":"category","embeddable":true,"href":"https:\/\/www.notibras.com\/site\/wp-json\/wp\/v2\/categories?post=328025"},{"taxonomy":"post_tag","embeddable":true,"href":"https:\/\/www.notibras.com\/site\/wp-json\/wp\/v2\/tags?post=328025"}],"curies":[{"name":"wp","href":"https:\/\/api.w.org\/{rel}","templated":true}]}}