{"id":328028,"date":"2024-05-04T00:00:14","date_gmt":"2024-05-04T03:00:14","guid":{"rendered":"https:\/\/www.notibras.com\/site\/?p=328028"},"modified":"2024-05-04T08:25:39","modified_gmt":"2024-05-04T11:25:39","slug":"eixao-tera-fiscalizacao-especial-para-conter-degradacao","status":"publish","type":"post","link":"https:\/\/www.notibras.com\/site\/eixao-tera-fiscalizacao-especial-para-conter-degradacao\/","title":{"rendered":"Eix\u00e3o ter\u00e1 fiscaliza\u00e7\u00e3o especial para conter degrada\u00e7\u00e3o"},"content":{"rendered":"<p>A partir deste domingo (5), o Departamento de Estradas de Rodagem do DF (DER-DF) vai intensificar a fiscaliza\u00e7\u00e3o ao longo do Eix\u00e3o do Lazer. A a\u00e7\u00e3o tem car\u00e1ter educativo e visa chamar a aten\u00e7\u00e3o dos frequentadores para a preserva\u00e7\u00e3o de um dos cart\u00f5es postais da cidade.<\/p>\n<p>\u201cSabemos que o Eix\u00e3o do Lazer \u00e9 palco de diversas atividades art\u00edsticas, recreacionais e culturais para milhares de brasilienses, que aproveitam os domingos para explorar Bras\u00edlia. Por isso, o DER-DF vai fortalecer a fiscaliza\u00e7\u00e3o para que os cidad\u00e3os se conscientizem da import\u00e2ncia do uso correto dos gramados e da via aos domingos\u201d, explica Fauzi Nacfur J\u00fanior, presidente do DER-DF.<\/p>\n<p>Nacfur acrescenta que o Departamento de Estradas entende a fun\u00e7\u00e3o social do Eix\u00e3o, mas n\u00e3o pode fechar os olhos para as irregularidades apontadas pela nossa fiscaliza\u00e7\u00e3o, tais como ocupa\u00e7\u00e3o irregular do gramado por ve\u00edculos e quiosques, com\u00e9rcio irregular, falta de autoriza\u00e7\u00e3o para a realiza\u00e7\u00e3o de eventos, al\u00e9m de som alto e conduta inapropriada.<\/p>\n<p>O administrador do Plano Piloto, Bruno Ol\u00edmpio, ressalta que o Eix\u00e3o do Lazer se tornou uma grande alternativa de divers\u00e3o e pr\u00e1tica desportiva para as fam\u00edlias e que a parceria com o DER \u00e9 para manter o espa\u00e7o mais organizado e seguro para os frequentadores.<\/p>\n<p>\u201cCom essa a\u00e7\u00e3o queremos conscientizar e instruir os cidad\u00e3os em caso de detectarmos alguma irregularidade, j\u00e1 que sabemos que a \u00e1rea recebe grande p\u00fablico aos domingos e feriados\u201d, enfatizou Bruno Ol\u00edmpio.<\/p>\n<p>Como esses transtornos impedem o tr\u00e2nsito seguro de pedestres e atrapalham o descanso e a paz na vizinhan\u00e7a, o DER-DF intensificar\u00e1 o efetivo a partir deste domingo em todo o per\u00edmetro do Eixo Rodovi\u00e1rio, que tem cerca de 15 km de extens\u00e3o, em cada sentido da via.<\/p>\n<p>Para impedir a\u00e7\u00f5es que desvirtuem a real natureza do Eix\u00e3o do Lazer e extrapolem sua finalidade, os agentes de tr\u00e2nsito e de faixa de dom\u00ednio estar\u00e3o nas ruas orientando a popula\u00e7\u00e3o para coibir condutas irregulares que acabam por impedir que os brasilienses utilizem de forma democr\u00e1tica e segura esse espa\u00e7o da forma que foi idealizado.<\/p>\n<p>A equipe do DER-DF orientar\u00e1 os cidad\u00e3os com o objetivo de garantir que pedestres, ciclistas e adeptos de esportes ao ar livre tenham uma \u00e1rea segura e livre de carros aos domingos. Al\u00e9m de lutar pela manuten\u00e7\u00e3o da ordem, garantia da seguran\u00e7a vi\u00e1ria e preserva\u00e7\u00e3o da \u00e1rea tombada de Bras\u00edlia.<\/p>\n","protected":false},"excerpt":{"rendered":"<p>A partir deste domingo (5), o Departamento de Estradas de Rodagem do DF (DER-DF) vai intensificar a fiscaliza\u00e7\u00e3o ao longo do Eix\u00e3o do Lazer. A a\u00e7\u00e3o tem car\u00e1ter educativo e visa chamar a aten\u00e7\u00e3o dos frequentadores para a preserva\u00e7\u00e3o de um dos cart\u00f5es postais da cidade. \u201cSabemos que o Eix\u00e3o do Lazer \u00e9 palco de [&hellip;]<\/p>\n","protected":false},"author":2,"featured_media":306275,"comment_status":"closed","ping_status":"closed","sticky":false,"template":"","format":"standard","meta":{"_acf_changed":false,"footnotes":""},"categories":[161],"tags":[],"class_list":["post-328028","post","type-post","status-publish","format-standard","has-post-thumbnail","hentry","category-quadradinho-em-foco"],"acf":[],"yoast_head":"<!-- This site is optimized with the Yoast SEO plugin v27.5 - https:\/\/yoast.com\/product\/yoast-seo-wordpress\/ -->\n<title>Eix\u00e3o ter\u00e1 fiscaliza\u00e7\u00e3o especial para conter degrada\u00e7\u00e3o - Notibras<\/title>\n<meta name=\"robots\" content=\"index, follow, max-snippet:-1, max-image-preview:large, max-video-preview:-1\" \/>\n<link rel=\"canonical\" href=\"https:\/\/www.notibras.com\/site\/eixao-tera-fiscalizacao-especial-para-conter-degradacao\/\" \/>\n<meta property=\"og:locale\" content=\"pt_BR\" \/>\n<meta property=\"og:type\" content=\"article\" \/>\n<meta property=\"og:title\" content=\"Eix\u00e3o ter\u00e1 fiscaliza\u00e7\u00e3o especial para conter degrada\u00e7\u00e3o - Notibras\" \/>\n<meta property=\"og:description\" content=\"A partir deste domingo (5), o Departamento de Estradas de Rodagem do DF (DER-DF) vai intensificar a fiscaliza\u00e7\u00e3o ao longo do Eix\u00e3o do Lazer. A a\u00e7\u00e3o tem car\u00e1ter educativo e visa chamar a aten\u00e7\u00e3o dos frequentadores para a preserva\u00e7\u00e3o de um dos cart\u00f5es postais da cidade. \u201cSabemos que o Eix\u00e3o do Lazer \u00e9 palco de [&hellip;]\" \/>\n<meta property=\"og:url\" content=\"https:\/\/www.notibras.com\/site\/eixao-tera-fiscalizacao-especial-para-conter-degradacao\/\" \/>\n<meta property=\"og:site_name\" content=\"Notibras\" \/>\n<meta property=\"article:publisher\" content=\"https:\/\/www.facebook.com\/notibras\/\" \/>\n<meta property=\"article:published_time\" content=\"2024-05-04T03:00:14+00:00\" \/>\n<meta property=\"article:modified_time\" content=\"2024-05-04T11:25:39+00:00\" \/>\n<meta property=\"og:image\" content=\"https:\/\/www.notibras.com\/site\/wp-content\/uploads\/2023\/06\/966566-_wdo2138.jpg\" \/>\n\t<meta property=\"og:image:width\" content=\"770\" \/>\n\t<meta property=\"og:image:height\" content=\"553\" \/>\n\t<meta property=\"og:image:type\" content=\"image\/jpeg\" \/>\n<meta name=\"author\" content=\"Reda\u00e7\u00e3o\" \/>\n<meta name=\"twitter:card\" content=\"summary_large_image\" \/>\n<meta name=\"twitter:creator\" content=\"@Notibras\" \/>\n<meta name=\"twitter:site\" content=\"@Notibras\" \/>\n<meta name=\"twitter:label1\" content=\"Escrito por\" \/>\n\t<meta name=\"twitter:data1\" content=\"Reda\u00e7\u00e3o\" \/>\n\t<meta name=\"twitter:label2\" content=\"Est. tempo de leitura\" \/>\n\t<meta name=\"twitter:data2\" content=\"3 minutos\" \/>\n<script type=\"application\/ld+json\" class=\"yoast-schema-graph\">{\"@context\":\"https:\\\/\\\/schema.org\",\"@graph\":[{\"@type\":\"Article\",\"@id\":\"https:\\\/\\\/www.notibras.com\\\/site\\\/eixao-tera-fiscalizacao-especial-para-conter-degradacao\\\/#article\",\"isPartOf\":{\"@id\":\"https:\\\/\\\/www.notibras.com\\\/site\\\/eixao-tera-fiscalizacao-especial-para-conter-degradacao\\\/\"},\"author\":{\"name\":\"Reda\u00e7\u00e3o\",\"@id\":\"https:\\\/\\\/www.notibras.com\\\/site\\\/#\\\/schema\\\/person\\\/36ab0979449956132d3e5b517ea76ac8\"},\"headline\":\"Eix\u00e3o ter\u00e1 fiscaliza\u00e7\u00e3o especial para conter degrada\u00e7\u00e3o\",\"datePublished\":\"2024-05-04T03:00:14+00:00\",\"dateModified\":\"2024-05-04T11:25:39+00:00\",\"mainEntityOfPage\":{\"@id\":\"https:\\\/\\\/www.notibras.com\\\/site\\\/eixao-tera-fiscalizacao-especial-para-conter-degradacao\\\/\"},\"wordCount\":446,\"publisher\":{\"@id\":\"https:\\\/\\\/www.notibras.com\\\/site\\\/#organization\"},\"image\":{\"@id\":\"https:\\\/\\\/www.notibras.com\\\/site\\\/eixao-tera-fiscalizacao-especial-para-conter-degradacao\\\/#primaryimage\"},\"thumbnailUrl\":\"https:\\\/\\\/www.notibras.com\\\/site\\\/wp-content\\\/uploads\\\/2023\\\/06\\\/966566-_wdo2138.jpg\",\"articleSection\":[\"Quadradinho em Foco\"],\"inLanguage\":\"pt-BR\"},{\"@type\":\"WebPage\",\"@id\":\"https:\\\/\\\/www.notibras.com\\\/site\\\/eixao-tera-fiscalizacao-especial-para-conter-degradacao\\\/\",\"url\":\"https:\\\/\\\/www.notibras.com\\\/site\\\/eixao-tera-fiscalizacao-especial-para-conter-degradacao\\\/\",\"name\":\"Eix\u00e3o ter\u00e1 fiscaliza\u00e7\u00e3o especial para conter degrada\u00e7\u00e3o - Notibras\",\"isPartOf\":{\"@id\":\"https:\\\/\\\/www.notibras.com\\\/site\\\/#website\"},\"primaryImageOfPage\":{\"@id\":\"https:\\\/\\\/www.notibras.com\\\/site\\\/eixao-tera-fiscalizacao-especial-para-conter-degradacao\\\/#primaryimage\"},\"image\":{\"@id\":\"https:\\\/\\\/www.notibras.com\\\/site\\\/eixao-tera-fiscalizacao-especial-para-conter-degradacao\\\/#primaryimage\"},\"thumbnailUrl\":\"https:\\\/\\\/www.notibras.com\\\/site\\\/wp-content\\\/uploads\\\/2023\\\/06\\\/966566-_wdo2138.jpg\",\"datePublished\":\"2024-05-04T03:00:14+00:00\",\"dateModified\":\"2024-05-04T11:25:39+00:00\",\"breadcrumb\":{\"@id\":\"https:\\\/\\\/www.notibras.com\\\/site\\\/eixao-tera-fiscalizacao-especial-para-conter-degradacao\\\/#breadcrumb\"},\"inLanguage\":\"pt-BR\",\"potentialAction\":[{\"@type\":\"ReadAction\",\"target\":[\"https:\\\/\\\/www.notibras.com\\\/site\\\/eixao-tera-fiscalizacao-especial-para-conter-degradacao\\\/\"]}]},{\"@type\":\"ImageObject\",\"inLanguage\":\"pt-BR\",\"@id\":\"https:\\\/\\\/www.notibras.com\\\/site\\\/eixao-tera-fiscalizacao-especial-para-conter-degradacao\\\/#primaryimage\",\"url\":\"https:\\\/\\\/www.notibras.com\\\/site\\\/wp-content\\\/uploads\\\/2023\\\/06\\\/966566-_wdo2138.jpg\",\"contentUrl\":\"https:\\\/\\\/www.notibras.com\\\/site\\\/wp-content\\\/uploads\\\/2023\\\/06\\\/966566-_wdo2138.jpg\",\"width\":770,\"height\":553,\"caption\":\"Artistas de Bras\u00edlia promovem 10 horas de Choro, um dos ritmos brasileiros precursores da MPB, no Eix\u00e3o, pr\u00f3ximo a 214 Norte (Wilson Dias\\\/Ag\u00eancia Brasil)\"},{\"@type\":\"BreadcrumbList\",\"@id\":\"https:\\\/\\\/www.notibras.com\\\/site\\\/eixao-tera-fiscalizacao-especial-para-conter-degradacao\\\/#breadcrumb\",\"itemListElement\":[{\"@type\":\"ListItem\",\"position\":1,\"name\":\"In\u00edcio\",\"item\":\"https:\\\/\\\/www.notibras.com\\\/site\\\/\"},{\"@type\":\"ListItem\",\"position\":2,\"name\":\"Eix\u00e3o ter\u00e1 fiscaliza\u00e7\u00e3o especial para conter degrada\u00e7\u00e3o\"}]},{\"@type\":\"WebSite\",\"@id\":\"https:\\\/\\\/www.notibras.com\\\/site\\\/#website\",\"url\":\"https:\\\/\\\/www.notibras.com\\\/site\\\/\",\"name\":\"Notibras\",\"description\":\"Not\u00edcias de Bras\u00edlia, do Brasil e do Mundo\",\"publisher\":{\"@id\":\"https:\\\/\\\/www.notibras.com\\\/site\\\/#organization\"},\"potentialAction\":[{\"@type\":\"SearchAction\",\"target\":{\"@type\":\"EntryPoint\",\"urlTemplate\":\"https:\\\/\\\/www.notibras.com\\\/site\\\/?s={search_term_string}\"},\"query-input\":{\"@type\":\"PropertyValueSpecification\",\"valueRequired\":true,\"valueName\":\"search_term_string\"}}],\"inLanguage\":\"pt-BR\"},{\"@type\":\"Organization\",\"@id\":\"https:\\\/\\\/www.notibras.com\\\/site\\\/#organization\",\"name\":\"Grupo Notibras de Comunica\u00e7\u00e3o\",\"url\":\"https:\\\/\\\/www.notibras.com\\\/site\\\/\",\"logo\":{\"@type\":\"ImageObject\",\"inLanguage\":\"pt-BR\",\"@id\":\"https:\\\/\\\/www.notibras.com\\\/site\\\/#\\\/schema\\\/logo\\\/image\\\/\",\"url\":\"https:\\\/\\\/www.notibras.com\\\/site\\\/wp-content\\\/uploads\\\/2023\\\/01\\\/notibras23.png\",\"contentUrl\":\"https:\\\/\\\/www.notibras.com\\\/site\\\/wp-content\\\/uploads\\\/2023\\\/01\\\/notibras23.png\",\"width\":350,\"height\":87,\"caption\":\"Grupo Notibras de Comunica\u00e7\u00e3o\"},\"image\":{\"@id\":\"https:\\\/\\\/www.notibras.com\\\/site\\\/#\\\/schema\\\/logo\\\/image\\\/\"},\"sameAs\":[\"https:\\\/\\\/www.facebook.com\\\/notibras\\\/\",\"https:\\\/\\\/x.com\\\/Notibras\",\"https:\\\/\\\/www.instagram.com\\\/notibras\\\/\"]},{\"@type\":\"Person\",\"@id\":\"https:\\\/\\\/www.notibras.com\\\/site\\\/#\\\/schema\\\/person\\\/36ab0979449956132d3e5b517ea76ac8\",\"name\":\"Reda\u00e7\u00e3o\",\"image\":{\"@type\":\"ImageObject\",\"inLanguage\":\"pt-BR\",\"@id\":\"https:\\\/\\\/secure.gravatar.com\\\/avatar\\\/e0a867bdedb85fd243eadf09663511f96fc81e0720a4a42581f334ad4303aa6b?s=96&d=mm&r=g\",\"url\":\"https:\\\/\\\/secure.gravatar.com\\\/avatar\\\/e0a867bdedb85fd243eadf09663511f96fc81e0720a4a42581f334ad4303aa6b?s=96&d=mm&r=g\",\"contentUrl\":\"https:\\\/\\\/secure.gravatar.com\\\/avatar\\\/e0a867bdedb85fd243eadf09663511f96fc81e0720a4a42581f334ad4303aa6b?s=96&d=mm&r=g\",\"caption\":\"Reda\u00e7\u00e3o\"}}]}<\/script>\n<!-- \/ Yoast SEO plugin. -->","yoast_head_json":{"title":"Eix\u00e3o ter\u00e1 fiscaliza\u00e7\u00e3o especial para conter degrada\u00e7\u00e3o - Notibras","robots":{"index":"index","follow":"follow","max-snippet":"max-snippet:-1","max-image-preview":"max-image-preview:large","max-video-preview":"max-video-preview:-1"},"canonical":"https:\/\/www.notibras.com\/site\/eixao-tera-fiscalizacao-especial-para-conter-degradacao\/","og_locale":"pt_BR","og_type":"article","og_title":"Eix\u00e3o ter\u00e1 fiscaliza\u00e7\u00e3o especial para conter degrada\u00e7\u00e3o - Notibras","og_description":"A partir deste domingo (5), o Departamento de Estradas de Rodagem do DF (DER-DF) vai intensificar a fiscaliza\u00e7\u00e3o ao longo do Eix\u00e3o do Lazer. A a\u00e7\u00e3o tem car\u00e1ter educativo e visa chamar a aten\u00e7\u00e3o dos frequentadores para a preserva\u00e7\u00e3o de um dos cart\u00f5es postais da cidade. \u201cSabemos que o Eix\u00e3o do Lazer \u00e9 palco de [&hellip;]","og_url":"https:\/\/www.notibras.com\/site\/eixao-tera-fiscalizacao-especial-para-conter-degradacao\/","og_site_name":"Notibras","article_publisher":"https:\/\/www.facebook.com\/notibras\/","article_published_time":"2024-05-04T03:00:14+00:00","article_modified_time":"2024-05-04T11:25:39+00:00","og_image":[{"width":770,"height":553,"url":"https:\/\/www.notibras.com\/site\/wp-content\/uploads\/2023\/06\/966566-_wdo2138.jpg","type":"image\/jpeg"}],"author":"Reda\u00e7\u00e3o","twitter_card":"summary_large_image","twitter_creator":"@Notibras","twitter_site":"@Notibras","twitter_misc":{"Escrito por":"Reda\u00e7\u00e3o","Est. tempo de leitura":"3 minutos"},"schema":{"@context":"https:\/\/schema.org","@graph":[{"@type":"Article","@id":"https:\/\/www.notibras.com\/site\/eixao-tera-fiscalizacao-especial-para-conter-degradacao\/#article","isPartOf":{"@id":"https:\/\/www.notibras.com\/site\/eixao-tera-fiscalizacao-especial-para-conter-degradacao\/"},"author":{"name":"Reda\u00e7\u00e3o","@id":"https:\/\/www.notibras.com\/site\/#\/schema\/person\/36ab0979449956132d3e5b517ea76ac8"},"headline":"Eix\u00e3o ter\u00e1 fiscaliza\u00e7\u00e3o especial para conter degrada\u00e7\u00e3o","datePublished":"2024-05-04T03:00:14+00:00","dateModified":"2024-05-04T11:25:39+00:00","mainEntityOfPage":{"@id":"https:\/\/www.notibras.com\/site\/eixao-tera-fiscalizacao-especial-para-conter-degradacao\/"},"wordCount":446,"publisher":{"@id":"https:\/\/www.notibras.com\/site\/#organization"},"image":{"@id":"https:\/\/www.notibras.com\/site\/eixao-tera-fiscalizacao-especial-para-conter-degradacao\/#primaryimage"},"thumbnailUrl":"https:\/\/www.notibras.com\/site\/wp-content\/uploads\/2023\/06\/966566-_wdo2138.jpg","articleSection":["Quadradinho em Foco"],"inLanguage":"pt-BR"},{"@type":"WebPage","@id":"https:\/\/www.notibras.com\/site\/eixao-tera-fiscalizacao-especial-para-conter-degradacao\/","url":"https:\/\/www.notibras.com\/site\/eixao-tera-fiscalizacao-especial-para-conter-degradacao\/","name":"Eix\u00e3o ter\u00e1 fiscaliza\u00e7\u00e3o especial para conter degrada\u00e7\u00e3o - Notibras","isPartOf":{"@id":"https:\/\/www.notibras.com\/site\/#website"},"primaryImageOfPage":{"@id":"https:\/\/www.notibras.com\/site\/eixao-tera-fiscalizacao-especial-para-conter-degradacao\/#primaryimage"},"image":{"@id":"https:\/\/www.notibras.com\/site\/eixao-tera-fiscalizacao-especial-para-conter-degradacao\/#primaryimage"},"thumbnailUrl":"https:\/\/www.notibras.com\/site\/wp-content\/uploads\/2023\/06\/966566-_wdo2138.jpg","datePublished":"2024-05-04T03:00:14+00:00","dateModified":"2024-05-04T11:25:39+00:00","breadcrumb":{"@id":"https:\/\/www.notibras.com\/site\/eixao-tera-fiscalizacao-especial-para-conter-degradacao\/#breadcrumb"},"inLanguage":"pt-BR","potentialAction":[{"@type":"ReadAction","target":["https:\/\/www.notibras.com\/site\/eixao-tera-fiscalizacao-especial-para-conter-degradacao\/"]}]},{"@type":"ImageObject","inLanguage":"pt-BR","@id":"https:\/\/www.notibras.com\/site\/eixao-tera-fiscalizacao-especial-para-conter-degradacao\/#primaryimage","url":"https:\/\/www.notibras.com\/site\/wp-content\/uploads\/2023\/06\/966566-_wdo2138.jpg","contentUrl":"https:\/\/www.notibras.com\/site\/wp-content\/uploads\/2023\/06\/966566-_wdo2138.jpg","width":770,"height":553,"caption":"Artistas de Bras\u00edlia promovem 10 horas de Choro, um dos ritmos brasileiros precursores da MPB, no Eix\u00e3o, pr\u00f3ximo a 214 Norte (Wilson Dias\/Ag\u00eancia Brasil)"},{"@type":"BreadcrumbList","@id":"https:\/\/www.notibras.com\/site\/eixao-tera-fiscalizacao-especial-para-conter-degradacao\/#breadcrumb","itemListElement":[{"@type":"ListItem","position":1,"name":"In\u00edcio","item":"https:\/\/www.notibras.com\/site\/"},{"@type":"ListItem","position":2,"name":"Eix\u00e3o ter\u00e1 fiscaliza\u00e7\u00e3o especial para conter degrada\u00e7\u00e3o"}]},{"@type":"WebSite","@id":"https:\/\/www.notibras.com\/site\/#website","url":"https:\/\/www.notibras.com\/site\/","name":"Notibras","description":"Not\u00edcias de Bras\u00edlia, do Brasil e do Mundo","publisher":{"@id":"https:\/\/www.notibras.com\/site\/#organization"},"potentialAction":[{"@type":"SearchAction","target":{"@type":"EntryPoint","urlTemplate":"https:\/\/www.notibras.com\/site\/?s={search_term_string}"},"query-input":{"@type":"PropertyValueSpecification","valueRequired":true,"valueName":"search_term_string"}}],"inLanguage":"pt-BR"},{"@type":"Organization","@id":"https:\/\/www.notibras.com\/site\/#organization","name":"Grupo Notibras de Comunica\u00e7\u00e3o","url":"https:\/\/www.notibras.com\/site\/","logo":{"@type":"ImageObject","inLanguage":"pt-BR","@id":"https:\/\/www.notibras.com\/site\/#\/schema\/logo\/image\/","url":"https:\/\/www.notibras.com\/site\/wp-content\/uploads\/2023\/01\/notibras23.png","contentUrl":"https:\/\/www.notibras.com\/site\/wp-content\/uploads\/2023\/01\/notibras23.png","width":350,"height":87,"caption":"Grupo Notibras de Comunica\u00e7\u00e3o"},"image":{"@id":"https:\/\/www.notibras.com\/site\/#\/schema\/logo\/image\/"},"sameAs":["https:\/\/www.facebook.com\/notibras\/","https:\/\/x.com\/Notibras","https:\/\/www.instagram.com\/notibras\/"]},{"@type":"Person","@id":"https:\/\/www.notibras.com\/site\/#\/schema\/person\/36ab0979449956132d3e5b517ea76ac8","name":"Reda\u00e7\u00e3o","image":{"@type":"ImageObject","inLanguage":"pt-BR","@id":"https:\/\/secure.gravatar.com\/avatar\/e0a867bdedb85fd243eadf09663511f96fc81e0720a4a42581f334ad4303aa6b?s=96&d=mm&r=g","url":"https:\/\/secure.gravatar.com\/avatar\/e0a867bdedb85fd243eadf09663511f96fc81e0720a4a42581f334ad4303aa6b?s=96&d=mm&r=g","contentUrl":"https:\/\/secure.gravatar.com\/avatar\/e0a867bdedb85fd243eadf09663511f96fc81e0720a4a42581f334ad4303aa6b?s=96&d=mm&r=g","caption":"Reda\u00e7\u00e3o"}}]}},"amp_enabled":true,"_links":{"self":[{"href":"https:\/\/www.notibras.com\/site\/wp-json\/wp\/v2\/posts\/328028","targetHints":{"allow":["GET"]}}],"collection":[{"href":"https:\/\/www.notibras.com\/site\/wp-json\/wp\/v2\/posts"}],"about":[{"href":"https:\/\/www.notibras.com\/site\/wp-json\/wp\/v2\/types\/post"}],"author":[{"embeddable":true,"href":"https:\/\/www.notibras.com\/site\/wp-json\/wp\/v2\/users\/2"}],"replies":[{"embeddable":true,"href":"https:\/\/www.notibras.com\/site\/wp-json\/wp\/v2\/comments?post=328028"}],"version-history":[{"count":1,"href":"https:\/\/www.notibras.com\/site\/wp-json\/wp\/v2\/posts\/328028\/revisions"}],"predecessor-version":[{"id":328029,"href":"https:\/\/www.notibras.com\/site\/wp-json\/wp\/v2\/posts\/328028\/revisions\/328029"}],"wp:featuredmedia":[{"embeddable":true,"href":"https:\/\/www.notibras.com\/site\/wp-json\/wp\/v2\/media\/306275"}],"wp:attachment":[{"href":"https:\/\/www.notibras.com\/site\/wp-json\/wp\/v2\/media?parent=328028"}],"wp:term":[{"taxonomy":"category","embeddable":true,"href":"https:\/\/www.notibras.com\/site\/wp-json\/wp\/v2\/categories?post=328028"},{"taxonomy":"post_tag","embeddable":true,"href":"https:\/\/www.notibras.com\/site\/wp-json\/wp\/v2\/tags?post=328028"}],"curies":[{"name":"wp","href":"https:\/\/api.w.org\/{rel}","templated":true}]}}