{"id":328030,"date":"2024-05-04T00:00:31","date_gmt":"2024-05-04T03:00:31","guid":{"rendered":"https:\/\/www.notibras.com\/site\/?p=328030"},"modified":"2024-05-04T08:33:34","modified_gmt":"2024-05-04T11:33:34","slug":"cuidados-preventivos-continuam-mesmo-com-chegada-da-seca","status":"publish","type":"post","link":"https:\/\/www.notibras.com\/site\/cuidados-preventivos-continuam-mesmo-com-chegada-da-seca\/","title":{"rendered":"Cuidados preventivos continuam mesmo com chegada da seca"},"content":{"rendered":"<p>O Distrito Federal entrou na temporada de seca, mas os cuidados com o mosquito da dengue seguem independentemente das condi\u00e7\u00f5es clim\u00e1ticas. Mesmo com a redu\u00e7\u00e3o nos casos da doen\u00e7a entre os meses de abril e setembro, o Governo do Distrito Federal (GDF) continua com as estrat\u00e9gias preventivas nas regi\u00f5es administrativas.<\/p>\n<p>Na sexta-feira (3), cerca de 15 agentes de Vigil\u00e2ncia Ambiental em Sa\u00fade percorreram as casas da QI 30, no Guar\u00e1 II. A quadra, com aproximadamente 700 resid\u00eancias e mais de 30 estabelecimentos comerciais, foi vistoriada pelos profissionais em busca de eventuais focos do Aedes aegypti, mosquito transmissor da doen\u00e7a.<\/p>\n<p>\u201cMesmo na seca, os locais podem oferecer criadouros vi\u00e1veis para o mosquito, como caixas-d\u2019\u00e1gua. Ent\u00e3o, n\u00f3s vamos continuar com o trabalho preventivo em todas as regi\u00f5es do DF. Semana que vem, iniciaremos uma pesquisa amostral e, de acordo com os resultados, vamos definir o novo ciclo de visita\u00e7\u00e3o, com base nas \u00e1reas mais afetadas\u201d, afirmou a diretora de Vigil\u00e2ncia Ambiental em Sa\u00fade, Kenia Cristina de Oliveira.<\/p>\n<p>A aposentada Ione Madureira, 74, foi elogiada pelos profissionais como um exemplo de boas atitudes para impedir a prolifera\u00e7\u00e3o do mosquito. \u201cTodas as vezes que eles v\u00eam aqui em casa s\u00e3o \u00f3timos, olham tudo. \u00c9 muito importante que fa\u00e7am esse servi\u00e7o. Eu estou sempre de olho e cuidando da minha casa\u201d, afirmou.<\/p>\n<p>J\u00e1 a aposentada Olga Ferreira, 78, tamb\u00e9m fez quest\u00e3o de abrir as portas para os agentes: \u201cEu estava l\u00e1 no final da rua quando vi que estava tendo a inspe\u00e7\u00e3o e voltei para poder receb\u00ea-los em minha casa. Eu tenho quase 80 anos, ent\u00e3o mexer com planta \u00e9 bom para ocupar a cabe\u00e7a, por isso tenho muitos jarros. Mas n\u00e3o deixo pratinho embaixo e troco a \u00e1gua sempre. Eu adorei a visita deles\u201d, pontuou.<\/p>\n<p><strong>Outras a\u00e7\u00f5es<\/strong><br \/>\nNos pr\u00f3ximos dias, as equipes do N\u00facleo Regional de Vigil\u00e2ncia Ambiental do Guar\u00e1 instalar\u00e3o 129 armadilhas para capturar os ovos do mosquito Aedes aegypti, as chamadas ovitrampas. Os locais foram selecionados de modo aleat\u00f3rio, distribu\u00eddos a uma dist\u00e2ncia de 300 metros cada, nas regi\u00f5es do Guar\u00e1 e Guar\u00e1 II, Col\u00f4nia Agr\u00edcola \u00c1guas Claras e L\u00facio Costa.<\/p>\n<p>A armadilha \u00e9 composta por um recipiente preto que cont\u00e9m uma mistura de levedo de cerveja, inseticida e \u00e1gua, al\u00e9m de um palete de madeira que funciona como anteparo \u2013 e \u00e9 exatamente onde o inseto pousa para colocar os ovos.<\/p>\n<p>Na semana epidemiol\u00f3gica 15, que compreende o per\u00edodo entre 7 e 13 de abril, as armadilhas capturaram 1.615 ovos do mosquito, uma quantidade 45,8% menor do que a segunda semana de janeiro, na qual foram coletados 2.984 ovos por meio da ovitrampa.<\/p>\n","protected":false},"excerpt":{"rendered":"<p>O Distrito Federal entrou na temporada de seca, mas os cuidados com o mosquito da dengue seguem independentemente das condi\u00e7\u00f5es clim\u00e1ticas. Mesmo com a redu\u00e7\u00e3o nos casos da doen\u00e7a entre os meses de abril e setembro, o Governo do Distrito Federal (GDF) continua com as estrat\u00e9gias preventivas nas regi\u00f5es administrativas. Na sexta-feira (3), cerca de [&hellip;]<\/p>\n","protected":false},"author":2,"featured_media":328031,"comment_status":"closed","ping_status":"closed","sticky":false,"template":"","format":"standard","meta":{"_acf_changed":false,"footnotes":""},"categories":[161],"tags":[],"class_list":["post-328030","post","type-post","status-publish","format-standard","has-post-thumbnail","hentry","category-quadradinho-em-foco"],"acf":[],"yoast_head":"<!-- This site is optimized with the Yoast SEO plugin v27.5 - https:\/\/yoast.com\/product\/yoast-seo-wordpress\/ -->\n<title>Cuidados preventivos continuam mesmo com chegada da seca - Notibras<\/title>\n<meta name=\"robots\" content=\"index, follow, max-snippet:-1, max-image-preview:large, max-video-preview:-1\" \/>\n<link rel=\"canonical\" href=\"https:\/\/www.notibras.com\/site\/cuidados-preventivos-continuam-mesmo-com-chegada-da-seca\/\" \/>\n<meta property=\"og:locale\" content=\"pt_BR\" \/>\n<meta property=\"og:type\" content=\"article\" \/>\n<meta property=\"og:title\" content=\"Cuidados preventivos continuam mesmo com chegada da seca - Notibras\" \/>\n<meta property=\"og:description\" content=\"O Distrito Federal entrou na temporada de seca, mas os cuidados com o mosquito da dengue seguem independentemente das condi\u00e7\u00f5es clim\u00e1ticas. Mesmo com a redu\u00e7\u00e3o nos casos da doen\u00e7a entre os meses de abril e setembro, o Governo do Distrito Federal (GDF) continua com as estrat\u00e9gias preventivas nas regi\u00f5es administrativas. Na sexta-feira (3), cerca de [&hellip;]\" \/>\n<meta property=\"og:url\" content=\"https:\/\/www.notibras.com\/site\/cuidados-preventivos-continuam-mesmo-com-chegada-da-seca\/\" \/>\n<meta property=\"og:site_name\" content=\"Notibras\" \/>\n<meta property=\"article:publisher\" content=\"https:\/\/www.facebook.com\/notibras\/\" \/>\n<meta property=\"article:published_time\" content=\"2024-05-04T03:00:31+00:00\" \/>\n<meta property=\"article:modified_time\" content=\"2024-05-04T11:33:34+00:00\" \/>\n<meta property=\"og:image\" content=\"https:\/\/www.notibras.com\/site\/wp-content\/uploads\/2024\/05\/Dentro-2-4.jpg\" \/>\n\t<meta property=\"og:image:width\" content=\"1181\" \/>\n\t<meta property=\"og:image:height\" content=\"787\" \/>\n\t<meta property=\"og:image:type\" content=\"image\/jpeg\" \/>\n<meta name=\"author\" content=\"Reda\u00e7\u00e3o\" \/>\n<meta name=\"twitter:card\" content=\"summary_large_image\" \/>\n<meta name=\"twitter:creator\" content=\"@Notibras\" \/>\n<meta name=\"twitter:site\" content=\"@Notibras\" \/>\n<meta name=\"twitter:label1\" content=\"Escrito por\" \/>\n\t<meta name=\"twitter:data1\" content=\"Reda\u00e7\u00e3o\" \/>\n\t<meta name=\"twitter:label2\" content=\"Est. tempo de leitura\" \/>\n\t<meta name=\"twitter:data2\" content=\"3 minutos\" \/>\n<script type=\"application\/ld+json\" class=\"yoast-schema-graph\">{\"@context\":\"https:\\\/\\\/schema.org\",\"@graph\":[{\"@type\":\"Article\",\"@id\":\"https:\\\/\\\/www.notibras.com\\\/site\\\/cuidados-preventivos-continuam-mesmo-com-chegada-da-seca\\\/#article\",\"isPartOf\":{\"@id\":\"https:\\\/\\\/www.notibras.com\\\/site\\\/cuidados-preventivos-continuam-mesmo-com-chegada-da-seca\\\/\"},\"author\":{\"name\":\"Reda\u00e7\u00e3o\",\"@id\":\"https:\\\/\\\/www.notibras.com\\\/site\\\/#\\\/schema\\\/person\\\/36ab0979449956132d3e5b517ea76ac8\"},\"headline\":\"Cuidados preventivos continuam mesmo com chegada da seca\",\"datePublished\":\"2024-05-04T03:00:31+00:00\",\"dateModified\":\"2024-05-04T11:33:34+00:00\",\"mainEntityOfPage\":{\"@id\":\"https:\\\/\\\/www.notibras.com\\\/site\\\/cuidados-preventivos-continuam-mesmo-com-chegada-da-seca\\\/\"},\"wordCount\":465,\"publisher\":{\"@id\":\"https:\\\/\\\/www.notibras.com\\\/site\\\/#organization\"},\"image\":{\"@id\":\"https:\\\/\\\/www.notibras.com\\\/site\\\/cuidados-preventivos-continuam-mesmo-com-chegada-da-seca\\\/#primaryimage\"},\"thumbnailUrl\":\"https:\\\/\\\/www.notibras.com\\\/site\\\/wp-content\\\/uploads\\\/2024\\\/05\\\/Dentro-2-4.jpg\",\"articleSection\":[\"Quadradinho em Foco\"],\"inLanguage\":\"pt-BR\"},{\"@type\":\"WebPage\",\"@id\":\"https:\\\/\\\/www.notibras.com\\\/site\\\/cuidados-preventivos-continuam-mesmo-com-chegada-da-seca\\\/\",\"url\":\"https:\\\/\\\/www.notibras.com\\\/site\\\/cuidados-preventivos-continuam-mesmo-com-chegada-da-seca\\\/\",\"name\":\"Cuidados preventivos continuam mesmo com chegada da seca - Notibras\",\"isPartOf\":{\"@id\":\"https:\\\/\\\/www.notibras.com\\\/site\\\/#website\"},\"primaryImageOfPage\":{\"@id\":\"https:\\\/\\\/www.notibras.com\\\/site\\\/cuidados-preventivos-continuam-mesmo-com-chegada-da-seca\\\/#primaryimage\"},\"image\":{\"@id\":\"https:\\\/\\\/www.notibras.com\\\/site\\\/cuidados-preventivos-continuam-mesmo-com-chegada-da-seca\\\/#primaryimage\"},\"thumbnailUrl\":\"https:\\\/\\\/www.notibras.com\\\/site\\\/wp-content\\\/uploads\\\/2024\\\/05\\\/Dentro-2-4.jpg\",\"datePublished\":\"2024-05-04T03:00:31+00:00\",\"dateModified\":\"2024-05-04T11:33:34+00:00\",\"breadcrumb\":{\"@id\":\"https:\\\/\\\/www.notibras.com\\\/site\\\/cuidados-preventivos-continuam-mesmo-com-chegada-da-seca\\\/#breadcrumb\"},\"inLanguage\":\"pt-BR\",\"potentialAction\":[{\"@type\":\"ReadAction\",\"target\":[\"https:\\\/\\\/www.notibras.com\\\/site\\\/cuidados-preventivos-continuam-mesmo-com-chegada-da-seca\\\/\"]}]},{\"@type\":\"ImageObject\",\"inLanguage\":\"pt-BR\",\"@id\":\"https:\\\/\\\/www.notibras.com\\\/site\\\/cuidados-preventivos-continuam-mesmo-com-chegada-da-seca\\\/#primaryimage\",\"url\":\"https:\\\/\\\/www.notibras.com\\\/site\\\/wp-content\\\/uploads\\\/2024\\\/05\\\/Dentro-2-4.jpg\",\"contentUrl\":\"https:\\\/\\\/www.notibras.com\\\/site\\\/wp-content\\\/uploads\\\/2024\\\/05\\\/Dentro-2-4.jpg\",\"width\":1181,\"height\":787},{\"@type\":\"BreadcrumbList\",\"@id\":\"https:\\\/\\\/www.notibras.com\\\/site\\\/cuidados-preventivos-continuam-mesmo-com-chegada-da-seca\\\/#breadcrumb\",\"itemListElement\":[{\"@type\":\"ListItem\",\"position\":1,\"name\":\"In\u00edcio\",\"item\":\"https:\\\/\\\/www.notibras.com\\\/site\\\/\"},{\"@type\":\"ListItem\",\"position\":2,\"name\":\"Cuidados preventivos continuam mesmo com chegada da seca\"}]},{\"@type\":\"WebSite\",\"@id\":\"https:\\\/\\\/www.notibras.com\\\/site\\\/#website\",\"url\":\"https:\\\/\\\/www.notibras.com\\\/site\\\/\",\"name\":\"Notibras\",\"description\":\"Not\u00edcias de Bras\u00edlia, do Brasil e do Mundo\",\"publisher\":{\"@id\":\"https:\\\/\\\/www.notibras.com\\\/site\\\/#organization\"},\"potentialAction\":[{\"@type\":\"SearchAction\",\"target\":{\"@type\":\"EntryPoint\",\"urlTemplate\":\"https:\\\/\\\/www.notibras.com\\\/site\\\/?s={search_term_string}\"},\"query-input\":{\"@type\":\"PropertyValueSpecification\",\"valueRequired\":true,\"valueName\":\"search_term_string\"}}],\"inLanguage\":\"pt-BR\"},{\"@type\":\"Organization\",\"@id\":\"https:\\\/\\\/www.notibras.com\\\/site\\\/#organization\",\"name\":\"Grupo Notibras de Comunica\u00e7\u00e3o\",\"url\":\"https:\\\/\\\/www.notibras.com\\\/site\\\/\",\"logo\":{\"@type\":\"ImageObject\",\"inLanguage\":\"pt-BR\",\"@id\":\"https:\\\/\\\/www.notibras.com\\\/site\\\/#\\\/schema\\\/logo\\\/image\\\/\",\"url\":\"https:\\\/\\\/www.notibras.com\\\/site\\\/wp-content\\\/uploads\\\/2023\\\/01\\\/notibras23.png\",\"contentUrl\":\"https:\\\/\\\/www.notibras.com\\\/site\\\/wp-content\\\/uploads\\\/2023\\\/01\\\/notibras23.png\",\"width\":350,\"height\":87,\"caption\":\"Grupo Notibras de Comunica\u00e7\u00e3o\"},\"image\":{\"@id\":\"https:\\\/\\\/www.notibras.com\\\/site\\\/#\\\/schema\\\/logo\\\/image\\\/\"},\"sameAs\":[\"https:\\\/\\\/www.facebook.com\\\/notibras\\\/\",\"https:\\\/\\\/x.com\\\/Notibras\",\"https:\\\/\\\/www.instagram.com\\\/notibras\\\/\"]},{\"@type\":\"Person\",\"@id\":\"https:\\\/\\\/www.notibras.com\\\/site\\\/#\\\/schema\\\/person\\\/36ab0979449956132d3e5b517ea76ac8\",\"name\":\"Reda\u00e7\u00e3o\",\"image\":{\"@type\":\"ImageObject\",\"inLanguage\":\"pt-BR\",\"@id\":\"https:\\\/\\\/secure.gravatar.com\\\/avatar\\\/e0a867bdedb85fd243eadf09663511f96fc81e0720a4a42581f334ad4303aa6b?s=96&d=mm&r=g\",\"url\":\"https:\\\/\\\/secure.gravatar.com\\\/avatar\\\/e0a867bdedb85fd243eadf09663511f96fc81e0720a4a42581f334ad4303aa6b?s=96&d=mm&r=g\",\"contentUrl\":\"https:\\\/\\\/secure.gravatar.com\\\/avatar\\\/e0a867bdedb85fd243eadf09663511f96fc81e0720a4a42581f334ad4303aa6b?s=96&d=mm&r=g\",\"caption\":\"Reda\u00e7\u00e3o\"}}]}<\/script>\n<!-- \/ Yoast SEO plugin. -->","yoast_head_json":{"title":"Cuidados preventivos continuam mesmo com chegada da seca - Notibras","robots":{"index":"index","follow":"follow","max-snippet":"max-snippet:-1","max-image-preview":"max-image-preview:large","max-video-preview":"max-video-preview:-1"},"canonical":"https:\/\/www.notibras.com\/site\/cuidados-preventivos-continuam-mesmo-com-chegada-da-seca\/","og_locale":"pt_BR","og_type":"article","og_title":"Cuidados preventivos continuam mesmo com chegada da seca - Notibras","og_description":"O Distrito Federal entrou na temporada de seca, mas os cuidados com o mosquito da dengue seguem independentemente das condi\u00e7\u00f5es clim\u00e1ticas. Mesmo com a redu\u00e7\u00e3o nos casos da doen\u00e7a entre os meses de abril e setembro, o Governo do Distrito Federal (GDF) continua com as estrat\u00e9gias preventivas nas regi\u00f5es administrativas. Na sexta-feira (3), cerca de [&hellip;]","og_url":"https:\/\/www.notibras.com\/site\/cuidados-preventivos-continuam-mesmo-com-chegada-da-seca\/","og_site_name":"Notibras","article_publisher":"https:\/\/www.facebook.com\/notibras\/","article_published_time":"2024-05-04T03:00:31+00:00","article_modified_time":"2024-05-04T11:33:34+00:00","og_image":[{"width":1181,"height":787,"url":"https:\/\/www.notibras.com\/site\/wp-content\/uploads\/2024\/05\/Dentro-2-4.jpg","type":"image\/jpeg"}],"author":"Reda\u00e7\u00e3o","twitter_card":"summary_large_image","twitter_creator":"@Notibras","twitter_site":"@Notibras","twitter_misc":{"Escrito por":"Reda\u00e7\u00e3o","Est. tempo de leitura":"3 minutos"},"schema":{"@context":"https:\/\/schema.org","@graph":[{"@type":"Article","@id":"https:\/\/www.notibras.com\/site\/cuidados-preventivos-continuam-mesmo-com-chegada-da-seca\/#article","isPartOf":{"@id":"https:\/\/www.notibras.com\/site\/cuidados-preventivos-continuam-mesmo-com-chegada-da-seca\/"},"author":{"name":"Reda\u00e7\u00e3o","@id":"https:\/\/www.notibras.com\/site\/#\/schema\/person\/36ab0979449956132d3e5b517ea76ac8"},"headline":"Cuidados preventivos continuam mesmo com chegada da seca","datePublished":"2024-05-04T03:00:31+00:00","dateModified":"2024-05-04T11:33:34+00:00","mainEntityOfPage":{"@id":"https:\/\/www.notibras.com\/site\/cuidados-preventivos-continuam-mesmo-com-chegada-da-seca\/"},"wordCount":465,"publisher":{"@id":"https:\/\/www.notibras.com\/site\/#organization"},"image":{"@id":"https:\/\/www.notibras.com\/site\/cuidados-preventivos-continuam-mesmo-com-chegada-da-seca\/#primaryimage"},"thumbnailUrl":"https:\/\/www.notibras.com\/site\/wp-content\/uploads\/2024\/05\/Dentro-2-4.jpg","articleSection":["Quadradinho em Foco"],"inLanguage":"pt-BR"},{"@type":"WebPage","@id":"https:\/\/www.notibras.com\/site\/cuidados-preventivos-continuam-mesmo-com-chegada-da-seca\/","url":"https:\/\/www.notibras.com\/site\/cuidados-preventivos-continuam-mesmo-com-chegada-da-seca\/","name":"Cuidados preventivos continuam mesmo com chegada da seca - Notibras","isPartOf":{"@id":"https:\/\/www.notibras.com\/site\/#website"},"primaryImageOfPage":{"@id":"https:\/\/www.notibras.com\/site\/cuidados-preventivos-continuam-mesmo-com-chegada-da-seca\/#primaryimage"},"image":{"@id":"https:\/\/www.notibras.com\/site\/cuidados-preventivos-continuam-mesmo-com-chegada-da-seca\/#primaryimage"},"thumbnailUrl":"https:\/\/www.notibras.com\/site\/wp-content\/uploads\/2024\/05\/Dentro-2-4.jpg","datePublished":"2024-05-04T03:00:31+00:00","dateModified":"2024-05-04T11:33:34+00:00","breadcrumb":{"@id":"https:\/\/www.notibras.com\/site\/cuidados-preventivos-continuam-mesmo-com-chegada-da-seca\/#breadcrumb"},"inLanguage":"pt-BR","potentialAction":[{"@type":"ReadAction","target":["https:\/\/www.notibras.com\/site\/cuidados-preventivos-continuam-mesmo-com-chegada-da-seca\/"]}]},{"@type":"ImageObject","inLanguage":"pt-BR","@id":"https:\/\/www.notibras.com\/site\/cuidados-preventivos-continuam-mesmo-com-chegada-da-seca\/#primaryimage","url":"https:\/\/www.notibras.com\/site\/wp-content\/uploads\/2024\/05\/Dentro-2-4.jpg","contentUrl":"https:\/\/www.notibras.com\/site\/wp-content\/uploads\/2024\/05\/Dentro-2-4.jpg","width":1181,"height":787},{"@type":"BreadcrumbList","@id":"https:\/\/www.notibras.com\/site\/cuidados-preventivos-continuam-mesmo-com-chegada-da-seca\/#breadcrumb","itemListElement":[{"@type":"ListItem","position":1,"name":"In\u00edcio","item":"https:\/\/www.notibras.com\/site\/"},{"@type":"ListItem","position":2,"name":"Cuidados preventivos continuam mesmo com chegada da seca"}]},{"@type":"WebSite","@id":"https:\/\/www.notibras.com\/site\/#website","url":"https:\/\/www.notibras.com\/site\/","name":"Notibras","description":"Not\u00edcias de Bras\u00edlia, do Brasil e do Mundo","publisher":{"@id":"https:\/\/www.notibras.com\/site\/#organization"},"potentialAction":[{"@type":"SearchAction","target":{"@type":"EntryPoint","urlTemplate":"https:\/\/www.notibras.com\/site\/?s={search_term_string}"},"query-input":{"@type":"PropertyValueSpecification","valueRequired":true,"valueName":"search_term_string"}}],"inLanguage":"pt-BR"},{"@type":"Organization","@id":"https:\/\/www.notibras.com\/site\/#organization","name":"Grupo Notibras de Comunica\u00e7\u00e3o","url":"https:\/\/www.notibras.com\/site\/","logo":{"@type":"ImageObject","inLanguage":"pt-BR","@id":"https:\/\/www.notibras.com\/site\/#\/schema\/logo\/image\/","url":"https:\/\/www.notibras.com\/site\/wp-content\/uploads\/2023\/01\/notibras23.png","contentUrl":"https:\/\/www.notibras.com\/site\/wp-content\/uploads\/2023\/01\/notibras23.png","width":350,"height":87,"caption":"Grupo Notibras de Comunica\u00e7\u00e3o"},"image":{"@id":"https:\/\/www.notibras.com\/site\/#\/schema\/logo\/image\/"},"sameAs":["https:\/\/www.facebook.com\/notibras\/","https:\/\/x.com\/Notibras","https:\/\/www.instagram.com\/notibras\/"]},{"@type":"Person","@id":"https:\/\/www.notibras.com\/site\/#\/schema\/person\/36ab0979449956132d3e5b517ea76ac8","name":"Reda\u00e7\u00e3o","image":{"@type":"ImageObject","inLanguage":"pt-BR","@id":"https:\/\/secure.gravatar.com\/avatar\/e0a867bdedb85fd243eadf09663511f96fc81e0720a4a42581f334ad4303aa6b?s=96&d=mm&r=g","url":"https:\/\/secure.gravatar.com\/avatar\/e0a867bdedb85fd243eadf09663511f96fc81e0720a4a42581f334ad4303aa6b?s=96&d=mm&r=g","contentUrl":"https:\/\/secure.gravatar.com\/avatar\/e0a867bdedb85fd243eadf09663511f96fc81e0720a4a42581f334ad4303aa6b?s=96&d=mm&r=g","caption":"Reda\u00e7\u00e3o"}}]}},"amp_enabled":true,"_links":{"self":[{"href":"https:\/\/www.notibras.com\/site\/wp-json\/wp\/v2\/posts\/328030","targetHints":{"allow":["GET"]}}],"collection":[{"href":"https:\/\/www.notibras.com\/site\/wp-json\/wp\/v2\/posts"}],"about":[{"href":"https:\/\/www.notibras.com\/site\/wp-json\/wp\/v2\/types\/post"}],"author":[{"embeddable":true,"href":"https:\/\/www.notibras.com\/site\/wp-json\/wp\/v2\/users\/2"}],"replies":[{"embeddable":true,"href":"https:\/\/www.notibras.com\/site\/wp-json\/wp\/v2\/comments?post=328030"}],"version-history":[{"count":1,"href":"https:\/\/www.notibras.com\/site\/wp-json\/wp\/v2\/posts\/328030\/revisions"}],"predecessor-version":[{"id":328032,"href":"https:\/\/www.notibras.com\/site\/wp-json\/wp\/v2\/posts\/328030\/revisions\/328032"}],"wp:featuredmedia":[{"embeddable":true,"href":"https:\/\/www.notibras.com\/site\/wp-json\/wp\/v2\/media\/328031"}],"wp:attachment":[{"href":"https:\/\/www.notibras.com\/site\/wp-json\/wp\/v2\/media?parent=328030"}],"wp:term":[{"taxonomy":"category","embeddable":true,"href":"https:\/\/www.notibras.com\/site\/wp-json\/wp\/v2\/categories?post=328030"},{"taxonomy":"post_tag","embeddable":true,"href":"https:\/\/www.notibras.com\/site\/wp-json\/wp\/v2\/tags?post=328030"}],"curies":[{"name":"wp","href":"https:\/\/api.w.org\/{rel}","templated":true}]}}