{"id":32804,"date":"2015-01-03T14:17:34","date_gmt":"2015-01-03T17:17:34","guid":{"rendered":"http:\/\/www.notibras.com\/site\/?p=32804"},"modified":"2015-01-04T22:47:04","modified_gmt":"2015-01-05T01:47:04","slug":"barbosa-ministro-ha-48-horas-e-desmentido-em-24h-e-minimo-fica-como-esta","status":"publish","type":"post","link":"https:\/\/www.notibras.com\/site\/barbosa-ministro-ha-48-horas-e-desmentido-em-24h-e-minimo-fica-como-esta\/","title":{"rendered":"Nelson Barbosa, ministro h\u00e1 48h, se desdiz em 24 horas e o c\u00e1lculo do sal\u00e1rio m\u00ednimo fica como est\u00e1"},"content":{"rendered":"<p>Nem come\u00e7ou, e o governo Dilma Rousseff, em segundo mandato, j\u00e1 entra em contradi\u00e7\u00e3o. Neste s\u00e1bado 3, o Minist\u00e9rio do Planejamento divulgou uma nota para informar que, ao contr\u00e1rio do que havia informado o novo ministro Nelson Barbosa no dia anterior, n\u00e3o haver\u00e1 mudan\u00e7a na forma de c\u00e1lculo do sal\u00e1rio m\u00ednimo a partir de 2016.<\/p>\n<p>&#8220;O ministro do Planejamento, Or\u00e7amento e Gest\u00e3o, Nelson Barbosa, esclarece que a proposta de valoriza\u00e7\u00e3o do Sal\u00e1rio M\u00ednimo a partir de 2016 seguir\u00e1 a regra de reajuste atualmente vigente&#8221;, diz o texto deste s\u00e1bado.<\/p>\n<blockquote><p>Na sexta, ao tomar posse no minist\u00e9rio, Barbosa havia dito que o governo iria &#8220;propor uma nova regra para 2016 a 2019 nos pr\u00f3ximos meses&#8221;. Ele ainda afirmou que a proposta manteria aumento real (acima da infla\u00e7\u00e3o) para o sal\u00e1rio m\u00ednimo nos pr\u00f3ximos anos.<\/p><\/blockquote>\n<p>O atual formato de corre\u00e7\u00e3o do sal\u00e1rio m\u00ednimo contempla a varia\u00e7\u00e3o da infla\u00e7\u00e3o do ano anterior, medida pelo \u00cdndice Nacional de Pre\u00e7os ao Consumidor (INPC) do ano anterior, mais o crescimento do Produto Interno Bruto (PIB) de dois anos antes.<\/p>\n<p>A f\u00f3rmula vigente foi criada em 2008, no governo do ent\u00e3o presidente Luiz In\u00e1cio Lula da Silva, e perde a validade em 2015. Com isso, um projeto deve ser enviado ao Congresso para estabelecer a regra para os pr\u00f3ximos anos. Na nota deste s\u00e1bado, o Planejamento diz que o projeto mantendo a f\u00f3rmula atual ser\u00e1 enviado ao Congresso &#8220;ao longo deste ano&#8221;.<\/p>\n<p>&nbsp;<\/p>\n","protected":false},"excerpt":{"rendered":"<p>Nem come\u00e7ou, e o governo Dilma Rousseff, em segundo mandato, j\u00e1 entra em contradi\u00e7\u00e3o. Neste s\u00e1bado 3, o Minist\u00e9rio do Planejamento divulgou uma nota para informar que, ao contr\u00e1rio do que havia informado o novo ministro Nelson Barbosa no dia anterior, n\u00e3o haver\u00e1 mudan\u00e7a na forma de c\u00e1lculo do sal\u00e1rio m\u00ednimo a partir de 2016. [&hellip;]<\/p>\n","protected":false},"author":2,"featured_media":32805,"comment_status":"open","ping_status":"closed","sticky":false,"template":"","format":"standard","meta":{"_acf_changed":false,"footnotes":""},"categories":[16],"tags":[],"class_list":["post-32804","post","type-post","status-publish","format-standard","has-post-thumbnail","hentry","category-brasil"],"acf":[],"yoast_head":"<!-- This site is optimized with the Yoast SEO plugin v27.2 - https:\/\/yoast.com\/product\/yoast-seo-wordpress\/ -->\n<title>Nelson Barbosa, ministro h\u00e1 48h, se desdiz em 24 horas e o c\u00e1lculo do sal\u00e1rio m\u00ednimo fica como est\u00e1 - Notibras<\/title>\n<meta name=\"robots\" content=\"index, follow, max-snippet:-1, max-image-preview:large, max-video-preview:-1\" \/>\n<link rel=\"canonical\" href=\"https:\/\/www.notibras.com\/site\/barbosa-ministro-ha-48-horas-e-desmentido-em-24h-e-minimo-fica-como-esta\/\" \/>\n<meta property=\"og:locale\" content=\"pt_BR\" \/>\n<meta property=\"og:type\" content=\"article\" \/>\n<meta property=\"og:title\" content=\"Nelson Barbosa, ministro h\u00e1 48h, se desdiz em 24 horas e o c\u00e1lculo do sal\u00e1rio m\u00ednimo fica como est\u00e1 - Notibras\" \/>\n<meta property=\"og:description\" content=\"Nem come\u00e7ou, e o governo Dilma Rousseff, em segundo mandato, j\u00e1 entra em contradi\u00e7\u00e3o. Neste s\u00e1bado 3, o Minist\u00e9rio do Planejamento divulgou uma nota para informar que, ao contr\u00e1rio do que havia informado o novo ministro Nelson Barbosa no dia anterior, n\u00e3o haver\u00e1 mudan\u00e7a na forma de c\u00e1lculo do sal\u00e1rio m\u00ednimo a partir de 2016. [&hellip;]\" \/>\n<meta property=\"og:url\" content=\"https:\/\/www.notibras.com\/site\/barbosa-ministro-ha-48-horas-e-desmentido-em-24h-e-minimo-fica-como-esta\/\" \/>\n<meta property=\"og:site_name\" content=\"Notibras\" \/>\n<meta property=\"article:publisher\" content=\"https:\/\/www.facebook.com\/notibras\/\" \/>\n<meta property=\"article:published_time\" content=\"2015-01-03T17:17:34+00:00\" \/>\n<meta property=\"article:modified_time\" content=\"2015-01-05T01:47:04+00:00\" \/>\n<meta property=\"og:image\" content=\"https:\/\/www.notibras.com\/site\/wp-content\/uploads\/2015\/01\/size_810_16_9_nelson-barbosa.jpg\" \/>\n\t<meta property=\"og:image:width\" content=\"810\" \/>\n\t<meta property=\"og:image:height\" content=\"455\" \/>\n\t<meta property=\"og:image:type\" content=\"image\/jpeg\" \/>\n<meta name=\"author\" content=\"Reda\u00e7\u00e3o\" \/>\n<meta name=\"twitter:card\" content=\"summary_large_image\" \/>\n<meta name=\"twitter:creator\" content=\"@Notibras\" \/>\n<meta name=\"twitter:site\" content=\"@Notibras\" \/>\n<meta name=\"twitter:label1\" content=\"Escrito por\" \/>\n\t<meta name=\"twitter:data1\" content=\"Reda\u00e7\u00e3o\" \/>\n\t<meta name=\"twitter:label2\" content=\"Est. tempo de leitura\" \/>\n\t<meta name=\"twitter:data2\" content=\"1 minuto\" \/>\n<script type=\"application\/ld+json\" class=\"yoast-schema-graph\">{\"@context\":\"https:\/\/schema.org\",\"@graph\":[{\"@type\":\"Article\",\"@id\":\"https:\/\/www.notibras.com\/site\/barbosa-ministro-ha-48-horas-e-desmentido-em-24h-e-minimo-fica-como-esta\/#article\",\"isPartOf\":{\"@id\":\"https:\/\/www.notibras.com\/site\/barbosa-ministro-ha-48-horas-e-desmentido-em-24h-e-minimo-fica-como-esta\/\"},\"author\":{\"name\":\"Reda\u00e7\u00e3o\",\"@id\":\"https:\/\/www.notibras.com\/site\/#\/schema\/person\/36ab0979449956132d3e5b517ea76ac8\"},\"headline\":\"Nelson Barbosa, ministro h\u00e1 48h, se desdiz em 24 horas e o c\u00e1lculo do sal\u00e1rio m\u00ednimo fica como est\u00e1\",\"datePublished\":\"2015-01-03T17:17:34+00:00\",\"dateModified\":\"2015-01-05T01:47:04+00:00\",\"mainEntityOfPage\":{\"@id\":\"https:\/\/www.notibras.com\/site\/barbosa-ministro-ha-48-horas-e-desmentido-em-24h-e-minimo-fica-como-esta\/\"},\"wordCount\":284,\"commentCount\":0,\"publisher\":{\"@id\":\"https:\/\/www.notibras.com\/site\/#organization\"},\"image\":{\"@id\":\"https:\/\/www.notibras.com\/site\/barbosa-ministro-ha-48-horas-e-desmentido-em-24h-e-minimo-fica-como-esta\/#primaryimage\"},\"thumbnailUrl\":\"https:\/\/www.notibras.com\/site\/wp-content\/uploads\/2015\/01\/size_810_16_9_nelson-barbosa.jpg\",\"articleSection\":[\"Brasil\"],\"inLanguage\":\"pt-BR\",\"potentialAction\":[{\"@type\":\"CommentAction\",\"name\":\"Comment\",\"target\":[\"https:\/\/www.notibras.com\/site\/barbosa-ministro-ha-48-horas-e-desmentido-em-24h-e-minimo-fica-como-esta\/#respond\"]}]},{\"@type\":\"WebPage\",\"@id\":\"https:\/\/www.notibras.com\/site\/barbosa-ministro-ha-48-horas-e-desmentido-em-24h-e-minimo-fica-como-esta\/\",\"url\":\"https:\/\/www.notibras.com\/site\/barbosa-ministro-ha-48-horas-e-desmentido-em-24h-e-minimo-fica-como-esta\/\",\"name\":\"Nelson Barbosa, ministro h\u00e1 48h, se desdiz em 24 horas e o c\u00e1lculo do sal\u00e1rio m\u00ednimo fica como est\u00e1 - Notibras\",\"isPartOf\":{\"@id\":\"https:\/\/www.notibras.com\/site\/#website\"},\"primaryImageOfPage\":{\"@id\":\"https:\/\/www.notibras.com\/site\/barbosa-ministro-ha-48-horas-e-desmentido-em-24h-e-minimo-fica-como-esta\/#primaryimage\"},\"image\":{\"@id\":\"https:\/\/www.notibras.com\/site\/barbosa-ministro-ha-48-horas-e-desmentido-em-24h-e-minimo-fica-como-esta\/#primaryimage\"},\"thumbnailUrl\":\"https:\/\/www.notibras.com\/site\/wp-content\/uploads\/2015\/01\/size_810_16_9_nelson-barbosa.jpg\",\"datePublished\":\"2015-01-03T17:17:34+00:00\",\"dateModified\":\"2015-01-05T01:47:04+00:00\",\"breadcrumb\":{\"@id\":\"https:\/\/www.notibras.com\/site\/barbosa-ministro-ha-48-horas-e-desmentido-em-24h-e-minimo-fica-como-esta\/#breadcrumb\"},\"inLanguage\":\"pt-BR\",\"potentialAction\":[{\"@type\":\"ReadAction\",\"target\":[\"https:\/\/www.notibras.com\/site\/barbosa-ministro-ha-48-horas-e-desmentido-em-24h-e-minimo-fica-como-esta\/\"]}]},{\"@type\":\"ImageObject\",\"inLanguage\":\"pt-BR\",\"@id\":\"https:\/\/www.notibras.com\/site\/barbosa-ministro-ha-48-horas-e-desmentido-em-24h-e-minimo-fica-como-esta\/#primaryimage\",\"url\":\"https:\/\/www.notibras.com\/site\/wp-content\/uploads\/2015\/01\/size_810_16_9_nelson-barbosa.jpg\",\"contentUrl\":\"https:\/\/www.notibras.com\/site\/wp-content\/uploads\/2015\/01\/size_810_16_9_nelson-barbosa.jpg\",\"width\":810,\"height\":455},{\"@type\":\"BreadcrumbList\",\"@id\":\"https:\/\/www.notibras.com\/site\/barbosa-ministro-ha-48-horas-e-desmentido-em-24h-e-minimo-fica-como-esta\/#breadcrumb\",\"itemListElement\":[{\"@type\":\"ListItem\",\"position\":1,\"name\":\"In\u00edcio\",\"item\":\"https:\/\/www.notibras.com\/site\/\"},{\"@type\":\"ListItem\",\"position\":2,\"name\":\"Nelson Barbosa, ministro h\u00e1 48h, se desdiz em 24 horas e o c\u00e1lculo do sal\u00e1rio m\u00ednimo fica como est\u00e1\"}]},{\"@type\":\"WebSite\",\"@id\":\"https:\/\/www.notibras.com\/site\/#website\",\"url\":\"https:\/\/www.notibras.com\/site\/\",\"name\":\"Notibras\",\"description\":\"Not\u00edcias de Bras\u00edlia, do Brasil e do Mundo\",\"publisher\":{\"@id\":\"https:\/\/www.notibras.com\/site\/#organization\"},\"potentialAction\":[{\"@type\":\"SearchAction\",\"target\":{\"@type\":\"EntryPoint\",\"urlTemplate\":\"https:\/\/www.notibras.com\/site\/?s={search_term_string}\"},\"query-input\":{\"@type\":\"PropertyValueSpecification\",\"valueRequired\":true,\"valueName\":\"search_term_string\"}}],\"inLanguage\":\"pt-BR\"},{\"@type\":\"Organization\",\"@id\":\"https:\/\/www.notibras.com\/site\/#organization\",\"name\":\"Grupo Notibras de Comunica\u00e7\u00e3o\",\"url\":\"https:\/\/www.notibras.com\/site\/\",\"logo\":{\"@type\":\"ImageObject\",\"inLanguage\":\"pt-BR\",\"@id\":\"https:\/\/www.notibras.com\/site\/#\/schema\/logo\/image\/\",\"url\":\"https:\/\/www.notibras.com\/site\/wp-content\/uploads\/2023\/01\/notibras23.png\",\"contentUrl\":\"https:\/\/www.notibras.com\/site\/wp-content\/uploads\/2023\/01\/notibras23.png\",\"width\":350,\"height\":87,\"caption\":\"Grupo Notibras de Comunica\u00e7\u00e3o\"},\"image\":{\"@id\":\"https:\/\/www.notibras.com\/site\/#\/schema\/logo\/image\/\"},\"sameAs\":[\"https:\/\/www.facebook.com\/notibras\/\",\"https:\/\/x.com\/Notibras\",\"https:\/\/www.instagram.com\/notibras\/\"]},{\"@type\":\"Person\",\"@id\":\"https:\/\/www.notibras.com\/site\/#\/schema\/person\/36ab0979449956132d3e5b517ea76ac8\",\"name\":\"Reda\u00e7\u00e3o\",\"image\":{\"@type\":\"ImageObject\",\"inLanguage\":\"pt-BR\",\"@id\":\"https:\/\/secure.gravatar.com\/avatar\/e0a867bdedb85fd243eadf09663511f96fc81e0720a4a42581f334ad4303aa6b?s=96&d=mm&r=g\",\"url\":\"https:\/\/secure.gravatar.com\/avatar\/e0a867bdedb85fd243eadf09663511f96fc81e0720a4a42581f334ad4303aa6b?s=96&d=mm&r=g\",\"contentUrl\":\"https:\/\/secure.gravatar.com\/avatar\/e0a867bdedb85fd243eadf09663511f96fc81e0720a4a42581f334ad4303aa6b?s=96&d=mm&r=g\",\"caption\":\"Reda\u00e7\u00e3o\"}}]}<\/script>\n<!-- \/ Yoast SEO plugin. -->","yoast_head_json":{"title":"Nelson Barbosa, ministro h\u00e1 48h, se desdiz em 24 horas e o c\u00e1lculo do sal\u00e1rio m\u00ednimo fica como est\u00e1 - Notibras","robots":{"index":"index","follow":"follow","max-snippet":"max-snippet:-1","max-image-preview":"max-image-preview:large","max-video-preview":"max-video-preview:-1"},"canonical":"https:\/\/www.notibras.com\/site\/barbosa-ministro-ha-48-horas-e-desmentido-em-24h-e-minimo-fica-como-esta\/","og_locale":"pt_BR","og_type":"article","og_title":"Nelson Barbosa, ministro h\u00e1 48h, se desdiz em 24 horas e o c\u00e1lculo do sal\u00e1rio m\u00ednimo fica como est\u00e1 - Notibras","og_description":"Nem come\u00e7ou, e o governo Dilma Rousseff, em segundo mandato, j\u00e1 entra em contradi\u00e7\u00e3o. Neste s\u00e1bado 3, o Minist\u00e9rio do Planejamento divulgou uma nota para informar que, ao contr\u00e1rio do que havia informado o novo ministro Nelson Barbosa no dia anterior, n\u00e3o haver\u00e1 mudan\u00e7a na forma de c\u00e1lculo do sal\u00e1rio m\u00ednimo a partir de 2016. [&hellip;]","og_url":"https:\/\/www.notibras.com\/site\/barbosa-ministro-ha-48-horas-e-desmentido-em-24h-e-minimo-fica-como-esta\/","og_site_name":"Notibras","article_publisher":"https:\/\/www.facebook.com\/notibras\/","article_published_time":"2015-01-03T17:17:34+00:00","article_modified_time":"2015-01-05T01:47:04+00:00","og_image":[{"width":810,"height":455,"url":"https:\/\/www.notibras.com\/site\/wp-content\/uploads\/2015\/01\/size_810_16_9_nelson-barbosa.jpg","type":"image\/jpeg"}],"author":"Reda\u00e7\u00e3o","twitter_card":"summary_large_image","twitter_creator":"@Notibras","twitter_site":"@Notibras","twitter_misc":{"Escrito por":"Reda\u00e7\u00e3o","Est. tempo de leitura":"1 minuto"},"schema":{"@context":"https:\/\/schema.org","@graph":[{"@type":"Article","@id":"https:\/\/www.notibras.com\/site\/barbosa-ministro-ha-48-horas-e-desmentido-em-24h-e-minimo-fica-como-esta\/#article","isPartOf":{"@id":"https:\/\/www.notibras.com\/site\/barbosa-ministro-ha-48-horas-e-desmentido-em-24h-e-minimo-fica-como-esta\/"},"author":{"name":"Reda\u00e7\u00e3o","@id":"https:\/\/www.notibras.com\/site\/#\/schema\/person\/36ab0979449956132d3e5b517ea76ac8"},"headline":"Nelson Barbosa, ministro h\u00e1 48h, se desdiz em 24 horas e o c\u00e1lculo do sal\u00e1rio m\u00ednimo fica como est\u00e1","datePublished":"2015-01-03T17:17:34+00:00","dateModified":"2015-01-05T01:47:04+00:00","mainEntityOfPage":{"@id":"https:\/\/www.notibras.com\/site\/barbosa-ministro-ha-48-horas-e-desmentido-em-24h-e-minimo-fica-como-esta\/"},"wordCount":284,"commentCount":0,"publisher":{"@id":"https:\/\/www.notibras.com\/site\/#organization"},"image":{"@id":"https:\/\/www.notibras.com\/site\/barbosa-ministro-ha-48-horas-e-desmentido-em-24h-e-minimo-fica-como-esta\/#primaryimage"},"thumbnailUrl":"https:\/\/www.notibras.com\/site\/wp-content\/uploads\/2015\/01\/size_810_16_9_nelson-barbosa.jpg","articleSection":["Brasil"],"inLanguage":"pt-BR","potentialAction":[{"@type":"CommentAction","name":"Comment","target":["https:\/\/www.notibras.com\/site\/barbosa-ministro-ha-48-horas-e-desmentido-em-24h-e-minimo-fica-como-esta\/#respond"]}]},{"@type":"WebPage","@id":"https:\/\/www.notibras.com\/site\/barbosa-ministro-ha-48-horas-e-desmentido-em-24h-e-minimo-fica-como-esta\/","url":"https:\/\/www.notibras.com\/site\/barbosa-ministro-ha-48-horas-e-desmentido-em-24h-e-minimo-fica-como-esta\/","name":"Nelson Barbosa, ministro h\u00e1 48h, se desdiz em 24 horas e o c\u00e1lculo do sal\u00e1rio m\u00ednimo fica como est\u00e1 - Notibras","isPartOf":{"@id":"https:\/\/www.notibras.com\/site\/#website"},"primaryImageOfPage":{"@id":"https:\/\/www.notibras.com\/site\/barbosa-ministro-ha-48-horas-e-desmentido-em-24h-e-minimo-fica-como-esta\/#primaryimage"},"image":{"@id":"https:\/\/www.notibras.com\/site\/barbosa-ministro-ha-48-horas-e-desmentido-em-24h-e-minimo-fica-como-esta\/#primaryimage"},"thumbnailUrl":"https:\/\/www.notibras.com\/site\/wp-content\/uploads\/2015\/01\/size_810_16_9_nelson-barbosa.jpg","datePublished":"2015-01-03T17:17:34+00:00","dateModified":"2015-01-05T01:47:04+00:00","breadcrumb":{"@id":"https:\/\/www.notibras.com\/site\/barbosa-ministro-ha-48-horas-e-desmentido-em-24h-e-minimo-fica-como-esta\/#breadcrumb"},"inLanguage":"pt-BR","potentialAction":[{"@type":"ReadAction","target":["https:\/\/www.notibras.com\/site\/barbosa-ministro-ha-48-horas-e-desmentido-em-24h-e-minimo-fica-como-esta\/"]}]},{"@type":"ImageObject","inLanguage":"pt-BR","@id":"https:\/\/www.notibras.com\/site\/barbosa-ministro-ha-48-horas-e-desmentido-em-24h-e-minimo-fica-como-esta\/#primaryimage","url":"https:\/\/www.notibras.com\/site\/wp-content\/uploads\/2015\/01\/size_810_16_9_nelson-barbosa.jpg","contentUrl":"https:\/\/www.notibras.com\/site\/wp-content\/uploads\/2015\/01\/size_810_16_9_nelson-barbosa.jpg","width":810,"height":455},{"@type":"BreadcrumbList","@id":"https:\/\/www.notibras.com\/site\/barbosa-ministro-ha-48-horas-e-desmentido-em-24h-e-minimo-fica-como-esta\/#breadcrumb","itemListElement":[{"@type":"ListItem","position":1,"name":"In\u00edcio","item":"https:\/\/www.notibras.com\/site\/"},{"@type":"ListItem","position":2,"name":"Nelson Barbosa, ministro h\u00e1 48h, se desdiz em 24 horas e o c\u00e1lculo do sal\u00e1rio m\u00ednimo fica como est\u00e1"}]},{"@type":"WebSite","@id":"https:\/\/www.notibras.com\/site\/#website","url":"https:\/\/www.notibras.com\/site\/","name":"Notibras","description":"Not\u00edcias de Bras\u00edlia, do Brasil e do Mundo","publisher":{"@id":"https:\/\/www.notibras.com\/site\/#organization"},"potentialAction":[{"@type":"SearchAction","target":{"@type":"EntryPoint","urlTemplate":"https:\/\/www.notibras.com\/site\/?s={search_term_string}"},"query-input":{"@type":"PropertyValueSpecification","valueRequired":true,"valueName":"search_term_string"}}],"inLanguage":"pt-BR"},{"@type":"Organization","@id":"https:\/\/www.notibras.com\/site\/#organization","name":"Grupo Notibras de Comunica\u00e7\u00e3o","url":"https:\/\/www.notibras.com\/site\/","logo":{"@type":"ImageObject","inLanguage":"pt-BR","@id":"https:\/\/www.notibras.com\/site\/#\/schema\/logo\/image\/","url":"https:\/\/www.notibras.com\/site\/wp-content\/uploads\/2023\/01\/notibras23.png","contentUrl":"https:\/\/www.notibras.com\/site\/wp-content\/uploads\/2023\/01\/notibras23.png","width":350,"height":87,"caption":"Grupo Notibras de Comunica\u00e7\u00e3o"},"image":{"@id":"https:\/\/www.notibras.com\/site\/#\/schema\/logo\/image\/"},"sameAs":["https:\/\/www.facebook.com\/notibras\/","https:\/\/x.com\/Notibras","https:\/\/www.instagram.com\/notibras\/"]},{"@type":"Person","@id":"https:\/\/www.notibras.com\/site\/#\/schema\/person\/36ab0979449956132d3e5b517ea76ac8","name":"Reda\u00e7\u00e3o","image":{"@type":"ImageObject","inLanguage":"pt-BR","@id":"https:\/\/secure.gravatar.com\/avatar\/e0a867bdedb85fd243eadf09663511f96fc81e0720a4a42581f334ad4303aa6b?s=96&d=mm&r=g","url":"https:\/\/secure.gravatar.com\/avatar\/e0a867bdedb85fd243eadf09663511f96fc81e0720a4a42581f334ad4303aa6b?s=96&d=mm&r=g","contentUrl":"https:\/\/secure.gravatar.com\/avatar\/e0a867bdedb85fd243eadf09663511f96fc81e0720a4a42581f334ad4303aa6b?s=96&d=mm&r=g","caption":"Reda\u00e7\u00e3o"}}]}},"amp_enabled":true,"_links":{"self":[{"href":"https:\/\/www.notibras.com\/site\/wp-json\/wp\/v2\/posts\/32804","targetHints":{"allow":["GET"]}}],"collection":[{"href":"https:\/\/www.notibras.com\/site\/wp-json\/wp\/v2\/posts"}],"about":[{"href":"https:\/\/www.notibras.com\/site\/wp-json\/wp\/v2\/types\/post"}],"author":[{"embeddable":true,"href":"https:\/\/www.notibras.com\/site\/wp-json\/wp\/v2\/users\/2"}],"replies":[{"embeddable":true,"href":"https:\/\/www.notibras.com\/site\/wp-json\/wp\/v2\/comments?post=32804"}],"version-history":[{"count":0,"href":"https:\/\/www.notibras.com\/site\/wp-json\/wp\/v2\/posts\/32804\/revisions"}],"wp:featuredmedia":[{"embeddable":true,"href":"https:\/\/www.notibras.com\/site\/wp-json\/wp\/v2\/media\/32805"}],"wp:attachment":[{"href":"https:\/\/www.notibras.com\/site\/wp-json\/wp\/v2\/media?parent=32804"}],"wp:term":[{"taxonomy":"category","embeddable":true,"href":"https:\/\/www.notibras.com\/site\/wp-json\/wp\/v2\/categories?post=32804"},{"taxonomy":"post_tag","embeddable":true,"href":"https:\/\/www.notibras.com\/site\/wp-json\/wp\/v2\/tags?post=32804"}],"curies":[{"name":"wp","href":"https:\/\/api.w.org\/{rel}","templated":true}]}}