{"id":328042,"date":"2024-05-05T08:53:38","date_gmt":"2024-05-05T11:53:38","guid":{"rendered":"https:\/\/www.notibras.com\/site\/?p=328042"},"modified":"2024-05-05T08:59:22","modified_gmt":"2024-05-05T11:59:22","slug":"velho-bule-e-xicara-e-mamae-ralhava-quando-eu-bebia","status":"publish","type":"post","link":"https:\/\/www.notibras.com\/site\/velho-bule-e-xicara-e-mamae-ralhava-quando-eu-bebia\/","title":{"rendered":"Velho bule e x\u00edcara, e mam\u00e3e ralhava quando eu bebia"},"content":{"rendered":"<p>Acabei de voltar do vel\u00f3rio da minha av\u00f3. Soube h\u00e1 quase uma semana que ela n\u00e3o andava bem e, como moro na capital, pedi ao patr\u00e3o uns dias de folga. Homem duro, talvez tenha se compadecido da minha dor, provavelmente porque perdeu a m\u00e3e h\u00e1 pouco.<\/p>\n<p>Cheguei a tempo de segurar as m\u00e3os enrugadas de vov\u00f3. A pele bem fina, como se gasta pelo tempo, ainda que fria, conseguiram aquecer meu cora\u00e7\u00e3o. Ela me ofereceu caf\u00e9, como nos meus tempos de menino.<\/p>\n<p>\u2014 Mas n\u00e3o conte pra sua m\u00e3e, que ela vai dizer que n\u00e3o pode.<\/p>\n<p>Fomos at\u00e9 a cozinha, onde l\u00e1 continua o mesmo fog\u00e3o a lenha de outrora. Naquela \u00e9poca n\u00e3o havia luz el\u00e9trica no s\u00edtio, e vov\u00f3 andava com uma lamparina a querosene. Deixava uma acesa no corredor para o caso de algu\u00e9m precisar usar o banheiro \u00e0 noite.<\/p>\n<p>Garrafa t\u00e9rmica tamb\u00e9m n\u00e3o havia chegado ao s\u00edtio. Vov\u00f3 repousava o bule na lateral do fog\u00e3o a lenha para manter o caf\u00e9 sempre quentinho. E, se mam\u00e3e n\u00e3o estivesse por perto, eu tomava na mesma x\u00edcara da minha av\u00f3. Se ela me pegava, era aquela ralha\u00e7\u00e3o.<\/p>\n<p>\u2014 Gilmar, quantas vezes j\u00e1 te falei que n\u00e3o pode beber caf\u00e9? Crian\u00e7a tem que beber leite! Mam\u00e3e, por favor, n\u00e3o d\u00ea mais caf\u00e9 pro menino.<\/p>\n<p>Minha av\u00f3 me apertava junto ao seu corpo, enquanto mam\u00e3e continuava o falat\u00f3rio. Aqueles olhos acolhedores me diziam para deixar mam\u00e3e falar e n\u00e3o ligar para aquele monte de coisas ditas. Eu virava o rosto contra a saia de vov\u00f3 e sorria mudo para que minha m\u00e3e n\u00e3o percebesse.<\/p>\n<p>Vov\u00f3, sem o vigor dos meus tempos de menino, pegou aquele bule envelhecido, bem ao lado do fog\u00e3o a lenha, e me serviu. Ela quis pegar outra x\u00edcara para tamb\u00e9m se servir, mas eu falei que preferia como faz\u00edamos antigamente. Minha av\u00f3 sorriu e se sentou ao meu lado. Foi a \u00faltima vez que bebemos na mesma x\u00edcara.<\/p>\n<p>E aqui estou na varanda do meu apartamento. Solit\u00e1rio, ferido porque a finitude me arrancou a melhor parte de mim. Pego a x\u00edcara na mesa ao lado e a levo aos l\u00e1bios. No entanto, antes de sorver o caf\u00e9, sinto o aroma inconfund\u00edvel de vov\u00f3. Que saudade!<\/p>\n","protected":false},"excerpt":{"rendered":"<p>Acabei de voltar do vel\u00f3rio da minha av\u00f3. Soube h\u00e1 quase uma semana que ela n\u00e3o andava bem e, como moro na capital, pedi ao patr\u00e3o uns dias de folga. Homem duro, talvez tenha se compadecido da minha dor, provavelmente porque perdeu a m\u00e3e h\u00e1 pouco. Cheguei a tempo de segurar as m\u00e3os enrugadas de [&hellip;]<\/p>\n","protected":false},"author":2,"featured_media":328043,"comment_status":"closed","ping_status":"closed","sticky":false,"template":"","format":"standard","meta":{"_acf_changed":false,"footnotes":""},"categories":[161],"tags":[],"class_list":["post-328042","post","type-post","status-publish","format-standard","has-post-thumbnail","hentry","category-quadradinho-em-foco"],"acf":[],"yoast_head":"<!-- This site is optimized with the Yoast SEO plugin v27.5 - https:\/\/yoast.com\/product\/yoast-seo-wordpress\/ -->\n<title>Velho bule e x\u00edcara, e mam\u00e3e ralhava quando eu bebia - Notibras<\/title>\n<meta name=\"robots\" content=\"index, follow, max-snippet:-1, max-image-preview:large, max-video-preview:-1\" \/>\n<link rel=\"canonical\" href=\"https:\/\/www.notibras.com\/site\/velho-bule-e-xicara-e-mamae-ralhava-quando-eu-bebia\/\" \/>\n<meta property=\"og:locale\" content=\"pt_BR\" \/>\n<meta property=\"og:type\" content=\"article\" \/>\n<meta property=\"og:title\" content=\"Velho bule e x\u00edcara, e mam\u00e3e ralhava quando eu bebia - Notibras\" \/>\n<meta property=\"og:description\" content=\"Acabei de voltar do vel\u00f3rio da minha av\u00f3. Soube h\u00e1 quase uma semana que ela n\u00e3o andava bem e, como moro na capital, pedi ao patr\u00e3o uns dias de folga. Homem duro, talvez tenha se compadecido da minha dor, provavelmente porque perdeu a m\u00e3e h\u00e1 pouco. Cheguei a tempo de segurar as m\u00e3os enrugadas de [&hellip;]\" \/>\n<meta property=\"og:url\" content=\"https:\/\/www.notibras.com\/site\/velho-bule-e-xicara-e-mamae-ralhava-quando-eu-bebia\/\" \/>\n<meta property=\"og:site_name\" content=\"Notibras\" \/>\n<meta property=\"article:publisher\" content=\"https:\/\/www.facebook.com\/notibras\/\" \/>\n<meta property=\"article:published_time\" content=\"2024-05-05T11:53:38+00:00\" \/>\n<meta property=\"article:modified_time\" content=\"2024-05-05T11:59:22+00:00\" \/>\n<meta property=\"og:image\" content=\"https:\/\/www.notibras.com\/site\/wp-content\/uploads\/2024\/05\/6dbacc8c-b44f-491b-aac1-1b341bcf03c2.jpeg\" \/>\n\t<meta property=\"og:image:width\" content=\"320\" \/>\n\t<meta property=\"og:image:height\" content=\"320\" \/>\n\t<meta property=\"og:image:type\" content=\"image\/jpeg\" \/>\n<meta name=\"author\" content=\"Reda\u00e7\u00e3o\" \/>\n<meta name=\"twitter:card\" content=\"summary_large_image\" \/>\n<meta name=\"twitter:creator\" content=\"@Notibras\" \/>\n<meta name=\"twitter:site\" content=\"@Notibras\" \/>\n<meta name=\"twitter:label1\" content=\"Escrito por\" \/>\n\t<meta name=\"twitter:data1\" content=\"Reda\u00e7\u00e3o\" \/>\n\t<meta name=\"twitter:label2\" content=\"Est. tempo de leitura\" \/>\n\t<meta name=\"twitter:data2\" content=\"3 minutos\" \/>\n<script type=\"application\/ld+json\" class=\"yoast-schema-graph\">{\"@context\":\"https:\\\/\\\/schema.org\",\"@graph\":[{\"@type\":\"Article\",\"@id\":\"https:\\\/\\\/www.notibras.com\\\/site\\\/velho-bule-e-xicara-e-mamae-ralhava-quando-eu-bebia\\\/#article\",\"isPartOf\":{\"@id\":\"https:\\\/\\\/www.notibras.com\\\/site\\\/velho-bule-e-xicara-e-mamae-ralhava-quando-eu-bebia\\\/\"},\"author\":{\"name\":\"Reda\u00e7\u00e3o\",\"@id\":\"https:\\\/\\\/www.notibras.com\\\/site\\\/#\\\/schema\\\/person\\\/36ab0979449956132d3e5b517ea76ac8\"},\"headline\":\"Velho bule e x\u00edcara, e mam\u00e3e ralhava quando eu bebia\",\"datePublished\":\"2024-05-05T11:53:38+00:00\",\"dateModified\":\"2024-05-05T11:59:22+00:00\",\"mainEntityOfPage\":{\"@id\":\"https:\\\/\\\/www.notibras.com\\\/site\\\/velho-bule-e-xicara-e-mamae-ralhava-quando-eu-bebia\\\/\"},\"wordCount\":419,\"publisher\":{\"@id\":\"https:\\\/\\\/www.notibras.com\\\/site\\\/#organization\"},\"image\":{\"@id\":\"https:\\\/\\\/www.notibras.com\\\/site\\\/velho-bule-e-xicara-e-mamae-ralhava-quando-eu-bebia\\\/#primaryimage\"},\"thumbnailUrl\":\"https:\\\/\\\/www.notibras.com\\\/site\\\/wp-content\\\/uploads\\\/2024\\\/05\\\/6dbacc8c-b44f-491b-aac1-1b341bcf03c2.jpeg\",\"articleSection\":[\"Quadradinho em Foco\"],\"inLanguage\":\"pt-BR\"},{\"@type\":\"WebPage\",\"@id\":\"https:\\\/\\\/www.notibras.com\\\/site\\\/velho-bule-e-xicara-e-mamae-ralhava-quando-eu-bebia\\\/\",\"url\":\"https:\\\/\\\/www.notibras.com\\\/site\\\/velho-bule-e-xicara-e-mamae-ralhava-quando-eu-bebia\\\/\",\"name\":\"Velho bule e x\u00edcara, e mam\u00e3e ralhava quando eu bebia - Notibras\",\"isPartOf\":{\"@id\":\"https:\\\/\\\/www.notibras.com\\\/site\\\/#website\"},\"primaryImageOfPage\":{\"@id\":\"https:\\\/\\\/www.notibras.com\\\/site\\\/velho-bule-e-xicara-e-mamae-ralhava-quando-eu-bebia\\\/#primaryimage\"},\"image\":{\"@id\":\"https:\\\/\\\/www.notibras.com\\\/site\\\/velho-bule-e-xicara-e-mamae-ralhava-quando-eu-bebia\\\/#primaryimage\"},\"thumbnailUrl\":\"https:\\\/\\\/www.notibras.com\\\/site\\\/wp-content\\\/uploads\\\/2024\\\/05\\\/6dbacc8c-b44f-491b-aac1-1b341bcf03c2.jpeg\",\"datePublished\":\"2024-05-05T11:53:38+00:00\",\"dateModified\":\"2024-05-05T11:59:22+00:00\",\"breadcrumb\":{\"@id\":\"https:\\\/\\\/www.notibras.com\\\/site\\\/velho-bule-e-xicara-e-mamae-ralhava-quando-eu-bebia\\\/#breadcrumb\"},\"inLanguage\":\"pt-BR\",\"potentialAction\":[{\"@type\":\"ReadAction\",\"target\":[\"https:\\\/\\\/www.notibras.com\\\/site\\\/velho-bule-e-xicara-e-mamae-ralhava-quando-eu-bebia\\\/\"]}]},{\"@type\":\"ImageObject\",\"inLanguage\":\"pt-BR\",\"@id\":\"https:\\\/\\\/www.notibras.com\\\/site\\\/velho-bule-e-xicara-e-mamae-ralhava-quando-eu-bebia\\\/#primaryimage\",\"url\":\"https:\\\/\\\/www.notibras.com\\\/site\\\/wp-content\\\/uploads\\\/2024\\\/05\\\/6dbacc8c-b44f-491b-aac1-1b341bcf03c2.jpeg\",\"contentUrl\":\"https:\\\/\\\/www.notibras.com\\\/site\\\/wp-content\\\/uploads\\\/2024\\\/05\\\/6dbacc8c-b44f-491b-aac1-1b341bcf03c2.jpeg\",\"width\":320,\"height\":320},{\"@type\":\"BreadcrumbList\",\"@id\":\"https:\\\/\\\/www.notibras.com\\\/site\\\/velho-bule-e-xicara-e-mamae-ralhava-quando-eu-bebia\\\/#breadcrumb\",\"itemListElement\":[{\"@type\":\"ListItem\",\"position\":1,\"name\":\"In\u00edcio\",\"item\":\"https:\\\/\\\/www.notibras.com\\\/site\\\/\"},{\"@type\":\"ListItem\",\"position\":2,\"name\":\"Velho bule e x\u00edcara, e mam\u00e3e ralhava quando eu bebia\"}]},{\"@type\":\"WebSite\",\"@id\":\"https:\\\/\\\/www.notibras.com\\\/site\\\/#website\",\"url\":\"https:\\\/\\\/www.notibras.com\\\/site\\\/\",\"name\":\"Notibras\",\"description\":\"Not\u00edcias de Bras\u00edlia, do Brasil e do Mundo\",\"publisher\":{\"@id\":\"https:\\\/\\\/www.notibras.com\\\/site\\\/#organization\"},\"potentialAction\":[{\"@type\":\"SearchAction\",\"target\":{\"@type\":\"EntryPoint\",\"urlTemplate\":\"https:\\\/\\\/www.notibras.com\\\/site\\\/?s={search_term_string}\"},\"query-input\":{\"@type\":\"PropertyValueSpecification\",\"valueRequired\":true,\"valueName\":\"search_term_string\"}}],\"inLanguage\":\"pt-BR\"},{\"@type\":\"Organization\",\"@id\":\"https:\\\/\\\/www.notibras.com\\\/site\\\/#organization\",\"name\":\"Grupo Notibras de Comunica\u00e7\u00e3o\",\"url\":\"https:\\\/\\\/www.notibras.com\\\/site\\\/\",\"logo\":{\"@type\":\"ImageObject\",\"inLanguage\":\"pt-BR\",\"@id\":\"https:\\\/\\\/www.notibras.com\\\/site\\\/#\\\/schema\\\/logo\\\/image\\\/\",\"url\":\"https:\\\/\\\/www.notibras.com\\\/site\\\/wp-content\\\/uploads\\\/2023\\\/01\\\/notibras23.png\",\"contentUrl\":\"https:\\\/\\\/www.notibras.com\\\/site\\\/wp-content\\\/uploads\\\/2023\\\/01\\\/notibras23.png\",\"width\":350,\"height\":87,\"caption\":\"Grupo Notibras de Comunica\u00e7\u00e3o\"},\"image\":{\"@id\":\"https:\\\/\\\/www.notibras.com\\\/site\\\/#\\\/schema\\\/logo\\\/image\\\/\"},\"sameAs\":[\"https:\\\/\\\/www.facebook.com\\\/notibras\\\/\",\"https:\\\/\\\/x.com\\\/Notibras\",\"https:\\\/\\\/www.instagram.com\\\/notibras\\\/\"]},{\"@type\":\"Person\",\"@id\":\"https:\\\/\\\/www.notibras.com\\\/site\\\/#\\\/schema\\\/person\\\/36ab0979449956132d3e5b517ea76ac8\",\"name\":\"Reda\u00e7\u00e3o\",\"image\":{\"@type\":\"ImageObject\",\"inLanguage\":\"pt-BR\",\"@id\":\"https:\\\/\\\/secure.gravatar.com\\\/avatar\\\/e0a867bdedb85fd243eadf09663511f96fc81e0720a4a42581f334ad4303aa6b?s=96&d=mm&r=g\",\"url\":\"https:\\\/\\\/secure.gravatar.com\\\/avatar\\\/e0a867bdedb85fd243eadf09663511f96fc81e0720a4a42581f334ad4303aa6b?s=96&d=mm&r=g\",\"contentUrl\":\"https:\\\/\\\/secure.gravatar.com\\\/avatar\\\/e0a867bdedb85fd243eadf09663511f96fc81e0720a4a42581f334ad4303aa6b?s=96&d=mm&r=g\",\"caption\":\"Reda\u00e7\u00e3o\"}}]}<\/script>\n<!-- \/ Yoast SEO plugin. -->","yoast_head_json":{"title":"Velho bule e x\u00edcara, e mam\u00e3e ralhava quando eu bebia - Notibras","robots":{"index":"index","follow":"follow","max-snippet":"max-snippet:-1","max-image-preview":"max-image-preview:large","max-video-preview":"max-video-preview:-1"},"canonical":"https:\/\/www.notibras.com\/site\/velho-bule-e-xicara-e-mamae-ralhava-quando-eu-bebia\/","og_locale":"pt_BR","og_type":"article","og_title":"Velho bule e x\u00edcara, e mam\u00e3e ralhava quando eu bebia - Notibras","og_description":"Acabei de voltar do vel\u00f3rio da minha av\u00f3. Soube h\u00e1 quase uma semana que ela n\u00e3o andava bem e, como moro na capital, pedi ao patr\u00e3o uns dias de folga. Homem duro, talvez tenha se compadecido da minha dor, provavelmente porque perdeu a m\u00e3e h\u00e1 pouco. Cheguei a tempo de segurar as m\u00e3os enrugadas de [&hellip;]","og_url":"https:\/\/www.notibras.com\/site\/velho-bule-e-xicara-e-mamae-ralhava-quando-eu-bebia\/","og_site_name":"Notibras","article_publisher":"https:\/\/www.facebook.com\/notibras\/","article_published_time":"2024-05-05T11:53:38+00:00","article_modified_time":"2024-05-05T11:59:22+00:00","og_image":[{"width":320,"height":320,"url":"https:\/\/www.notibras.com\/site\/wp-content\/uploads\/2024\/05\/6dbacc8c-b44f-491b-aac1-1b341bcf03c2.jpeg","type":"image\/jpeg"}],"author":"Reda\u00e7\u00e3o","twitter_card":"summary_large_image","twitter_creator":"@Notibras","twitter_site":"@Notibras","twitter_misc":{"Escrito por":"Reda\u00e7\u00e3o","Est. tempo de leitura":"3 minutos"},"schema":{"@context":"https:\/\/schema.org","@graph":[{"@type":"Article","@id":"https:\/\/www.notibras.com\/site\/velho-bule-e-xicara-e-mamae-ralhava-quando-eu-bebia\/#article","isPartOf":{"@id":"https:\/\/www.notibras.com\/site\/velho-bule-e-xicara-e-mamae-ralhava-quando-eu-bebia\/"},"author":{"name":"Reda\u00e7\u00e3o","@id":"https:\/\/www.notibras.com\/site\/#\/schema\/person\/36ab0979449956132d3e5b517ea76ac8"},"headline":"Velho bule e x\u00edcara, e mam\u00e3e ralhava quando eu bebia","datePublished":"2024-05-05T11:53:38+00:00","dateModified":"2024-05-05T11:59:22+00:00","mainEntityOfPage":{"@id":"https:\/\/www.notibras.com\/site\/velho-bule-e-xicara-e-mamae-ralhava-quando-eu-bebia\/"},"wordCount":419,"publisher":{"@id":"https:\/\/www.notibras.com\/site\/#organization"},"image":{"@id":"https:\/\/www.notibras.com\/site\/velho-bule-e-xicara-e-mamae-ralhava-quando-eu-bebia\/#primaryimage"},"thumbnailUrl":"https:\/\/www.notibras.com\/site\/wp-content\/uploads\/2024\/05\/6dbacc8c-b44f-491b-aac1-1b341bcf03c2.jpeg","articleSection":["Quadradinho em Foco"],"inLanguage":"pt-BR"},{"@type":"WebPage","@id":"https:\/\/www.notibras.com\/site\/velho-bule-e-xicara-e-mamae-ralhava-quando-eu-bebia\/","url":"https:\/\/www.notibras.com\/site\/velho-bule-e-xicara-e-mamae-ralhava-quando-eu-bebia\/","name":"Velho bule e x\u00edcara, e mam\u00e3e ralhava quando eu bebia - Notibras","isPartOf":{"@id":"https:\/\/www.notibras.com\/site\/#website"},"primaryImageOfPage":{"@id":"https:\/\/www.notibras.com\/site\/velho-bule-e-xicara-e-mamae-ralhava-quando-eu-bebia\/#primaryimage"},"image":{"@id":"https:\/\/www.notibras.com\/site\/velho-bule-e-xicara-e-mamae-ralhava-quando-eu-bebia\/#primaryimage"},"thumbnailUrl":"https:\/\/www.notibras.com\/site\/wp-content\/uploads\/2024\/05\/6dbacc8c-b44f-491b-aac1-1b341bcf03c2.jpeg","datePublished":"2024-05-05T11:53:38+00:00","dateModified":"2024-05-05T11:59:22+00:00","breadcrumb":{"@id":"https:\/\/www.notibras.com\/site\/velho-bule-e-xicara-e-mamae-ralhava-quando-eu-bebia\/#breadcrumb"},"inLanguage":"pt-BR","potentialAction":[{"@type":"ReadAction","target":["https:\/\/www.notibras.com\/site\/velho-bule-e-xicara-e-mamae-ralhava-quando-eu-bebia\/"]}]},{"@type":"ImageObject","inLanguage":"pt-BR","@id":"https:\/\/www.notibras.com\/site\/velho-bule-e-xicara-e-mamae-ralhava-quando-eu-bebia\/#primaryimage","url":"https:\/\/www.notibras.com\/site\/wp-content\/uploads\/2024\/05\/6dbacc8c-b44f-491b-aac1-1b341bcf03c2.jpeg","contentUrl":"https:\/\/www.notibras.com\/site\/wp-content\/uploads\/2024\/05\/6dbacc8c-b44f-491b-aac1-1b341bcf03c2.jpeg","width":320,"height":320},{"@type":"BreadcrumbList","@id":"https:\/\/www.notibras.com\/site\/velho-bule-e-xicara-e-mamae-ralhava-quando-eu-bebia\/#breadcrumb","itemListElement":[{"@type":"ListItem","position":1,"name":"In\u00edcio","item":"https:\/\/www.notibras.com\/site\/"},{"@type":"ListItem","position":2,"name":"Velho bule e x\u00edcara, e mam\u00e3e ralhava quando eu bebia"}]},{"@type":"WebSite","@id":"https:\/\/www.notibras.com\/site\/#website","url":"https:\/\/www.notibras.com\/site\/","name":"Notibras","description":"Not\u00edcias de Bras\u00edlia, do Brasil e do Mundo","publisher":{"@id":"https:\/\/www.notibras.com\/site\/#organization"},"potentialAction":[{"@type":"SearchAction","target":{"@type":"EntryPoint","urlTemplate":"https:\/\/www.notibras.com\/site\/?s={search_term_string}"},"query-input":{"@type":"PropertyValueSpecification","valueRequired":true,"valueName":"search_term_string"}}],"inLanguage":"pt-BR"},{"@type":"Organization","@id":"https:\/\/www.notibras.com\/site\/#organization","name":"Grupo Notibras de Comunica\u00e7\u00e3o","url":"https:\/\/www.notibras.com\/site\/","logo":{"@type":"ImageObject","inLanguage":"pt-BR","@id":"https:\/\/www.notibras.com\/site\/#\/schema\/logo\/image\/","url":"https:\/\/www.notibras.com\/site\/wp-content\/uploads\/2023\/01\/notibras23.png","contentUrl":"https:\/\/www.notibras.com\/site\/wp-content\/uploads\/2023\/01\/notibras23.png","width":350,"height":87,"caption":"Grupo Notibras de Comunica\u00e7\u00e3o"},"image":{"@id":"https:\/\/www.notibras.com\/site\/#\/schema\/logo\/image\/"},"sameAs":["https:\/\/www.facebook.com\/notibras\/","https:\/\/x.com\/Notibras","https:\/\/www.instagram.com\/notibras\/"]},{"@type":"Person","@id":"https:\/\/www.notibras.com\/site\/#\/schema\/person\/36ab0979449956132d3e5b517ea76ac8","name":"Reda\u00e7\u00e3o","image":{"@type":"ImageObject","inLanguage":"pt-BR","@id":"https:\/\/secure.gravatar.com\/avatar\/e0a867bdedb85fd243eadf09663511f96fc81e0720a4a42581f334ad4303aa6b?s=96&d=mm&r=g","url":"https:\/\/secure.gravatar.com\/avatar\/e0a867bdedb85fd243eadf09663511f96fc81e0720a4a42581f334ad4303aa6b?s=96&d=mm&r=g","contentUrl":"https:\/\/secure.gravatar.com\/avatar\/e0a867bdedb85fd243eadf09663511f96fc81e0720a4a42581f334ad4303aa6b?s=96&d=mm&r=g","caption":"Reda\u00e7\u00e3o"}}]}},"amp_enabled":true,"_links":{"self":[{"href":"https:\/\/www.notibras.com\/site\/wp-json\/wp\/v2\/posts\/328042","targetHints":{"allow":["GET"]}}],"collection":[{"href":"https:\/\/www.notibras.com\/site\/wp-json\/wp\/v2\/posts"}],"about":[{"href":"https:\/\/www.notibras.com\/site\/wp-json\/wp\/v2\/types\/post"}],"author":[{"embeddable":true,"href":"https:\/\/www.notibras.com\/site\/wp-json\/wp\/v2\/users\/2"}],"replies":[{"embeddable":true,"href":"https:\/\/www.notibras.com\/site\/wp-json\/wp\/v2\/comments?post=328042"}],"version-history":[{"count":5,"href":"https:\/\/www.notibras.com\/site\/wp-json\/wp\/v2\/posts\/328042\/revisions"}],"predecessor-version":[{"id":328048,"href":"https:\/\/www.notibras.com\/site\/wp-json\/wp\/v2\/posts\/328042\/revisions\/328048"}],"wp:featuredmedia":[{"embeddable":true,"href":"https:\/\/www.notibras.com\/site\/wp-json\/wp\/v2\/media\/328043"}],"wp:attachment":[{"href":"https:\/\/www.notibras.com\/site\/wp-json\/wp\/v2\/media?parent=328042"}],"wp:term":[{"taxonomy":"category","embeddable":true,"href":"https:\/\/www.notibras.com\/site\/wp-json\/wp\/v2\/categories?post=328042"},{"taxonomy":"post_tag","embeddable":true,"href":"https:\/\/www.notibras.com\/site\/wp-json\/wp\/v2\/tags?post=328042"}],"curies":[{"name":"wp","href":"https:\/\/api.w.org\/{rel}","templated":true}]}}