{"id":328087,"date":"2024-05-06T00:11:48","date_gmt":"2024-05-06T03:11:48","guid":{"rendered":"https:\/\/www.notibras.com\/site\/?p=328087"},"modified":"2024-05-06T07:13:37","modified_gmt":"2024-05-06T10:13:37","slug":"cpi-da-braskem-ouve-engenheiro-da-empresa-sobre-danos-gerais","status":"publish","type":"post","link":"https:\/\/www.notibras.com\/site\/cpi-da-braskem-ouve-engenheiro-da-empresa-sobre-danos-gerais\/","title":{"rendered":"CPI da Braskem ouve engenheiro da empresa sobre danos gerais"},"content":{"rendered":"<p>A Comiss\u00e3o Parlamentar de Inqu\u00e9rito (CPI) da Braskem ouve nesta ter\u00e7a-feira (7), \u00e0s 9h, os depoimentos do engenheiro Paulo Roberto Cabral de Melo e do servidor aposentado do Servi\u00e7o Geol\u00f3gico do Brasil (SGB) Thales de Queiroz Sampaio.<\/p>\n<p>De 1976 a 1997, Paulo Roberto Cabral de Melo foi gerente-geral da planta de minera\u00e7\u00e3o da Salgema (hoje Braskem) em Macei\u00f3, produzindo sal-gema para a sua Planta Qu\u00edmica. Atuou, ainda, como consultor para a Braskem por meio da empresa Consalt Consultoria Mineral, da qual \u00e9 s\u00f3cio-diretor atualmente.\u00a0Ele vai depor como testemunha, sob compromisso.<\/p>\n<p>No requerimento de convoca\u00e7\u00e3o do engenheiro (REQ 91\/2024), o senador Rog\u00e9rio Carvalho (PT-SE) diz que Cabral de Melo \u00e9 apontado pela Pol\u00edcia Federal como suspeito por sua atua\u00e7\u00e3o na qualidade de respons\u00e1vel t\u00e9cnico, tendo sido alvo de mandados de busca e apreens\u00e3o, juntamente com o diretor-industrial da Braskem, Alvaro Cesar Oliveira de Almeida; os gerentes de produ\u00e7\u00e3o Marco Aur\u00e9lio Cabral Campelo, Paulo M\u00e1rcio Tibana e Galileu Moraes; e o tamb\u00e9m respons\u00e1vel t\u00e9cnico Alex Cardoso da Silva.<\/p>\n<p>Thales de Queiroz Sampaio, por sua vez, ser\u00e1 ouvido novamente na CPI da Braskem, conforme explica Rog\u00e9rio Carvalho em seu pedido de reconvoca\u00e7\u00e3o do servidor aposentado do SGB (REQ 136\/2024).<\/p>\n<p>Segundo o senador, a reinquiri\u00e7\u00e3o \u00e9 necess\u00e1ria porque, desde o \u00faltimo depoimento de Sampaio, \u201cj\u00e1 foram recebidas in\u00fameras novas informa\u00e7\u00f5es e documentos, os quais lan\u00e7am luz sobre a cat\u00e1strofe ocorrida na capital alagoana\u201d.<\/p>\n<p><strong>Novonor<\/strong><br \/>\nNa mesma sess\u00e3o, dever\u00e1 ser votado requerimento do presidente da CPI, senador Omar Aziz (PSD-AM), que convoca o diretor-presidente da Novonor, H\u00e9ctor Nu\u00f1ez, a depor na comiss\u00e3o, na condi\u00e7\u00e3o de testemunha.<\/p>\n<p>Atualmente, a Novonor \u00e9 propriet\u00e1ria de 50,1% do capital votante e 38,3% do capital total da Braskem, sendo sua controladora e acionista majorit\u00e1ria, com participa\u00e7\u00e3o essencial nas decis\u00f5es tomadas pela Braskem, destaca Omar Aziz.<\/p>\n<p>\u201cNesse sentido, nos termos do acordo de acionistas, o nome do diretor-presidente da Braskem \u00e9 apresentado pela acionista Novonor. Cabe ainda \u00e0 Novonor realizar a escolha do diretor financeiro da Braskem. Diante disso, demonstra-se essencial a oitiva do diretor-presidente da Novonor, a fim de que haja esclarecimentos sobre as rela\u00e7\u00f5es entre as duas empresas e a cat\u00e1strofe decorrente da explora\u00e7\u00e3o de sal-gema na regi\u00e3o de Macei\u00f3 e arredores\u201d, conclui Omar Aziz no requerimento (REQ 150\/2024).<\/p>\n<p><strong>Investiga\u00e7\u00e3o<\/strong><br \/>\nA CPI foi criada por meio de requerimento do senador Renan Calheiros (MDB-AL) para investigar os efeitos da responsabilidade jur\u00eddica e socioambiental da mineradora Braskem no afundamento do solo em v\u00e1rios bairros de Macei\u00f3.\u00a0A empresa extrai sal-gema \u2014 utilizado, por exemplo, na fabrica\u00e7\u00e3o de PVC \u2014 desde os anos 1970 nos arredores da Lagoa Munda\u00fa, na capital alagoana.<\/p>\n","protected":false},"excerpt":{"rendered":"<p>A Comiss\u00e3o Parlamentar de Inqu\u00e9rito (CPI) da Braskem ouve nesta ter\u00e7a-feira (7), \u00e0s 9h, os depoimentos do engenheiro Paulo Roberto Cabral de Melo e do servidor aposentado do Servi\u00e7o Geol\u00f3gico do Brasil (SGB) Thales de Queiroz Sampaio. De 1976 a 1997, Paulo Roberto Cabral de Melo foi gerente-geral da planta de minera\u00e7\u00e3o da Salgema (hoje [&hellip;]<\/p>\n","protected":false},"author":2,"featured_media":328088,"comment_status":"closed","ping_status":"closed","sticky":false,"template":"","format":"standard","meta":{"_acf_changed":false,"footnotes":""},"categories":[166,165],"tags":[],"class_list":["post-328087","post","type-post","status-publish","format-standard","has-post-thumbnail","hentry","category-alagoas","category-nordeste"],"acf":[],"_links":{"self":[{"href":"https:\/\/www.notibras.com\/site\/wp-json\/wp\/v2\/posts\/328087","targetHints":{"allow":["GET"]}}],"collection":[{"href":"https:\/\/www.notibras.com\/site\/wp-json\/wp\/v2\/posts"}],"about":[{"href":"https:\/\/www.notibras.com\/site\/wp-json\/wp\/v2\/types\/post"}],"author":[{"embeddable":true,"href":"https:\/\/www.notibras.com\/site\/wp-json\/wp\/v2\/users\/2"}],"replies":[{"embeddable":true,"href":"https:\/\/www.notibras.com\/site\/wp-json\/wp\/v2\/comments?post=328087"}],"version-history":[{"count":1,"href":"https:\/\/www.notibras.com\/site\/wp-json\/wp\/v2\/posts\/328087\/revisions"}],"predecessor-version":[{"id":328089,"href":"https:\/\/www.notibras.com\/site\/wp-json\/wp\/v2\/posts\/328087\/revisions\/328089"}],"wp:featuredmedia":[{"embeddable":true,"href":"https:\/\/www.notibras.com\/site\/wp-json\/wp\/v2\/media\/328088"}],"wp:attachment":[{"href":"https:\/\/www.notibras.com\/site\/wp-json\/wp\/v2\/media?parent=328087"}],"wp:term":[{"taxonomy":"category","embeddable":true,"href":"https:\/\/www.notibras.com\/site\/wp-json\/wp\/v2\/categories?post=328087"},{"taxonomy":"post_tag","embeddable":true,"href":"https:\/\/www.notibras.com\/site\/wp-json\/wp\/v2\/tags?post=328087"}],"curies":[{"name":"wp","href":"https:\/\/api.w.org\/{rel}","templated":true}]}}