{"id":328092,"date":"2024-05-06T07:25:27","date_gmt":"2024-05-06T10:25:27","guid":{"rendered":"https:\/\/www.notibras.com\/site\/?p=328092"},"modified":"2024-05-06T07:25:27","modified_gmt":"2024-05-06T10:25:27","slug":"senado-debate-viabilidade-do-vlt-brasilia-luziania","status":"publish","type":"post","link":"https:\/\/www.notibras.com\/site\/senado-debate-viabilidade-do-vlt-brasilia-luziania\/","title":{"rendered":"Senado debate viabilidade do VLT Bras\u00edlia-Luzi\u00e2nia"},"content":{"rendered":"<p>A Comiss\u00e3o de Infraestrutura (CI) faz na quinta-feira (9) uma audi\u00eancia p\u00fablica interativa para discutir os recursos do Programa de Acelera\u00e7\u00e3o do Crescimento (PAC) destinados ao desenvolvimento do Entorno do Distrito Federal (DF), com foco especial no projeto de Ve\u00edculo Leve sobre Trilhos (VLT) entre Bras\u00edlia e Luzi\u00e2nia.<\/p>\n<p>A iniciativa \u00e9 do senador Jorge Kajuru (PSB-GO), que defende a implanta\u00e7\u00e3o do empreendimento. Ele destaca que j\u00e1 foi publicado o edital de contrata\u00e7\u00e3o da empresa encarregada de conduzir o Estudo de Viabilidade T\u00e9cnica, Econ\u00f4mica e Ambiental (EVTEA) do projeto, sob a responsabilidade da Superintend\u00eancia de Desenvolvimento do Centro-Oeste (Sudeco).<\/p>\n<p>\u201cO projeto \u00e9 de grande import\u00e2ncia para a regi\u00e3o, uma vez que promete uma alternativa de transporte p\u00fablico eficiente, sustent\u00e1vel e \u00e1gil\u201d, ressalta Jorge Kajuru no requerimento da audi\u00eancia p\u00fablica (REQ 89\/2023). O senador informa ainda que o VLT poder\u00e1 atingir uma velocidade de at\u00e9 100 quil\u00f4metros por hora, conectando o Distrito Federal a Luzi\u00e2nia e passando por diversos locais estrat\u00e9gicos, como o Park Way, N\u00facleo Bandeirante, Guar\u00e1 e Setor de Ind\u00fastrias, com destino \u00e0 Esta\u00e7\u00e3o Rodoferrovi\u00e1ria.<\/p>\n<p>O senador informa ainda que o Fundo de Desenvolvimento do Centro-Oeste (FDCO) ser\u00e1 utilizado para a implementa\u00e7\u00e3o do VLT e que a estimativa de custo, que envolve a adapta\u00e7\u00e3o de 76 quil\u00f4metros de trilhos existentes, est\u00e1 entre R$ 1 milh\u00e3o e R$ 2 milh\u00f5es por quil\u00f4metro, totalizando R$ 80 milh\u00f5es. \u201cEste projeto tem o potencial de beneficiar at\u00e9 560 mil pessoas, proporcionando um transporte limpo e eficiente na regi\u00e3o. Al\u00e9m disso, existe um pedido para que a linha atenda tamb\u00e9m aos moradores de Santa Maria, o que envolveria a constru\u00e7\u00e3o de 4 quil\u00f4metros adicionais de trilhos e esta\u00e7\u00f5es. A Estrada Parque Ind\u00fastria e Abastecimento (Epia) tamb\u00e9m ser\u00e1 impactada positivamente por essa iniciativa\u201d, argumenta Kajuru.<\/p>\n<p><strong>Convidados<\/strong><br \/>\nPara o debate foram convidados o secret\u00e1rio de Transporte e Mobilidade do Distrito Federal, Zeno Gon\u00e7alves; o prefeito de Luzi\u00e2nia (GO), Diego Sorgatto; o administrador regional de Santa Maria (DF), Josiel Fran\u00e7a Penha Neto; a secret\u00e1ria do Entorno do Distrito Federal por Goi\u00e1s, Maria Caroline Fleury de Lima; e o coordenador-geral de Apoio aos Entes Subnacionais do Minist\u00e9rio da Integra\u00e7\u00e3o e do Desenvolvimento Regional (MDR), Paulo Alexandre de Toledo Alves.<\/p>\n<p>Tamb\u00e9m foram convidados o diretor de Planejamento e Avalia\u00e7\u00e3o da Sudeco, Renato Jorge Brown Ribeiro; o diretor-executivo de Opera\u00e7\u00f5es da Concession\u00e1ria VLI, Alessandro Pena da Gama; o diretor de Parcerias com o Setor Privado do MDR, Denilson Campello dos Santos; o presidente da C\u00e2mara Municipal de Luzi\u00e2nia (GO), Carlos da Liga; o presidente da C\u00e2mara Legislativa do Distrito Federal, Wellington Luiz; e um representante da Superintend\u00eancia Municipal de Tr\u00e2nsito de Luzi\u00e2nia (GO).<\/p>\n","protected":false},"excerpt":{"rendered":"<p>A Comiss\u00e3o de Infraestrutura (CI) faz na quinta-feira (9) uma audi\u00eancia p\u00fablica interativa para discutir os recursos do Programa de Acelera\u00e7\u00e3o do Crescimento (PAC) destinados ao desenvolvimento do Entorno do Distrito Federal (DF), com foco especial no projeto de Ve\u00edculo Leve sobre Trilhos (VLT) entre Bras\u00edlia e Luzi\u00e2nia. A iniciativa \u00e9 do senador Jorge Kajuru [&hellip;]<\/p>\n","protected":false},"author":2,"featured_media":328093,"comment_status":"closed","ping_status":"closed","sticky":false,"template":"","format":"standard","meta":{"_acf_changed":false,"footnotes":""},"categories":[161],"tags":[],"class_list":["post-328092","post","type-post","status-publish","format-standard","has-post-thumbnail","hentry","category-quadradinho-em-foco"],"acf":[],"yoast_head":"<!-- This site is optimized with the Yoast SEO plugin v27.5 - https:\/\/yoast.com\/product\/yoast-seo-wordpress\/ -->\n<title>Senado debate viabilidade do VLT Bras\u00edlia-Luzi\u00e2nia - Notibras<\/title>\n<meta name=\"robots\" content=\"index, follow, max-snippet:-1, max-image-preview:large, max-video-preview:-1\" \/>\n<link rel=\"canonical\" href=\"https:\/\/www.notibras.com\/site\/senado-debate-viabilidade-do-vlt-brasilia-luziania\/\" \/>\n<meta property=\"og:locale\" content=\"pt_BR\" \/>\n<meta property=\"og:type\" content=\"article\" \/>\n<meta property=\"og:title\" content=\"Senado debate viabilidade do VLT Bras\u00edlia-Luzi\u00e2nia - Notibras\" \/>\n<meta property=\"og:description\" content=\"A Comiss\u00e3o de Infraestrutura (CI) faz na quinta-feira (9) uma audi\u00eancia p\u00fablica interativa para discutir os recursos do Programa de Acelera\u00e7\u00e3o do Crescimento (PAC) destinados ao desenvolvimento do Entorno do Distrito Federal (DF), com foco especial no projeto de Ve\u00edculo Leve sobre Trilhos (VLT) entre Bras\u00edlia e Luzi\u00e2nia. A iniciativa \u00e9 do senador Jorge Kajuru [&hellip;]\" \/>\n<meta property=\"og:url\" content=\"https:\/\/www.notibras.com\/site\/senado-debate-viabilidade-do-vlt-brasilia-luziania\/\" \/>\n<meta property=\"og:site_name\" content=\"Notibras\" \/>\n<meta property=\"article:publisher\" content=\"https:\/\/www.facebook.com\/notibras\/\" \/>\n<meta property=\"article:published_time\" content=\"2024-05-06T10:25:27+00:00\" \/>\n<meta property=\"og:image\" content=\"https:\/\/www.notibras.com\/site\/wp-content\/uploads\/2024\/05\/pacdf.glt_.jpg\" \/>\n\t<meta property=\"og:image:width\" content=\"860\" \/>\n\t<meta property=\"og:image:height\" content=\"570\" \/>\n\t<meta property=\"og:image:type\" content=\"image\/jpeg\" \/>\n<meta name=\"author\" content=\"Reda\u00e7\u00e3o\" \/>\n<meta name=\"twitter:card\" content=\"summary_large_image\" \/>\n<meta name=\"twitter:creator\" content=\"@Notibras\" \/>\n<meta name=\"twitter:site\" content=\"@Notibras\" \/>\n<meta name=\"twitter:label1\" content=\"Escrito por\" \/>\n\t<meta name=\"twitter:data1\" content=\"Reda\u00e7\u00e3o\" \/>\n\t<meta name=\"twitter:label2\" content=\"Est. tempo de leitura\" \/>\n\t<meta name=\"twitter:data2\" content=\"3 minutos\" \/>\n<script type=\"application\/ld+json\" class=\"yoast-schema-graph\">{\"@context\":\"https:\\\/\\\/schema.org\",\"@graph\":[{\"@type\":\"Article\",\"@id\":\"https:\\\/\\\/www.notibras.com\\\/site\\\/senado-debate-viabilidade-do-vlt-brasilia-luziania\\\/#article\",\"isPartOf\":{\"@id\":\"https:\\\/\\\/www.notibras.com\\\/site\\\/senado-debate-viabilidade-do-vlt-brasilia-luziania\\\/\"},\"author\":{\"name\":\"Reda\u00e7\u00e3o\",\"@id\":\"https:\\\/\\\/www.notibras.com\\\/site\\\/#\\\/schema\\\/person\\\/36ab0979449956132d3e5b517ea76ac8\"},\"headline\":\"Senado debate viabilidade do VLT Bras\u00edlia-Luzi\u00e2nia\",\"datePublished\":\"2024-05-06T10:25:27+00:00\",\"mainEntityOfPage\":{\"@id\":\"https:\\\/\\\/www.notibras.com\\\/site\\\/senado-debate-viabilidade-do-vlt-brasilia-luziania\\\/\"},\"wordCount\":486,\"publisher\":{\"@id\":\"https:\\\/\\\/www.notibras.com\\\/site\\\/#organization\"},\"image\":{\"@id\":\"https:\\\/\\\/www.notibras.com\\\/site\\\/senado-debate-viabilidade-do-vlt-brasilia-luziania\\\/#primaryimage\"},\"thumbnailUrl\":\"https:\\\/\\\/www.notibras.com\\\/site\\\/wp-content\\\/uploads\\\/2024\\\/05\\\/pacdf.glt_.jpg\",\"articleSection\":[\"Quadradinho em Foco\"],\"inLanguage\":\"pt-BR\"},{\"@type\":\"WebPage\",\"@id\":\"https:\\\/\\\/www.notibras.com\\\/site\\\/senado-debate-viabilidade-do-vlt-brasilia-luziania\\\/\",\"url\":\"https:\\\/\\\/www.notibras.com\\\/site\\\/senado-debate-viabilidade-do-vlt-brasilia-luziania\\\/\",\"name\":\"Senado debate viabilidade do VLT Bras\u00edlia-Luzi\u00e2nia - Notibras\",\"isPartOf\":{\"@id\":\"https:\\\/\\\/www.notibras.com\\\/site\\\/#website\"},\"primaryImageOfPage\":{\"@id\":\"https:\\\/\\\/www.notibras.com\\\/site\\\/senado-debate-viabilidade-do-vlt-brasilia-luziania\\\/#primaryimage\"},\"image\":{\"@id\":\"https:\\\/\\\/www.notibras.com\\\/site\\\/senado-debate-viabilidade-do-vlt-brasilia-luziania\\\/#primaryimage\"},\"thumbnailUrl\":\"https:\\\/\\\/www.notibras.com\\\/site\\\/wp-content\\\/uploads\\\/2024\\\/05\\\/pacdf.glt_.jpg\",\"datePublished\":\"2024-05-06T10:25:27+00:00\",\"breadcrumb\":{\"@id\":\"https:\\\/\\\/www.notibras.com\\\/site\\\/senado-debate-viabilidade-do-vlt-brasilia-luziania\\\/#breadcrumb\"},\"inLanguage\":\"pt-BR\",\"potentialAction\":[{\"@type\":\"ReadAction\",\"target\":[\"https:\\\/\\\/www.notibras.com\\\/site\\\/senado-debate-viabilidade-do-vlt-brasilia-luziania\\\/\"]}]},{\"@type\":\"ImageObject\",\"inLanguage\":\"pt-BR\",\"@id\":\"https:\\\/\\\/www.notibras.com\\\/site\\\/senado-debate-viabilidade-do-vlt-brasilia-luziania\\\/#primaryimage\",\"url\":\"https:\\\/\\\/www.notibras.com\\\/site\\\/wp-content\\\/uploads\\\/2024\\\/05\\\/pacdf.glt_.jpg\",\"contentUrl\":\"https:\\\/\\\/www.notibras.com\\\/site\\\/wp-content\\\/uploads\\\/2024\\\/05\\\/pacdf.glt_.jpg\",\"width\":860,\"height\":570},{\"@type\":\"BreadcrumbList\",\"@id\":\"https:\\\/\\\/www.notibras.com\\\/site\\\/senado-debate-viabilidade-do-vlt-brasilia-luziania\\\/#breadcrumb\",\"itemListElement\":[{\"@type\":\"ListItem\",\"position\":1,\"name\":\"In\u00edcio\",\"item\":\"https:\\\/\\\/www.notibras.com\\\/site\\\/\"},{\"@type\":\"ListItem\",\"position\":2,\"name\":\"Senado debate viabilidade do VLT Bras\u00edlia-Luzi\u00e2nia\"}]},{\"@type\":\"WebSite\",\"@id\":\"https:\\\/\\\/www.notibras.com\\\/site\\\/#website\",\"url\":\"https:\\\/\\\/www.notibras.com\\\/site\\\/\",\"name\":\"Notibras\",\"description\":\"Not\u00edcias de Bras\u00edlia, do Brasil e do Mundo\",\"publisher\":{\"@id\":\"https:\\\/\\\/www.notibras.com\\\/site\\\/#organization\"},\"potentialAction\":[{\"@type\":\"SearchAction\",\"target\":{\"@type\":\"EntryPoint\",\"urlTemplate\":\"https:\\\/\\\/www.notibras.com\\\/site\\\/?s={search_term_string}\"},\"query-input\":{\"@type\":\"PropertyValueSpecification\",\"valueRequired\":true,\"valueName\":\"search_term_string\"}}],\"inLanguage\":\"pt-BR\"},{\"@type\":\"Organization\",\"@id\":\"https:\\\/\\\/www.notibras.com\\\/site\\\/#organization\",\"name\":\"Grupo Notibras de Comunica\u00e7\u00e3o\",\"url\":\"https:\\\/\\\/www.notibras.com\\\/site\\\/\",\"logo\":{\"@type\":\"ImageObject\",\"inLanguage\":\"pt-BR\",\"@id\":\"https:\\\/\\\/www.notibras.com\\\/site\\\/#\\\/schema\\\/logo\\\/image\\\/\",\"url\":\"https:\\\/\\\/www.notibras.com\\\/site\\\/wp-content\\\/uploads\\\/2023\\\/01\\\/notibras23.png\",\"contentUrl\":\"https:\\\/\\\/www.notibras.com\\\/site\\\/wp-content\\\/uploads\\\/2023\\\/01\\\/notibras23.png\",\"width\":350,\"height\":87,\"caption\":\"Grupo Notibras de Comunica\u00e7\u00e3o\"},\"image\":{\"@id\":\"https:\\\/\\\/www.notibras.com\\\/site\\\/#\\\/schema\\\/logo\\\/image\\\/\"},\"sameAs\":[\"https:\\\/\\\/www.facebook.com\\\/notibras\\\/\",\"https:\\\/\\\/x.com\\\/Notibras\",\"https:\\\/\\\/www.instagram.com\\\/notibras\\\/\"]},{\"@type\":\"Person\",\"@id\":\"https:\\\/\\\/www.notibras.com\\\/site\\\/#\\\/schema\\\/person\\\/36ab0979449956132d3e5b517ea76ac8\",\"name\":\"Reda\u00e7\u00e3o\",\"image\":{\"@type\":\"ImageObject\",\"inLanguage\":\"pt-BR\",\"@id\":\"https:\\\/\\\/secure.gravatar.com\\\/avatar\\\/e0a867bdedb85fd243eadf09663511f96fc81e0720a4a42581f334ad4303aa6b?s=96&d=mm&r=g\",\"url\":\"https:\\\/\\\/secure.gravatar.com\\\/avatar\\\/e0a867bdedb85fd243eadf09663511f96fc81e0720a4a42581f334ad4303aa6b?s=96&d=mm&r=g\",\"contentUrl\":\"https:\\\/\\\/secure.gravatar.com\\\/avatar\\\/e0a867bdedb85fd243eadf09663511f96fc81e0720a4a42581f334ad4303aa6b?s=96&d=mm&r=g\",\"caption\":\"Reda\u00e7\u00e3o\"}}]}<\/script>\n<!-- \/ Yoast SEO plugin. -->","yoast_head_json":{"title":"Senado debate viabilidade do VLT Bras\u00edlia-Luzi\u00e2nia - Notibras","robots":{"index":"index","follow":"follow","max-snippet":"max-snippet:-1","max-image-preview":"max-image-preview:large","max-video-preview":"max-video-preview:-1"},"canonical":"https:\/\/www.notibras.com\/site\/senado-debate-viabilidade-do-vlt-brasilia-luziania\/","og_locale":"pt_BR","og_type":"article","og_title":"Senado debate viabilidade do VLT Bras\u00edlia-Luzi\u00e2nia - Notibras","og_description":"A Comiss\u00e3o de Infraestrutura (CI) faz na quinta-feira (9) uma audi\u00eancia p\u00fablica interativa para discutir os recursos do Programa de Acelera\u00e7\u00e3o do Crescimento (PAC) destinados ao desenvolvimento do Entorno do Distrito Federal (DF), com foco especial no projeto de Ve\u00edculo Leve sobre Trilhos (VLT) entre Bras\u00edlia e Luzi\u00e2nia. A iniciativa \u00e9 do senador Jorge Kajuru [&hellip;]","og_url":"https:\/\/www.notibras.com\/site\/senado-debate-viabilidade-do-vlt-brasilia-luziania\/","og_site_name":"Notibras","article_publisher":"https:\/\/www.facebook.com\/notibras\/","article_published_time":"2024-05-06T10:25:27+00:00","og_image":[{"width":860,"height":570,"url":"https:\/\/www.notibras.com\/site\/wp-content\/uploads\/2024\/05\/pacdf.glt_.jpg","type":"image\/jpeg"}],"author":"Reda\u00e7\u00e3o","twitter_card":"summary_large_image","twitter_creator":"@Notibras","twitter_site":"@Notibras","twitter_misc":{"Escrito por":"Reda\u00e7\u00e3o","Est. tempo de leitura":"3 minutos"},"schema":{"@context":"https:\/\/schema.org","@graph":[{"@type":"Article","@id":"https:\/\/www.notibras.com\/site\/senado-debate-viabilidade-do-vlt-brasilia-luziania\/#article","isPartOf":{"@id":"https:\/\/www.notibras.com\/site\/senado-debate-viabilidade-do-vlt-brasilia-luziania\/"},"author":{"name":"Reda\u00e7\u00e3o","@id":"https:\/\/www.notibras.com\/site\/#\/schema\/person\/36ab0979449956132d3e5b517ea76ac8"},"headline":"Senado debate viabilidade do VLT Bras\u00edlia-Luzi\u00e2nia","datePublished":"2024-05-06T10:25:27+00:00","mainEntityOfPage":{"@id":"https:\/\/www.notibras.com\/site\/senado-debate-viabilidade-do-vlt-brasilia-luziania\/"},"wordCount":486,"publisher":{"@id":"https:\/\/www.notibras.com\/site\/#organization"},"image":{"@id":"https:\/\/www.notibras.com\/site\/senado-debate-viabilidade-do-vlt-brasilia-luziania\/#primaryimage"},"thumbnailUrl":"https:\/\/www.notibras.com\/site\/wp-content\/uploads\/2024\/05\/pacdf.glt_.jpg","articleSection":["Quadradinho em Foco"],"inLanguage":"pt-BR"},{"@type":"WebPage","@id":"https:\/\/www.notibras.com\/site\/senado-debate-viabilidade-do-vlt-brasilia-luziania\/","url":"https:\/\/www.notibras.com\/site\/senado-debate-viabilidade-do-vlt-brasilia-luziania\/","name":"Senado debate viabilidade do VLT Bras\u00edlia-Luzi\u00e2nia - Notibras","isPartOf":{"@id":"https:\/\/www.notibras.com\/site\/#website"},"primaryImageOfPage":{"@id":"https:\/\/www.notibras.com\/site\/senado-debate-viabilidade-do-vlt-brasilia-luziania\/#primaryimage"},"image":{"@id":"https:\/\/www.notibras.com\/site\/senado-debate-viabilidade-do-vlt-brasilia-luziania\/#primaryimage"},"thumbnailUrl":"https:\/\/www.notibras.com\/site\/wp-content\/uploads\/2024\/05\/pacdf.glt_.jpg","datePublished":"2024-05-06T10:25:27+00:00","breadcrumb":{"@id":"https:\/\/www.notibras.com\/site\/senado-debate-viabilidade-do-vlt-brasilia-luziania\/#breadcrumb"},"inLanguage":"pt-BR","potentialAction":[{"@type":"ReadAction","target":["https:\/\/www.notibras.com\/site\/senado-debate-viabilidade-do-vlt-brasilia-luziania\/"]}]},{"@type":"ImageObject","inLanguage":"pt-BR","@id":"https:\/\/www.notibras.com\/site\/senado-debate-viabilidade-do-vlt-brasilia-luziania\/#primaryimage","url":"https:\/\/www.notibras.com\/site\/wp-content\/uploads\/2024\/05\/pacdf.glt_.jpg","contentUrl":"https:\/\/www.notibras.com\/site\/wp-content\/uploads\/2024\/05\/pacdf.glt_.jpg","width":860,"height":570},{"@type":"BreadcrumbList","@id":"https:\/\/www.notibras.com\/site\/senado-debate-viabilidade-do-vlt-brasilia-luziania\/#breadcrumb","itemListElement":[{"@type":"ListItem","position":1,"name":"In\u00edcio","item":"https:\/\/www.notibras.com\/site\/"},{"@type":"ListItem","position":2,"name":"Senado debate viabilidade do VLT Bras\u00edlia-Luzi\u00e2nia"}]},{"@type":"WebSite","@id":"https:\/\/www.notibras.com\/site\/#website","url":"https:\/\/www.notibras.com\/site\/","name":"Notibras","description":"Not\u00edcias de Bras\u00edlia, do Brasil e do Mundo","publisher":{"@id":"https:\/\/www.notibras.com\/site\/#organization"},"potentialAction":[{"@type":"SearchAction","target":{"@type":"EntryPoint","urlTemplate":"https:\/\/www.notibras.com\/site\/?s={search_term_string}"},"query-input":{"@type":"PropertyValueSpecification","valueRequired":true,"valueName":"search_term_string"}}],"inLanguage":"pt-BR"},{"@type":"Organization","@id":"https:\/\/www.notibras.com\/site\/#organization","name":"Grupo Notibras de Comunica\u00e7\u00e3o","url":"https:\/\/www.notibras.com\/site\/","logo":{"@type":"ImageObject","inLanguage":"pt-BR","@id":"https:\/\/www.notibras.com\/site\/#\/schema\/logo\/image\/","url":"https:\/\/www.notibras.com\/site\/wp-content\/uploads\/2023\/01\/notibras23.png","contentUrl":"https:\/\/www.notibras.com\/site\/wp-content\/uploads\/2023\/01\/notibras23.png","width":350,"height":87,"caption":"Grupo Notibras de Comunica\u00e7\u00e3o"},"image":{"@id":"https:\/\/www.notibras.com\/site\/#\/schema\/logo\/image\/"},"sameAs":["https:\/\/www.facebook.com\/notibras\/","https:\/\/x.com\/Notibras","https:\/\/www.instagram.com\/notibras\/"]},{"@type":"Person","@id":"https:\/\/www.notibras.com\/site\/#\/schema\/person\/36ab0979449956132d3e5b517ea76ac8","name":"Reda\u00e7\u00e3o","image":{"@type":"ImageObject","inLanguage":"pt-BR","@id":"https:\/\/secure.gravatar.com\/avatar\/e0a867bdedb85fd243eadf09663511f96fc81e0720a4a42581f334ad4303aa6b?s=96&d=mm&r=g","url":"https:\/\/secure.gravatar.com\/avatar\/e0a867bdedb85fd243eadf09663511f96fc81e0720a4a42581f334ad4303aa6b?s=96&d=mm&r=g","contentUrl":"https:\/\/secure.gravatar.com\/avatar\/e0a867bdedb85fd243eadf09663511f96fc81e0720a4a42581f334ad4303aa6b?s=96&d=mm&r=g","caption":"Reda\u00e7\u00e3o"}}]}},"amp_enabled":true,"_links":{"self":[{"href":"https:\/\/www.notibras.com\/site\/wp-json\/wp\/v2\/posts\/328092","targetHints":{"allow":["GET"]}}],"collection":[{"href":"https:\/\/www.notibras.com\/site\/wp-json\/wp\/v2\/posts"}],"about":[{"href":"https:\/\/www.notibras.com\/site\/wp-json\/wp\/v2\/types\/post"}],"author":[{"embeddable":true,"href":"https:\/\/www.notibras.com\/site\/wp-json\/wp\/v2\/users\/2"}],"replies":[{"embeddable":true,"href":"https:\/\/www.notibras.com\/site\/wp-json\/wp\/v2\/comments?post=328092"}],"version-history":[{"count":1,"href":"https:\/\/www.notibras.com\/site\/wp-json\/wp\/v2\/posts\/328092\/revisions"}],"predecessor-version":[{"id":328094,"href":"https:\/\/www.notibras.com\/site\/wp-json\/wp\/v2\/posts\/328092\/revisions\/328094"}],"wp:featuredmedia":[{"embeddable":true,"href":"https:\/\/www.notibras.com\/site\/wp-json\/wp\/v2\/media\/328093"}],"wp:attachment":[{"href":"https:\/\/www.notibras.com\/site\/wp-json\/wp\/v2\/media?parent=328092"}],"wp:term":[{"taxonomy":"category","embeddable":true,"href":"https:\/\/www.notibras.com\/site\/wp-json\/wp\/v2\/categories?post=328092"},{"taxonomy":"post_tag","embeddable":true,"href":"https:\/\/www.notibras.com\/site\/wp-json\/wp\/v2\/tags?post=328092"}],"curies":[{"name":"wp","href":"https:\/\/api.w.org\/{rel}","templated":true}]}}