{"id":328095,"date":"2024-05-06T00:28:21","date_gmt":"2024-05-06T03:28:21","guid":{"rendered":"https:\/\/www.notibras.com\/site\/?p=328095"},"modified":"2024-05-06T07:32:05","modified_gmt":"2024-05-06T10:32:05","slug":"senado-autoriza-emprestimo-de-260-milhoes-de-reais","status":"publish","type":"post","link":"https:\/\/www.notibras.com\/site\/senado-autoriza-emprestimo-de-260-milhoes-de-reais\/","title":{"rendered":"Senado autoriza empr\u00e9stimo de 260 milh\u00f5es de reais"},"content":{"rendered":"<p>O Senado autorizou a contrata\u00e7\u00e3o de opera\u00e7\u00e3o de cr\u00e9dito externo, com garantia da Uni\u00e3o, entre o munic\u00edpio de Campina Grande e o Fundo Financeiro para o Desenvolvimento da Bacia do Prata (Fonplata).<\/p>\n<p>O senador Veneziano Vital do R\u00eago (MDB-PB), que atuou como relator da mat\u00e9ria (MSF 4\/2024), classificou o projeto como \u201cmuito justo\u201d para que a cidade avance em importantes obras para a popula\u00e7\u00e3o.<\/p>\n<p>O contrato ser\u00e1 de at\u00e9 US$ 52 milh\u00f5es para financiar parcialmente o Programa de Mobilidade e Desenvolvimento Socioambiental de Campina Grande, conhecido como Transforma Campina.<\/p>\n<p>O programa busca promover a melhoria da qualidade de vida da popula\u00e7\u00e3o e o desenvolvimento econ\u00f4mico e territorial do munic\u00edpio, por meio de investimentos no saneamento e na mobilidade urbana.<\/p>\n","protected":false},"excerpt":{"rendered":"<p>O Senado autorizou a contrata\u00e7\u00e3o de opera\u00e7\u00e3o de cr\u00e9dito externo, com garantia da Uni\u00e3o, entre o munic\u00edpio de Campina Grande e o Fundo Financeiro para o Desenvolvimento da Bacia do Prata (Fonplata). O senador Veneziano Vital do R\u00eago (MDB-PB), que atuou como relator da mat\u00e9ria (MSF 4\/2024), classificou o projeto como \u201cmuito justo\u201d para que [&hellip;]<\/p>\n","protected":false},"author":2,"featured_media":328096,"comment_status":"closed","ping_status":"closed","sticky":false,"template":"","format":"standard","meta":{"_acf_changed":false,"footnotes":""},"categories":[165,170],"tags":[],"class_list":["post-328095","post","type-post","status-publish","format-standard","has-post-thumbnail","hentry","category-nordeste","category-paraiba-nordeste"],"acf":[],"_links":{"self":[{"href":"https:\/\/www.notibras.com\/site\/wp-json\/wp\/v2\/posts\/328095","targetHints":{"allow":["GET"]}}],"collection":[{"href":"https:\/\/www.notibras.com\/site\/wp-json\/wp\/v2\/posts"}],"about":[{"href":"https:\/\/www.notibras.com\/site\/wp-json\/wp\/v2\/types\/post"}],"author":[{"embeddable":true,"href":"https:\/\/www.notibras.com\/site\/wp-json\/wp\/v2\/users\/2"}],"replies":[{"embeddable":true,"href":"https:\/\/www.notibras.com\/site\/wp-json\/wp\/v2\/comments?post=328095"}],"version-history":[{"count":1,"href":"https:\/\/www.notibras.com\/site\/wp-json\/wp\/v2\/posts\/328095\/revisions"}],"predecessor-version":[{"id":328097,"href":"https:\/\/www.notibras.com\/site\/wp-json\/wp\/v2\/posts\/328095\/revisions\/328097"}],"wp:featuredmedia":[{"embeddable":true,"href":"https:\/\/www.notibras.com\/site\/wp-json\/wp\/v2\/media\/328096"}],"wp:attachment":[{"href":"https:\/\/www.notibras.com\/site\/wp-json\/wp\/v2\/media?parent=328095"}],"wp:term":[{"taxonomy":"category","embeddable":true,"href":"https:\/\/www.notibras.com\/site\/wp-json\/wp\/v2\/categories?post=328095"},{"taxonomy":"post_tag","embeddable":true,"href":"https:\/\/www.notibras.com\/site\/wp-json\/wp\/v2\/tags?post=328095"}],"curies":[{"name":"wp","href":"https:\/\/api.w.org\/{rel}","templated":true}]}}