{"id":328101,"date":"2024-05-06T07:45:47","date_gmt":"2024-05-06T10:45:47","guid":{"rendered":"https:\/\/www.notibras.com\/site\/?p=328101"},"modified":"2024-05-06T10:50:05","modified_gmt":"2024-05-06T13:50:05","slug":"nestor-troca-velha-solidao-por-aliancas-com-eulalia","status":"publish","type":"post","link":"https:\/\/www.notibras.com\/site\/nestor-troca-velha-solidao-por-aliancas-com-eulalia\/","title":{"rendered":"Nestor troca velha solid\u00e3o por alian\u00e7as com Eul\u00e1lia"},"content":{"rendered":"<p>Nestor, com tiradas t\u00e3o antigas, at\u00e9 parecia ter vindo diretamente dos anos 1950. Na verdade, o velho, hoje aos 81 anos, havia mesmo vivenciado aquela \u00e9poca em que os homens cal\u00e7avam sapato, vestiam cal\u00e7a tergal e carregavam pente no bolso da camisa de bot\u00f5es.<\/p>\n<p>Mas n\u00e3o era apenas de bafaf\u00e1 que vivia o sujeito, j\u00e1 que raramente marcava touca, mesmo que precisasse tomar aquele ch\u00e1 de cadeira. Motorista h\u00e1 tempos, \u00e9 verdade que tinha fama de barbeiro, gostava de fazer uma fezinha no bicho, sempre na boca de espera. Quem sabe fosse naquele dia que ganharia aquela bolada? Seria um al\u00edvio, pois, do contr\u00e1rio, a situa\u00e7\u00e3o poderia ser de lascar o cano.<\/p>\n<p>O homem n\u00e3o deixou de viver as coisas das gera\u00e7\u00f5es seguintes, o que fez com que enchesse a bagagem com as g\u00edrias que surgiram d\u00e9cada a d\u00e9cada. Despachado como ele s\u00f3, logo se enturmava com a galera nova. E, apesar dos trancos e barrancos, sempre conseguia se fazer entender, como aconteceu por esses dias.<\/p>\n<p>Dona Eul\u00e1lia, bisav\u00f3 de uma meninada numerosa, come\u00e7ou a flertar com o Nestor, que h\u00e1 tempos andava com o cora\u00e7\u00e3o partido por conta da viuvez. O namorico, parece, virou papo firme. Tanto \u00e9 que at\u00e9 fez quest\u00e3o de preparar aquela feijoada para apresentar o gajo cheio de borogod\u00f3 para a fam\u00edlia.<\/p>\n<p>Aconteceu no \u00faltimo domingo, bem ali em frente \u00e0 praia de Itapuama, na cidade de Cabo de Santo Agostinho, pertinho da Sucursal Nordeste de <strong>Notibras<\/strong>. Tal evento, ali\u00e1s, n\u00e3o poderia ficar de fora da pauta e, por isso, l\u00e1 foi o editor do jornal cobrir o evento. Sim, isso mesmo, o pr\u00f3prio Jos\u00e9 Seabra, que conhece os enamorados de outros carnavais.<\/p>\n<p>Mal chegou, o Seabra foi puxado pelo bra\u00e7o pela dona da casa, que fez quest\u00e3o de lhe confidenciar que os caretas da vizinhan\u00e7a estavam de butuca. Que ficassem, pois aqueles l\u00e1 n\u00e3o entendem bulhufas das coisas do cora\u00e7\u00e3o. E l\u00e1 foram os dois em dire\u00e7\u00e3o ao Nestor, que estava de prosa com a gurizada.<\/p>\n<p>Assim que dona Eul\u00e1lia e o jornalista se aproximaram, foi aquela surpresa. Abra\u00e7os calorosos entre aqueles dois conhecidos das antigas. Nisso, Nestor apresentou o Seabra para a crian\u00e7ada.<\/p>\n<p>\u2014 Galera, este aqui \u00e9 meu grande amigo Jos\u00e9 Seabra.<\/p>\n<p>A patota pareceu gostar muito do editor de <strong>Notibras<\/strong>. A prova \u00e9 que a V\u00edvian, do alto dos seus quase oito anos, quis logo se enturmar.<\/p>\n<p>\u2014 Chefia, qual \u00e9 o babado?<\/p>\n","protected":false},"excerpt":{"rendered":"<p>Nestor, com tiradas t\u00e3o antigas, at\u00e9 parecia ter vindo diretamente dos anos 1950. Na verdade, o velho, hoje aos 81 anos, havia mesmo vivenciado aquela \u00e9poca em que os homens cal\u00e7avam sapato, vestiam cal\u00e7a tergal e carregavam pente no bolso da camisa de bot\u00f5es. Mas n\u00e3o era apenas de bafaf\u00e1 que vivia o sujeito, j\u00e1 [&hellip;]<\/p>\n","protected":false},"author":2,"featured_media":328102,"comment_status":"closed","ping_status":"closed","sticky":false,"template":"","format":"standard","meta":{"_acf_changed":false,"footnotes":""},"categories":[165,171],"tags":[],"class_list":["post-328101","post","type-post","status-publish","format-standard","has-post-thumbnail","hentry","category-nordeste","category-pernambuco-nordeste"],"acf":[],"_links":{"self":[{"href":"https:\/\/www.notibras.com\/site\/wp-json\/wp\/v2\/posts\/328101","targetHints":{"allow":["GET"]}}],"collection":[{"href":"https:\/\/www.notibras.com\/site\/wp-json\/wp\/v2\/posts"}],"about":[{"href":"https:\/\/www.notibras.com\/site\/wp-json\/wp\/v2\/types\/post"}],"author":[{"embeddable":true,"href":"https:\/\/www.notibras.com\/site\/wp-json\/wp\/v2\/users\/2"}],"replies":[{"embeddable":true,"href":"https:\/\/www.notibras.com\/site\/wp-json\/wp\/v2\/comments?post=328101"}],"version-history":[{"count":2,"href":"https:\/\/www.notibras.com\/site\/wp-json\/wp\/v2\/posts\/328101\/revisions"}],"predecessor-version":[{"id":328123,"href":"https:\/\/www.notibras.com\/site\/wp-json\/wp\/v2\/posts\/328101\/revisions\/328123"}],"wp:featuredmedia":[{"embeddable":true,"href":"https:\/\/www.notibras.com\/site\/wp-json\/wp\/v2\/media\/328102"}],"wp:attachment":[{"href":"https:\/\/www.notibras.com\/site\/wp-json\/wp\/v2\/media?parent=328101"}],"wp:term":[{"taxonomy":"category","embeddable":true,"href":"https:\/\/www.notibras.com\/site\/wp-json\/wp\/v2\/categories?post=328101"},{"taxonomy":"post_tag","embeddable":true,"href":"https:\/\/www.notibras.com\/site\/wp-json\/wp\/v2\/tags?post=328101"}],"curies":[{"name":"wp","href":"https:\/\/api.w.org\/{rel}","templated":true}]}}