{"id":328104,"date":"2024-05-06T08:09:29","date_gmt":"2024-05-06T11:09:29","guid":{"rendered":"https:\/\/www.notibras.com\/site\/?p=328104"},"modified":"2024-05-06T08:09:29","modified_gmt":"2024-05-06T11:09:29","slug":"hello-com-sotaque-diferente-que-saiu-la-de-quixada","status":"publish","type":"post","link":"https:\/\/www.notibras.com\/site\/hello-com-sotaque-diferente-que-saiu-la-de-quixada\/","title":{"rendered":"&#8216;Hello&#8217; com sotaque diferente que saiu l\u00e1 de Quixad\u00e1"},"content":{"rendered":"<p>Por conta da minha profiss\u00e3o de arquiteto e tendo optado por voltar \u00e0 minha cidade natal, no interior de Minas Gerais, acostumei-me a ter clientes em todas as cidades vizinhas. N\u00e3o raras eram as semanas em que sa\u00eda viajando por duas ou tr\u00eas cidades para acompanhar a execu\u00e7\u00e3o de projetos ou atender a velhos e novos clientes. Tive a sorte de entrar num nicho bem interessante de trabalho: atender a hot\u00e9is e pousadas de toda a regi\u00e3o. O turismo estava aquecido, se profissionalizando a passos largos, e v\u00e1rias hospedarias antigas buscavam se reposicionar no mercado hoteleiro moderno \u2013 a melhoria das instala\u00e7\u00f5es, a beleza, o aconchego e a acessibilidade eram as diretrizes do meu trabalho, sempre buscando conservar a edifica\u00e7\u00e3o em suas caracter\u00edsticas hist\u00f3ricas e originais.<\/p>\n<p>E, nessas andan\u00e7as, conheci Dona Helena, que herdara dos pais uma velha fazenda, cujas origens remontavam ao ano de 1867. Chamava-se Fazenda do Sossego. A casa, imponente e antiga, tinha a maior parte de suas paredes constru\u00eddas a pau-a-pique, com t\u00e1buas corridas no piso de uma largura impressionante, que passavam sob as divis\u00f5es dos c\u00f4modos. Fiz um belo projeto para a casa principal e aproveitei dep\u00f3sitos pr\u00f3ximos para transformar em chal\u00e9s, al\u00e9m de imaginar a constru\u00e7\u00e3o de outros anexos. No fim, a Fazenda do Sossego transformou-se num hotel-fazenda que era refer\u00eancia nacional em requinte e beleza.<\/p>\n<p>Volta e meia, Dona Helena me chamava para rever algumas obras e para que eu sugerisse melhorias, tanto no plano externo quanto no interno, pois agora eu contava, em meu escrit\u00f3rio de arquitetura, com profissionais especializados na decora\u00e7\u00e3o de interiores. E, numa das viagens para atender clientes, terminei a minha rota da semana justamente l\u00e1 no Sossego, chegando numa sexta-feira \u00e0 tardinha, pois sabia que Dona Helena iria me convidar gentilmente para passar a noite e me brindar, no dia seguinte, com um belo caf\u00e9 da manh\u00e3. Era ver\u00e3o, o c\u00e9u anoitecia de uma forma espetacular, lua cheia, e havia movimento de h\u00f3spedes na piscina. Eu resolvi aproveitar um pouco aquela del\u00edcia.<\/p>\n<p>Depois de me refrescar, fui sentar-me \u00e0 borda para tomar uma cerveja gelada e contemplar a noite. Um h\u00f3spede jovem, de barba e cabelos ruivos, passou pela minha frente quando ia dar um mergulho e fez um breve cumprimento, ao qual respondi. Ele ficou um tempo por ali nadando e, ao final, passou novamente perto de mim, dizendo \u201chello\u201d. Imaginei ser um americano, mas seu sotaque era desafiador. Respondi ao cumprimento e tamb\u00e9m disse \u201chello\u201d, levantando o copo em dire\u00e7\u00e3o a ele, como que propondo um brinde.<\/p>\n<p>Ele voltou-se e fez um gesto como quem pedisse para se sentar \u00e0 mesa em que estava. Creio que tomou essa liberdade porque, nas outras mesas, estavam grupos ou fam\u00edlias, e eu, como ele, era um h\u00f3spede solit\u00e1rio. Disse pra ele: \u201csente-se\u201d. Mas pensei que, se fosse americano mesmo, n\u00e3o iria entender minha frase. Assim, completei com o equivalente em ingl\u00eas: \u201ctake a seat\u201d. Ele agradeceu em bom ingl\u00eas: \u201cthank you\u201d \u2013 e assentou-se.<\/p>\n<p>Um segundo constrangedor de sil\u00eancio, daqueles em que dois estranhos ficam fu\u00e7ando nos rec\u00f4nditos da consci\u00eancia para inventar o tema do pr\u00f3ximo assunto que um vai puxar com outro, e eu, que me encontrava extremamente enferrujado com o idioma do gringo, quis saber se ele estava gostando do hotel e do interior de Minas Gerais, e mandei pra ele um: \u201care you enjoing your time here?\u201d. E ele respondeu, com aquele seu sotaque diferente, de forma bem compreens\u00edvel e em seu idioma, que sim, gostava muito da paisagem e do clima.<\/p>\n<p>Procurei mais uma vez, l\u00e1 nas profundezas do meu parco ingl\u00eas, algum vocabul\u00e1rio para n\u00e3o deixar o americano falando sozinho e, n\u00e3o sem alguma apreens\u00e3o, perguntei se ele j\u00e1 havia feito o passeio de maria-fuma\u00e7a, que por pouco n\u00e3o saiu \u201csmoke-maria\u201d, \u00e0 cidade vizinha: \u201chave you did the tour on the old steam train to Ouro Preto?\u201d. Ele respondeu que n\u00e3o, mas pensava fazer no dia seguinte, se os ingressos n\u00e3o houvessem se esgotado.<\/p>\n<p>Seguimos conversando amenidades e experi\u00eancias de viagem, e descobri que meu simp\u00e1tico interlocutor estrangeiro j\u00e1 havia feito diversas aventuras pelo Brasil e pelo mundo. Seu ingl\u00eas era bem diferente, n\u00e3o conseguia, pelo sotaque, decifrar-lhe a origem, mas certamente era bom de conversa e muito agrad\u00e1vel.<\/p>\n<p>Bebemos uma cerveja juntos e chegamos a dividir um petisco na beira da piscina, at\u00e9 a hora em que nos despedimos. Cheguei em meu quarto com a mente cansada. Aquela conversa toda em ingl\u00eas havia me deixado esgotado, mas acho que n\u00e3o fiz feio e, fora algumas coisas que n\u00e3o entendera ele dizer, ou que havia procurado expressar por gestos, o papo fluiu bem.<\/p>\n<p>Adormeci r\u00e1pido e profundamente at\u00e9 o dia seguinte, quando acordei cedo e fui logo para o restaurante do hotel fazer um desjejum dos deuses. R\u00e1pido agradecimento e despedida de Dona Helena, pus-me logo a caminho de casa, porque, mesmo sendo s\u00e1bado, havia ainda muito que fazer naquele dia e n\u00e3o podia perder tempo. Nem lembrei de perguntar por meu amigo americano, a quem n\u00e3o cheguei a dizer \u201cgoodbye\u201d.<\/p>\n<p>Semanas depois, passei pela Fazenda do Sossego de novo, para entregar o resultado dos projetos que Dona Helena havia pedido. Lembrei de perguntar a ela sobre o h\u00f3spede americano, o jovem ruivo, de barba, de quem ela nada sabia, tendo de informar-se com Amanda, uma das suas funcion\u00e1rias. Amanda fez uma cara de estranheza enquanto puxava pela mem\u00f3ria a origem de meu circunstancial amigo.<\/p>\n<p>\u201cAmericano? N\u00e3o me lembro&#8230; Ah, o que ficou com voc\u00ea conversando na beira da piscina uma noite dessas? Americano que nada! Aquele \u00e9 Norberto, uma figura! Cearense de Quixad\u00e1. Adora aparecer por aqui, j\u00e1 veio umas tr\u00eas vezes. Faz turismo de aventura, sobe esses morros todos do Brasil e do mundo.\u201d<\/p>\n","protected":false},"excerpt":{"rendered":"<p>Por conta da minha profiss\u00e3o de arquiteto e tendo optado por voltar \u00e0 minha cidade natal, no interior de Minas Gerais, acostumei-me a ter clientes em todas as cidades vizinhas. N\u00e3o raras eram as semanas em que sa\u00eda viajando por duas ou tr\u00eas cidades para acompanhar a execu\u00e7\u00e3o de projetos ou atender a velhos e [&hellip;]<\/p>\n","protected":false},"author":2,"featured_media":328105,"comment_status":"closed","ping_status":"closed","sticky":false,"template":"","format":"standard","meta":{"_acf_changed":false,"footnotes":""},"categories":[161],"tags":[],"class_list":["post-328104","post","type-post","status-publish","format-standard","has-post-thumbnail","hentry","category-quadradinho-em-foco"],"acf":[],"yoast_head":"<!-- This site is optimized with the Yoast SEO plugin v27.5 - https:\/\/yoast.com\/product\/yoast-seo-wordpress\/ -->\n<title>&#039;Hello&#039; com sotaque diferente que saiu l\u00e1 de Quixad\u00e1 - Notibras<\/title>\n<meta name=\"robots\" content=\"index, follow, max-snippet:-1, max-image-preview:large, max-video-preview:-1\" \/>\n<link rel=\"canonical\" href=\"https:\/\/www.notibras.com\/site\/hello-com-sotaque-diferente-que-saiu-la-de-quixada\/\" \/>\n<meta property=\"og:locale\" content=\"pt_BR\" \/>\n<meta property=\"og:type\" content=\"article\" \/>\n<meta property=\"og:title\" content=\"&#039;Hello&#039; com sotaque diferente que saiu l\u00e1 de Quixad\u00e1 - Notibras\" \/>\n<meta property=\"og:description\" content=\"Por conta da minha profiss\u00e3o de arquiteto e tendo optado por voltar \u00e0 minha cidade natal, no interior de Minas Gerais, acostumei-me a ter clientes em todas as cidades vizinhas. N\u00e3o raras eram as semanas em que sa\u00eda viajando por duas ou tr\u00eas cidades para acompanhar a execu\u00e7\u00e3o de projetos ou atender a velhos e [&hellip;]\" \/>\n<meta property=\"og:url\" content=\"https:\/\/www.notibras.com\/site\/hello-com-sotaque-diferente-que-saiu-la-de-quixada\/\" \/>\n<meta property=\"og:site_name\" content=\"Notibras\" \/>\n<meta property=\"article:publisher\" content=\"https:\/\/www.facebook.com\/notibras\/\" \/>\n<meta property=\"article:published_time\" content=\"2024-05-06T11:09:29+00:00\" \/>\n<meta property=\"og:image\" content=\"https:\/\/www.notibras.com\/site\/wp-content\/uploads\/2024\/05\/056b3642-e71c-4f6e-bedc-8d173625acce.jpeg\" \/>\n\t<meta property=\"og:image:width\" content=\"1024\" \/>\n\t<meta property=\"og:image:height\" content=\"1024\" \/>\n\t<meta property=\"og:image:type\" content=\"image\/jpeg\" \/>\n<meta name=\"author\" content=\"Reda\u00e7\u00e3o\" \/>\n<meta name=\"twitter:card\" content=\"summary_large_image\" \/>\n<meta name=\"twitter:creator\" content=\"@Notibras\" \/>\n<meta name=\"twitter:site\" content=\"@Notibras\" \/>\n<meta name=\"twitter:label1\" content=\"Escrito por\" \/>\n\t<meta name=\"twitter:data1\" content=\"Reda\u00e7\u00e3o\" \/>\n\t<meta name=\"twitter:label2\" content=\"Est. tempo de leitura\" \/>\n\t<meta name=\"twitter:data2\" content=\"6 minutos\" \/>\n<script type=\"application\/ld+json\" class=\"yoast-schema-graph\">{\"@context\":\"https:\\\/\\\/schema.org\",\"@graph\":[{\"@type\":\"Article\",\"@id\":\"https:\\\/\\\/www.notibras.com\\\/site\\\/hello-com-sotaque-diferente-que-saiu-la-de-quixada\\\/#article\",\"isPartOf\":{\"@id\":\"https:\\\/\\\/www.notibras.com\\\/site\\\/hello-com-sotaque-diferente-que-saiu-la-de-quixada\\\/\"},\"author\":{\"name\":\"Reda\u00e7\u00e3o\",\"@id\":\"https:\\\/\\\/www.notibras.com\\\/site\\\/#\\\/schema\\\/person\\\/36ab0979449956132d3e5b517ea76ac8\"},\"headline\":\"&#8216;Hello&#8217; com sotaque diferente que saiu l\u00e1 de Quixad\u00e1\",\"datePublished\":\"2024-05-06T11:09:29+00:00\",\"mainEntityOfPage\":{\"@id\":\"https:\\\/\\\/www.notibras.com\\\/site\\\/hello-com-sotaque-diferente-que-saiu-la-de-quixada\\\/\"},\"wordCount\":1023,\"publisher\":{\"@id\":\"https:\\\/\\\/www.notibras.com\\\/site\\\/#organization\"},\"image\":{\"@id\":\"https:\\\/\\\/www.notibras.com\\\/site\\\/hello-com-sotaque-diferente-que-saiu-la-de-quixada\\\/#primaryimage\"},\"thumbnailUrl\":\"https:\\\/\\\/www.notibras.com\\\/site\\\/wp-content\\\/uploads\\\/2024\\\/05\\\/056b3642-e71c-4f6e-bedc-8d173625acce.jpeg\",\"articleSection\":[\"Quadradinho em Foco\"],\"inLanguage\":\"pt-BR\"},{\"@type\":\"WebPage\",\"@id\":\"https:\\\/\\\/www.notibras.com\\\/site\\\/hello-com-sotaque-diferente-que-saiu-la-de-quixada\\\/\",\"url\":\"https:\\\/\\\/www.notibras.com\\\/site\\\/hello-com-sotaque-diferente-que-saiu-la-de-quixada\\\/\",\"name\":\"'Hello' com sotaque diferente que saiu l\u00e1 de Quixad\u00e1 - Notibras\",\"isPartOf\":{\"@id\":\"https:\\\/\\\/www.notibras.com\\\/site\\\/#website\"},\"primaryImageOfPage\":{\"@id\":\"https:\\\/\\\/www.notibras.com\\\/site\\\/hello-com-sotaque-diferente-que-saiu-la-de-quixada\\\/#primaryimage\"},\"image\":{\"@id\":\"https:\\\/\\\/www.notibras.com\\\/site\\\/hello-com-sotaque-diferente-que-saiu-la-de-quixada\\\/#primaryimage\"},\"thumbnailUrl\":\"https:\\\/\\\/www.notibras.com\\\/site\\\/wp-content\\\/uploads\\\/2024\\\/05\\\/056b3642-e71c-4f6e-bedc-8d173625acce.jpeg\",\"datePublished\":\"2024-05-06T11:09:29+00:00\",\"breadcrumb\":{\"@id\":\"https:\\\/\\\/www.notibras.com\\\/site\\\/hello-com-sotaque-diferente-que-saiu-la-de-quixada\\\/#breadcrumb\"},\"inLanguage\":\"pt-BR\",\"potentialAction\":[{\"@type\":\"ReadAction\",\"target\":[\"https:\\\/\\\/www.notibras.com\\\/site\\\/hello-com-sotaque-diferente-que-saiu-la-de-quixada\\\/\"]}]},{\"@type\":\"ImageObject\",\"inLanguage\":\"pt-BR\",\"@id\":\"https:\\\/\\\/www.notibras.com\\\/site\\\/hello-com-sotaque-diferente-que-saiu-la-de-quixada\\\/#primaryimage\",\"url\":\"https:\\\/\\\/www.notibras.com\\\/site\\\/wp-content\\\/uploads\\\/2024\\\/05\\\/056b3642-e71c-4f6e-bedc-8d173625acce.jpeg\",\"contentUrl\":\"https:\\\/\\\/www.notibras.com\\\/site\\\/wp-content\\\/uploads\\\/2024\\\/05\\\/056b3642-e71c-4f6e-bedc-8d173625acce.jpeg\",\"width\":1024,\"height\":1024},{\"@type\":\"BreadcrumbList\",\"@id\":\"https:\\\/\\\/www.notibras.com\\\/site\\\/hello-com-sotaque-diferente-que-saiu-la-de-quixada\\\/#breadcrumb\",\"itemListElement\":[{\"@type\":\"ListItem\",\"position\":1,\"name\":\"In\u00edcio\",\"item\":\"https:\\\/\\\/www.notibras.com\\\/site\\\/\"},{\"@type\":\"ListItem\",\"position\":2,\"name\":\"&#8216;Hello&#8217; com sotaque diferente que saiu l\u00e1 de Quixad\u00e1\"}]},{\"@type\":\"WebSite\",\"@id\":\"https:\\\/\\\/www.notibras.com\\\/site\\\/#website\",\"url\":\"https:\\\/\\\/www.notibras.com\\\/site\\\/\",\"name\":\"Notibras\",\"description\":\"Not\u00edcias de Bras\u00edlia, do Brasil e do Mundo\",\"publisher\":{\"@id\":\"https:\\\/\\\/www.notibras.com\\\/site\\\/#organization\"},\"potentialAction\":[{\"@type\":\"SearchAction\",\"target\":{\"@type\":\"EntryPoint\",\"urlTemplate\":\"https:\\\/\\\/www.notibras.com\\\/site\\\/?s={search_term_string}\"},\"query-input\":{\"@type\":\"PropertyValueSpecification\",\"valueRequired\":true,\"valueName\":\"search_term_string\"}}],\"inLanguage\":\"pt-BR\"},{\"@type\":\"Organization\",\"@id\":\"https:\\\/\\\/www.notibras.com\\\/site\\\/#organization\",\"name\":\"Grupo Notibras de Comunica\u00e7\u00e3o\",\"url\":\"https:\\\/\\\/www.notibras.com\\\/site\\\/\",\"logo\":{\"@type\":\"ImageObject\",\"inLanguage\":\"pt-BR\",\"@id\":\"https:\\\/\\\/www.notibras.com\\\/site\\\/#\\\/schema\\\/logo\\\/image\\\/\",\"url\":\"https:\\\/\\\/www.notibras.com\\\/site\\\/wp-content\\\/uploads\\\/2023\\\/01\\\/notibras23.png\",\"contentUrl\":\"https:\\\/\\\/www.notibras.com\\\/site\\\/wp-content\\\/uploads\\\/2023\\\/01\\\/notibras23.png\",\"width\":350,\"height\":87,\"caption\":\"Grupo Notibras de Comunica\u00e7\u00e3o\"},\"image\":{\"@id\":\"https:\\\/\\\/www.notibras.com\\\/site\\\/#\\\/schema\\\/logo\\\/image\\\/\"},\"sameAs\":[\"https:\\\/\\\/www.facebook.com\\\/notibras\\\/\",\"https:\\\/\\\/x.com\\\/Notibras\",\"https:\\\/\\\/www.instagram.com\\\/notibras\\\/\"]},{\"@type\":\"Person\",\"@id\":\"https:\\\/\\\/www.notibras.com\\\/site\\\/#\\\/schema\\\/person\\\/36ab0979449956132d3e5b517ea76ac8\",\"name\":\"Reda\u00e7\u00e3o\",\"image\":{\"@type\":\"ImageObject\",\"inLanguage\":\"pt-BR\",\"@id\":\"https:\\\/\\\/secure.gravatar.com\\\/avatar\\\/e0a867bdedb85fd243eadf09663511f96fc81e0720a4a42581f334ad4303aa6b?s=96&d=mm&r=g\",\"url\":\"https:\\\/\\\/secure.gravatar.com\\\/avatar\\\/e0a867bdedb85fd243eadf09663511f96fc81e0720a4a42581f334ad4303aa6b?s=96&d=mm&r=g\",\"contentUrl\":\"https:\\\/\\\/secure.gravatar.com\\\/avatar\\\/e0a867bdedb85fd243eadf09663511f96fc81e0720a4a42581f334ad4303aa6b?s=96&d=mm&r=g\",\"caption\":\"Reda\u00e7\u00e3o\"}}]}<\/script>\n<!-- \/ Yoast SEO plugin. -->","yoast_head_json":{"title":"'Hello' com sotaque diferente que saiu l\u00e1 de Quixad\u00e1 - Notibras","robots":{"index":"index","follow":"follow","max-snippet":"max-snippet:-1","max-image-preview":"max-image-preview:large","max-video-preview":"max-video-preview:-1"},"canonical":"https:\/\/www.notibras.com\/site\/hello-com-sotaque-diferente-que-saiu-la-de-quixada\/","og_locale":"pt_BR","og_type":"article","og_title":"'Hello' com sotaque diferente que saiu l\u00e1 de Quixad\u00e1 - Notibras","og_description":"Por conta da minha profiss\u00e3o de arquiteto e tendo optado por voltar \u00e0 minha cidade natal, no interior de Minas Gerais, acostumei-me a ter clientes em todas as cidades vizinhas. N\u00e3o raras eram as semanas em que sa\u00eda viajando por duas ou tr\u00eas cidades para acompanhar a execu\u00e7\u00e3o de projetos ou atender a velhos e [&hellip;]","og_url":"https:\/\/www.notibras.com\/site\/hello-com-sotaque-diferente-que-saiu-la-de-quixada\/","og_site_name":"Notibras","article_publisher":"https:\/\/www.facebook.com\/notibras\/","article_published_time":"2024-05-06T11:09:29+00:00","og_image":[{"width":1024,"height":1024,"url":"https:\/\/www.notibras.com\/site\/wp-content\/uploads\/2024\/05\/056b3642-e71c-4f6e-bedc-8d173625acce.jpeg","type":"image\/jpeg"}],"author":"Reda\u00e7\u00e3o","twitter_card":"summary_large_image","twitter_creator":"@Notibras","twitter_site":"@Notibras","twitter_misc":{"Escrito por":"Reda\u00e7\u00e3o","Est. tempo de leitura":"6 minutos"},"schema":{"@context":"https:\/\/schema.org","@graph":[{"@type":"Article","@id":"https:\/\/www.notibras.com\/site\/hello-com-sotaque-diferente-que-saiu-la-de-quixada\/#article","isPartOf":{"@id":"https:\/\/www.notibras.com\/site\/hello-com-sotaque-diferente-que-saiu-la-de-quixada\/"},"author":{"name":"Reda\u00e7\u00e3o","@id":"https:\/\/www.notibras.com\/site\/#\/schema\/person\/36ab0979449956132d3e5b517ea76ac8"},"headline":"&#8216;Hello&#8217; com sotaque diferente que saiu l\u00e1 de Quixad\u00e1","datePublished":"2024-05-06T11:09:29+00:00","mainEntityOfPage":{"@id":"https:\/\/www.notibras.com\/site\/hello-com-sotaque-diferente-que-saiu-la-de-quixada\/"},"wordCount":1023,"publisher":{"@id":"https:\/\/www.notibras.com\/site\/#organization"},"image":{"@id":"https:\/\/www.notibras.com\/site\/hello-com-sotaque-diferente-que-saiu-la-de-quixada\/#primaryimage"},"thumbnailUrl":"https:\/\/www.notibras.com\/site\/wp-content\/uploads\/2024\/05\/056b3642-e71c-4f6e-bedc-8d173625acce.jpeg","articleSection":["Quadradinho em Foco"],"inLanguage":"pt-BR"},{"@type":"WebPage","@id":"https:\/\/www.notibras.com\/site\/hello-com-sotaque-diferente-que-saiu-la-de-quixada\/","url":"https:\/\/www.notibras.com\/site\/hello-com-sotaque-diferente-que-saiu-la-de-quixada\/","name":"'Hello' com sotaque diferente que saiu l\u00e1 de Quixad\u00e1 - Notibras","isPartOf":{"@id":"https:\/\/www.notibras.com\/site\/#website"},"primaryImageOfPage":{"@id":"https:\/\/www.notibras.com\/site\/hello-com-sotaque-diferente-que-saiu-la-de-quixada\/#primaryimage"},"image":{"@id":"https:\/\/www.notibras.com\/site\/hello-com-sotaque-diferente-que-saiu-la-de-quixada\/#primaryimage"},"thumbnailUrl":"https:\/\/www.notibras.com\/site\/wp-content\/uploads\/2024\/05\/056b3642-e71c-4f6e-bedc-8d173625acce.jpeg","datePublished":"2024-05-06T11:09:29+00:00","breadcrumb":{"@id":"https:\/\/www.notibras.com\/site\/hello-com-sotaque-diferente-que-saiu-la-de-quixada\/#breadcrumb"},"inLanguage":"pt-BR","potentialAction":[{"@type":"ReadAction","target":["https:\/\/www.notibras.com\/site\/hello-com-sotaque-diferente-que-saiu-la-de-quixada\/"]}]},{"@type":"ImageObject","inLanguage":"pt-BR","@id":"https:\/\/www.notibras.com\/site\/hello-com-sotaque-diferente-que-saiu-la-de-quixada\/#primaryimage","url":"https:\/\/www.notibras.com\/site\/wp-content\/uploads\/2024\/05\/056b3642-e71c-4f6e-bedc-8d173625acce.jpeg","contentUrl":"https:\/\/www.notibras.com\/site\/wp-content\/uploads\/2024\/05\/056b3642-e71c-4f6e-bedc-8d173625acce.jpeg","width":1024,"height":1024},{"@type":"BreadcrumbList","@id":"https:\/\/www.notibras.com\/site\/hello-com-sotaque-diferente-que-saiu-la-de-quixada\/#breadcrumb","itemListElement":[{"@type":"ListItem","position":1,"name":"In\u00edcio","item":"https:\/\/www.notibras.com\/site\/"},{"@type":"ListItem","position":2,"name":"&#8216;Hello&#8217; com sotaque diferente que saiu l\u00e1 de Quixad\u00e1"}]},{"@type":"WebSite","@id":"https:\/\/www.notibras.com\/site\/#website","url":"https:\/\/www.notibras.com\/site\/","name":"Notibras","description":"Not\u00edcias de Bras\u00edlia, do Brasil e do Mundo","publisher":{"@id":"https:\/\/www.notibras.com\/site\/#organization"},"potentialAction":[{"@type":"SearchAction","target":{"@type":"EntryPoint","urlTemplate":"https:\/\/www.notibras.com\/site\/?s={search_term_string}"},"query-input":{"@type":"PropertyValueSpecification","valueRequired":true,"valueName":"search_term_string"}}],"inLanguage":"pt-BR"},{"@type":"Organization","@id":"https:\/\/www.notibras.com\/site\/#organization","name":"Grupo Notibras de Comunica\u00e7\u00e3o","url":"https:\/\/www.notibras.com\/site\/","logo":{"@type":"ImageObject","inLanguage":"pt-BR","@id":"https:\/\/www.notibras.com\/site\/#\/schema\/logo\/image\/","url":"https:\/\/www.notibras.com\/site\/wp-content\/uploads\/2023\/01\/notibras23.png","contentUrl":"https:\/\/www.notibras.com\/site\/wp-content\/uploads\/2023\/01\/notibras23.png","width":350,"height":87,"caption":"Grupo Notibras de Comunica\u00e7\u00e3o"},"image":{"@id":"https:\/\/www.notibras.com\/site\/#\/schema\/logo\/image\/"},"sameAs":["https:\/\/www.facebook.com\/notibras\/","https:\/\/x.com\/Notibras","https:\/\/www.instagram.com\/notibras\/"]},{"@type":"Person","@id":"https:\/\/www.notibras.com\/site\/#\/schema\/person\/36ab0979449956132d3e5b517ea76ac8","name":"Reda\u00e7\u00e3o","image":{"@type":"ImageObject","inLanguage":"pt-BR","@id":"https:\/\/secure.gravatar.com\/avatar\/e0a867bdedb85fd243eadf09663511f96fc81e0720a4a42581f334ad4303aa6b?s=96&d=mm&r=g","url":"https:\/\/secure.gravatar.com\/avatar\/e0a867bdedb85fd243eadf09663511f96fc81e0720a4a42581f334ad4303aa6b?s=96&d=mm&r=g","contentUrl":"https:\/\/secure.gravatar.com\/avatar\/e0a867bdedb85fd243eadf09663511f96fc81e0720a4a42581f334ad4303aa6b?s=96&d=mm&r=g","caption":"Reda\u00e7\u00e3o"}}]}},"amp_enabled":true,"_links":{"self":[{"href":"https:\/\/www.notibras.com\/site\/wp-json\/wp\/v2\/posts\/328104","targetHints":{"allow":["GET"]}}],"collection":[{"href":"https:\/\/www.notibras.com\/site\/wp-json\/wp\/v2\/posts"}],"about":[{"href":"https:\/\/www.notibras.com\/site\/wp-json\/wp\/v2\/types\/post"}],"author":[{"embeddable":true,"href":"https:\/\/www.notibras.com\/site\/wp-json\/wp\/v2\/users\/2"}],"replies":[{"embeddable":true,"href":"https:\/\/www.notibras.com\/site\/wp-json\/wp\/v2\/comments?post=328104"}],"version-history":[{"count":1,"href":"https:\/\/www.notibras.com\/site\/wp-json\/wp\/v2\/posts\/328104\/revisions"}],"predecessor-version":[{"id":328106,"href":"https:\/\/www.notibras.com\/site\/wp-json\/wp\/v2\/posts\/328104\/revisions\/328106"}],"wp:featuredmedia":[{"embeddable":true,"href":"https:\/\/www.notibras.com\/site\/wp-json\/wp\/v2\/media\/328105"}],"wp:attachment":[{"href":"https:\/\/www.notibras.com\/site\/wp-json\/wp\/v2\/media?parent=328104"}],"wp:term":[{"taxonomy":"category","embeddable":true,"href":"https:\/\/www.notibras.com\/site\/wp-json\/wp\/v2\/categories?post=328104"},{"taxonomy":"post_tag","embeddable":true,"href":"https:\/\/www.notibras.com\/site\/wp-json\/wp\/v2\/tags?post=328104"}],"curies":[{"name":"wp","href":"https:\/\/api.w.org\/{rel}","templated":true}]}}