{"id":328113,"date":"2024-05-06T00:44:33","date_gmt":"2024-05-06T03:44:33","guid":{"rendered":"https:\/\/www.notibras.com\/site\/?p=328113"},"modified":"2024-05-06T08:52:29","modified_gmt":"2024-05-06T11:52:29","slug":"vem-ai-mais-um-salao-do-artesanato-mae-de-todas-as-artes","status":"publish","type":"post","link":"https:\/\/www.notibras.com\/site\/vem-ai-mais-um-salao-do-artesanato-mae-de-todas-as-artes\/","title":{"rendered":"Vem a\u00ed mais um Sal\u00e3o do Artesanato, &#8216;m\u00e3e&#8217; de todas as artes"},"content":{"rendered":"<p>S\u00edmbolo da diversidade cultural brasileira, a produ\u00e7\u00e3o artesanal estar\u00e1 em destaque no Distrito Federal entre quarta-feira (8) e o domingo (12), durante o 17\u00ba Sal\u00e3o do Artesanato. O evento abre o calend\u00e1rio nacional de feiras do setor este ano, e reunir\u00e1 obras de mais de 500 artistas manuais, na varanda do shopping P\u00e1tio Brasil.<\/p>\n<p>O sal\u00e3o conta com a parceria do Governo do Distrito Federal (GDF), por meio do apoio das secretarias de Turismo (Setur) e de Cultura e Economia Criativa (Secec). Nesta edi\u00e7\u00e3o, ele coincide com a semana do Dia das M\u00e3es, data que ilustra o tema \u201cArtesanato: a M\u00e3e de Todas as Artes\u201d.<\/p>\n<p>A expectativa \u00e9 que 60 mil pessoas circulem pelos estandes nos cinco dias de evento. Os visitantes poder\u00e3o acompanhar de perto trabalhos manuais singulares a partir de tipologias como cer\u00e2mica, madeira, fios, capim, palha, metal, rendas, bordados e outras. Ao todo, ser\u00e3o cerca de 80 mil pe\u00e7as.<\/p>\n<p>De acordo com o secret\u00e1rio de Turismo, Cristiano Ara\u00fajo, a mostra \u00e9 uma ocasi\u00e3o importante para troca de experi\u00eancias e contato com express\u00f5es art\u00edsticas de todas as regi\u00f5es do pa\u00eds. Artes\u00e3os de 23 estados e do DF estar\u00e3o representados.<\/p>\n<p>\u201cO Sal\u00e3o do Artesanato \u00e9 uma grande oportunidade para os artes\u00e3os apresentarem suas t\u00e9cnicas, comercializarem seus produtos e gerarem emprego e renda. A cultura e as hist\u00f3rias s\u00e3o representadas por esses artistas, por meio de seu trabalho. O GDF vem buscando cada vez mais valorizar e apoiar o artesanato de nossa capital\u201d, afirma Ara\u00fajo.<\/p>\n<p>Al\u00e9m disso, o evento impulsiona os setores de economia criativa e de turismo do DF, a partir da participa\u00e7\u00e3o dos artistas manuais de outros estados, das rodadas de neg\u00f3cios e de possibilidades comerciais singulares para o segmento. A organiza\u00e7\u00e3o estima uma movimenta\u00e7\u00e3o de R$ 4 milh\u00f5es em vendas locais e neg\u00f3cios futuros, al\u00e9m da gera\u00e7\u00e3o de mil empregos diretos e tr\u00eas mil indiretos.<\/p>\n<p><strong>Arte em tra\u00e7os, ritmos e texturas<\/strong><br \/>\n\u201cO evento \u00e9 relevante para o Distrito Federal porque traz para a cidade o que temos de melhor na produ\u00e7\u00e3o artesanal de todos os estados\u201d, avalia a diretora executiva da Rome Eventos, Leda Simone, organizadora da mostra este ano. \u201cPara os artes\u00e3os, promove uma troca de experi\u00eancias, a partir de produtos e t\u00e9cnicas de outros artistas, e, para a comunidade, \u00e9 um momento \u00edmpar de encontrar produtos de todas as regi\u00f5es em um s\u00f3 lugar\u201d, frisa.<\/p>\n<p>O sal\u00e3o tamb\u00e9m d\u00e1 visibilidade ao artesanato produzido no DF. Dos 500 expositores de todo o pa\u00eds, cerca de 100 s\u00e3o da capital federal. Entre eles, a mestre artes\u00e3 Cleziania Ribeiro, de 45 anos, que produz esculturas em cer\u00e2mica.<\/p>\n<p>A moradora de Ceil\u00e2ndia participa da iniciativa h\u00e1 pelo menos tr\u00eas edi\u00e7\u00f5es, gra\u00e7as ao apoio da Secretaria de Turismo. \u201cParticipar desses eventos \u00e9 de uma import\u00e2ncia muito grande porque permite que a gente tenha uma vitrine para vender os nossos produtos em um local de grande visibilidade\u201d, conta a artes\u00e3.<\/p>\n<p>Durante o evento, a pasta ter\u00e1 um estande com capacidade para 20 artes\u00e3os apresentarem seus produtos, gratuitamente, e outro para abrigar mais 10 artistas, que ser\u00e3o recebidos pelo Programa do Artesanato Brasileiro (PAB).<\/p>\n<p>Na vis\u00e3o de Cleziania, a parceria de mais de 30 anos com a Setur proporciona muitas oportunidades aos trabalhadores manuais do DF. \u201cA secretaria cede os espa\u00e7os para n\u00f3s, o que nos d\u00e1 visibilidade e acesso a locais que para a gente, enquanto artes\u00e3os, muitas vezes n\u00e3o temos condi\u00e7\u00e3o de fazer o investimento. Ent\u00e3o, com a Setur, a gente consegue ter acesso a locais que seriam inacess\u00edveis para n\u00f3s\u201d, relata.<\/p>\n<p>O evento \u00e9 aberto ao p\u00fablico e tem entrada gratuita. Al\u00e9m da compra de pe\u00e7as exclusivas produzidas artesanalmente pelos artistas, os visitantes tamb\u00e9m poder\u00e3o aproveitar oficinas gratuitas de pr\u00e1ticas como tape\u00e7aria, bordado e cer\u00e2mica, mediante inscri\u00e7\u00e3o pr\u00e9via no site do evento.<\/p>\n","protected":false},"excerpt":{"rendered":"<p>S\u00edmbolo da diversidade cultural brasileira, a produ\u00e7\u00e3o artesanal estar\u00e1 em destaque no Distrito Federal entre quarta-feira (8) e o domingo (12), durante o 17\u00ba Sal\u00e3o do Artesanato. O evento abre o calend\u00e1rio nacional de feiras do setor este ano, e reunir\u00e1 obras de mais de 500 artistas manuais, na varanda do shopping P\u00e1tio Brasil. O [&hellip;]<\/p>\n","protected":false},"author":2,"featured_media":328114,"comment_status":"closed","ping_status":"closed","sticky":false,"template":"","format":"standard","meta":{"_acf_changed":false,"footnotes":""},"categories":[161],"tags":[],"class_list":["post-328113","post","type-post","status-publish","format-standard","has-post-thumbnail","hentry","category-quadradinho-em-foco"],"acf":[],"yoast_head":"<!-- This site is optimized with the Yoast SEO plugin v27.5 - https:\/\/yoast.com\/product\/yoast-seo-wordpress\/ -->\n<title>Vem a\u00ed mais um Sal\u00e3o do Artesanato, &#039;m\u00e3e&#039; de todas as artes - Notibras<\/title>\n<meta name=\"robots\" content=\"index, follow, max-snippet:-1, max-image-preview:large, max-video-preview:-1\" \/>\n<link rel=\"canonical\" href=\"https:\/\/www.notibras.com\/site\/vem-ai-mais-um-salao-do-artesanato-mae-de-todas-as-artes\/\" \/>\n<meta property=\"og:locale\" content=\"pt_BR\" \/>\n<meta property=\"og:type\" content=\"article\" \/>\n<meta property=\"og:title\" content=\"Vem a\u00ed mais um Sal\u00e3o do Artesanato, &#039;m\u00e3e&#039; de todas as artes - Notibras\" \/>\n<meta property=\"og:description\" content=\"S\u00edmbolo da diversidade cultural brasileira, a produ\u00e7\u00e3o artesanal estar\u00e1 em destaque no Distrito Federal entre quarta-feira (8) e o domingo (12), durante o 17\u00ba Sal\u00e3o do Artesanato. O evento abre o calend\u00e1rio nacional de feiras do setor este ano, e reunir\u00e1 obras de mais de 500 artistas manuais, na varanda do shopping P\u00e1tio Brasil. O [&hellip;]\" \/>\n<meta property=\"og:url\" content=\"https:\/\/www.notibras.com\/site\/vem-ai-mais-um-salao-do-artesanato-mae-de-todas-as-artes\/\" \/>\n<meta property=\"og:site_name\" content=\"Notibras\" \/>\n<meta property=\"article:publisher\" content=\"https:\/\/www.facebook.com\/notibras\/\" \/>\n<meta property=\"article:published_time\" content=\"2024-05-06T03:44:33+00:00\" \/>\n<meta property=\"article:modified_time\" content=\"2024-05-06T11:52:29+00:00\" \/>\n<meta property=\"og:image\" content=\"https:\/\/www.notibras.com\/site\/wp-content\/uploads\/2024\/05\/53700393544_743ef76a85_c.jpg\" \/>\n\t<meta property=\"og:image:width\" content=\"800\" \/>\n\t<meta property=\"og:image:height\" content=\"534\" \/>\n\t<meta property=\"og:image:type\" content=\"image\/jpeg\" \/>\n<meta name=\"author\" content=\"Reda\u00e7\u00e3o\" \/>\n<meta name=\"twitter:card\" content=\"summary_large_image\" \/>\n<meta name=\"twitter:creator\" content=\"@Notibras\" \/>\n<meta name=\"twitter:site\" content=\"@Notibras\" \/>\n<meta name=\"twitter:label1\" content=\"Escrito por\" \/>\n\t<meta name=\"twitter:data1\" content=\"Reda\u00e7\u00e3o\" \/>\n\t<meta name=\"twitter:label2\" content=\"Est. tempo de leitura\" \/>\n\t<meta name=\"twitter:data2\" content=\"4 minutos\" \/>\n<script type=\"application\/ld+json\" class=\"yoast-schema-graph\">{\"@context\":\"https:\\\/\\\/schema.org\",\"@graph\":[{\"@type\":\"Article\",\"@id\":\"https:\\\/\\\/www.notibras.com\\\/site\\\/vem-ai-mais-um-salao-do-artesanato-mae-de-todas-as-artes\\\/#article\",\"isPartOf\":{\"@id\":\"https:\\\/\\\/www.notibras.com\\\/site\\\/vem-ai-mais-um-salao-do-artesanato-mae-de-todas-as-artes\\\/\"},\"author\":{\"name\":\"Reda\u00e7\u00e3o\",\"@id\":\"https:\\\/\\\/www.notibras.com\\\/site\\\/#\\\/schema\\\/person\\\/36ab0979449956132d3e5b517ea76ac8\"},\"headline\":\"Vem a\u00ed mais um Sal\u00e3o do Artesanato, &#8216;m\u00e3e&#8217; de todas as artes\",\"datePublished\":\"2024-05-06T03:44:33+00:00\",\"dateModified\":\"2024-05-06T11:52:29+00:00\",\"mainEntityOfPage\":{\"@id\":\"https:\\\/\\\/www.notibras.com\\\/site\\\/vem-ai-mais-um-salao-do-artesanato-mae-de-todas-as-artes\\\/\"},\"wordCount\":692,\"publisher\":{\"@id\":\"https:\\\/\\\/www.notibras.com\\\/site\\\/#organization\"},\"image\":{\"@id\":\"https:\\\/\\\/www.notibras.com\\\/site\\\/vem-ai-mais-um-salao-do-artesanato-mae-de-todas-as-artes\\\/#primaryimage\"},\"thumbnailUrl\":\"https:\\\/\\\/www.notibras.com\\\/site\\\/wp-content\\\/uploads\\\/2024\\\/05\\\/53700393544_743ef76a85_c.jpg\",\"articleSection\":[\"Quadradinho em Foco\"],\"inLanguage\":\"pt-BR\"},{\"@type\":\"WebPage\",\"@id\":\"https:\\\/\\\/www.notibras.com\\\/site\\\/vem-ai-mais-um-salao-do-artesanato-mae-de-todas-as-artes\\\/\",\"url\":\"https:\\\/\\\/www.notibras.com\\\/site\\\/vem-ai-mais-um-salao-do-artesanato-mae-de-todas-as-artes\\\/\",\"name\":\"Vem a\u00ed mais um Sal\u00e3o do Artesanato, 'm\u00e3e' de todas as artes - Notibras\",\"isPartOf\":{\"@id\":\"https:\\\/\\\/www.notibras.com\\\/site\\\/#website\"},\"primaryImageOfPage\":{\"@id\":\"https:\\\/\\\/www.notibras.com\\\/site\\\/vem-ai-mais-um-salao-do-artesanato-mae-de-todas-as-artes\\\/#primaryimage\"},\"image\":{\"@id\":\"https:\\\/\\\/www.notibras.com\\\/site\\\/vem-ai-mais-um-salao-do-artesanato-mae-de-todas-as-artes\\\/#primaryimage\"},\"thumbnailUrl\":\"https:\\\/\\\/www.notibras.com\\\/site\\\/wp-content\\\/uploads\\\/2024\\\/05\\\/53700393544_743ef76a85_c.jpg\",\"datePublished\":\"2024-05-06T03:44:33+00:00\",\"dateModified\":\"2024-05-06T11:52:29+00:00\",\"breadcrumb\":{\"@id\":\"https:\\\/\\\/www.notibras.com\\\/site\\\/vem-ai-mais-um-salao-do-artesanato-mae-de-todas-as-artes\\\/#breadcrumb\"},\"inLanguage\":\"pt-BR\",\"potentialAction\":[{\"@type\":\"ReadAction\",\"target\":[\"https:\\\/\\\/www.notibras.com\\\/site\\\/vem-ai-mais-um-salao-do-artesanato-mae-de-todas-as-artes\\\/\"]}]},{\"@type\":\"ImageObject\",\"inLanguage\":\"pt-BR\",\"@id\":\"https:\\\/\\\/www.notibras.com\\\/site\\\/vem-ai-mais-um-salao-do-artesanato-mae-de-todas-as-artes\\\/#primaryimage\",\"url\":\"https:\\\/\\\/www.notibras.com\\\/site\\\/wp-content\\\/uploads\\\/2024\\\/05\\\/53700393544_743ef76a85_c.jpg\",\"contentUrl\":\"https:\\\/\\\/www.notibras.com\\\/site\\\/wp-content\\\/uploads\\\/2024\\\/05\\\/53700393544_743ef76a85_c.jpg\",\"width\":800,\"height\":534},{\"@type\":\"BreadcrumbList\",\"@id\":\"https:\\\/\\\/www.notibras.com\\\/site\\\/vem-ai-mais-um-salao-do-artesanato-mae-de-todas-as-artes\\\/#breadcrumb\",\"itemListElement\":[{\"@type\":\"ListItem\",\"position\":1,\"name\":\"In\u00edcio\",\"item\":\"https:\\\/\\\/www.notibras.com\\\/site\\\/\"},{\"@type\":\"ListItem\",\"position\":2,\"name\":\"Vem a\u00ed mais um Sal\u00e3o do Artesanato, &#8216;m\u00e3e&#8217; de todas as artes\"}]},{\"@type\":\"WebSite\",\"@id\":\"https:\\\/\\\/www.notibras.com\\\/site\\\/#website\",\"url\":\"https:\\\/\\\/www.notibras.com\\\/site\\\/\",\"name\":\"Notibras\",\"description\":\"Not\u00edcias de Bras\u00edlia, do Brasil e do Mundo\",\"publisher\":{\"@id\":\"https:\\\/\\\/www.notibras.com\\\/site\\\/#organization\"},\"potentialAction\":[{\"@type\":\"SearchAction\",\"target\":{\"@type\":\"EntryPoint\",\"urlTemplate\":\"https:\\\/\\\/www.notibras.com\\\/site\\\/?s={search_term_string}\"},\"query-input\":{\"@type\":\"PropertyValueSpecification\",\"valueRequired\":true,\"valueName\":\"search_term_string\"}}],\"inLanguage\":\"pt-BR\"},{\"@type\":\"Organization\",\"@id\":\"https:\\\/\\\/www.notibras.com\\\/site\\\/#organization\",\"name\":\"Grupo Notibras de Comunica\u00e7\u00e3o\",\"url\":\"https:\\\/\\\/www.notibras.com\\\/site\\\/\",\"logo\":{\"@type\":\"ImageObject\",\"inLanguage\":\"pt-BR\",\"@id\":\"https:\\\/\\\/www.notibras.com\\\/site\\\/#\\\/schema\\\/logo\\\/image\\\/\",\"url\":\"https:\\\/\\\/www.notibras.com\\\/site\\\/wp-content\\\/uploads\\\/2023\\\/01\\\/notibras23.png\",\"contentUrl\":\"https:\\\/\\\/www.notibras.com\\\/site\\\/wp-content\\\/uploads\\\/2023\\\/01\\\/notibras23.png\",\"width\":350,\"height\":87,\"caption\":\"Grupo Notibras de Comunica\u00e7\u00e3o\"},\"image\":{\"@id\":\"https:\\\/\\\/www.notibras.com\\\/site\\\/#\\\/schema\\\/logo\\\/image\\\/\"},\"sameAs\":[\"https:\\\/\\\/www.facebook.com\\\/notibras\\\/\",\"https:\\\/\\\/x.com\\\/Notibras\",\"https:\\\/\\\/www.instagram.com\\\/notibras\\\/\"]},{\"@type\":\"Person\",\"@id\":\"https:\\\/\\\/www.notibras.com\\\/site\\\/#\\\/schema\\\/person\\\/36ab0979449956132d3e5b517ea76ac8\",\"name\":\"Reda\u00e7\u00e3o\",\"image\":{\"@type\":\"ImageObject\",\"inLanguage\":\"pt-BR\",\"@id\":\"https:\\\/\\\/secure.gravatar.com\\\/avatar\\\/e0a867bdedb85fd243eadf09663511f96fc81e0720a4a42581f334ad4303aa6b?s=96&d=mm&r=g\",\"url\":\"https:\\\/\\\/secure.gravatar.com\\\/avatar\\\/e0a867bdedb85fd243eadf09663511f96fc81e0720a4a42581f334ad4303aa6b?s=96&d=mm&r=g\",\"contentUrl\":\"https:\\\/\\\/secure.gravatar.com\\\/avatar\\\/e0a867bdedb85fd243eadf09663511f96fc81e0720a4a42581f334ad4303aa6b?s=96&d=mm&r=g\",\"caption\":\"Reda\u00e7\u00e3o\"}}]}<\/script>\n<!-- \/ Yoast SEO plugin. -->","yoast_head_json":{"title":"Vem a\u00ed mais um Sal\u00e3o do Artesanato, 'm\u00e3e' de todas as artes - Notibras","robots":{"index":"index","follow":"follow","max-snippet":"max-snippet:-1","max-image-preview":"max-image-preview:large","max-video-preview":"max-video-preview:-1"},"canonical":"https:\/\/www.notibras.com\/site\/vem-ai-mais-um-salao-do-artesanato-mae-de-todas-as-artes\/","og_locale":"pt_BR","og_type":"article","og_title":"Vem a\u00ed mais um Sal\u00e3o do Artesanato, 'm\u00e3e' de todas as artes - Notibras","og_description":"S\u00edmbolo da diversidade cultural brasileira, a produ\u00e7\u00e3o artesanal estar\u00e1 em destaque no Distrito Federal entre quarta-feira (8) e o domingo (12), durante o 17\u00ba Sal\u00e3o do Artesanato. O evento abre o calend\u00e1rio nacional de feiras do setor este ano, e reunir\u00e1 obras de mais de 500 artistas manuais, na varanda do shopping P\u00e1tio Brasil. O [&hellip;]","og_url":"https:\/\/www.notibras.com\/site\/vem-ai-mais-um-salao-do-artesanato-mae-de-todas-as-artes\/","og_site_name":"Notibras","article_publisher":"https:\/\/www.facebook.com\/notibras\/","article_published_time":"2024-05-06T03:44:33+00:00","article_modified_time":"2024-05-06T11:52:29+00:00","og_image":[{"width":800,"height":534,"url":"https:\/\/www.notibras.com\/site\/wp-content\/uploads\/2024\/05\/53700393544_743ef76a85_c.jpg","type":"image\/jpeg"}],"author":"Reda\u00e7\u00e3o","twitter_card":"summary_large_image","twitter_creator":"@Notibras","twitter_site":"@Notibras","twitter_misc":{"Escrito por":"Reda\u00e7\u00e3o","Est. tempo de leitura":"4 minutos"},"schema":{"@context":"https:\/\/schema.org","@graph":[{"@type":"Article","@id":"https:\/\/www.notibras.com\/site\/vem-ai-mais-um-salao-do-artesanato-mae-de-todas-as-artes\/#article","isPartOf":{"@id":"https:\/\/www.notibras.com\/site\/vem-ai-mais-um-salao-do-artesanato-mae-de-todas-as-artes\/"},"author":{"name":"Reda\u00e7\u00e3o","@id":"https:\/\/www.notibras.com\/site\/#\/schema\/person\/36ab0979449956132d3e5b517ea76ac8"},"headline":"Vem a\u00ed mais um Sal\u00e3o do Artesanato, &#8216;m\u00e3e&#8217; de todas as artes","datePublished":"2024-05-06T03:44:33+00:00","dateModified":"2024-05-06T11:52:29+00:00","mainEntityOfPage":{"@id":"https:\/\/www.notibras.com\/site\/vem-ai-mais-um-salao-do-artesanato-mae-de-todas-as-artes\/"},"wordCount":692,"publisher":{"@id":"https:\/\/www.notibras.com\/site\/#organization"},"image":{"@id":"https:\/\/www.notibras.com\/site\/vem-ai-mais-um-salao-do-artesanato-mae-de-todas-as-artes\/#primaryimage"},"thumbnailUrl":"https:\/\/www.notibras.com\/site\/wp-content\/uploads\/2024\/05\/53700393544_743ef76a85_c.jpg","articleSection":["Quadradinho em Foco"],"inLanguage":"pt-BR"},{"@type":"WebPage","@id":"https:\/\/www.notibras.com\/site\/vem-ai-mais-um-salao-do-artesanato-mae-de-todas-as-artes\/","url":"https:\/\/www.notibras.com\/site\/vem-ai-mais-um-salao-do-artesanato-mae-de-todas-as-artes\/","name":"Vem a\u00ed mais um Sal\u00e3o do Artesanato, 'm\u00e3e' de todas as artes - Notibras","isPartOf":{"@id":"https:\/\/www.notibras.com\/site\/#website"},"primaryImageOfPage":{"@id":"https:\/\/www.notibras.com\/site\/vem-ai-mais-um-salao-do-artesanato-mae-de-todas-as-artes\/#primaryimage"},"image":{"@id":"https:\/\/www.notibras.com\/site\/vem-ai-mais-um-salao-do-artesanato-mae-de-todas-as-artes\/#primaryimage"},"thumbnailUrl":"https:\/\/www.notibras.com\/site\/wp-content\/uploads\/2024\/05\/53700393544_743ef76a85_c.jpg","datePublished":"2024-05-06T03:44:33+00:00","dateModified":"2024-05-06T11:52:29+00:00","breadcrumb":{"@id":"https:\/\/www.notibras.com\/site\/vem-ai-mais-um-salao-do-artesanato-mae-de-todas-as-artes\/#breadcrumb"},"inLanguage":"pt-BR","potentialAction":[{"@type":"ReadAction","target":["https:\/\/www.notibras.com\/site\/vem-ai-mais-um-salao-do-artesanato-mae-de-todas-as-artes\/"]}]},{"@type":"ImageObject","inLanguage":"pt-BR","@id":"https:\/\/www.notibras.com\/site\/vem-ai-mais-um-salao-do-artesanato-mae-de-todas-as-artes\/#primaryimage","url":"https:\/\/www.notibras.com\/site\/wp-content\/uploads\/2024\/05\/53700393544_743ef76a85_c.jpg","contentUrl":"https:\/\/www.notibras.com\/site\/wp-content\/uploads\/2024\/05\/53700393544_743ef76a85_c.jpg","width":800,"height":534},{"@type":"BreadcrumbList","@id":"https:\/\/www.notibras.com\/site\/vem-ai-mais-um-salao-do-artesanato-mae-de-todas-as-artes\/#breadcrumb","itemListElement":[{"@type":"ListItem","position":1,"name":"In\u00edcio","item":"https:\/\/www.notibras.com\/site\/"},{"@type":"ListItem","position":2,"name":"Vem a\u00ed mais um Sal\u00e3o do Artesanato, &#8216;m\u00e3e&#8217; de todas as artes"}]},{"@type":"WebSite","@id":"https:\/\/www.notibras.com\/site\/#website","url":"https:\/\/www.notibras.com\/site\/","name":"Notibras","description":"Not\u00edcias de Bras\u00edlia, do Brasil e do Mundo","publisher":{"@id":"https:\/\/www.notibras.com\/site\/#organization"},"potentialAction":[{"@type":"SearchAction","target":{"@type":"EntryPoint","urlTemplate":"https:\/\/www.notibras.com\/site\/?s={search_term_string}"},"query-input":{"@type":"PropertyValueSpecification","valueRequired":true,"valueName":"search_term_string"}}],"inLanguage":"pt-BR"},{"@type":"Organization","@id":"https:\/\/www.notibras.com\/site\/#organization","name":"Grupo Notibras de Comunica\u00e7\u00e3o","url":"https:\/\/www.notibras.com\/site\/","logo":{"@type":"ImageObject","inLanguage":"pt-BR","@id":"https:\/\/www.notibras.com\/site\/#\/schema\/logo\/image\/","url":"https:\/\/www.notibras.com\/site\/wp-content\/uploads\/2023\/01\/notibras23.png","contentUrl":"https:\/\/www.notibras.com\/site\/wp-content\/uploads\/2023\/01\/notibras23.png","width":350,"height":87,"caption":"Grupo Notibras de Comunica\u00e7\u00e3o"},"image":{"@id":"https:\/\/www.notibras.com\/site\/#\/schema\/logo\/image\/"},"sameAs":["https:\/\/www.facebook.com\/notibras\/","https:\/\/x.com\/Notibras","https:\/\/www.instagram.com\/notibras\/"]},{"@type":"Person","@id":"https:\/\/www.notibras.com\/site\/#\/schema\/person\/36ab0979449956132d3e5b517ea76ac8","name":"Reda\u00e7\u00e3o","image":{"@type":"ImageObject","inLanguage":"pt-BR","@id":"https:\/\/secure.gravatar.com\/avatar\/e0a867bdedb85fd243eadf09663511f96fc81e0720a4a42581f334ad4303aa6b?s=96&d=mm&r=g","url":"https:\/\/secure.gravatar.com\/avatar\/e0a867bdedb85fd243eadf09663511f96fc81e0720a4a42581f334ad4303aa6b?s=96&d=mm&r=g","contentUrl":"https:\/\/secure.gravatar.com\/avatar\/e0a867bdedb85fd243eadf09663511f96fc81e0720a4a42581f334ad4303aa6b?s=96&d=mm&r=g","caption":"Reda\u00e7\u00e3o"}}]}},"amp_enabled":true,"_links":{"self":[{"href":"https:\/\/www.notibras.com\/site\/wp-json\/wp\/v2\/posts\/328113","targetHints":{"allow":["GET"]}}],"collection":[{"href":"https:\/\/www.notibras.com\/site\/wp-json\/wp\/v2\/posts"}],"about":[{"href":"https:\/\/www.notibras.com\/site\/wp-json\/wp\/v2\/types\/post"}],"author":[{"embeddable":true,"href":"https:\/\/www.notibras.com\/site\/wp-json\/wp\/v2\/users\/2"}],"replies":[{"embeddable":true,"href":"https:\/\/www.notibras.com\/site\/wp-json\/wp\/v2\/comments?post=328113"}],"version-history":[{"count":1,"href":"https:\/\/www.notibras.com\/site\/wp-json\/wp\/v2\/posts\/328113\/revisions"}],"predecessor-version":[{"id":328115,"href":"https:\/\/www.notibras.com\/site\/wp-json\/wp\/v2\/posts\/328113\/revisions\/328115"}],"wp:featuredmedia":[{"embeddable":true,"href":"https:\/\/www.notibras.com\/site\/wp-json\/wp\/v2\/media\/328114"}],"wp:attachment":[{"href":"https:\/\/www.notibras.com\/site\/wp-json\/wp\/v2\/media?parent=328113"}],"wp:term":[{"taxonomy":"category","embeddable":true,"href":"https:\/\/www.notibras.com\/site\/wp-json\/wp\/v2\/categories?post=328113"},{"taxonomy":"post_tag","embeddable":true,"href":"https:\/\/www.notibras.com\/site\/wp-json\/wp\/v2\/tags?post=328113"}],"curies":[{"name":"wp","href":"https:\/\/api.w.org\/{rel}","templated":true}]}}