{"id":328116,"date":"2024-05-06T00:00:40","date_gmt":"2024-05-06T03:00:40","guid":{"rendered":"https:\/\/www.notibras.com\/site\/?p=328116"},"modified":"2024-05-06T08:54:15","modified_gmt":"2024-05-06T11:54:15","slug":"produtor-rural-cria-projetos-de-implementos-para-facilitar-o-trabalho","status":"publish","type":"post","link":"https:\/\/www.notibras.com\/site\/produtor-rural-cria-projetos-de-implementos-para-facilitar-o-trabalho\/","title":{"rendered":"Produtor rural cria projetos de implementos para facilitar o trabalho"},"content":{"rendered":"<p>Movido pela vontade de diminuir a penosidade do trabalho agr\u00edcola, Lucas da Natividade Ribeiro, 33 anos, come\u00e7ou a criar projetos de implementos h\u00e1 dez anos. Ao longo desse tempo, desenvolveu um pulverizador para ser acoplado num microtrator, uma plantadeira e um colhedor de batata doce, e m\u00e1quinas lavadoras de cenoura e batata doce. Tudo pensado para atender a pr\u00f3pria produ\u00e7\u00e3o e as propriedades vizinhas.<\/p>\n<p>Lucas herdou do pai o amor pela produ\u00e7\u00e3o rural e, aos 17 anos, adquiriu uma propriedade localizada no N\u00facleo Rural Jardim, no Parano\u00e1, com extens\u00e3o de 6,5 hectares. O jovem sabia o que o aguardava \u2013 desde crian\u00e7a, ele acompanhava a lida di\u00e1ria do pai no campo. Mas como n\u00e3o tinha a mesma afei\u00e7\u00e3o pelas atividades bra\u00e7ais, deu um jeito de facilitar seu trabalho. \u201cSempre quis tirar essa carga pesada, eu sou um cara mais mole; da\u00ed vi uma necessidade de mudan\u00e7a para continuar vivendo da agricultura\u201d, contou o produtor.<\/p>\n<p>O trabalho no campo requer o cuidado di\u00e1rio com o manejo da produ\u00e7\u00e3o agr\u00edcola, boa gest\u00e3o da propriedade e organiza\u00e7\u00e3o. Essa foi a receita encontrada por Lucas para ter uma vida tranquila e confort\u00e1vel ao lado da esposa e dois filhos. \u201cO produtor que n\u00e3o planeja sua rotina e busca melhorar a produtividade n\u00e3o vai para frente. O meu sucesso est\u00e1 na organiza\u00e7\u00e3o, no planejamento para atender as necessidades da propriedade e produzir com mais qualidade e menor custo e dificuldade\u201d, argumentou.<\/p>\n<p><strong>Assist\u00eancia t\u00e9cnica<\/strong><br \/>\nDa extens\u00e3o total da propriedade, seis hectares s\u00e3o destinados ao plantio de batata doce, cenoura e milho, entre outras culturas. O trabalho de assist\u00eancia t\u00e9cnica e extens\u00e3o rural prestado pelo escrit\u00f3rio da Empresa de Assist\u00eancia T\u00e9cnica e Extens\u00e3o Rural do Distrito Federal (Emater-DF) no Jardim, unido \u00e0 mecaniza\u00e7\u00e3o do processo agr\u00edcola, renderam um aumento de 30% da produ\u00e7\u00e3o e redu\u00e7\u00e3o de 20% nos custos com m\u00e3o de obra.<\/p>\n<p>De acordo com o extensionista da Emater-DF Aureliano Dantas, as m\u00e1quinas agr\u00edcolas criadas por Lucas facilitam as opera\u00e7\u00f5es do dia a dia em sua propriedade, gerando efici\u00eancia na aplica\u00e7\u00e3o dos produtos qu\u00edmicos e na economia da quantidade aplicada, uma vez que o pulverizador, bem ajustado, faz a aplica\u00e7\u00e3o de maneira uniforme. \u201cOutra diferen\u00e7a no desempenho \u00e9 a organiza\u00e7\u00e3o na maneira de gerir a propriedade e a aceita\u00e7\u00e3o das nossas orienta\u00e7\u00f5es, que se d\u00e3o em rela\u00e7\u00e3o a todo o processo produtivo, desde o manejo da cultura, documenta\u00e7\u00e3o e declara\u00e7\u00f5es at\u00e9 a produ\u00e7\u00e3o de projetos de cr\u00e9dito rural\u201d, informou o extensionista.<\/p>\n<p>O profissional observou ainda que a mecaniza\u00e7\u00e3o das propriedades rurais \u00e9 uma realidade para poucos em fun\u00e7\u00e3o do alto custo e da dificuldade de cr\u00e9dito rural para o investimento. \u201cOs implementos agr\u00edcolas e outros equipamentos, necess\u00e1rios para diminuir a penosidade do trabalho rural, n\u00e3o chegam facilmente ao agricultor familiar; por isso, indicamos os projetos do Lucas por terem um custo menor, permitindo acesso a outros produtores, e por levarem ao aumento da produtividade e efici\u00eancia nas atividades\u201d, finalizou Aureliano.<\/p>\n<p><strong>Mecaniza\u00e7\u00e3o agr\u00edcola<\/strong><br \/>\nO gerente de Agropecu\u00e1ria da Emater-DF, Antonio Dantas, declarou que a mecaniza\u00e7\u00e3o agr\u00edcola vem sendo trabalhada h\u00e1 muito tempo pela empresa; no entanto, nos \u00faltimos anos, o tema tem recebido mais a\u00e7\u00f5es devido \u00e0s mudan\u00e7as no ambiente rural, principalmente no perfil e composi\u00e7\u00e3o das fam\u00edlias rurais, visando a perman\u00eancia delas rurais no campo.<\/p>\n<p>\u201cA mecaniza\u00e7\u00e3o agr\u00edcola est\u00e1 sendo tratada dentro dos Programas de Desenvolvimento das Cadeias Produtivas com diversas metodologias planejadas para este ano. Nesse projeto destaco os Dias Especiais de Mecaniza\u00e7\u00e3o e Automatiza\u00e7\u00e3o da Agropecu\u00e1ria, que dever\u00e3o acontecer em julho em Planaltina e Brazl\u00e2ndia. Nesses eventos, e durante as atividades de campo dos nossos extensionistas, os agricultores recebem orienta\u00e7\u00f5es sobre as possibilidades de mecaniza\u00e7\u00e3o ou automatiza\u00e7\u00e3o de suas atividades e das linhas de cr\u00e9dito rural dispon\u00edveis para o financiamento\u201d, afirmou o gestor.<\/p>\n<p>O Programa de Cr\u00e9dito Rural da Emater-DF assessora extensionistas da empresa e produtores rurais na elabora\u00e7\u00e3o de projetos e crit\u00e9rios de acesso \u00e0s linhas de cr\u00e9dito rural dispon\u00edveis para o Distrito Federal. Para acessar as linhas de cr\u00e9dito, \u00e9 necess\u00e1rio que o pequeno agricultor familiar esteja enquadrado nos crit\u00e9rios do Programa Nacional da Agricultura Familiar (Pronaf). Para isso \u00e9 preciso estar inscrito no Cadastro Nacional da Agricultura Familiar (CAF), que \u00e9 a porta de entrada do agricultor familiar \u00e0s pol\u00edticas p\u00fablicas de incentivo \u00e0 produ\u00e7\u00e3o e \u00e0 gera\u00e7\u00e3o de renda.<\/p>\n","protected":false},"excerpt":{"rendered":"<p>Movido pela vontade de diminuir a penosidade do trabalho agr\u00edcola, Lucas da Natividade Ribeiro, 33 anos, come\u00e7ou a criar projetos de implementos h\u00e1 dez anos. Ao longo desse tempo, desenvolveu um pulverizador para ser acoplado num microtrator, uma plantadeira e um colhedor de batata doce, e m\u00e1quinas lavadoras de cenoura e batata doce. Tudo pensado [&hellip;]<\/p>\n","protected":false},"author":2,"featured_media":328117,"comment_status":"closed","ping_status":"closed","sticky":false,"template":"","format":"standard","meta":{"_acf_changed":false,"footnotes":""},"categories":[161],"tags":[],"class_list":["post-328116","post","type-post","status-publish","format-standard","has-post-thumbnail","hentry","category-quadradinho-em-foco"],"acf":[],"yoast_head":"<!-- This site is optimized with the Yoast SEO plugin v27.5 - https:\/\/yoast.com\/product\/yoast-seo-wordpress\/ -->\n<title>Produtor rural cria projetos de implementos para facilitar o trabalho - Notibras<\/title>\n<meta name=\"robots\" content=\"index, follow, max-snippet:-1, max-image-preview:large, max-video-preview:-1\" \/>\n<link rel=\"canonical\" href=\"https:\/\/www.notibras.com\/site\/produtor-rural-cria-projetos-de-implementos-para-facilitar-o-trabalho\/\" \/>\n<meta property=\"og:locale\" content=\"pt_BR\" \/>\n<meta property=\"og:type\" content=\"article\" \/>\n<meta property=\"og:title\" content=\"Produtor rural cria projetos de implementos para facilitar o trabalho - Notibras\" \/>\n<meta property=\"og:description\" content=\"Movido pela vontade de diminuir a penosidade do trabalho agr\u00edcola, Lucas da Natividade Ribeiro, 33 anos, come\u00e7ou a criar projetos de implementos h\u00e1 dez anos. Ao longo desse tempo, desenvolveu um pulverizador para ser acoplado num microtrator, uma plantadeira e um colhedor de batata doce, e m\u00e1quinas lavadoras de cenoura e batata doce. Tudo pensado [&hellip;]\" \/>\n<meta property=\"og:url\" content=\"https:\/\/www.notibras.com\/site\/produtor-rural-cria-projetos-de-implementos-para-facilitar-o-trabalho\/\" \/>\n<meta property=\"og:site_name\" content=\"Notibras\" \/>\n<meta property=\"article:publisher\" content=\"https:\/\/www.facebook.com\/notibras\/\" \/>\n<meta property=\"article:published_time\" content=\"2024-05-06T03:00:40+00:00\" \/>\n<meta property=\"article:modified_time\" content=\"2024-05-06T11:54:15+00:00\" \/>\n<meta property=\"og:image\" content=\"https:\/\/www.notibras.com\/site\/wp-content\/uploads\/2024\/05\/Lucas-da-Natividade-Foto-Ascom-Emater.jpg\" \/>\n\t<meta property=\"og:image:width\" content=\"750\" \/>\n\t<meta property=\"og:image:height\" content=\"420\" \/>\n\t<meta property=\"og:image:type\" content=\"image\/jpeg\" \/>\n<meta name=\"author\" content=\"Reda\u00e7\u00e3o\" \/>\n<meta name=\"twitter:card\" content=\"summary_large_image\" \/>\n<meta name=\"twitter:creator\" content=\"@Notibras\" \/>\n<meta name=\"twitter:site\" content=\"@Notibras\" \/>\n<meta name=\"twitter:label1\" content=\"Escrito por\" \/>\n\t<meta name=\"twitter:data1\" content=\"Reda\u00e7\u00e3o\" \/>\n\t<meta name=\"twitter:label2\" content=\"Est. tempo de leitura\" \/>\n\t<meta name=\"twitter:data2\" content=\"5 minutos\" \/>\n<script type=\"application\/ld+json\" class=\"yoast-schema-graph\">{\"@context\":\"https:\\\/\\\/schema.org\",\"@graph\":[{\"@type\":\"Article\",\"@id\":\"https:\\\/\\\/www.notibras.com\\\/site\\\/produtor-rural-cria-projetos-de-implementos-para-facilitar-o-trabalho\\\/#article\",\"isPartOf\":{\"@id\":\"https:\\\/\\\/www.notibras.com\\\/site\\\/produtor-rural-cria-projetos-de-implementos-para-facilitar-o-trabalho\\\/\"},\"author\":{\"name\":\"Reda\u00e7\u00e3o\",\"@id\":\"https:\\\/\\\/www.notibras.com\\\/site\\\/#\\\/schema\\\/person\\\/36ab0979449956132d3e5b517ea76ac8\"},\"headline\":\"Produtor rural cria projetos de implementos para facilitar o trabalho\",\"datePublished\":\"2024-05-06T03:00:40+00:00\",\"dateModified\":\"2024-05-06T11:54:15+00:00\",\"mainEntityOfPage\":{\"@id\":\"https:\\\/\\\/www.notibras.com\\\/site\\\/produtor-rural-cria-projetos-de-implementos-para-facilitar-o-trabalho\\\/\"},\"wordCount\":802,\"publisher\":{\"@id\":\"https:\\\/\\\/www.notibras.com\\\/site\\\/#organization\"},\"image\":{\"@id\":\"https:\\\/\\\/www.notibras.com\\\/site\\\/produtor-rural-cria-projetos-de-implementos-para-facilitar-o-trabalho\\\/#primaryimage\"},\"thumbnailUrl\":\"https:\\\/\\\/www.notibras.com\\\/site\\\/wp-content\\\/uploads\\\/2024\\\/05\\\/Lucas-da-Natividade-Foto-Ascom-Emater.jpg\",\"articleSection\":[\"Quadradinho em Foco\"],\"inLanguage\":\"pt-BR\"},{\"@type\":\"WebPage\",\"@id\":\"https:\\\/\\\/www.notibras.com\\\/site\\\/produtor-rural-cria-projetos-de-implementos-para-facilitar-o-trabalho\\\/\",\"url\":\"https:\\\/\\\/www.notibras.com\\\/site\\\/produtor-rural-cria-projetos-de-implementos-para-facilitar-o-trabalho\\\/\",\"name\":\"Produtor rural cria projetos de implementos para facilitar o trabalho - Notibras\",\"isPartOf\":{\"@id\":\"https:\\\/\\\/www.notibras.com\\\/site\\\/#website\"},\"primaryImageOfPage\":{\"@id\":\"https:\\\/\\\/www.notibras.com\\\/site\\\/produtor-rural-cria-projetos-de-implementos-para-facilitar-o-trabalho\\\/#primaryimage\"},\"image\":{\"@id\":\"https:\\\/\\\/www.notibras.com\\\/site\\\/produtor-rural-cria-projetos-de-implementos-para-facilitar-o-trabalho\\\/#primaryimage\"},\"thumbnailUrl\":\"https:\\\/\\\/www.notibras.com\\\/site\\\/wp-content\\\/uploads\\\/2024\\\/05\\\/Lucas-da-Natividade-Foto-Ascom-Emater.jpg\",\"datePublished\":\"2024-05-06T03:00:40+00:00\",\"dateModified\":\"2024-05-06T11:54:15+00:00\",\"breadcrumb\":{\"@id\":\"https:\\\/\\\/www.notibras.com\\\/site\\\/produtor-rural-cria-projetos-de-implementos-para-facilitar-o-trabalho\\\/#breadcrumb\"},\"inLanguage\":\"pt-BR\",\"potentialAction\":[{\"@type\":\"ReadAction\",\"target\":[\"https:\\\/\\\/www.notibras.com\\\/site\\\/produtor-rural-cria-projetos-de-implementos-para-facilitar-o-trabalho\\\/\"]}]},{\"@type\":\"ImageObject\",\"inLanguage\":\"pt-BR\",\"@id\":\"https:\\\/\\\/www.notibras.com\\\/site\\\/produtor-rural-cria-projetos-de-implementos-para-facilitar-o-trabalho\\\/#primaryimage\",\"url\":\"https:\\\/\\\/www.notibras.com\\\/site\\\/wp-content\\\/uploads\\\/2024\\\/05\\\/Lucas-da-Natividade-Foto-Ascom-Emater.jpg\",\"contentUrl\":\"https:\\\/\\\/www.notibras.com\\\/site\\\/wp-content\\\/uploads\\\/2024\\\/05\\\/Lucas-da-Natividade-Foto-Ascom-Emater.jpg\",\"width\":750,\"height\":420},{\"@type\":\"BreadcrumbList\",\"@id\":\"https:\\\/\\\/www.notibras.com\\\/site\\\/produtor-rural-cria-projetos-de-implementos-para-facilitar-o-trabalho\\\/#breadcrumb\",\"itemListElement\":[{\"@type\":\"ListItem\",\"position\":1,\"name\":\"In\u00edcio\",\"item\":\"https:\\\/\\\/www.notibras.com\\\/site\\\/\"},{\"@type\":\"ListItem\",\"position\":2,\"name\":\"Produtor rural cria projetos de implementos para facilitar o trabalho\"}]},{\"@type\":\"WebSite\",\"@id\":\"https:\\\/\\\/www.notibras.com\\\/site\\\/#website\",\"url\":\"https:\\\/\\\/www.notibras.com\\\/site\\\/\",\"name\":\"Notibras\",\"description\":\"Not\u00edcias de Bras\u00edlia, do Brasil e do Mundo\",\"publisher\":{\"@id\":\"https:\\\/\\\/www.notibras.com\\\/site\\\/#organization\"},\"potentialAction\":[{\"@type\":\"SearchAction\",\"target\":{\"@type\":\"EntryPoint\",\"urlTemplate\":\"https:\\\/\\\/www.notibras.com\\\/site\\\/?s={search_term_string}\"},\"query-input\":{\"@type\":\"PropertyValueSpecification\",\"valueRequired\":true,\"valueName\":\"search_term_string\"}}],\"inLanguage\":\"pt-BR\"},{\"@type\":\"Organization\",\"@id\":\"https:\\\/\\\/www.notibras.com\\\/site\\\/#organization\",\"name\":\"Grupo Notibras de Comunica\u00e7\u00e3o\",\"url\":\"https:\\\/\\\/www.notibras.com\\\/site\\\/\",\"logo\":{\"@type\":\"ImageObject\",\"inLanguage\":\"pt-BR\",\"@id\":\"https:\\\/\\\/www.notibras.com\\\/site\\\/#\\\/schema\\\/logo\\\/image\\\/\",\"url\":\"https:\\\/\\\/www.notibras.com\\\/site\\\/wp-content\\\/uploads\\\/2023\\\/01\\\/notibras23.png\",\"contentUrl\":\"https:\\\/\\\/www.notibras.com\\\/site\\\/wp-content\\\/uploads\\\/2023\\\/01\\\/notibras23.png\",\"width\":350,\"height\":87,\"caption\":\"Grupo Notibras de Comunica\u00e7\u00e3o\"},\"image\":{\"@id\":\"https:\\\/\\\/www.notibras.com\\\/site\\\/#\\\/schema\\\/logo\\\/image\\\/\"},\"sameAs\":[\"https:\\\/\\\/www.facebook.com\\\/notibras\\\/\",\"https:\\\/\\\/x.com\\\/Notibras\",\"https:\\\/\\\/www.instagram.com\\\/notibras\\\/\"]},{\"@type\":\"Person\",\"@id\":\"https:\\\/\\\/www.notibras.com\\\/site\\\/#\\\/schema\\\/person\\\/36ab0979449956132d3e5b517ea76ac8\",\"name\":\"Reda\u00e7\u00e3o\",\"image\":{\"@type\":\"ImageObject\",\"inLanguage\":\"pt-BR\",\"@id\":\"https:\\\/\\\/secure.gravatar.com\\\/avatar\\\/e0a867bdedb85fd243eadf09663511f96fc81e0720a4a42581f334ad4303aa6b?s=96&d=mm&r=g\",\"url\":\"https:\\\/\\\/secure.gravatar.com\\\/avatar\\\/e0a867bdedb85fd243eadf09663511f96fc81e0720a4a42581f334ad4303aa6b?s=96&d=mm&r=g\",\"contentUrl\":\"https:\\\/\\\/secure.gravatar.com\\\/avatar\\\/e0a867bdedb85fd243eadf09663511f96fc81e0720a4a42581f334ad4303aa6b?s=96&d=mm&r=g\",\"caption\":\"Reda\u00e7\u00e3o\"}}]}<\/script>\n<!-- \/ Yoast SEO plugin. -->","yoast_head_json":{"title":"Produtor rural cria projetos de implementos para facilitar o trabalho - Notibras","robots":{"index":"index","follow":"follow","max-snippet":"max-snippet:-1","max-image-preview":"max-image-preview:large","max-video-preview":"max-video-preview:-1"},"canonical":"https:\/\/www.notibras.com\/site\/produtor-rural-cria-projetos-de-implementos-para-facilitar-o-trabalho\/","og_locale":"pt_BR","og_type":"article","og_title":"Produtor rural cria projetos de implementos para facilitar o trabalho - Notibras","og_description":"Movido pela vontade de diminuir a penosidade do trabalho agr\u00edcola, Lucas da Natividade Ribeiro, 33 anos, come\u00e7ou a criar projetos de implementos h\u00e1 dez anos. Ao longo desse tempo, desenvolveu um pulverizador para ser acoplado num microtrator, uma plantadeira e um colhedor de batata doce, e m\u00e1quinas lavadoras de cenoura e batata doce. Tudo pensado [&hellip;]","og_url":"https:\/\/www.notibras.com\/site\/produtor-rural-cria-projetos-de-implementos-para-facilitar-o-trabalho\/","og_site_name":"Notibras","article_publisher":"https:\/\/www.facebook.com\/notibras\/","article_published_time":"2024-05-06T03:00:40+00:00","article_modified_time":"2024-05-06T11:54:15+00:00","og_image":[{"width":750,"height":420,"url":"https:\/\/www.notibras.com\/site\/wp-content\/uploads\/2024\/05\/Lucas-da-Natividade-Foto-Ascom-Emater.jpg","type":"image\/jpeg"}],"author":"Reda\u00e7\u00e3o","twitter_card":"summary_large_image","twitter_creator":"@Notibras","twitter_site":"@Notibras","twitter_misc":{"Escrito por":"Reda\u00e7\u00e3o","Est. tempo de leitura":"5 minutos"},"schema":{"@context":"https:\/\/schema.org","@graph":[{"@type":"Article","@id":"https:\/\/www.notibras.com\/site\/produtor-rural-cria-projetos-de-implementos-para-facilitar-o-trabalho\/#article","isPartOf":{"@id":"https:\/\/www.notibras.com\/site\/produtor-rural-cria-projetos-de-implementos-para-facilitar-o-trabalho\/"},"author":{"name":"Reda\u00e7\u00e3o","@id":"https:\/\/www.notibras.com\/site\/#\/schema\/person\/36ab0979449956132d3e5b517ea76ac8"},"headline":"Produtor rural cria projetos de implementos para facilitar o trabalho","datePublished":"2024-05-06T03:00:40+00:00","dateModified":"2024-05-06T11:54:15+00:00","mainEntityOfPage":{"@id":"https:\/\/www.notibras.com\/site\/produtor-rural-cria-projetos-de-implementos-para-facilitar-o-trabalho\/"},"wordCount":802,"publisher":{"@id":"https:\/\/www.notibras.com\/site\/#organization"},"image":{"@id":"https:\/\/www.notibras.com\/site\/produtor-rural-cria-projetos-de-implementos-para-facilitar-o-trabalho\/#primaryimage"},"thumbnailUrl":"https:\/\/www.notibras.com\/site\/wp-content\/uploads\/2024\/05\/Lucas-da-Natividade-Foto-Ascom-Emater.jpg","articleSection":["Quadradinho em Foco"],"inLanguage":"pt-BR"},{"@type":"WebPage","@id":"https:\/\/www.notibras.com\/site\/produtor-rural-cria-projetos-de-implementos-para-facilitar-o-trabalho\/","url":"https:\/\/www.notibras.com\/site\/produtor-rural-cria-projetos-de-implementos-para-facilitar-o-trabalho\/","name":"Produtor rural cria projetos de implementos para facilitar o trabalho - Notibras","isPartOf":{"@id":"https:\/\/www.notibras.com\/site\/#website"},"primaryImageOfPage":{"@id":"https:\/\/www.notibras.com\/site\/produtor-rural-cria-projetos-de-implementos-para-facilitar-o-trabalho\/#primaryimage"},"image":{"@id":"https:\/\/www.notibras.com\/site\/produtor-rural-cria-projetos-de-implementos-para-facilitar-o-trabalho\/#primaryimage"},"thumbnailUrl":"https:\/\/www.notibras.com\/site\/wp-content\/uploads\/2024\/05\/Lucas-da-Natividade-Foto-Ascom-Emater.jpg","datePublished":"2024-05-06T03:00:40+00:00","dateModified":"2024-05-06T11:54:15+00:00","breadcrumb":{"@id":"https:\/\/www.notibras.com\/site\/produtor-rural-cria-projetos-de-implementos-para-facilitar-o-trabalho\/#breadcrumb"},"inLanguage":"pt-BR","potentialAction":[{"@type":"ReadAction","target":["https:\/\/www.notibras.com\/site\/produtor-rural-cria-projetos-de-implementos-para-facilitar-o-trabalho\/"]}]},{"@type":"ImageObject","inLanguage":"pt-BR","@id":"https:\/\/www.notibras.com\/site\/produtor-rural-cria-projetos-de-implementos-para-facilitar-o-trabalho\/#primaryimage","url":"https:\/\/www.notibras.com\/site\/wp-content\/uploads\/2024\/05\/Lucas-da-Natividade-Foto-Ascom-Emater.jpg","contentUrl":"https:\/\/www.notibras.com\/site\/wp-content\/uploads\/2024\/05\/Lucas-da-Natividade-Foto-Ascom-Emater.jpg","width":750,"height":420},{"@type":"BreadcrumbList","@id":"https:\/\/www.notibras.com\/site\/produtor-rural-cria-projetos-de-implementos-para-facilitar-o-trabalho\/#breadcrumb","itemListElement":[{"@type":"ListItem","position":1,"name":"In\u00edcio","item":"https:\/\/www.notibras.com\/site\/"},{"@type":"ListItem","position":2,"name":"Produtor rural cria projetos de implementos para facilitar o trabalho"}]},{"@type":"WebSite","@id":"https:\/\/www.notibras.com\/site\/#website","url":"https:\/\/www.notibras.com\/site\/","name":"Notibras","description":"Not\u00edcias de Bras\u00edlia, do Brasil e do Mundo","publisher":{"@id":"https:\/\/www.notibras.com\/site\/#organization"},"potentialAction":[{"@type":"SearchAction","target":{"@type":"EntryPoint","urlTemplate":"https:\/\/www.notibras.com\/site\/?s={search_term_string}"},"query-input":{"@type":"PropertyValueSpecification","valueRequired":true,"valueName":"search_term_string"}}],"inLanguage":"pt-BR"},{"@type":"Organization","@id":"https:\/\/www.notibras.com\/site\/#organization","name":"Grupo Notibras de Comunica\u00e7\u00e3o","url":"https:\/\/www.notibras.com\/site\/","logo":{"@type":"ImageObject","inLanguage":"pt-BR","@id":"https:\/\/www.notibras.com\/site\/#\/schema\/logo\/image\/","url":"https:\/\/www.notibras.com\/site\/wp-content\/uploads\/2023\/01\/notibras23.png","contentUrl":"https:\/\/www.notibras.com\/site\/wp-content\/uploads\/2023\/01\/notibras23.png","width":350,"height":87,"caption":"Grupo Notibras de Comunica\u00e7\u00e3o"},"image":{"@id":"https:\/\/www.notibras.com\/site\/#\/schema\/logo\/image\/"},"sameAs":["https:\/\/www.facebook.com\/notibras\/","https:\/\/x.com\/Notibras","https:\/\/www.instagram.com\/notibras\/"]},{"@type":"Person","@id":"https:\/\/www.notibras.com\/site\/#\/schema\/person\/36ab0979449956132d3e5b517ea76ac8","name":"Reda\u00e7\u00e3o","image":{"@type":"ImageObject","inLanguage":"pt-BR","@id":"https:\/\/secure.gravatar.com\/avatar\/e0a867bdedb85fd243eadf09663511f96fc81e0720a4a42581f334ad4303aa6b?s=96&d=mm&r=g","url":"https:\/\/secure.gravatar.com\/avatar\/e0a867bdedb85fd243eadf09663511f96fc81e0720a4a42581f334ad4303aa6b?s=96&d=mm&r=g","contentUrl":"https:\/\/secure.gravatar.com\/avatar\/e0a867bdedb85fd243eadf09663511f96fc81e0720a4a42581f334ad4303aa6b?s=96&d=mm&r=g","caption":"Reda\u00e7\u00e3o"}}]}},"amp_enabled":true,"_links":{"self":[{"href":"https:\/\/www.notibras.com\/site\/wp-json\/wp\/v2\/posts\/328116","targetHints":{"allow":["GET"]}}],"collection":[{"href":"https:\/\/www.notibras.com\/site\/wp-json\/wp\/v2\/posts"}],"about":[{"href":"https:\/\/www.notibras.com\/site\/wp-json\/wp\/v2\/types\/post"}],"author":[{"embeddable":true,"href":"https:\/\/www.notibras.com\/site\/wp-json\/wp\/v2\/users\/2"}],"replies":[{"embeddable":true,"href":"https:\/\/www.notibras.com\/site\/wp-json\/wp\/v2\/comments?post=328116"}],"version-history":[{"count":1,"href":"https:\/\/www.notibras.com\/site\/wp-json\/wp\/v2\/posts\/328116\/revisions"}],"predecessor-version":[{"id":328118,"href":"https:\/\/www.notibras.com\/site\/wp-json\/wp\/v2\/posts\/328116\/revisions\/328118"}],"wp:featuredmedia":[{"embeddable":true,"href":"https:\/\/www.notibras.com\/site\/wp-json\/wp\/v2\/media\/328117"}],"wp:attachment":[{"href":"https:\/\/www.notibras.com\/site\/wp-json\/wp\/v2\/media?parent=328116"}],"wp:term":[{"taxonomy":"category","embeddable":true,"href":"https:\/\/www.notibras.com\/site\/wp-json\/wp\/v2\/categories?post=328116"},{"taxonomy":"post_tag","embeddable":true,"href":"https:\/\/www.notibras.com\/site\/wp-json\/wp\/v2\/tags?post=328116"}],"curies":[{"name":"wp","href":"https:\/\/api.w.org\/{rel}","templated":true}]}}