{"id":32815,"date":"2015-01-03T18:18:31","date_gmt":"2015-01-03T21:18:31","guid":{"rendered":"http:\/\/www.notibras.com\/site\/?p=32815"},"modified":"2015-01-04T14:51:47","modified_gmt":"2015-01-04T17:51:47","slug":"vandalismo-volta-a-tomar-ruas-paulistas-e-tres-onibus-sao-incendiados","status":"publish","type":"post","link":"https:\/\/www.notibras.com\/site\/vandalismo-volta-a-tomar-ruas-paulistas-e-tres-onibus-sao-incendiados\/","title":{"rendered":"Vandalismo volta \u00e0s ruas de SP e \u00f4nibus s\u00e3o incendiados"},"content":{"rendered":"<div class=\"content\">\n<p>Tr\u00eas \u00f4nibus foram alvo de ataques na tarde deste s\u00e1bado 3 na capital paulista. Dois deles ocorreram na Rua Pal\u00e1cio do Catete, no bairro do Jaragu\u00e1, zona noroeste da capital paulista, onde por motivos ainda desconhecidos um grupo de pessoas ateou fogo em dos coletivos da Via\u00e7\u00e3o Santa Br\u00edgida e depredou outro da mesma linha que faz o itiner\u00e1rio at\u00e9 o bairro do Butant\u00e3, na zona oeste. N\u00e3o h\u00e1 registros de feridos e at\u00e9 o momento ningu\u00e9m foi preso.<\/p>\n<p>O terceiro ataque ocorreu no bairro de Taipas, na zona norte da cidade de S\u00e3o Paulo, no cruzamento de Estrada de Taipas com a Rua Doutor Carmello D&#8217;Agostinho. Segundo a Pol\u00edcia Militar, um grupo de manifestantes incendiou um \u00f4nibus, destruindo-o completamente e provocando tumulto na regi\u00e3o. Tamb\u00e9m n\u00e3o se sabe a raz\u00e3o desse ataque. Tamb\u00e9m n\u00e3o hobe feridos nem presos.<\/p>\n<blockquote><p>De acordo com a S\u00e3o Paulo Turismo (Sptrans), esses foram as primeiras a\u00e7\u00f5es do g\u00eanero neste ano. Ao longo de 2014, foram registrados 132 ataques a \u00f4nibus. A Secretaria de Seguran\u00e7a P\u00fablica (SSP), informou que, de janeiro a novembro do ano passado, foram presos 65 suspeitos de participar desse tipo de ato.<\/p><\/blockquote>\n<header>\n<div class=\"node-info\"><strong>Marli Moreira, ABr<\/strong><strong><br \/>\n<\/strong><\/div>\n<\/header>\n<\/div>\n","protected":false},"excerpt":{"rendered":"<p>Tr\u00eas \u00f4nibus foram alvo de ataques na tarde deste s\u00e1bado 3 na capital paulista. Dois deles ocorreram na Rua Pal\u00e1cio do Catete, no bairro do Jaragu\u00e1, zona noroeste da capital paulista, onde por motivos ainda desconhecidos um grupo de pessoas ateou fogo em dos coletivos da Via\u00e7\u00e3o Santa Br\u00edgida e depredou outro da mesma linha [&hellip;]<\/p>\n","protected":false},"author":2,"featured_media":32816,"comment_status":"open","ping_status":"closed","sticky":false,"template":"","format":"standard","meta":{"_acf_changed":false,"footnotes":""},"categories":[16],"tags":[],"class_list":["post-32815","post","type-post","status-publish","format-standard","has-post-thumbnail","hentry","category-brasil"],"acf":[],"yoast_head":"<!-- This site is optimized with the Yoast SEO plugin v27.2 - https:\/\/yoast.com\/product\/yoast-seo-wordpress\/ -->\n<title>Vandalismo volta \u00e0s ruas de SP e \u00f4nibus s\u00e3o incendiados - Notibras<\/title>\n<meta name=\"robots\" content=\"index, follow, max-snippet:-1, max-image-preview:large, max-video-preview:-1\" \/>\n<link rel=\"canonical\" href=\"https:\/\/www.notibras.com\/site\/vandalismo-volta-a-tomar-ruas-paulistas-e-tres-onibus-sao-incendiados\/\" \/>\n<meta property=\"og:locale\" content=\"pt_BR\" \/>\n<meta property=\"og:type\" content=\"article\" \/>\n<meta property=\"og:title\" content=\"Vandalismo volta \u00e0s ruas de SP e \u00f4nibus s\u00e3o incendiados - Notibras\" \/>\n<meta property=\"og:description\" content=\"Tr\u00eas \u00f4nibus foram alvo de ataques na tarde deste s\u00e1bado 3 na capital paulista. Dois deles ocorreram na Rua Pal\u00e1cio do Catete, no bairro do Jaragu\u00e1, zona noroeste da capital paulista, onde por motivos ainda desconhecidos um grupo de pessoas ateou fogo em dos coletivos da Via\u00e7\u00e3o Santa Br\u00edgida e depredou outro da mesma linha [&hellip;]\" \/>\n<meta property=\"og:url\" content=\"https:\/\/www.notibras.com\/site\/vandalismo-volta-a-tomar-ruas-paulistas-e-tres-onibus-sao-incendiados\/\" \/>\n<meta property=\"og:site_name\" content=\"Notibras\" \/>\n<meta property=\"article:publisher\" content=\"https:\/\/www.facebook.com\/notibras\/\" \/>\n<meta property=\"article:published_time\" content=\"2015-01-03T21:18:31+00:00\" \/>\n<meta property=\"article:modified_time\" content=\"2015-01-04T17:51:47+00:00\" \/>\n<meta property=\"og:image\" content=\"https:\/\/www.notibras.com\/site\/wp-content\/uploads\/2015\/01\/brasil-reintegracao-sp-baixa-20140916-008-size-598.jpeg\" \/>\n\t<meta property=\"og:image:width\" content=\"597\" \/>\n\t<meta property=\"og:image:height\" content=\"336\" \/>\n\t<meta property=\"og:image:type\" content=\"image\/jpeg\" \/>\n<meta name=\"author\" content=\"Reda\u00e7\u00e3o\" \/>\n<meta name=\"twitter:card\" content=\"summary_large_image\" \/>\n<meta name=\"twitter:creator\" content=\"@Notibras\" \/>\n<meta name=\"twitter:site\" content=\"@Notibras\" \/>\n<meta name=\"twitter:label1\" content=\"Escrito por\" \/>\n\t<meta name=\"twitter:data1\" content=\"Reda\u00e7\u00e3o\" \/>\n\t<meta name=\"twitter:label2\" content=\"Est. tempo de leitura\" \/>\n\t<meta name=\"twitter:data2\" content=\"1 minuto\" \/>\n<script type=\"application\/ld+json\" class=\"yoast-schema-graph\">{\"@context\":\"https:\/\/schema.org\",\"@graph\":[{\"@type\":\"Article\",\"@id\":\"https:\/\/www.notibras.com\/site\/vandalismo-volta-a-tomar-ruas-paulistas-e-tres-onibus-sao-incendiados\/#article\",\"isPartOf\":{\"@id\":\"https:\/\/www.notibras.com\/site\/vandalismo-volta-a-tomar-ruas-paulistas-e-tres-onibus-sao-incendiados\/\"},\"author\":{\"name\":\"Reda\u00e7\u00e3o\",\"@id\":\"https:\/\/www.notibras.com\/site\/#\/schema\/person\/36ab0979449956132d3e5b517ea76ac8\"},\"headline\":\"Vandalismo volta \u00e0s ruas de SP e \u00f4nibus s\u00e3o incendiados\",\"datePublished\":\"2015-01-03T21:18:31+00:00\",\"dateModified\":\"2015-01-04T17:51:47+00:00\",\"mainEntityOfPage\":{\"@id\":\"https:\/\/www.notibras.com\/site\/vandalismo-volta-a-tomar-ruas-paulistas-e-tres-onibus-sao-incendiados\/\"},\"wordCount\":222,\"commentCount\":0,\"publisher\":{\"@id\":\"https:\/\/www.notibras.com\/site\/#organization\"},\"image\":{\"@id\":\"https:\/\/www.notibras.com\/site\/vandalismo-volta-a-tomar-ruas-paulistas-e-tres-onibus-sao-incendiados\/#primaryimage\"},\"thumbnailUrl\":\"https:\/\/www.notibras.com\/site\/wp-content\/uploads\/2015\/01\/brasil-reintegracao-sp-baixa-20140916-008-size-598.jpeg\",\"articleSection\":[\"Brasil\"],\"inLanguage\":\"pt-BR\",\"potentialAction\":[{\"@type\":\"CommentAction\",\"name\":\"Comment\",\"target\":[\"https:\/\/www.notibras.com\/site\/vandalismo-volta-a-tomar-ruas-paulistas-e-tres-onibus-sao-incendiados\/#respond\"]}]},{\"@type\":\"WebPage\",\"@id\":\"https:\/\/www.notibras.com\/site\/vandalismo-volta-a-tomar-ruas-paulistas-e-tres-onibus-sao-incendiados\/\",\"url\":\"https:\/\/www.notibras.com\/site\/vandalismo-volta-a-tomar-ruas-paulistas-e-tres-onibus-sao-incendiados\/\",\"name\":\"Vandalismo volta \u00e0s ruas de SP e \u00f4nibus s\u00e3o incendiados - Notibras\",\"isPartOf\":{\"@id\":\"https:\/\/www.notibras.com\/site\/#website\"},\"primaryImageOfPage\":{\"@id\":\"https:\/\/www.notibras.com\/site\/vandalismo-volta-a-tomar-ruas-paulistas-e-tres-onibus-sao-incendiados\/#primaryimage\"},\"image\":{\"@id\":\"https:\/\/www.notibras.com\/site\/vandalismo-volta-a-tomar-ruas-paulistas-e-tres-onibus-sao-incendiados\/#primaryimage\"},\"thumbnailUrl\":\"https:\/\/www.notibras.com\/site\/wp-content\/uploads\/2015\/01\/brasil-reintegracao-sp-baixa-20140916-008-size-598.jpeg\",\"datePublished\":\"2015-01-03T21:18:31+00:00\",\"dateModified\":\"2015-01-04T17:51:47+00:00\",\"breadcrumb\":{\"@id\":\"https:\/\/www.notibras.com\/site\/vandalismo-volta-a-tomar-ruas-paulistas-e-tres-onibus-sao-incendiados\/#breadcrumb\"},\"inLanguage\":\"pt-BR\",\"potentialAction\":[{\"@type\":\"ReadAction\",\"target\":[\"https:\/\/www.notibras.com\/site\/vandalismo-volta-a-tomar-ruas-paulistas-e-tres-onibus-sao-incendiados\/\"]}]},{\"@type\":\"ImageObject\",\"inLanguage\":\"pt-BR\",\"@id\":\"https:\/\/www.notibras.com\/site\/vandalismo-volta-a-tomar-ruas-paulistas-e-tres-onibus-sao-incendiados\/#primaryimage\",\"url\":\"https:\/\/www.notibras.com\/site\/wp-content\/uploads\/2015\/01\/brasil-reintegracao-sp-baixa-20140916-008-size-598.jpeg\",\"contentUrl\":\"https:\/\/www.notibras.com\/site\/wp-content\/uploads\/2015\/01\/brasil-reintegracao-sp-baixa-20140916-008-size-598.jpeg\",\"width\":597,\"height\":336},{\"@type\":\"BreadcrumbList\",\"@id\":\"https:\/\/www.notibras.com\/site\/vandalismo-volta-a-tomar-ruas-paulistas-e-tres-onibus-sao-incendiados\/#breadcrumb\",\"itemListElement\":[{\"@type\":\"ListItem\",\"position\":1,\"name\":\"In\u00edcio\",\"item\":\"https:\/\/www.notibras.com\/site\/\"},{\"@type\":\"ListItem\",\"position\":2,\"name\":\"Vandalismo volta \u00e0s ruas de SP e \u00f4nibus s\u00e3o incendiados\"}]},{\"@type\":\"WebSite\",\"@id\":\"https:\/\/www.notibras.com\/site\/#website\",\"url\":\"https:\/\/www.notibras.com\/site\/\",\"name\":\"Notibras\",\"description\":\"Not\u00edcias de Bras\u00edlia, do Brasil e do Mundo\",\"publisher\":{\"@id\":\"https:\/\/www.notibras.com\/site\/#organization\"},\"potentialAction\":[{\"@type\":\"SearchAction\",\"target\":{\"@type\":\"EntryPoint\",\"urlTemplate\":\"https:\/\/www.notibras.com\/site\/?s={search_term_string}\"},\"query-input\":{\"@type\":\"PropertyValueSpecification\",\"valueRequired\":true,\"valueName\":\"search_term_string\"}}],\"inLanguage\":\"pt-BR\"},{\"@type\":\"Organization\",\"@id\":\"https:\/\/www.notibras.com\/site\/#organization\",\"name\":\"Grupo Notibras de Comunica\u00e7\u00e3o\",\"url\":\"https:\/\/www.notibras.com\/site\/\",\"logo\":{\"@type\":\"ImageObject\",\"inLanguage\":\"pt-BR\",\"@id\":\"https:\/\/www.notibras.com\/site\/#\/schema\/logo\/image\/\",\"url\":\"https:\/\/www.notibras.com\/site\/wp-content\/uploads\/2023\/01\/notibras23.png\",\"contentUrl\":\"https:\/\/www.notibras.com\/site\/wp-content\/uploads\/2023\/01\/notibras23.png\",\"width\":350,\"height\":87,\"caption\":\"Grupo Notibras de Comunica\u00e7\u00e3o\"},\"image\":{\"@id\":\"https:\/\/www.notibras.com\/site\/#\/schema\/logo\/image\/\"},\"sameAs\":[\"https:\/\/www.facebook.com\/notibras\/\",\"https:\/\/x.com\/Notibras\",\"https:\/\/www.instagram.com\/notibras\/\"]},{\"@type\":\"Person\",\"@id\":\"https:\/\/www.notibras.com\/site\/#\/schema\/person\/36ab0979449956132d3e5b517ea76ac8\",\"name\":\"Reda\u00e7\u00e3o\",\"image\":{\"@type\":\"ImageObject\",\"inLanguage\":\"pt-BR\",\"@id\":\"https:\/\/secure.gravatar.com\/avatar\/e0a867bdedb85fd243eadf09663511f96fc81e0720a4a42581f334ad4303aa6b?s=96&d=mm&r=g\",\"url\":\"https:\/\/secure.gravatar.com\/avatar\/e0a867bdedb85fd243eadf09663511f96fc81e0720a4a42581f334ad4303aa6b?s=96&d=mm&r=g\",\"contentUrl\":\"https:\/\/secure.gravatar.com\/avatar\/e0a867bdedb85fd243eadf09663511f96fc81e0720a4a42581f334ad4303aa6b?s=96&d=mm&r=g\",\"caption\":\"Reda\u00e7\u00e3o\"}}]}<\/script>\n<!-- \/ Yoast SEO plugin. -->","yoast_head_json":{"title":"Vandalismo volta \u00e0s ruas de SP e \u00f4nibus s\u00e3o incendiados - Notibras","robots":{"index":"index","follow":"follow","max-snippet":"max-snippet:-1","max-image-preview":"max-image-preview:large","max-video-preview":"max-video-preview:-1"},"canonical":"https:\/\/www.notibras.com\/site\/vandalismo-volta-a-tomar-ruas-paulistas-e-tres-onibus-sao-incendiados\/","og_locale":"pt_BR","og_type":"article","og_title":"Vandalismo volta \u00e0s ruas de SP e \u00f4nibus s\u00e3o incendiados - Notibras","og_description":"Tr\u00eas \u00f4nibus foram alvo de ataques na tarde deste s\u00e1bado 3 na capital paulista. Dois deles ocorreram na Rua Pal\u00e1cio do Catete, no bairro do Jaragu\u00e1, zona noroeste da capital paulista, onde por motivos ainda desconhecidos um grupo de pessoas ateou fogo em dos coletivos da Via\u00e7\u00e3o Santa Br\u00edgida e depredou outro da mesma linha [&hellip;]","og_url":"https:\/\/www.notibras.com\/site\/vandalismo-volta-a-tomar-ruas-paulistas-e-tres-onibus-sao-incendiados\/","og_site_name":"Notibras","article_publisher":"https:\/\/www.facebook.com\/notibras\/","article_published_time":"2015-01-03T21:18:31+00:00","article_modified_time":"2015-01-04T17:51:47+00:00","og_image":[{"width":597,"height":336,"url":"https:\/\/www.notibras.com\/site\/wp-content\/uploads\/2015\/01\/brasil-reintegracao-sp-baixa-20140916-008-size-598.jpeg","type":"image\/jpeg"}],"author":"Reda\u00e7\u00e3o","twitter_card":"summary_large_image","twitter_creator":"@Notibras","twitter_site":"@Notibras","twitter_misc":{"Escrito por":"Reda\u00e7\u00e3o","Est. tempo de leitura":"1 minuto"},"schema":{"@context":"https:\/\/schema.org","@graph":[{"@type":"Article","@id":"https:\/\/www.notibras.com\/site\/vandalismo-volta-a-tomar-ruas-paulistas-e-tres-onibus-sao-incendiados\/#article","isPartOf":{"@id":"https:\/\/www.notibras.com\/site\/vandalismo-volta-a-tomar-ruas-paulistas-e-tres-onibus-sao-incendiados\/"},"author":{"name":"Reda\u00e7\u00e3o","@id":"https:\/\/www.notibras.com\/site\/#\/schema\/person\/36ab0979449956132d3e5b517ea76ac8"},"headline":"Vandalismo volta \u00e0s ruas de SP e \u00f4nibus s\u00e3o incendiados","datePublished":"2015-01-03T21:18:31+00:00","dateModified":"2015-01-04T17:51:47+00:00","mainEntityOfPage":{"@id":"https:\/\/www.notibras.com\/site\/vandalismo-volta-a-tomar-ruas-paulistas-e-tres-onibus-sao-incendiados\/"},"wordCount":222,"commentCount":0,"publisher":{"@id":"https:\/\/www.notibras.com\/site\/#organization"},"image":{"@id":"https:\/\/www.notibras.com\/site\/vandalismo-volta-a-tomar-ruas-paulistas-e-tres-onibus-sao-incendiados\/#primaryimage"},"thumbnailUrl":"https:\/\/www.notibras.com\/site\/wp-content\/uploads\/2015\/01\/brasil-reintegracao-sp-baixa-20140916-008-size-598.jpeg","articleSection":["Brasil"],"inLanguage":"pt-BR","potentialAction":[{"@type":"CommentAction","name":"Comment","target":["https:\/\/www.notibras.com\/site\/vandalismo-volta-a-tomar-ruas-paulistas-e-tres-onibus-sao-incendiados\/#respond"]}]},{"@type":"WebPage","@id":"https:\/\/www.notibras.com\/site\/vandalismo-volta-a-tomar-ruas-paulistas-e-tres-onibus-sao-incendiados\/","url":"https:\/\/www.notibras.com\/site\/vandalismo-volta-a-tomar-ruas-paulistas-e-tres-onibus-sao-incendiados\/","name":"Vandalismo volta \u00e0s ruas de SP e \u00f4nibus s\u00e3o incendiados - Notibras","isPartOf":{"@id":"https:\/\/www.notibras.com\/site\/#website"},"primaryImageOfPage":{"@id":"https:\/\/www.notibras.com\/site\/vandalismo-volta-a-tomar-ruas-paulistas-e-tres-onibus-sao-incendiados\/#primaryimage"},"image":{"@id":"https:\/\/www.notibras.com\/site\/vandalismo-volta-a-tomar-ruas-paulistas-e-tres-onibus-sao-incendiados\/#primaryimage"},"thumbnailUrl":"https:\/\/www.notibras.com\/site\/wp-content\/uploads\/2015\/01\/brasil-reintegracao-sp-baixa-20140916-008-size-598.jpeg","datePublished":"2015-01-03T21:18:31+00:00","dateModified":"2015-01-04T17:51:47+00:00","breadcrumb":{"@id":"https:\/\/www.notibras.com\/site\/vandalismo-volta-a-tomar-ruas-paulistas-e-tres-onibus-sao-incendiados\/#breadcrumb"},"inLanguage":"pt-BR","potentialAction":[{"@type":"ReadAction","target":["https:\/\/www.notibras.com\/site\/vandalismo-volta-a-tomar-ruas-paulistas-e-tres-onibus-sao-incendiados\/"]}]},{"@type":"ImageObject","inLanguage":"pt-BR","@id":"https:\/\/www.notibras.com\/site\/vandalismo-volta-a-tomar-ruas-paulistas-e-tres-onibus-sao-incendiados\/#primaryimage","url":"https:\/\/www.notibras.com\/site\/wp-content\/uploads\/2015\/01\/brasil-reintegracao-sp-baixa-20140916-008-size-598.jpeg","contentUrl":"https:\/\/www.notibras.com\/site\/wp-content\/uploads\/2015\/01\/brasil-reintegracao-sp-baixa-20140916-008-size-598.jpeg","width":597,"height":336},{"@type":"BreadcrumbList","@id":"https:\/\/www.notibras.com\/site\/vandalismo-volta-a-tomar-ruas-paulistas-e-tres-onibus-sao-incendiados\/#breadcrumb","itemListElement":[{"@type":"ListItem","position":1,"name":"In\u00edcio","item":"https:\/\/www.notibras.com\/site\/"},{"@type":"ListItem","position":2,"name":"Vandalismo volta \u00e0s ruas de SP e \u00f4nibus s\u00e3o incendiados"}]},{"@type":"WebSite","@id":"https:\/\/www.notibras.com\/site\/#website","url":"https:\/\/www.notibras.com\/site\/","name":"Notibras","description":"Not\u00edcias de Bras\u00edlia, do Brasil e do Mundo","publisher":{"@id":"https:\/\/www.notibras.com\/site\/#organization"},"potentialAction":[{"@type":"SearchAction","target":{"@type":"EntryPoint","urlTemplate":"https:\/\/www.notibras.com\/site\/?s={search_term_string}"},"query-input":{"@type":"PropertyValueSpecification","valueRequired":true,"valueName":"search_term_string"}}],"inLanguage":"pt-BR"},{"@type":"Organization","@id":"https:\/\/www.notibras.com\/site\/#organization","name":"Grupo Notibras de Comunica\u00e7\u00e3o","url":"https:\/\/www.notibras.com\/site\/","logo":{"@type":"ImageObject","inLanguage":"pt-BR","@id":"https:\/\/www.notibras.com\/site\/#\/schema\/logo\/image\/","url":"https:\/\/www.notibras.com\/site\/wp-content\/uploads\/2023\/01\/notibras23.png","contentUrl":"https:\/\/www.notibras.com\/site\/wp-content\/uploads\/2023\/01\/notibras23.png","width":350,"height":87,"caption":"Grupo Notibras de Comunica\u00e7\u00e3o"},"image":{"@id":"https:\/\/www.notibras.com\/site\/#\/schema\/logo\/image\/"},"sameAs":["https:\/\/www.facebook.com\/notibras\/","https:\/\/x.com\/Notibras","https:\/\/www.instagram.com\/notibras\/"]},{"@type":"Person","@id":"https:\/\/www.notibras.com\/site\/#\/schema\/person\/36ab0979449956132d3e5b517ea76ac8","name":"Reda\u00e7\u00e3o","image":{"@type":"ImageObject","inLanguage":"pt-BR","@id":"https:\/\/secure.gravatar.com\/avatar\/e0a867bdedb85fd243eadf09663511f96fc81e0720a4a42581f334ad4303aa6b?s=96&d=mm&r=g","url":"https:\/\/secure.gravatar.com\/avatar\/e0a867bdedb85fd243eadf09663511f96fc81e0720a4a42581f334ad4303aa6b?s=96&d=mm&r=g","contentUrl":"https:\/\/secure.gravatar.com\/avatar\/e0a867bdedb85fd243eadf09663511f96fc81e0720a4a42581f334ad4303aa6b?s=96&d=mm&r=g","caption":"Reda\u00e7\u00e3o"}}]}},"amp_enabled":true,"_links":{"self":[{"href":"https:\/\/www.notibras.com\/site\/wp-json\/wp\/v2\/posts\/32815","targetHints":{"allow":["GET"]}}],"collection":[{"href":"https:\/\/www.notibras.com\/site\/wp-json\/wp\/v2\/posts"}],"about":[{"href":"https:\/\/www.notibras.com\/site\/wp-json\/wp\/v2\/types\/post"}],"author":[{"embeddable":true,"href":"https:\/\/www.notibras.com\/site\/wp-json\/wp\/v2\/users\/2"}],"replies":[{"embeddable":true,"href":"https:\/\/www.notibras.com\/site\/wp-json\/wp\/v2\/comments?post=32815"}],"version-history":[{"count":0,"href":"https:\/\/www.notibras.com\/site\/wp-json\/wp\/v2\/posts\/32815\/revisions"}],"wp:featuredmedia":[{"embeddable":true,"href":"https:\/\/www.notibras.com\/site\/wp-json\/wp\/v2\/media\/32816"}],"wp:attachment":[{"href":"https:\/\/www.notibras.com\/site\/wp-json\/wp\/v2\/media?parent=32815"}],"wp:term":[{"taxonomy":"category","embeddable":true,"href":"https:\/\/www.notibras.com\/site\/wp-json\/wp\/v2\/categories?post=32815"},{"taxonomy":"post_tag","embeddable":true,"href":"https:\/\/www.notibras.com\/site\/wp-json\/wp\/v2\/tags?post=32815"}],"curies":[{"name":"wp","href":"https:\/\/api.w.org\/{rel}","templated":true}]}}