{"id":328173,"date":"2024-05-07T04:27:56","date_gmt":"2024-05-07T07:27:56","guid":{"rendered":"https:\/\/www.notibras.com\/site\/?p=328173"},"modified":"2024-05-07T04:28:55","modified_gmt":"2024-05-07T07:28:55","slug":"aldenora-sem-saber-sobrenome-ganhou-logo-dois","status":"publish","type":"post","link":"https:\/\/www.notibras.com\/site\/aldenora-sem-saber-sobrenome-ganhou-logo-dois\/","title":{"rendered":"Aldenora, sem sobrenome, casou e ganhou logo dois"},"content":{"rendered":"<p>Aldenora, menina mi\u00fada dali de Carolina, Maranh\u00e3o, sempre que poss\u00edvel, fugia dos olhares da m\u00e3e e corria alegre para tomar banho de cachoeira. Mal colocava os p\u00e9s naquelas \u00e1guas, abria o sorriso maior do que a cara. Quanta alegria reunida em uma s\u00f3 crian\u00e7a, que, a qualquer momento, perigava explodir e espalhar felicidade aos quatro ventos.<\/p>\n<p>Foi numa dessas idas que Aldenora conheceu quatro irm\u00e3s, um tanto mais velhas, mas nada que as impedisse de brincarem. E era o que faziam naqueles dias de inoc\u00eancia.<\/p>\n<p>\u2014 Aldenora, qual \u00e9 o seu sobrenome?<\/p>\n<p>\u2014 Sobre o qu\u00ea?<\/p>\n<p>Todas riram da pobre menina, que nem ao menos sabia o que era sobrenome. Mas n\u00e3o fizeram por mal, coisas de crian\u00e7as. At\u00e9 que J\u00falia, a mais velha das irm\u00e3s, explicou. Pronto, tudo parecia estar resolvido. S\u00f3 que n\u00e3o. \u00c9 que Aldenora nem sabia se possu\u00eda um sobrenome ou, se possu\u00eda, n\u00e3o sabia assim mesmo. Pois, no momento que retornou para casa, foi a primeira coisa que perguntou para a m\u00e3e.<\/p>\n<p>No dia seguinte, a menina voltou para a cachoeira e, n\u00e3o demorou, avistou as quatro irm\u00e3s brincando. Correu que nem formiga tentando fugir das pisadas de gente e gritou.<\/p>\n<p>\u2014 Aldenora Oliveira!<\/p>\n<p>As irm\u00e3s disseram que o sobrenome delas era Ara\u00fajo: J\u00falia Ara\u00fajo, S\u00f4nia Ara\u00fajo, Fel\u00edcia Ara\u00fajo e Rosana Ara\u00fajo. Eram as irm\u00e3s Ara\u00fajo. Que sobrenome bonito, pensou Aldenora. Ela queria porque queria tamb\u00e9m ser Ara\u00fajo. Tanto \u00e9 que, no mesmo dia, perguntou para a m\u00e3e se poderia ser Aldenora Ara\u00fajo.<\/p>\n<p>\u2014 Minha filha, quando voc\u00ea for grande, caso o seu marido seja Ara\u00fajo, voc\u00ea pode ser tamb\u00e9m Ara\u00fajo.<\/p>\n<p>Aldenora Oliveira cresceu, cresceu e cresceu um tanto mais, at\u00e9 que, aos 18 anos, come\u00e7ou a se interessar por um rapaz que havia acabado de se mudar para o bairro. Jos\u00e9 era de Minas Gerais, de uma cidade chamada Jo\u00e3o Pinheiro. E, apesar de t\u00edmido, durante uma festa, pediu a mo\u00e7a em namoro.<\/p>\n<p>\u2014 Como posso aceitar, se nem conhe\u00e7o sua fam\u00edlia?<\/p>\n<p>\u2014 N\u00e3o seja por isso, Aldenora. Sou da fam\u00edlia Ara\u00fajo, l\u00e1 de Jo\u00e3o Pinheiro, Minas Gerais. Sabe onde fica?<\/p>\n<p>\u2014 Ara\u00fajo?<\/p>\n<p>\u2014 Sim. Conhece?<\/p>\n<p>Al\u00e9m do sobrenome, Aldenora acabou achando gra\u00e7a do sotaque do Jos\u00e9 e, por isso, aceitou o namoro. Tudo parecia estar no caminho certo, at\u00e9 que, certo dia, o rapaz revelou que o pai, por quest\u00f5es de disputa de terra, teria matado o vizinho l\u00e1 em sua cidade natal. De t\u00e3o desgostosa ficou a garota, que desmanchou o namoro no dia seguinte. Ela pensou que n\u00e3o saberia como explicar isso para os futuros filhos do casal.<\/p>\n<p>O tempo passou, passou, passou. Aldenora, agora aos 29 anos, estava passeando com seu cachorro, o Fofinho, quando encontrou um grupo de amigos na pra\u00e7a. Parou para se distrair um pouco das preocupa\u00e7\u00f5es do trabalho, quando, ent\u00e3o, foi apresentada a um homem, que havia acabado de chegar \u00e0 cidade.<\/p>\n<p>\u2014 Prazer, Aldenora. Meu nome \u00e9 Valdir.<\/p>\n<p>\u2014 Hum. Valdir de qu\u00ea?<\/p>\n<p>\u2014 Valdir Ara\u00fajo. Por qu\u00ea?<\/p>\n<p>\u2014 Seu pai j\u00e1 matou algu\u00e9m?<\/p>\n<p>\u2014 N\u00e3o! Por qu\u00ea?<\/p>\n<p>\u2014 Por nada. Prazer. Sou a Aldenora. Aldenora Oliveira, caso voc\u00ea queira saber.<\/p>\n<p>Valdir achou gra\u00e7a daquilo e convidou a mulher para um sorvete. Do sorvete, foi um pulo para o primeiro beijo. Ap\u00f3s seis meses, amigos e familiares receberam o convite de casamento. Parece que, finalmente, aquela garotinha vai se chamar Aldenora Ara\u00fajo. Ali\u00e1s, Aldenora Oliveira Ara\u00fajo.<\/p>\n","protected":false},"excerpt":{"rendered":"<p>Aldenora, menina mi\u00fada dali de Carolina, Maranh\u00e3o, sempre que poss\u00edvel, fugia dos olhares da m\u00e3e e corria alegre para tomar banho de cachoeira. Mal colocava os p\u00e9s naquelas \u00e1guas, abria o sorriso maior do que a cara. Quanta alegria reunida em uma s\u00f3 crian\u00e7a, que, a qualquer momento, perigava explodir e espalhar felicidade aos quatro [&hellip;]<\/p>\n","protected":false},"author":2,"featured_media":328174,"comment_status":"closed","ping_status":"closed","sticky":false,"template":"","format":"standard","meta":{"_acf_changed":false,"footnotes":""},"categories":[169,165],"tags":[],"class_list":["post-328173","post","type-post","status-publish","format-standard","has-post-thumbnail","hentry","category-maranhao","category-nordeste"],"acf":[],"_links":{"self":[{"href":"https:\/\/www.notibras.com\/site\/wp-json\/wp\/v2\/posts\/328173","targetHints":{"allow":["GET"]}}],"collection":[{"href":"https:\/\/www.notibras.com\/site\/wp-json\/wp\/v2\/posts"}],"about":[{"href":"https:\/\/www.notibras.com\/site\/wp-json\/wp\/v2\/types\/post"}],"author":[{"embeddable":true,"href":"https:\/\/www.notibras.com\/site\/wp-json\/wp\/v2\/users\/2"}],"replies":[{"embeddable":true,"href":"https:\/\/www.notibras.com\/site\/wp-json\/wp\/v2\/comments?post=328173"}],"version-history":[{"count":3,"href":"https:\/\/www.notibras.com\/site\/wp-json\/wp\/v2\/posts\/328173\/revisions"}],"predecessor-version":[{"id":328177,"href":"https:\/\/www.notibras.com\/site\/wp-json\/wp\/v2\/posts\/328173\/revisions\/328177"}],"wp:featuredmedia":[{"embeddable":true,"href":"https:\/\/www.notibras.com\/site\/wp-json\/wp\/v2\/media\/328174"}],"wp:attachment":[{"href":"https:\/\/www.notibras.com\/site\/wp-json\/wp\/v2\/media?parent=328173"}],"wp:term":[{"taxonomy":"category","embeddable":true,"href":"https:\/\/www.notibras.com\/site\/wp-json\/wp\/v2\/categories?post=328173"},{"taxonomy":"post_tag","embeddable":true,"href":"https:\/\/www.notibras.com\/site\/wp-json\/wp\/v2\/tags?post=328173"}],"curies":[{"name":"wp","href":"https:\/\/api.w.org\/{rel}","templated":true}]}}