{"id":328181,"date":"2024-05-07T00:47:39","date_gmt":"2024-05-07T03:47:39","guid":{"rendered":"https:\/\/www.notibras.com\/site\/?p=328181"},"modified":"2024-05-07T04:49:41","modified_gmt":"2024-05-07T07:49:41","slug":"maio-lilas-quer-incentivar-jovem-a-entrar-em-sindicato","status":"publish","type":"post","link":"https:\/\/www.notibras.com\/site\/maio-lilas-quer-incentivar-jovem-a-entrar-em-sindicato\/","title":{"rendered":"Maio Lil\u00e1s quer incentivar jovem a entrar em sindicato"},"content":{"rendered":"<p>O Minist\u00e9rio P\u00fablico do Trabalho (MPT) realiza durante todo este m\u00eas a campanha Maio Lil\u00e1s, que busca estimular a participa\u00e7\u00e3o dos jovens nos sindicatos de trabalhadores. A campanha faz parte de um conjunto de a\u00e7\u00f5es previstas no projeto estrat\u00e9gico da Coordenadoria Nacional de Promo\u00e7\u00e3o da Liberdade Sindical e do Di\u00e1logo Social (Conalis) do MPT, denominado Sindicalismo e Juventude. No Nordeste, o Estado escolhido para esse projeto piloto foi Sergipe.<\/p>\n<p>Segundo a procuradora regional do Trabalho Viviann Brito Mattos, titular da Conalis, no \u00e2mbito do projeto, foi feita uma an\u00e1lise da diversidade nos sindicatos. \u201cA gente percebeu que os sindicatos, al\u00e9m de nem todos terem uma participa\u00e7\u00e3o da juventude dentro da sua pr\u00f3pria estrutura, n\u00e3o havia uma aproxima\u00e7\u00e3o em rela\u00e7\u00e3o \u00e0s lutas da juventude trabalhadora, que \u00e9 mais suscet\u00edvel, no momento atual, ao subemprego, \u00e0 precariza\u00e7\u00e3o\u201d, disse ela na segunda-feira (6).<\/p>\n<p>O projeto busca abrir espa\u00e7o e di\u00e1logo social, aproximando dois atores sociais, que s\u00e3o a juventude trabalhadora e o movimento sindical. \u201cPorque, a partir do momento em que os jovens n\u00e3o t\u00eam voz, n\u00e3o s\u00e3o ouvidos e acompanhados, isso d\u00e1 uma perda em termos de negocia\u00e7\u00e3o coletiva, na prote\u00e7\u00e3o dos direitos dos trabalhadores e, sobretudo, contribui, inclusive, para a precariza\u00e7\u00e3o dos direitos. E o sindicato, por sua vez, quando n\u00e3o se aproxima da juventude, ele deixa de conhecer a realidade daquele momento, daquele jovem\u201d, ressaltou.<\/p>\n<p><strong>Formas de trabalho<\/strong><br \/>\nViviann Brito Mattos destacou o surgimento de novas formas de trabalho, que &#8220;amea\u00e7am o futuro do pr\u00f3prio emprego e precisam ser debatidas&#8221;. &#8220;Todos os atores envolvidos ser\u00e3o afetados e, no caso, a juventude \u00e9 aquela que vai ser a mais afetada no primeiro momento.\u201d Por isso, a procuradora defende o di\u00e1logo entre a juventude trabalhadora e os sindicatos, visando tornar o pa\u00eds mais justo para toda a popula\u00e7\u00e3o.<\/p>\n<p>Dados do Instituto de Pesquisa Econ\u00f4mica Aplicada (Ipea) revelam que o n\u00famero de filiados em sindicatos com idade entre 16 e 29 anos caiu de 3 milh\u00f5es para 1,3 milh\u00e3o no Brasil, entre 2012 e 2022, o que representa perda de 55%. A procuradora observou que esse \u00e9 um fen\u00f4meno que ocorre tamb\u00e9m em outros pa\u00edses. Para Viviann, a n\u00e3o filia\u00e7\u00e3o tem uma s\u00e9rie de raz\u00f5es. Uma delas tem a ver com mitos ou representa\u00e7\u00f5es sociais negativas.<\/p>\n<p>Na avalia\u00e7\u00e3o da procuradora, o jovem est\u00e1 mais suscet\u00edvel a press\u00f5es externas, porque est\u00e1 em uma faixa de idade em que muitas vezes n\u00e3o consegue nem trabalhar, nem estudar. \u00c9 a chamada gera\u00e7\u00e3o nem-nem. Al\u00e9m de sofrer com o desemprego, h\u00e1 o problema da precariza\u00e7\u00e3o, ou seja, da informalidade.<\/p>\n<p><strong>Ganho duplo<\/strong><br \/>\nA coordenadora da Conalis argumentou que, com a filia\u00e7\u00e3o aos sindicatos, ganham os dois lados: jovens e os pr\u00f3prios movimentos sindicais. \u201cPorque hoje o que n\u00f3s temos \u00e9 um sindicato que precisa se revitalizar e ele s\u00f3 se revitaliza a partir do momento em que traz a juventude, dialoga com a juventude. E esta precisa da prote\u00e7\u00e3o de direitos. E para a prote\u00e7\u00e3o desses direitos, o sindicato \u00e9 o caminho. S\u00f3 uma a\u00e7\u00e3o coletiva de direitos tem condi\u00e7\u00e3o de melhorar as condi\u00e7\u00f5es de trabalho.\u201d<\/p>\n<p>A campanha Maio Lil\u00e1s segue at\u00e9 o final deste m\u00eas. O MPT tem o papel de aproximar as partes, para que elas possam dialogar. Viviann deixou claro que esse di\u00e1logo n\u00e3o significa que as duas partes precisam concordar com tudo, \u201cporque pode-se chegar ao um mesmo resultado tendo opini\u00f5es diversas, mas com um centro de converg\u00eancia e aquilo pelo qual se luta&#8221;.<\/p>\n<p>A campanha \u00e9 promovida pelo MPT desde 2017. A escolha do m\u00eas tem como base a greve geral organizada pelos trabalhadores de Chicago, nos Estados Unidos, no final do s\u00e9culo 19, muitos dos quais foram mortos ou presos por lutarem por valoriza\u00e7\u00e3o e por melhores condi\u00e7\u00f5es de trabalho. J\u00e1 a cor lil\u00e1s \u00e9 uma homenagem \u00e0s 129 mulheres trabalhadoras, que foram trancadas e queimadas vivas em um inc\u00eandio criminoso numa f\u00e1brica de tecidos, em Nova York, em 8 de mar\u00e7o de 1857, por reivindicarem um sal\u00e1rio justo e redu\u00e7\u00e3o da jornada de trabalho. No momento do inc\u00eandio, a f\u00e1brica confeccionava um tecido de cor lil\u00e1s.<\/p>\n","protected":false},"excerpt":{"rendered":"<p>O Minist\u00e9rio P\u00fablico do Trabalho (MPT) realiza durante todo este m\u00eas a campanha Maio Lil\u00e1s, que busca estimular a participa\u00e7\u00e3o dos jovens nos sindicatos de trabalhadores. A campanha faz parte de um conjunto de a\u00e7\u00f5es previstas no projeto estrat\u00e9gico da Coordenadoria Nacional de Promo\u00e7\u00e3o da Liberdade Sindical e do Di\u00e1logo Social (Conalis) do MPT, denominado [&hellip;]<\/p>\n","protected":false},"author":2,"featured_media":328182,"comment_status":"closed","ping_status":"closed","sticky":false,"template":"","format":"standard","meta":{"_acf_changed":false,"footnotes":""},"categories":[165,174],"tags":[],"class_list":["post-328181","post","type-post","status-publish","format-standard","has-post-thumbnail","hentry","category-nordeste","category-sergipe"],"acf":[],"yoast_head":"<!-- This site is optimized with the Yoast SEO plugin v27.5 - https:\/\/yoast.com\/product\/yoast-seo-wordpress\/ -->\n<title>Maio Lil\u00e1s quer incentivar jovem a entrar em sindicato - Notibras<\/title>\n<meta name=\"robots\" content=\"index, follow, max-snippet:-1, max-image-preview:large, max-video-preview:-1\" \/>\n<link rel=\"canonical\" href=\"https:\/\/www.notibras.com\/site\/maio-lilas-quer-incentivar-jovem-a-entrar-em-sindicato\/\" \/>\n<meta property=\"og:locale\" content=\"pt_BR\" \/>\n<meta property=\"og:type\" content=\"article\" \/>\n<meta property=\"og:title\" content=\"Maio Lil\u00e1s quer incentivar jovem a entrar em sindicato - Notibras\" \/>\n<meta property=\"og:description\" content=\"O Minist\u00e9rio P\u00fablico do Trabalho (MPT) realiza durante todo este m\u00eas a campanha Maio Lil\u00e1s, que busca estimular a participa\u00e7\u00e3o dos jovens nos sindicatos de trabalhadores. A campanha faz parte de um conjunto de a\u00e7\u00f5es previstas no projeto estrat\u00e9gico da Coordenadoria Nacional de Promo\u00e7\u00e3o da Liberdade Sindical e do Di\u00e1logo Social (Conalis) do MPT, denominado [&hellip;]\" \/>\n<meta property=\"og:url\" content=\"https:\/\/www.notibras.com\/site\/maio-lilas-quer-incentivar-jovem-a-entrar-em-sindicato\/\" \/>\n<meta property=\"og:site_name\" content=\"Notibras\" \/>\n<meta property=\"article:publisher\" content=\"https:\/\/www.facebook.com\/notibras\/\" \/>\n<meta property=\"article:published_time\" content=\"2024-05-07T03:47:39+00:00\" \/>\n<meta property=\"article:modified_time\" content=\"2024-05-07T07:49:41+00:00\" \/>\n<meta property=\"og:image\" content=\"https:\/\/www.notibras.com\/site\/wp-content\/uploads\/2024\/05\/josind.webp\" \/>\n\t<meta property=\"og:image:width\" content=\"770\" \/>\n\t<meta property=\"og:image:height\" content=\"534\" \/>\n\t<meta property=\"og:image:type\" content=\"image\/webp\" \/>\n<meta name=\"author\" content=\"Reda\u00e7\u00e3o\" \/>\n<meta name=\"twitter:card\" content=\"summary_large_image\" \/>\n<meta name=\"twitter:creator\" content=\"@Notibras\" \/>\n<meta name=\"twitter:site\" content=\"@Notibras\" \/>\n<meta name=\"twitter:label1\" content=\"Escrito por\" \/>\n\t<meta name=\"twitter:data1\" content=\"Reda\u00e7\u00e3o\" \/>\n\t<meta name=\"twitter:label2\" content=\"Est. tempo de leitura\" \/>\n\t<meta name=\"twitter:data2\" content=\"4 minutos\" \/>\n<script type=\"application\/ld+json\" class=\"yoast-schema-graph\">{\"@context\":\"https:\\\/\\\/schema.org\",\"@graph\":[{\"@type\":\"Article\",\"@id\":\"https:\\\/\\\/www.notibras.com\\\/site\\\/maio-lilas-quer-incentivar-jovem-a-entrar-em-sindicato\\\/#article\",\"isPartOf\":{\"@id\":\"https:\\\/\\\/www.notibras.com\\\/site\\\/maio-lilas-quer-incentivar-jovem-a-entrar-em-sindicato\\\/\"},\"author\":{\"name\":\"Reda\u00e7\u00e3o\",\"@id\":\"https:\\\/\\\/www.notibras.com\\\/site\\\/#\\\/schema\\\/person\\\/36ab0979449956132d3e5b517ea76ac8\"},\"headline\":\"Maio Lil\u00e1s quer incentivar jovem a entrar em sindicato\",\"datePublished\":\"2024-05-07T03:47:39+00:00\",\"dateModified\":\"2024-05-07T07:49:41+00:00\",\"mainEntityOfPage\":{\"@id\":\"https:\\\/\\\/www.notibras.com\\\/site\\\/maio-lilas-quer-incentivar-jovem-a-entrar-em-sindicato\\\/\"},\"wordCount\":744,\"publisher\":{\"@id\":\"https:\\\/\\\/www.notibras.com\\\/site\\\/#organization\"},\"image\":{\"@id\":\"https:\\\/\\\/www.notibras.com\\\/site\\\/maio-lilas-quer-incentivar-jovem-a-entrar-em-sindicato\\\/#primaryimage\"},\"thumbnailUrl\":\"https:\\\/\\\/www.notibras.com\\\/site\\\/wp-content\\\/uploads\\\/2024\\\/05\\\/josind.webp\",\"articleSection\":[\"Nordeste\",\"Sergipe\"],\"inLanguage\":\"pt-BR\"},{\"@type\":\"WebPage\",\"@id\":\"https:\\\/\\\/www.notibras.com\\\/site\\\/maio-lilas-quer-incentivar-jovem-a-entrar-em-sindicato\\\/\",\"url\":\"https:\\\/\\\/www.notibras.com\\\/site\\\/maio-lilas-quer-incentivar-jovem-a-entrar-em-sindicato\\\/\",\"name\":\"Maio Lil\u00e1s quer incentivar jovem a entrar em sindicato - Notibras\",\"isPartOf\":{\"@id\":\"https:\\\/\\\/www.notibras.com\\\/site\\\/#website\"},\"primaryImageOfPage\":{\"@id\":\"https:\\\/\\\/www.notibras.com\\\/site\\\/maio-lilas-quer-incentivar-jovem-a-entrar-em-sindicato\\\/#primaryimage\"},\"image\":{\"@id\":\"https:\\\/\\\/www.notibras.com\\\/site\\\/maio-lilas-quer-incentivar-jovem-a-entrar-em-sindicato\\\/#primaryimage\"},\"thumbnailUrl\":\"https:\\\/\\\/www.notibras.com\\\/site\\\/wp-content\\\/uploads\\\/2024\\\/05\\\/josind.webp\",\"datePublished\":\"2024-05-07T03:47:39+00:00\",\"dateModified\":\"2024-05-07T07:49:41+00:00\",\"breadcrumb\":{\"@id\":\"https:\\\/\\\/www.notibras.com\\\/site\\\/maio-lilas-quer-incentivar-jovem-a-entrar-em-sindicato\\\/#breadcrumb\"},\"inLanguage\":\"pt-BR\",\"potentialAction\":[{\"@type\":\"ReadAction\",\"target\":[\"https:\\\/\\\/www.notibras.com\\\/site\\\/maio-lilas-quer-incentivar-jovem-a-entrar-em-sindicato\\\/\"]}]},{\"@type\":\"ImageObject\",\"inLanguage\":\"pt-BR\",\"@id\":\"https:\\\/\\\/www.notibras.com\\\/site\\\/maio-lilas-quer-incentivar-jovem-a-entrar-em-sindicato\\\/#primaryimage\",\"url\":\"https:\\\/\\\/www.notibras.com\\\/site\\\/wp-content\\\/uploads\\\/2024\\\/05\\\/josind.webp\",\"contentUrl\":\"https:\\\/\\\/www.notibras.com\\\/site\\\/wp-content\\\/uploads\\\/2024\\\/05\\\/josind.webp\",\"width\":770,\"height\":534},{\"@type\":\"BreadcrumbList\",\"@id\":\"https:\\\/\\\/www.notibras.com\\\/site\\\/maio-lilas-quer-incentivar-jovem-a-entrar-em-sindicato\\\/#breadcrumb\",\"itemListElement\":[{\"@type\":\"ListItem\",\"position\":1,\"name\":\"In\u00edcio\",\"item\":\"https:\\\/\\\/www.notibras.com\\\/site\\\/\"},{\"@type\":\"ListItem\",\"position\":2,\"name\":\"Maio Lil\u00e1s quer incentivar jovem a entrar em sindicato\"}]},{\"@type\":\"WebSite\",\"@id\":\"https:\\\/\\\/www.notibras.com\\\/site\\\/#website\",\"url\":\"https:\\\/\\\/www.notibras.com\\\/site\\\/\",\"name\":\"Notibras\",\"description\":\"Not\u00edcias de Bras\u00edlia, do Brasil e do Mundo\",\"publisher\":{\"@id\":\"https:\\\/\\\/www.notibras.com\\\/site\\\/#organization\"},\"potentialAction\":[{\"@type\":\"SearchAction\",\"target\":{\"@type\":\"EntryPoint\",\"urlTemplate\":\"https:\\\/\\\/www.notibras.com\\\/site\\\/?s={search_term_string}\"},\"query-input\":{\"@type\":\"PropertyValueSpecification\",\"valueRequired\":true,\"valueName\":\"search_term_string\"}}],\"inLanguage\":\"pt-BR\"},{\"@type\":\"Organization\",\"@id\":\"https:\\\/\\\/www.notibras.com\\\/site\\\/#organization\",\"name\":\"Grupo Notibras de Comunica\u00e7\u00e3o\",\"url\":\"https:\\\/\\\/www.notibras.com\\\/site\\\/\",\"logo\":{\"@type\":\"ImageObject\",\"inLanguage\":\"pt-BR\",\"@id\":\"https:\\\/\\\/www.notibras.com\\\/site\\\/#\\\/schema\\\/logo\\\/image\\\/\",\"url\":\"https:\\\/\\\/www.notibras.com\\\/site\\\/wp-content\\\/uploads\\\/2023\\\/01\\\/notibras23.png\",\"contentUrl\":\"https:\\\/\\\/www.notibras.com\\\/site\\\/wp-content\\\/uploads\\\/2023\\\/01\\\/notibras23.png\",\"width\":350,\"height\":87,\"caption\":\"Grupo Notibras de Comunica\u00e7\u00e3o\"},\"image\":{\"@id\":\"https:\\\/\\\/www.notibras.com\\\/site\\\/#\\\/schema\\\/logo\\\/image\\\/\"},\"sameAs\":[\"https:\\\/\\\/www.facebook.com\\\/notibras\\\/\",\"https:\\\/\\\/x.com\\\/Notibras\",\"https:\\\/\\\/www.instagram.com\\\/notibras\\\/\"]},{\"@type\":\"Person\",\"@id\":\"https:\\\/\\\/www.notibras.com\\\/site\\\/#\\\/schema\\\/person\\\/36ab0979449956132d3e5b517ea76ac8\",\"name\":\"Reda\u00e7\u00e3o\",\"image\":{\"@type\":\"ImageObject\",\"inLanguage\":\"pt-BR\",\"@id\":\"https:\\\/\\\/secure.gravatar.com\\\/avatar\\\/e0a867bdedb85fd243eadf09663511f96fc81e0720a4a42581f334ad4303aa6b?s=96&d=mm&r=g\",\"url\":\"https:\\\/\\\/secure.gravatar.com\\\/avatar\\\/e0a867bdedb85fd243eadf09663511f96fc81e0720a4a42581f334ad4303aa6b?s=96&d=mm&r=g\",\"contentUrl\":\"https:\\\/\\\/secure.gravatar.com\\\/avatar\\\/e0a867bdedb85fd243eadf09663511f96fc81e0720a4a42581f334ad4303aa6b?s=96&d=mm&r=g\",\"caption\":\"Reda\u00e7\u00e3o\"}}]}<\/script>\n<!-- \/ Yoast SEO plugin. -->","yoast_head_json":{"title":"Maio Lil\u00e1s quer incentivar jovem a entrar em sindicato - Notibras","robots":{"index":"index","follow":"follow","max-snippet":"max-snippet:-1","max-image-preview":"max-image-preview:large","max-video-preview":"max-video-preview:-1"},"canonical":"https:\/\/www.notibras.com\/site\/maio-lilas-quer-incentivar-jovem-a-entrar-em-sindicato\/","og_locale":"pt_BR","og_type":"article","og_title":"Maio Lil\u00e1s quer incentivar jovem a entrar em sindicato - Notibras","og_description":"O Minist\u00e9rio P\u00fablico do Trabalho (MPT) realiza durante todo este m\u00eas a campanha Maio Lil\u00e1s, que busca estimular a participa\u00e7\u00e3o dos jovens nos sindicatos de trabalhadores. A campanha faz parte de um conjunto de a\u00e7\u00f5es previstas no projeto estrat\u00e9gico da Coordenadoria Nacional de Promo\u00e7\u00e3o da Liberdade Sindical e do Di\u00e1logo Social (Conalis) do MPT, denominado [&hellip;]","og_url":"https:\/\/www.notibras.com\/site\/maio-lilas-quer-incentivar-jovem-a-entrar-em-sindicato\/","og_site_name":"Notibras","article_publisher":"https:\/\/www.facebook.com\/notibras\/","article_published_time":"2024-05-07T03:47:39+00:00","article_modified_time":"2024-05-07T07:49:41+00:00","og_image":[{"width":770,"height":534,"url":"https:\/\/www.notibras.com\/site\/wp-content\/uploads\/2024\/05\/josind.webp","type":"image\/webp"}],"author":"Reda\u00e7\u00e3o","twitter_card":"summary_large_image","twitter_creator":"@Notibras","twitter_site":"@Notibras","twitter_misc":{"Escrito por":"Reda\u00e7\u00e3o","Est. tempo de leitura":"4 minutos"},"schema":{"@context":"https:\/\/schema.org","@graph":[{"@type":"Article","@id":"https:\/\/www.notibras.com\/site\/maio-lilas-quer-incentivar-jovem-a-entrar-em-sindicato\/#article","isPartOf":{"@id":"https:\/\/www.notibras.com\/site\/maio-lilas-quer-incentivar-jovem-a-entrar-em-sindicato\/"},"author":{"name":"Reda\u00e7\u00e3o","@id":"https:\/\/www.notibras.com\/site\/#\/schema\/person\/36ab0979449956132d3e5b517ea76ac8"},"headline":"Maio Lil\u00e1s quer incentivar jovem a entrar em sindicato","datePublished":"2024-05-07T03:47:39+00:00","dateModified":"2024-05-07T07:49:41+00:00","mainEntityOfPage":{"@id":"https:\/\/www.notibras.com\/site\/maio-lilas-quer-incentivar-jovem-a-entrar-em-sindicato\/"},"wordCount":744,"publisher":{"@id":"https:\/\/www.notibras.com\/site\/#organization"},"image":{"@id":"https:\/\/www.notibras.com\/site\/maio-lilas-quer-incentivar-jovem-a-entrar-em-sindicato\/#primaryimage"},"thumbnailUrl":"https:\/\/www.notibras.com\/site\/wp-content\/uploads\/2024\/05\/josind.webp","articleSection":["Nordeste","Sergipe"],"inLanguage":"pt-BR"},{"@type":"WebPage","@id":"https:\/\/www.notibras.com\/site\/maio-lilas-quer-incentivar-jovem-a-entrar-em-sindicato\/","url":"https:\/\/www.notibras.com\/site\/maio-lilas-quer-incentivar-jovem-a-entrar-em-sindicato\/","name":"Maio Lil\u00e1s quer incentivar jovem a entrar em sindicato - Notibras","isPartOf":{"@id":"https:\/\/www.notibras.com\/site\/#website"},"primaryImageOfPage":{"@id":"https:\/\/www.notibras.com\/site\/maio-lilas-quer-incentivar-jovem-a-entrar-em-sindicato\/#primaryimage"},"image":{"@id":"https:\/\/www.notibras.com\/site\/maio-lilas-quer-incentivar-jovem-a-entrar-em-sindicato\/#primaryimage"},"thumbnailUrl":"https:\/\/www.notibras.com\/site\/wp-content\/uploads\/2024\/05\/josind.webp","datePublished":"2024-05-07T03:47:39+00:00","dateModified":"2024-05-07T07:49:41+00:00","breadcrumb":{"@id":"https:\/\/www.notibras.com\/site\/maio-lilas-quer-incentivar-jovem-a-entrar-em-sindicato\/#breadcrumb"},"inLanguage":"pt-BR","potentialAction":[{"@type":"ReadAction","target":["https:\/\/www.notibras.com\/site\/maio-lilas-quer-incentivar-jovem-a-entrar-em-sindicato\/"]}]},{"@type":"ImageObject","inLanguage":"pt-BR","@id":"https:\/\/www.notibras.com\/site\/maio-lilas-quer-incentivar-jovem-a-entrar-em-sindicato\/#primaryimage","url":"https:\/\/www.notibras.com\/site\/wp-content\/uploads\/2024\/05\/josind.webp","contentUrl":"https:\/\/www.notibras.com\/site\/wp-content\/uploads\/2024\/05\/josind.webp","width":770,"height":534},{"@type":"BreadcrumbList","@id":"https:\/\/www.notibras.com\/site\/maio-lilas-quer-incentivar-jovem-a-entrar-em-sindicato\/#breadcrumb","itemListElement":[{"@type":"ListItem","position":1,"name":"In\u00edcio","item":"https:\/\/www.notibras.com\/site\/"},{"@type":"ListItem","position":2,"name":"Maio Lil\u00e1s quer incentivar jovem a entrar em sindicato"}]},{"@type":"WebSite","@id":"https:\/\/www.notibras.com\/site\/#website","url":"https:\/\/www.notibras.com\/site\/","name":"Notibras","description":"Not\u00edcias de Bras\u00edlia, do Brasil e do Mundo","publisher":{"@id":"https:\/\/www.notibras.com\/site\/#organization"},"potentialAction":[{"@type":"SearchAction","target":{"@type":"EntryPoint","urlTemplate":"https:\/\/www.notibras.com\/site\/?s={search_term_string}"},"query-input":{"@type":"PropertyValueSpecification","valueRequired":true,"valueName":"search_term_string"}}],"inLanguage":"pt-BR"},{"@type":"Organization","@id":"https:\/\/www.notibras.com\/site\/#organization","name":"Grupo Notibras de Comunica\u00e7\u00e3o","url":"https:\/\/www.notibras.com\/site\/","logo":{"@type":"ImageObject","inLanguage":"pt-BR","@id":"https:\/\/www.notibras.com\/site\/#\/schema\/logo\/image\/","url":"https:\/\/www.notibras.com\/site\/wp-content\/uploads\/2023\/01\/notibras23.png","contentUrl":"https:\/\/www.notibras.com\/site\/wp-content\/uploads\/2023\/01\/notibras23.png","width":350,"height":87,"caption":"Grupo Notibras de Comunica\u00e7\u00e3o"},"image":{"@id":"https:\/\/www.notibras.com\/site\/#\/schema\/logo\/image\/"},"sameAs":["https:\/\/www.facebook.com\/notibras\/","https:\/\/x.com\/Notibras","https:\/\/www.instagram.com\/notibras\/"]},{"@type":"Person","@id":"https:\/\/www.notibras.com\/site\/#\/schema\/person\/36ab0979449956132d3e5b517ea76ac8","name":"Reda\u00e7\u00e3o","image":{"@type":"ImageObject","inLanguage":"pt-BR","@id":"https:\/\/secure.gravatar.com\/avatar\/e0a867bdedb85fd243eadf09663511f96fc81e0720a4a42581f334ad4303aa6b?s=96&d=mm&r=g","url":"https:\/\/secure.gravatar.com\/avatar\/e0a867bdedb85fd243eadf09663511f96fc81e0720a4a42581f334ad4303aa6b?s=96&d=mm&r=g","contentUrl":"https:\/\/secure.gravatar.com\/avatar\/e0a867bdedb85fd243eadf09663511f96fc81e0720a4a42581f334ad4303aa6b?s=96&d=mm&r=g","caption":"Reda\u00e7\u00e3o"}}]}},"amp_enabled":true,"_links":{"self":[{"href":"https:\/\/www.notibras.com\/site\/wp-json\/wp\/v2\/posts\/328181","targetHints":{"allow":["GET"]}}],"collection":[{"href":"https:\/\/www.notibras.com\/site\/wp-json\/wp\/v2\/posts"}],"about":[{"href":"https:\/\/www.notibras.com\/site\/wp-json\/wp\/v2\/types\/post"}],"author":[{"embeddable":true,"href":"https:\/\/www.notibras.com\/site\/wp-json\/wp\/v2\/users\/2"}],"replies":[{"embeddable":true,"href":"https:\/\/www.notibras.com\/site\/wp-json\/wp\/v2\/comments?post=328181"}],"version-history":[{"count":1,"href":"https:\/\/www.notibras.com\/site\/wp-json\/wp\/v2\/posts\/328181\/revisions"}],"predecessor-version":[{"id":328183,"href":"https:\/\/www.notibras.com\/site\/wp-json\/wp\/v2\/posts\/328181\/revisions\/328183"}],"wp:featuredmedia":[{"embeddable":true,"href":"https:\/\/www.notibras.com\/site\/wp-json\/wp\/v2\/media\/328182"}],"wp:attachment":[{"href":"https:\/\/www.notibras.com\/site\/wp-json\/wp\/v2\/media?parent=328181"}],"wp:term":[{"taxonomy":"category","embeddable":true,"href":"https:\/\/www.notibras.com\/site\/wp-json\/wp\/v2\/categories?post=328181"},{"taxonomy":"post_tag","embeddable":true,"href":"https:\/\/www.notibras.com\/site\/wp-json\/wp\/v2\/tags?post=328181"}],"curies":[{"name":"wp","href":"https:\/\/api.w.org\/{rel}","templated":true}]}}