{"id":328185,"date":"2024-05-07T00:18:48","date_gmt":"2024-05-07T03:18:48","guid":{"rendered":"https:\/\/www.notibras.com\/site\/?p=328185"},"modified":"2024-05-07T09:21:07","modified_gmt":"2024-05-07T12:21:07","slug":"policia-prende-dupla-e-apreende-celulares-em-ceilandia","status":"publish","type":"post","link":"https:\/\/www.notibras.com\/site\/policia-prende-dupla-e-apreende-celulares-em-ceilandia\/","title":{"rendered":"Pol\u00edcia prende dupla e apreende celulares em Ceil\u00e2ndia"},"content":{"rendered":"<p>Uma equipe da 15\u00aa DP deflagrou a opera\u00e7\u00e3o Mau Neg\u00f3cio e prendeu em flagrante dois irm\u00e3os, de 28 e 31 anos de idade pelo crime de recepta\u00e7\u00e3o qualificada. A a\u00e7\u00e3o policial foi para reprimir o com\u00e9rcio il\u00edcito de aparelhos de telefone celular no centro de Ceil\u00e2ndia. Durante monitoramento, os policiais se depararam com a atua\u00e7\u00e3o suspeita de uma mulher de 30 anos de idade que se encontrava no Shopping Popular com alguns aparelhos de telefone em suas m\u00e3os.<\/p>\n<p>Os policiais decidiram observ\u00e1-la e, em dado momento ela entrou em seu ve\u00edculo e se dirigiu at\u00e9 uma casa situada na QNM 05. No local ela foi atendida por um homem e passaram a negociar a compra e venda de um aparelho de telefone celular.<\/p>\n<p>Os policiais decidiram realizar a abordagem e, indagada sobre a transa\u00e7\u00e3o, a mulher disse que tinha ido at\u00e9 o local para comprar um aparelho que estava sendo anunciado para a venda no Market Place. Indagado, o homem confirmou a transa\u00e7\u00e3o e disse que o aparelho era de sua propriedade. Indagado se haviam outros aparelhos de telefone celular em sua casa, o homem disse que n\u00e3o e autorizou que os policiais fizessem busca no local.<\/p>\n<p>Na casa, estava o irm\u00e3o do autor e, no local foram encontrados outros 27 aparelhos de telefone celular. Indagados sobre tais aparelhos, os irm\u00e3os afirmaram que possuem uma loja de conserto de aparelho de telefones celulares e que eles eram de clientes, por\u00e9m n\u00e3o apresentaram as respectivas notas de servi\u00e7o e nenhuma documenta\u00e7\u00e3o comprovat\u00f3ria de tal circunst\u00e2ncia.<\/p>\n<p>Os tr\u00eas envolvidos foram conduzidos para a 15\u00aa DP e, em buscas nos sistemas policiais fora constatado que o aparelho anunciado para a venda havia sido roubado em 2020, do interior das Lojas Americanas em Taguatinga Norte. Fora ainda apurado que outros dois aparelhos encontrados na casa possu\u00edam restri\u00e7\u00e3o administrativa de perda\/furto\/roubo junto a Aatel.<\/p>\n<p>Diante de tais circunst\u00e2ncias foram os irm\u00e3os presos em flagrante pelo crime de recepta\u00e7\u00e3o qualificada e, ap\u00f3s a formaliza\u00e7\u00e3o da pris\u00e3o, foram recolhidos \u00e0 carceragem da DCCP. Caso condenados estar\u00e3o sujeitos a pena de 3 a 8 anos de reclus\u00e3o.<\/p>\n<p>Fora ainda verificado que a mulher investigada estava em posse de tr\u00eas aparelhos celulares, os quais n\u00e3o possu\u00edam restri\u00e7\u00e3o criminal e nem administrativa, por\u00e9m tamb\u00e9m foram apreendidos para comprova\u00e7\u00e3o de origem l\u00edcita. Ela foi ouvida como testemunha no auto de pris\u00e3o em flagrante e foi liberada logo ap\u00f3s sua oitiva, tendo ela afirmado que n\u00e3o sabia que o aparelho anunciado e que desejava comprar era produto de roubo.<\/p>\n<p>Al\u00e9m da pris\u00e3o dos autores, a opera\u00e7\u00e3o resultou na apreens\u00e3o de 31 aparelhos de telefone celular, todos suspeitos de serem produtos de crimes e a investiga\u00e7\u00e3o prossegue visando a apura\u00e7\u00e3o da origem de cada um deles.<\/p>\n","protected":false},"excerpt":{"rendered":"<p>Uma equipe da 15\u00aa DP deflagrou a opera\u00e7\u00e3o Mau Neg\u00f3cio e prendeu em flagrante dois irm\u00e3os, de 28 e 31 anos de idade pelo crime de recepta\u00e7\u00e3o qualificada. A a\u00e7\u00e3o policial foi para reprimir o com\u00e9rcio il\u00edcito de aparelhos de telefone celular no centro de Ceil\u00e2ndia. Durante monitoramento, os policiais se depararam com a atua\u00e7\u00e3o [&hellip;]<\/p>\n","protected":false},"author":2,"featured_media":328186,"comment_status":"closed","ping_status":"closed","sticky":false,"template":"","format":"standard","meta":{"_acf_changed":false,"footnotes":""},"categories":[161],"tags":[],"class_list":["post-328185","post","type-post","status-publish","format-standard","has-post-thumbnail","hentry","category-quadradinho-em-foco"],"acf":[],"yoast_head":"<!-- This site is optimized with the Yoast SEO plugin v27.5 - https:\/\/yoast.com\/product\/yoast-seo-wordpress\/ -->\n<title>Pol\u00edcia prende dupla e apreende celulares em Ceil\u00e2ndia - Notibras<\/title>\n<meta name=\"robots\" content=\"index, follow, max-snippet:-1, max-image-preview:large, max-video-preview:-1\" \/>\n<link rel=\"canonical\" href=\"https:\/\/www.notibras.com\/site\/policia-prende-dupla-e-apreende-celulares-em-ceilandia\/\" \/>\n<meta property=\"og:locale\" content=\"pt_BR\" \/>\n<meta property=\"og:type\" content=\"article\" \/>\n<meta property=\"og:title\" content=\"Pol\u00edcia prende dupla e apreende celulares em Ceil\u00e2ndia - Notibras\" \/>\n<meta property=\"og:description\" content=\"Uma equipe da 15\u00aa DP deflagrou a opera\u00e7\u00e3o Mau Neg\u00f3cio e prendeu em flagrante dois irm\u00e3os, de 28 e 31 anos de idade pelo crime de recepta\u00e7\u00e3o qualificada. A a\u00e7\u00e3o policial foi para reprimir o com\u00e9rcio il\u00edcito de aparelhos de telefone celular no centro de Ceil\u00e2ndia. Durante monitoramento, os policiais se depararam com a atua\u00e7\u00e3o [&hellip;]\" \/>\n<meta property=\"og:url\" content=\"https:\/\/www.notibras.com\/site\/policia-prende-dupla-e-apreende-celulares-em-ceilandia\/\" \/>\n<meta property=\"og:site_name\" content=\"Notibras\" \/>\n<meta property=\"article:publisher\" content=\"https:\/\/www.facebook.com\/notibras\/\" \/>\n<meta property=\"article:published_time\" content=\"2024-05-07T03:18:48+00:00\" \/>\n<meta property=\"article:modified_time\" content=\"2024-05-07T12:21:07+00:00\" \/>\n<meta property=\"og:image\" content=\"https:\/\/www.notibras.com\/site\/wp-content\/uploads\/2024\/05\/6a64b87b-6ae2-4fd3-95fa-cf15c8a9703b.jpeg\" \/>\n\t<meta property=\"og:image:width\" content=\"1600\" \/>\n\t<meta property=\"og:image:height\" content=\"900\" \/>\n\t<meta property=\"og:image:type\" content=\"image\/jpeg\" \/>\n<meta name=\"author\" content=\"Reda\u00e7\u00e3o\" \/>\n<meta name=\"twitter:card\" content=\"summary_large_image\" \/>\n<meta name=\"twitter:creator\" content=\"@Notibras\" \/>\n<meta name=\"twitter:site\" content=\"@Notibras\" \/>\n<meta name=\"twitter:label1\" content=\"Escrito por\" \/>\n\t<meta name=\"twitter:data1\" content=\"Reda\u00e7\u00e3o\" \/>\n\t<meta name=\"twitter:label2\" content=\"Est. tempo de leitura\" \/>\n\t<meta name=\"twitter:data2\" content=\"3 minutos\" \/>\n<script type=\"application\/ld+json\" class=\"yoast-schema-graph\">{\"@context\":\"https:\\\/\\\/schema.org\",\"@graph\":[{\"@type\":\"Article\",\"@id\":\"https:\\\/\\\/www.notibras.com\\\/site\\\/policia-prende-dupla-e-apreende-celulares-em-ceilandia\\\/#article\",\"isPartOf\":{\"@id\":\"https:\\\/\\\/www.notibras.com\\\/site\\\/policia-prende-dupla-e-apreende-celulares-em-ceilandia\\\/\"},\"author\":{\"name\":\"Reda\u00e7\u00e3o\",\"@id\":\"https:\\\/\\\/www.notibras.com\\\/site\\\/#\\\/schema\\\/person\\\/36ab0979449956132d3e5b517ea76ac8\"},\"headline\":\"Pol\u00edcia prende dupla e apreende celulares em Ceil\u00e2ndia\",\"datePublished\":\"2024-05-07T03:18:48+00:00\",\"dateModified\":\"2024-05-07T12:21:07+00:00\",\"mainEntityOfPage\":{\"@id\":\"https:\\\/\\\/www.notibras.com\\\/site\\\/policia-prende-dupla-e-apreende-celulares-em-ceilandia\\\/\"},\"wordCount\":504,\"publisher\":{\"@id\":\"https:\\\/\\\/www.notibras.com\\\/site\\\/#organization\"},\"image\":{\"@id\":\"https:\\\/\\\/www.notibras.com\\\/site\\\/policia-prende-dupla-e-apreende-celulares-em-ceilandia\\\/#primaryimage\"},\"thumbnailUrl\":\"https:\\\/\\\/www.notibras.com\\\/site\\\/wp-content\\\/uploads\\\/2024\\\/05\\\/6a64b87b-6ae2-4fd3-95fa-cf15c8a9703b.jpeg\",\"articleSection\":[\"Quadradinho em Foco\"],\"inLanguage\":\"pt-BR\"},{\"@type\":\"WebPage\",\"@id\":\"https:\\\/\\\/www.notibras.com\\\/site\\\/policia-prende-dupla-e-apreende-celulares-em-ceilandia\\\/\",\"url\":\"https:\\\/\\\/www.notibras.com\\\/site\\\/policia-prende-dupla-e-apreende-celulares-em-ceilandia\\\/\",\"name\":\"Pol\u00edcia prende dupla e apreende celulares em Ceil\u00e2ndia - Notibras\",\"isPartOf\":{\"@id\":\"https:\\\/\\\/www.notibras.com\\\/site\\\/#website\"},\"primaryImageOfPage\":{\"@id\":\"https:\\\/\\\/www.notibras.com\\\/site\\\/policia-prende-dupla-e-apreende-celulares-em-ceilandia\\\/#primaryimage\"},\"image\":{\"@id\":\"https:\\\/\\\/www.notibras.com\\\/site\\\/policia-prende-dupla-e-apreende-celulares-em-ceilandia\\\/#primaryimage\"},\"thumbnailUrl\":\"https:\\\/\\\/www.notibras.com\\\/site\\\/wp-content\\\/uploads\\\/2024\\\/05\\\/6a64b87b-6ae2-4fd3-95fa-cf15c8a9703b.jpeg\",\"datePublished\":\"2024-05-07T03:18:48+00:00\",\"dateModified\":\"2024-05-07T12:21:07+00:00\",\"breadcrumb\":{\"@id\":\"https:\\\/\\\/www.notibras.com\\\/site\\\/policia-prende-dupla-e-apreende-celulares-em-ceilandia\\\/#breadcrumb\"},\"inLanguage\":\"pt-BR\",\"potentialAction\":[{\"@type\":\"ReadAction\",\"target\":[\"https:\\\/\\\/www.notibras.com\\\/site\\\/policia-prende-dupla-e-apreende-celulares-em-ceilandia\\\/\"]}]},{\"@type\":\"ImageObject\",\"inLanguage\":\"pt-BR\",\"@id\":\"https:\\\/\\\/www.notibras.com\\\/site\\\/policia-prende-dupla-e-apreende-celulares-em-ceilandia\\\/#primaryimage\",\"url\":\"https:\\\/\\\/www.notibras.com\\\/site\\\/wp-content\\\/uploads\\\/2024\\\/05\\\/6a64b87b-6ae2-4fd3-95fa-cf15c8a9703b.jpeg\",\"contentUrl\":\"https:\\\/\\\/www.notibras.com\\\/site\\\/wp-content\\\/uploads\\\/2024\\\/05\\\/6a64b87b-6ae2-4fd3-95fa-cf15c8a9703b.jpeg\",\"width\":1600,\"height\":900},{\"@type\":\"BreadcrumbList\",\"@id\":\"https:\\\/\\\/www.notibras.com\\\/site\\\/policia-prende-dupla-e-apreende-celulares-em-ceilandia\\\/#breadcrumb\",\"itemListElement\":[{\"@type\":\"ListItem\",\"position\":1,\"name\":\"In\u00edcio\",\"item\":\"https:\\\/\\\/www.notibras.com\\\/site\\\/\"},{\"@type\":\"ListItem\",\"position\":2,\"name\":\"Pol\u00edcia prende dupla e apreende celulares em Ceil\u00e2ndia\"}]},{\"@type\":\"WebSite\",\"@id\":\"https:\\\/\\\/www.notibras.com\\\/site\\\/#website\",\"url\":\"https:\\\/\\\/www.notibras.com\\\/site\\\/\",\"name\":\"Notibras\",\"description\":\"Not\u00edcias de Bras\u00edlia, do Brasil e do Mundo\",\"publisher\":{\"@id\":\"https:\\\/\\\/www.notibras.com\\\/site\\\/#organization\"},\"potentialAction\":[{\"@type\":\"SearchAction\",\"target\":{\"@type\":\"EntryPoint\",\"urlTemplate\":\"https:\\\/\\\/www.notibras.com\\\/site\\\/?s={search_term_string}\"},\"query-input\":{\"@type\":\"PropertyValueSpecification\",\"valueRequired\":true,\"valueName\":\"search_term_string\"}}],\"inLanguage\":\"pt-BR\"},{\"@type\":\"Organization\",\"@id\":\"https:\\\/\\\/www.notibras.com\\\/site\\\/#organization\",\"name\":\"Grupo Notibras de Comunica\u00e7\u00e3o\",\"url\":\"https:\\\/\\\/www.notibras.com\\\/site\\\/\",\"logo\":{\"@type\":\"ImageObject\",\"inLanguage\":\"pt-BR\",\"@id\":\"https:\\\/\\\/www.notibras.com\\\/site\\\/#\\\/schema\\\/logo\\\/image\\\/\",\"url\":\"https:\\\/\\\/www.notibras.com\\\/site\\\/wp-content\\\/uploads\\\/2023\\\/01\\\/notibras23.png\",\"contentUrl\":\"https:\\\/\\\/www.notibras.com\\\/site\\\/wp-content\\\/uploads\\\/2023\\\/01\\\/notibras23.png\",\"width\":350,\"height\":87,\"caption\":\"Grupo Notibras de Comunica\u00e7\u00e3o\"},\"image\":{\"@id\":\"https:\\\/\\\/www.notibras.com\\\/site\\\/#\\\/schema\\\/logo\\\/image\\\/\"},\"sameAs\":[\"https:\\\/\\\/www.facebook.com\\\/notibras\\\/\",\"https:\\\/\\\/x.com\\\/Notibras\",\"https:\\\/\\\/www.instagram.com\\\/notibras\\\/\"]},{\"@type\":\"Person\",\"@id\":\"https:\\\/\\\/www.notibras.com\\\/site\\\/#\\\/schema\\\/person\\\/36ab0979449956132d3e5b517ea76ac8\",\"name\":\"Reda\u00e7\u00e3o\",\"image\":{\"@type\":\"ImageObject\",\"inLanguage\":\"pt-BR\",\"@id\":\"https:\\\/\\\/secure.gravatar.com\\\/avatar\\\/e0a867bdedb85fd243eadf09663511f96fc81e0720a4a42581f334ad4303aa6b?s=96&d=mm&r=g\",\"url\":\"https:\\\/\\\/secure.gravatar.com\\\/avatar\\\/e0a867bdedb85fd243eadf09663511f96fc81e0720a4a42581f334ad4303aa6b?s=96&d=mm&r=g\",\"contentUrl\":\"https:\\\/\\\/secure.gravatar.com\\\/avatar\\\/e0a867bdedb85fd243eadf09663511f96fc81e0720a4a42581f334ad4303aa6b?s=96&d=mm&r=g\",\"caption\":\"Reda\u00e7\u00e3o\"}}]}<\/script>\n<!-- \/ Yoast SEO plugin. -->","yoast_head_json":{"title":"Pol\u00edcia prende dupla e apreende celulares em Ceil\u00e2ndia - Notibras","robots":{"index":"index","follow":"follow","max-snippet":"max-snippet:-1","max-image-preview":"max-image-preview:large","max-video-preview":"max-video-preview:-1"},"canonical":"https:\/\/www.notibras.com\/site\/policia-prende-dupla-e-apreende-celulares-em-ceilandia\/","og_locale":"pt_BR","og_type":"article","og_title":"Pol\u00edcia prende dupla e apreende celulares em Ceil\u00e2ndia - Notibras","og_description":"Uma equipe da 15\u00aa DP deflagrou a opera\u00e7\u00e3o Mau Neg\u00f3cio e prendeu em flagrante dois irm\u00e3os, de 28 e 31 anos de idade pelo crime de recepta\u00e7\u00e3o qualificada. A a\u00e7\u00e3o policial foi para reprimir o com\u00e9rcio il\u00edcito de aparelhos de telefone celular no centro de Ceil\u00e2ndia. Durante monitoramento, os policiais se depararam com a atua\u00e7\u00e3o [&hellip;]","og_url":"https:\/\/www.notibras.com\/site\/policia-prende-dupla-e-apreende-celulares-em-ceilandia\/","og_site_name":"Notibras","article_publisher":"https:\/\/www.facebook.com\/notibras\/","article_published_time":"2024-05-07T03:18:48+00:00","article_modified_time":"2024-05-07T12:21:07+00:00","og_image":[{"width":1600,"height":900,"url":"https:\/\/www.notibras.com\/site\/wp-content\/uploads\/2024\/05\/6a64b87b-6ae2-4fd3-95fa-cf15c8a9703b.jpeg","type":"image\/jpeg"}],"author":"Reda\u00e7\u00e3o","twitter_card":"summary_large_image","twitter_creator":"@Notibras","twitter_site":"@Notibras","twitter_misc":{"Escrito por":"Reda\u00e7\u00e3o","Est. tempo de leitura":"3 minutos"},"schema":{"@context":"https:\/\/schema.org","@graph":[{"@type":"Article","@id":"https:\/\/www.notibras.com\/site\/policia-prende-dupla-e-apreende-celulares-em-ceilandia\/#article","isPartOf":{"@id":"https:\/\/www.notibras.com\/site\/policia-prende-dupla-e-apreende-celulares-em-ceilandia\/"},"author":{"name":"Reda\u00e7\u00e3o","@id":"https:\/\/www.notibras.com\/site\/#\/schema\/person\/36ab0979449956132d3e5b517ea76ac8"},"headline":"Pol\u00edcia prende dupla e apreende celulares em Ceil\u00e2ndia","datePublished":"2024-05-07T03:18:48+00:00","dateModified":"2024-05-07T12:21:07+00:00","mainEntityOfPage":{"@id":"https:\/\/www.notibras.com\/site\/policia-prende-dupla-e-apreende-celulares-em-ceilandia\/"},"wordCount":504,"publisher":{"@id":"https:\/\/www.notibras.com\/site\/#organization"},"image":{"@id":"https:\/\/www.notibras.com\/site\/policia-prende-dupla-e-apreende-celulares-em-ceilandia\/#primaryimage"},"thumbnailUrl":"https:\/\/www.notibras.com\/site\/wp-content\/uploads\/2024\/05\/6a64b87b-6ae2-4fd3-95fa-cf15c8a9703b.jpeg","articleSection":["Quadradinho em Foco"],"inLanguage":"pt-BR"},{"@type":"WebPage","@id":"https:\/\/www.notibras.com\/site\/policia-prende-dupla-e-apreende-celulares-em-ceilandia\/","url":"https:\/\/www.notibras.com\/site\/policia-prende-dupla-e-apreende-celulares-em-ceilandia\/","name":"Pol\u00edcia prende dupla e apreende celulares em Ceil\u00e2ndia - Notibras","isPartOf":{"@id":"https:\/\/www.notibras.com\/site\/#website"},"primaryImageOfPage":{"@id":"https:\/\/www.notibras.com\/site\/policia-prende-dupla-e-apreende-celulares-em-ceilandia\/#primaryimage"},"image":{"@id":"https:\/\/www.notibras.com\/site\/policia-prende-dupla-e-apreende-celulares-em-ceilandia\/#primaryimage"},"thumbnailUrl":"https:\/\/www.notibras.com\/site\/wp-content\/uploads\/2024\/05\/6a64b87b-6ae2-4fd3-95fa-cf15c8a9703b.jpeg","datePublished":"2024-05-07T03:18:48+00:00","dateModified":"2024-05-07T12:21:07+00:00","breadcrumb":{"@id":"https:\/\/www.notibras.com\/site\/policia-prende-dupla-e-apreende-celulares-em-ceilandia\/#breadcrumb"},"inLanguage":"pt-BR","potentialAction":[{"@type":"ReadAction","target":["https:\/\/www.notibras.com\/site\/policia-prende-dupla-e-apreende-celulares-em-ceilandia\/"]}]},{"@type":"ImageObject","inLanguage":"pt-BR","@id":"https:\/\/www.notibras.com\/site\/policia-prende-dupla-e-apreende-celulares-em-ceilandia\/#primaryimage","url":"https:\/\/www.notibras.com\/site\/wp-content\/uploads\/2024\/05\/6a64b87b-6ae2-4fd3-95fa-cf15c8a9703b.jpeg","contentUrl":"https:\/\/www.notibras.com\/site\/wp-content\/uploads\/2024\/05\/6a64b87b-6ae2-4fd3-95fa-cf15c8a9703b.jpeg","width":1600,"height":900},{"@type":"BreadcrumbList","@id":"https:\/\/www.notibras.com\/site\/policia-prende-dupla-e-apreende-celulares-em-ceilandia\/#breadcrumb","itemListElement":[{"@type":"ListItem","position":1,"name":"In\u00edcio","item":"https:\/\/www.notibras.com\/site\/"},{"@type":"ListItem","position":2,"name":"Pol\u00edcia prende dupla e apreende celulares em Ceil\u00e2ndia"}]},{"@type":"WebSite","@id":"https:\/\/www.notibras.com\/site\/#website","url":"https:\/\/www.notibras.com\/site\/","name":"Notibras","description":"Not\u00edcias de Bras\u00edlia, do Brasil e do Mundo","publisher":{"@id":"https:\/\/www.notibras.com\/site\/#organization"},"potentialAction":[{"@type":"SearchAction","target":{"@type":"EntryPoint","urlTemplate":"https:\/\/www.notibras.com\/site\/?s={search_term_string}"},"query-input":{"@type":"PropertyValueSpecification","valueRequired":true,"valueName":"search_term_string"}}],"inLanguage":"pt-BR"},{"@type":"Organization","@id":"https:\/\/www.notibras.com\/site\/#organization","name":"Grupo Notibras de Comunica\u00e7\u00e3o","url":"https:\/\/www.notibras.com\/site\/","logo":{"@type":"ImageObject","inLanguage":"pt-BR","@id":"https:\/\/www.notibras.com\/site\/#\/schema\/logo\/image\/","url":"https:\/\/www.notibras.com\/site\/wp-content\/uploads\/2023\/01\/notibras23.png","contentUrl":"https:\/\/www.notibras.com\/site\/wp-content\/uploads\/2023\/01\/notibras23.png","width":350,"height":87,"caption":"Grupo Notibras de Comunica\u00e7\u00e3o"},"image":{"@id":"https:\/\/www.notibras.com\/site\/#\/schema\/logo\/image\/"},"sameAs":["https:\/\/www.facebook.com\/notibras\/","https:\/\/x.com\/Notibras","https:\/\/www.instagram.com\/notibras\/"]},{"@type":"Person","@id":"https:\/\/www.notibras.com\/site\/#\/schema\/person\/36ab0979449956132d3e5b517ea76ac8","name":"Reda\u00e7\u00e3o","image":{"@type":"ImageObject","inLanguage":"pt-BR","@id":"https:\/\/secure.gravatar.com\/avatar\/e0a867bdedb85fd243eadf09663511f96fc81e0720a4a42581f334ad4303aa6b?s=96&d=mm&r=g","url":"https:\/\/secure.gravatar.com\/avatar\/e0a867bdedb85fd243eadf09663511f96fc81e0720a4a42581f334ad4303aa6b?s=96&d=mm&r=g","contentUrl":"https:\/\/secure.gravatar.com\/avatar\/e0a867bdedb85fd243eadf09663511f96fc81e0720a4a42581f334ad4303aa6b?s=96&d=mm&r=g","caption":"Reda\u00e7\u00e3o"}}]}},"amp_enabled":true,"_links":{"self":[{"href":"https:\/\/www.notibras.com\/site\/wp-json\/wp\/v2\/posts\/328185","targetHints":{"allow":["GET"]}}],"collection":[{"href":"https:\/\/www.notibras.com\/site\/wp-json\/wp\/v2\/posts"}],"about":[{"href":"https:\/\/www.notibras.com\/site\/wp-json\/wp\/v2\/types\/post"}],"author":[{"embeddable":true,"href":"https:\/\/www.notibras.com\/site\/wp-json\/wp\/v2\/users\/2"}],"replies":[{"embeddable":true,"href":"https:\/\/www.notibras.com\/site\/wp-json\/wp\/v2\/comments?post=328185"}],"version-history":[{"count":1,"href":"https:\/\/www.notibras.com\/site\/wp-json\/wp\/v2\/posts\/328185\/revisions"}],"predecessor-version":[{"id":328187,"href":"https:\/\/www.notibras.com\/site\/wp-json\/wp\/v2\/posts\/328185\/revisions\/328187"}],"wp:featuredmedia":[{"embeddable":true,"href":"https:\/\/www.notibras.com\/site\/wp-json\/wp\/v2\/media\/328186"}],"wp:attachment":[{"href":"https:\/\/www.notibras.com\/site\/wp-json\/wp\/v2\/media?parent=328185"}],"wp:term":[{"taxonomy":"category","embeddable":true,"href":"https:\/\/www.notibras.com\/site\/wp-json\/wp\/v2\/categories?post=328185"},{"taxonomy":"post_tag","embeddable":true,"href":"https:\/\/www.notibras.com\/site\/wp-json\/wp\/v2\/tags?post=328185"}],"curies":[{"name":"wp","href":"https:\/\/api.w.org\/{rel}","templated":true}]}}