{"id":328194,"date":"2024-05-07T19:57:00","date_gmt":"2024-05-07T22:57:00","guid":{"rendered":"https:\/\/www.notibras.com\/site\/?p=328194"},"modified":"2024-05-07T19:57:00","modified_gmt":"2024-05-07T22:57:00","slug":"clientes-do-terraco-trocam-notas-por-bolsa-porta-celular-em-couro","status":"publish","type":"post","link":"https:\/\/www.notibras.com\/site\/clientes-do-terraco-trocam-notas-por-bolsa-porta-celular-em-couro\/","title":{"rendered":"Clientes do Terra\u00e7o trocam notas por bolsa porta-celular em couro"},"content":{"rendered":"<p>No ano em que o Terra\u00e7o Shopping comemora o Jubilkeu de Prata como o centro comercial com vista para o c\u00e9u mais lindo de Bras\u00edlia, o Dia das M\u00e3es ser\u00e1 ainda mais especial para quem frequenta o mall.<\/p>\n<p>A promo\u00e7\u00e3o que homenageia a data ter\u00e1 um brinde belo e funcional para o dia a dia de todas as m\u00e3es. Nas compras acima de R$ 600, o cliente levar\u00e1 uma bolsa porta-celular, uma das maiores tend\u00eancias de moda no mercado de acess\u00f3rios, feita em couro, para surpreender as homenageadas pela data.<\/p>\n<p>Para participar da promo\u00e7\u00e3o do brinde, basta cadastrar R$ 600 em compras no aplicativo Wynk e retirar na hora o porta-celular em couro. A promo\u00e7\u00e3o \u00e9 v\u00e1lida at\u00e9 o dia 14 de maio, ou enquanto durarem os estoques, e \u00e9 limitada a uma unidade por CPF.<\/p>\n<p>O Terra\u00e7o tem um mix de lojas completo para quem procura um presente especial para a data, com uma variedade de lojas de roupas, cal\u00e7ados, joias, semi-joias e eletr\u00f4nicos.<\/p>\n<p><strong>Servi\u00e7o<\/strong><br \/>\nPromo\u00e7\u00e3o do Dia das M\u00e3es no Terra\u00e7o Shopping \u2013 Porta Celular em Couro<br \/>\nPer\u00edodo da Promo\u00e7\u00e3o: de 03\/05\/2024 a 14\/05\/2024, ou enquanto durarem os estoques.<br \/>\nMec\u00e2nica: Acima de R$ 600,00 (seiscentos reais), troque suas notas fiscais no App Wynk e ganhe um porta-celular em couro (limitado a um brinde por CPF).<br \/>\nConfira o regulamento no site do Terra\u00e7o Shopping<\/p>\n","protected":false},"excerpt":{"rendered":"<p>No ano em que o Terra\u00e7o Shopping comemora o Jubilkeu de Prata como o centro comercial com vista para o c\u00e9u mais lindo de Bras\u00edlia, o Dia das M\u00e3es ser\u00e1 ainda mais especial para quem frequenta o mall. A promo\u00e7\u00e3o que homenageia a data ter\u00e1 um brinde belo e funcional para o dia a dia [&hellip;]<\/p>\n","protected":false},"author":2,"featured_media":328195,"comment_status":"closed","ping_status":"closed","sticky":false,"template":"","format":"standard","meta":{"_acf_changed":false,"footnotes":""},"categories":[161],"tags":[],"class_list":["post-328194","post","type-post","status-publish","format-standard","has-post-thumbnail","hentry","category-quadradinho-em-foco"],"acf":[],"yoast_head":"<!-- This site is optimized with the Yoast SEO plugin v27.5 - https:\/\/yoast.com\/product\/yoast-seo-wordpress\/ -->\n<title>Clientes do Terra\u00e7o trocam notas por bolsa porta-celular em couro - Notibras<\/title>\n<meta name=\"robots\" content=\"index, follow, max-snippet:-1, max-image-preview:large, max-video-preview:-1\" \/>\n<link rel=\"canonical\" href=\"https:\/\/www.notibras.com\/site\/clientes-do-terraco-trocam-notas-por-bolsa-porta-celular-em-couro\/\" \/>\n<meta property=\"og:locale\" content=\"pt_BR\" \/>\n<meta property=\"og:type\" content=\"article\" \/>\n<meta property=\"og:title\" content=\"Clientes do Terra\u00e7o trocam notas por bolsa porta-celular em couro - Notibras\" \/>\n<meta property=\"og:description\" content=\"No ano em que o Terra\u00e7o Shopping comemora o Jubilkeu de Prata como o centro comercial com vista para o c\u00e9u mais lindo de Bras\u00edlia, o Dia das M\u00e3es ser\u00e1 ainda mais especial para quem frequenta o mall. A promo\u00e7\u00e3o que homenageia a data ter\u00e1 um brinde belo e funcional para o dia a dia [&hellip;]\" \/>\n<meta property=\"og:url\" content=\"https:\/\/www.notibras.com\/site\/clientes-do-terraco-trocam-notas-por-bolsa-porta-celular-em-couro\/\" \/>\n<meta property=\"og:site_name\" content=\"Notibras\" \/>\n<meta property=\"article:publisher\" content=\"https:\/\/www.facebook.com\/notibras\/\" \/>\n<meta property=\"article:published_time\" content=\"2024-05-07T22:57:00+00:00\" \/>\n<meta property=\"og:image\" content=\"https:\/\/www.notibras.com\/site\/wp-content\/uploads\/2024\/05\/Porta-Celular-Terraco-Shopping.jpeg\" \/>\n\t<meta property=\"og:image:width\" content=\"1280\" \/>\n\t<meta property=\"og:image:height\" content=\"1280\" \/>\n\t<meta property=\"og:image:type\" content=\"image\/jpeg\" \/>\n<meta name=\"author\" content=\"Reda\u00e7\u00e3o\" \/>\n<meta name=\"twitter:card\" content=\"summary_large_image\" \/>\n<meta name=\"twitter:creator\" content=\"@Notibras\" \/>\n<meta name=\"twitter:site\" content=\"@Notibras\" \/>\n<meta name=\"twitter:label1\" content=\"Escrito por\" \/>\n\t<meta name=\"twitter:data1\" content=\"Reda\u00e7\u00e3o\" \/>\n\t<meta name=\"twitter:label2\" content=\"Est. tempo de leitura\" \/>\n\t<meta name=\"twitter:data2\" content=\"2 minutos\" \/>\n<script type=\"application\/ld+json\" class=\"yoast-schema-graph\">{\"@context\":\"https:\\\/\\\/schema.org\",\"@graph\":[{\"@type\":\"Article\",\"@id\":\"https:\\\/\\\/www.notibras.com\\\/site\\\/clientes-do-terraco-trocam-notas-por-bolsa-porta-celular-em-couro\\\/#article\",\"isPartOf\":{\"@id\":\"https:\\\/\\\/www.notibras.com\\\/site\\\/clientes-do-terraco-trocam-notas-por-bolsa-porta-celular-em-couro\\\/\"},\"author\":{\"name\":\"Reda\u00e7\u00e3o\",\"@id\":\"https:\\\/\\\/www.notibras.com\\\/site\\\/#\\\/schema\\\/person\\\/36ab0979449956132d3e5b517ea76ac8\"},\"headline\":\"Clientes do Terra\u00e7o trocam notas por bolsa porta-celular em couro\",\"datePublished\":\"2024-05-07T22:57:00+00:00\",\"mainEntityOfPage\":{\"@id\":\"https:\\\/\\\/www.notibras.com\\\/site\\\/clientes-do-terraco-trocam-notas-por-bolsa-porta-celular-em-couro\\\/\"},\"wordCount\":249,\"publisher\":{\"@id\":\"https:\\\/\\\/www.notibras.com\\\/site\\\/#organization\"},\"image\":{\"@id\":\"https:\\\/\\\/www.notibras.com\\\/site\\\/clientes-do-terraco-trocam-notas-por-bolsa-porta-celular-em-couro\\\/#primaryimage\"},\"thumbnailUrl\":\"https:\\\/\\\/www.notibras.com\\\/site\\\/wp-content\\\/uploads\\\/2024\\\/05\\\/Porta-Celular-Terraco-Shopping.jpeg\",\"articleSection\":[\"Quadradinho em Foco\"],\"inLanguage\":\"pt-BR\"},{\"@type\":\"WebPage\",\"@id\":\"https:\\\/\\\/www.notibras.com\\\/site\\\/clientes-do-terraco-trocam-notas-por-bolsa-porta-celular-em-couro\\\/\",\"url\":\"https:\\\/\\\/www.notibras.com\\\/site\\\/clientes-do-terraco-trocam-notas-por-bolsa-porta-celular-em-couro\\\/\",\"name\":\"Clientes do Terra\u00e7o trocam notas por bolsa porta-celular em couro - Notibras\",\"isPartOf\":{\"@id\":\"https:\\\/\\\/www.notibras.com\\\/site\\\/#website\"},\"primaryImageOfPage\":{\"@id\":\"https:\\\/\\\/www.notibras.com\\\/site\\\/clientes-do-terraco-trocam-notas-por-bolsa-porta-celular-em-couro\\\/#primaryimage\"},\"image\":{\"@id\":\"https:\\\/\\\/www.notibras.com\\\/site\\\/clientes-do-terraco-trocam-notas-por-bolsa-porta-celular-em-couro\\\/#primaryimage\"},\"thumbnailUrl\":\"https:\\\/\\\/www.notibras.com\\\/site\\\/wp-content\\\/uploads\\\/2024\\\/05\\\/Porta-Celular-Terraco-Shopping.jpeg\",\"datePublished\":\"2024-05-07T22:57:00+00:00\",\"breadcrumb\":{\"@id\":\"https:\\\/\\\/www.notibras.com\\\/site\\\/clientes-do-terraco-trocam-notas-por-bolsa-porta-celular-em-couro\\\/#breadcrumb\"},\"inLanguage\":\"pt-BR\",\"potentialAction\":[{\"@type\":\"ReadAction\",\"target\":[\"https:\\\/\\\/www.notibras.com\\\/site\\\/clientes-do-terraco-trocam-notas-por-bolsa-porta-celular-em-couro\\\/\"]}]},{\"@type\":\"ImageObject\",\"inLanguage\":\"pt-BR\",\"@id\":\"https:\\\/\\\/www.notibras.com\\\/site\\\/clientes-do-terraco-trocam-notas-por-bolsa-porta-celular-em-couro\\\/#primaryimage\",\"url\":\"https:\\\/\\\/www.notibras.com\\\/site\\\/wp-content\\\/uploads\\\/2024\\\/05\\\/Porta-Celular-Terraco-Shopping.jpeg\",\"contentUrl\":\"https:\\\/\\\/www.notibras.com\\\/site\\\/wp-content\\\/uploads\\\/2024\\\/05\\\/Porta-Celular-Terraco-Shopping.jpeg\",\"width\":1280,\"height\":1280},{\"@type\":\"BreadcrumbList\",\"@id\":\"https:\\\/\\\/www.notibras.com\\\/site\\\/clientes-do-terraco-trocam-notas-por-bolsa-porta-celular-em-couro\\\/#breadcrumb\",\"itemListElement\":[{\"@type\":\"ListItem\",\"position\":1,\"name\":\"In\u00edcio\",\"item\":\"https:\\\/\\\/www.notibras.com\\\/site\\\/\"},{\"@type\":\"ListItem\",\"position\":2,\"name\":\"Clientes do Terra\u00e7o trocam notas por bolsa porta-celular em couro\"}]},{\"@type\":\"WebSite\",\"@id\":\"https:\\\/\\\/www.notibras.com\\\/site\\\/#website\",\"url\":\"https:\\\/\\\/www.notibras.com\\\/site\\\/\",\"name\":\"Notibras\",\"description\":\"Not\u00edcias de Bras\u00edlia, do Brasil e do Mundo\",\"publisher\":{\"@id\":\"https:\\\/\\\/www.notibras.com\\\/site\\\/#organization\"},\"potentialAction\":[{\"@type\":\"SearchAction\",\"target\":{\"@type\":\"EntryPoint\",\"urlTemplate\":\"https:\\\/\\\/www.notibras.com\\\/site\\\/?s={search_term_string}\"},\"query-input\":{\"@type\":\"PropertyValueSpecification\",\"valueRequired\":true,\"valueName\":\"search_term_string\"}}],\"inLanguage\":\"pt-BR\"},{\"@type\":\"Organization\",\"@id\":\"https:\\\/\\\/www.notibras.com\\\/site\\\/#organization\",\"name\":\"Grupo Notibras de Comunica\u00e7\u00e3o\",\"url\":\"https:\\\/\\\/www.notibras.com\\\/site\\\/\",\"logo\":{\"@type\":\"ImageObject\",\"inLanguage\":\"pt-BR\",\"@id\":\"https:\\\/\\\/www.notibras.com\\\/site\\\/#\\\/schema\\\/logo\\\/image\\\/\",\"url\":\"https:\\\/\\\/www.notibras.com\\\/site\\\/wp-content\\\/uploads\\\/2023\\\/01\\\/notibras23.png\",\"contentUrl\":\"https:\\\/\\\/www.notibras.com\\\/site\\\/wp-content\\\/uploads\\\/2023\\\/01\\\/notibras23.png\",\"width\":350,\"height\":87,\"caption\":\"Grupo Notibras de Comunica\u00e7\u00e3o\"},\"image\":{\"@id\":\"https:\\\/\\\/www.notibras.com\\\/site\\\/#\\\/schema\\\/logo\\\/image\\\/\"},\"sameAs\":[\"https:\\\/\\\/www.facebook.com\\\/notibras\\\/\",\"https:\\\/\\\/x.com\\\/Notibras\",\"https:\\\/\\\/www.instagram.com\\\/notibras\\\/\"]},{\"@type\":\"Person\",\"@id\":\"https:\\\/\\\/www.notibras.com\\\/site\\\/#\\\/schema\\\/person\\\/36ab0979449956132d3e5b517ea76ac8\",\"name\":\"Reda\u00e7\u00e3o\",\"image\":{\"@type\":\"ImageObject\",\"inLanguage\":\"pt-BR\",\"@id\":\"https:\\\/\\\/secure.gravatar.com\\\/avatar\\\/e0a867bdedb85fd243eadf09663511f96fc81e0720a4a42581f334ad4303aa6b?s=96&d=mm&r=g\",\"url\":\"https:\\\/\\\/secure.gravatar.com\\\/avatar\\\/e0a867bdedb85fd243eadf09663511f96fc81e0720a4a42581f334ad4303aa6b?s=96&d=mm&r=g\",\"contentUrl\":\"https:\\\/\\\/secure.gravatar.com\\\/avatar\\\/e0a867bdedb85fd243eadf09663511f96fc81e0720a4a42581f334ad4303aa6b?s=96&d=mm&r=g\",\"caption\":\"Reda\u00e7\u00e3o\"}}]}<\/script>\n<!-- \/ Yoast SEO plugin. -->","yoast_head_json":{"title":"Clientes do Terra\u00e7o trocam notas por bolsa porta-celular em couro - Notibras","robots":{"index":"index","follow":"follow","max-snippet":"max-snippet:-1","max-image-preview":"max-image-preview:large","max-video-preview":"max-video-preview:-1"},"canonical":"https:\/\/www.notibras.com\/site\/clientes-do-terraco-trocam-notas-por-bolsa-porta-celular-em-couro\/","og_locale":"pt_BR","og_type":"article","og_title":"Clientes do Terra\u00e7o trocam notas por bolsa porta-celular em couro - Notibras","og_description":"No ano em que o Terra\u00e7o Shopping comemora o Jubilkeu de Prata como o centro comercial com vista para o c\u00e9u mais lindo de Bras\u00edlia, o Dia das M\u00e3es ser\u00e1 ainda mais especial para quem frequenta o mall. A promo\u00e7\u00e3o que homenageia a data ter\u00e1 um brinde belo e funcional para o dia a dia [&hellip;]","og_url":"https:\/\/www.notibras.com\/site\/clientes-do-terraco-trocam-notas-por-bolsa-porta-celular-em-couro\/","og_site_name":"Notibras","article_publisher":"https:\/\/www.facebook.com\/notibras\/","article_published_time":"2024-05-07T22:57:00+00:00","og_image":[{"width":1280,"height":1280,"url":"https:\/\/www.notibras.com\/site\/wp-content\/uploads\/2024\/05\/Porta-Celular-Terraco-Shopping.jpeg","type":"image\/jpeg"}],"author":"Reda\u00e7\u00e3o","twitter_card":"summary_large_image","twitter_creator":"@Notibras","twitter_site":"@Notibras","twitter_misc":{"Escrito por":"Reda\u00e7\u00e3o","Est. tempo de leitura":"2 minutos"},"schema":{"@context":"https:\/\/schema.org","@graph":[{"@type":"Article","@id":"https:\/\/www.notibras.com\/site\/clientes-do-terraco-trocam-notas-por-bolsa-porta-celular-em-couro\/#article","isPartOf":{"@id":"https:\/\/www.notibras.com\/site\/clientes-do-terraco-trocam-notas-por-bolsa-porta-celular-em-couro\/"},"author":{"name":"Reda\u00e7\u00e3o","@id":"https:\/\/www.notibras.com\/site\/#\/schema\/person\/36ab0979449956132d3e5b517ea76ac8"},"headline":"Clientes do Terra\u00e7o trocam notas por bolsa porta-celular em couro","datePublished":"2024-05-07T22:57:00+00:00","mainEntityOfPage":{"@id":"https:\/\/www.notibras.com\/site\/clientes-do-terraco-trocam-notas-por-bolsa-porta-celular-em-couro\/"},"wordCount":249,"publisher":{"@id":"https:\/\/www.notibras.com\/site\/#organization"},"image":{"@id":"https:\/\/www.notibras.com\/site\/clientes-do-terraco-trocam-notas-por-bolsa-porta-celular-em-couro\/#primaryimage"},"thumbnailUrl":"https:\/\/www.notibras.com\/site\/wp-content\/uploads\/2024\/05\/Porta-Celular-Terraco-Shopping.jpeg","articleSection":["Quadradinho em Foco"],"inLanguage":"pt-BR"},{"@type":"WebPage","@id":"https:\/\/www.notibras.com\/site\/clientes-do-terraco-trocam-notas-por-bolsa-porta-celular-em-couro\/","url":"https:\/\/www.notibras.com\/site\/clientes-do-terraco-trocam-notas-por-bolsa-porta-celular-em-couro\/","name":"Clientes do Terra\u00e7o trocam notas por bolsa porta-celular em couro - Notibras","isPartOf":{"@id":"https:\/\/www.notibras.com\/site\/#website"},"primaryImageOfPage":{"@id":"https:\/\/www.notibras.com\/site\/clientes-do-terraco-trocam-notas-por-bolsa-porta-celular-em-couro\/#primaryimage"},"image":{"@id":"https:\/\/www.notibras.com\/site\/clientes-do-terraco-trocam-notas-por-bolsa-porta-celular-em-couro\/#primaryimage"},"thumbnailUrl":"https:\/\/www.notibras.com\/site\/wp-content\/uploads\/2024\/05\/Porta-Celular-Terraco-Shopping.jpeg","datePublished":"2024-05-07T22:57:00+00:00","breadcrumb":{"@id":"https:\/\/www.notibras.com\/site\/clientes-do-terraco-trocam-notas-por-bolsa-porta-celular-em-couro\/#breadcrumb"},"inLanguage":"pt-BR","potentialAction":[{"@type":"ReadAction","target":["https:\/\/www.notibras.com\/site\/clientes-do-terraco-trocam-notas-por-bolsa-porta-celular-em-couro\/"]}]},{"@type":"ImageObject","inLanguage":"pt-BR","@id":"https:\/\/www.notibras.com\/site\/clientes-do-terraco-trocam-notas-por-bolsa-porta-celular-em-couro\/#primaryimage","url":"https:\/\/www.notibras.com\/site\/wp-content\/uploads\/2024\/05\/Porta-Celular-Terraco-Shopping.jpeg","contentUrl":"https:\/\/www.notibras.com\/site\/wp-content\/uploads\/2024\/05\/Porta-Celular-Terraco-Shopping.jpeg","width":1280,"height":1280},{"@type":"BreadcrumbList","@id":"https:\/\/www.notibras.com\/site\/clientes-do-terraco-trocam-notas-por-bolsa-porta-celular-em-couro\/#breadcrumb","itemListElement":[{"@type":"ListItem","position":1,"name":"In\u00edcio","item":"https:\/\/www.notibras.com\/site\/"},{"@type":"ListItem","position":2,"name":"Clientes do Terra\u00e7o trocam notas por bolsa porta-celular em couro"}]},{"@type":"WebSite","@id":"https:\/\/www.notibras.com\/site\/#website","url":"https:\/\/www.notibras.com\/site\/","name":"Notibras","description":"Not\u00edcias de Bras\u00edlia, do Brasil e do Mundo","publisher":{"@id":"https:\/\/www.notibras.com\/site\/#organization"},"potentialAction":[{"@type":"SearchAction","target":{"@type":"EntryPoint","urlTemplate":"https:\/\/www.notibras.com\/site\/?s={search_term_string}"},"query-input":{"@type":"PropertyValueSpecification","valueRequired":true,"valueName":"search_term_string"}}],"inLanguage":"pt-BR"},{"@type":"Organization","@id":"https:\/\/www.notibras.com\/site\/#organization","name":"Grupo Notibras de Comunica\u00e7\u00e3o","url":"https:\/\/www.notibras.com\/site\/","logo":{"@type":"ImageObject","inLanguage":"pt-BR","@id":"https:\/\/www.notibras.com\/site\/#\/schema\/logo\/image\/","url":"https:\/\/www.notibras.com\/site\/wp-content\/uploads\/2023\/01\/notibras23.png","contentUrl":"https:\/\/www.notibras.com\/site\/wp-content\/uploads\/2023\/01\/notibras23.png","width":350,"height":87,"caption":"Grupo Notibras de Comunica\u00e7\u00e3o"},"image":{"@id":"https:\/\/www.notibras.com\/site\/#\/schema\/logo\/image\/"},"sameAs":["https:\/\/www.facebook.com\/notibras\/","https:\/\/x.com\/Notibras","https:\/\/www.instagram.com\/notibras\/"]},{"@type":"Person","@id":"https:\/\/www.notibras.com\/site\/#\/schema\/person\/36ab0979449956132d3e5b517ea76ac8","name":"Reda\u00e7\u00e3o","image":{"@type":"ImageObject","inLanguage":"pt-BR","@id":"https:\/\/secure.gravatar.com\/avatar\/e0a867bdedb85fd243eadf09663511f96fc81e0720a4a42581f334ad4303aa6b?s=96&d=mm&r=g","url":"https:\/\/secure.gravatar.com\/avatar\/e0a867bdedb85fd243eadf09663511f96fc81e0720a4a42581f334ad4303aa6b?s=96&d=mm&r=g","contentUrl":"https:\/\/secure.gravatar.com\/avatar\/e0a867bdedb85fd243eadf09663511f96fc81e0720a4a42581f334ad4303aa6b?s=96&d=mm&r=g","caption":"Reda\u00e7\u00e3o"}}]}},"amp_enabled":true,"_links":{"self":[{"href":"https:\/\/www.notibras.com\/site\/wp-json\/wp\/v2\/posts\/328194","targetHints":{"allow":["GET"]}}],"collection":[{"href":"https:\/\/www.notibras.com\/site\/wp-json\/wp\/v2\/posts"}],"about":[{"href":"https:\/\/www.notibras.com\/site\/wp-json\/wp\/v2\/types\/post"}],"author":[{"embeddable":true,"href":"https:\/\/www.notibras.com\/site\/wp-json\/wp\/v2\/users\/2"}],"replies":[{"embeddable":true,"href":"https:\/\/www.notibras.com\/site\/wp-json\/wp\/v2\/comments?post=328194"}],"version-history":[{"count":1,"href":"https:\/\/www.notibras.com\/site\/wp-json\/wp\/v2\/posts\/328194\/revisions"}],"predecessor-version":[{"id":328196,"href":"https:\/\/www.notibras.com\/site\/wp-json\/wp\/v2\/posts\/328194\/revisions\/328196"}],"wp:featuredmedia":[{"embeddable":true,"href":"https:\/\/www.notibras.com\/site\/wp-json\/wp\/v2\/media\/328195"}],"wp:attachment":[{"href":"https:\/\/www.notibras.com\/site\/wp-json\/wp\/v2\/media?parent=328194"}],"wp:term":[{"taxonomy":"category","embeddable":true,"href":"https:\/\/www.notibras.com\/site\/wp-json\/wp\/v2\/categories?post=328194"},{"taxonomy":"post_tag","embeddable":true,"href":"https:\/\/www.notibras.com\/site\/wp-json\/wp\/v2\/tags?post=328194"}],"curies":[{"name":"wp","href":"https:\/\/api.w.org\/{rel}","templated":true}]}}