{"id":328225,"date":"2024-05-08T07:54:28","date_gmt":"2024-05-08T10:54:28","guid":{"rendered":"https:\/\/www.notibras.com\/site\/?p=328225"},"modified":"2024-05-08T07:54:28","modified_gmt":"2024-05-08T10:54:28","slug":"entre-morrer-ou-deixar-emprego-o-melhor-e-curtir-praia","status":"publish","type":"post","link":"https:\/\/www.notibras.com\/site\/entre-morrer-ou-deixar-emprego-o-melhor-e-curtir-praia\/","title":{"rendered":"Entre morrer ou deixar emprego, o melhor \u00e9 curtir praia"},"content":{"rendered":"<p>Ando meio desanimado com a vida. Coisas de adulto que imaginou que tudo iria acontecer como planejado, at\u00e9 que, perto de completar 40 anos, percebi que n\u00e3o nascemos com manual de instru\u00e7\u00f5es. Ou, \u00e9 prov\u00e1vel, pelo menos no meu caso, perdi essa lista de orienta\u00e7\u00f5es pelo caminho.<\/p>\n<p>Imaginei, l\u00e1 pelos idos dos meus 20 anos, que, aos 30, estaria com a vida ganha. A realidade, todavia, se mostrou bem menos promissora. Tanto \u00e9 que, caso n\u00e3o fosse por indica\u00e7\u00e3o de papai, nem o emprego de encarregado na empresa do senhor Olavo eu teria.<\/p>\n<p>Confesso que j\u00e1 pensei em pedir as contas, mas n\u00e3o tive coragem de encarar o mundo dos desempregados. N\u00e3o ficaria de bom tom, a essa altura da vida, retornar para a casa dos meus pais. Ademais, a Sandra anda com planos de juntar os panos, e n\u00e3o seria eu a contrari\u00e1-la. Nem sei o que ela viu neste sujeito mediano, isso para n\u00e3o usar um termo mais condizente. Med\u00edocre que seja, pois acordei mais sincero do que de costume. Med\u00edocre!<\/p>\n<p>Se n\u00e3o tenho coragem de pedir demiss\u00e3o, arranjei um tantinho para caminhar at\u00e9 o Tour Geneve, conhecido edif\u00edcio em Jo\u00e3o Pessoa. Pularia e me esborracharia todo na cal\u00e7ada. Morte certa, a n\u00e3o ser que algum incauto resolvesse se intrometer.<\/p>\n<p>Pois mal pisei fora de casa, me deparei com a praia de Cabo Branco. Resolvi me despedir do mar. Tirei os sapatos e as meias, pisei na areia e fui at\u00e9 a beira. As ondas lamberam meus p\u00e9s, como fazia o Sult\u00e3o, meu vira-lata dos meus tempos de menino. Tais lembran\u00e7as me convidaram a sentar por ali. N\u00e3o tardou, adormeci e sonhei um sonho h\u00e1 tanto esquecido.<\/p>\n<p>N\u00e3o sei por quanto tempo fiquei por sobre aquela areia t\u00e3o fofa. Fui despertado pelo barulho de garotos correndo de um lado para o outro, ora na areia, ora na \u00e1gua. Ainda deitado, olhei para o c\u00e9u. Algumas nuvens, que h\u00e1 tanto tempo haviam deixado de ser belos chuma\u00e7os de algod\u00e3o, voltaram a ganhar formas outrora t\u00e3o comuns.<\/p>\n<p>Os meninos me olharam, como se estranhando um homem deitado bem ali, terno e gravata. Nada mais incomum num dia de sol. Voltei para casa, coloquei uma bermuda e corri de volta para a praia. Que mergulho gostoso!<\/p>\n","protected":false},"excerpt":{"rendered":"<p>Ando meio desanimado com a vida. Coisas de adulto que imaginou que tudo iria acontecer como planejado, at\u00e9 que, perto de completar 40 anos, percebi que n\u00e3o nascemos com manual de instru\u00e7\u00f5es. Ou, \u00e9 prov\u00e1vel, pelo menos no meu caso, perdi essa lista de orienta\u00e7\u00f5es pelo caminho. Imaginei, l\u00e1 pelos idos dos meus 20 anos, [&hellip;]<\/p>\n","protected":false},"author":2,"featured_media":328226,"comment_status":"closed","ping_status":"closed","sticky":false,"template":"","format":"standard","meta":{"_acf_changed":false,"footnotes":""},"categories":[165,170],"tags":[],"class_list":["post-328225","post","type-post","status-publish","format-standard","has-post-thumbnail","hentry","category-nordeste","category-paraiba-nordeste"],"acf":[],"_links":{"self":[{"href":"https:\/\/www.notibras.com\/site\/wp-json\/wp\/v2\/posts\/328225","targetHints":{"allow":["GET"]}}],"collection":[{"href":"https:\/\/www.notibras.com\/site\/wp-json\/wp\/v2\/posts"}],"about":[{"href":"https:\/\/www.notibras.com\/site\/wp-json\/wp\/v2\/types\/post"}],"author":[{"embeddable":true,"href":"https:\/\/www.notibras.com\/site\/wp-json\/wp\/v2\/users\/2"}],"replies":[{"embeddable":true,"href":"https:\/\/www.notibras.com\/site\/wp-json\/wp\/v2\/comments?post=328225"}],"version-history":[{"count":1,"href":"https:\/\/www.notibras.com\/site\/wp-json\/wp\/v2\/posts\/328225\/revisions"}],"predecessor-version":[{"id":328227,"href":"https:\/\/www.notibras.com\/site\/wp-json\/wp\/v2\/posts\/328225\/revisions\/328227"}],"wp:featuredmedia":[{"embeddable":true,"href":"https:\/\/www.notibras.com\/site\/wp-json\/wp\/v2\/media\/328226"}],"wp:attachment":[{"href":"https:\/\/www.notibras.com\/site\/wp-json\/wp\/v2\/media?parent=328225"}],"wp:term":[{"taxonomy":"category","embeddable":true,"href":"https:\/\/www.notibras.com\/site\/wp-json\/wp\/v2\/categories?post=328225"},{"taxonomy":"post_tag","embeddable":true,"href":"https:\/\/www.notibras.com\/site\/wp-json\/wp\/v2\/tags?post=328225"}],"curies":[{"name":"wp","href":"https:\/\/api.w.org\/{rel}","templated":true}]}}