{"id":328228,"date":"2024-05-08T07:36:25","date_gmt":"2024-05-08T10:36:25","guid":{"rendered":"https:\/\/www.notibras.com\/site\/?p=328228"},"modified":"2024-05-08T08:00:49","modified_gmt":"2024-05-08T11:00:49","slug":"inteligencia-artificial-pode-ser-ferramenta-para-ajudar-no-ensino","status":"publish","type":"post","link":"https:\/\/www.notibras.com\/site\/inteligencia-artificial-pode-ser-ferramenta-para-ajudar-no-ensino\/","title":{"rendered":"Intelig\u00eancia Artificial pode ser ferramenta para ajudar no ensino"},"content":{"rendered":"<p>Tr\u00eas em cada quatro professores concordam com o uso da tecnologia e intelig\u00eancia artificial como ferramenta de ensino. Os docentes tamb\u00e9m dizem que a tecnologia impactou a educa\u00e7\u00e3o tanto positivamente, com acesso mais r\u00e1pido \u00e0 informa\u00e7\u00e3o, quanto negativamente, fazendo com que os estudantes fiquem mais dispersos.<\/p>\n<p>Os dados s\u00e3o da pesquisa in\u00e9dita Perfil e Desafios dos Professores da Educa\u00e7\u00e3o B\u00e1sica no Brasil, divulgada nesta quarta-feira (8), pelo Instituto Semesp &#8211; entidade que representa mantenedoras de ensino superior. A pesquisa foi realizada entre 18 a 31 de mar\u00e7o de 2024, com 444 docentes das redes p\u00fablica e privada, do ensino infantil ao m\u00e9dio, de todas as regi\u00f5es do pa\u00eds.<\/p>\n<p>Segundo o levantamento, 74,8% dos entrevistados concordam parcial ou totalmente com o uso da tecnologia e intelig\u00eancia artificial no ensino. Apesar disso, apenas pouco mais de um ter\u00e7o, 39,2%, dos professores entrevistados disseram que sempre utilizam a tecnologia como ferramenta de ensino.<\/p>\n<p>Embora considerem importante o uso dessas ferramentas, os professores tamb\u00e9m relatam problemas estruturais e pedag\u00f3gicos que impedem ou dificultam o uso da tecnologia nas escolas. H\u00e1 problemas tamb\u00e9m em rela\u00e7\u00e3o ao uso excessivo de tecnologias, principalmente pelos alunos. Entre esses problemas est\u00e3o a falta de internet na escola, a falta de forma\u00e7\u00e3o dos pr\u00f3prios professores para o uso das tecnologias no ensino e tamb\u00e9m maior dificuldade para prender a aten\u00e7\u00e3o dos alunos.<\/p>\n<p>\u201cPercebo que os alunos ficaram mais dependentes de ferramentas de pesquisa e respostas imediatas e t\u00eam dificuldade de ter resili\u00eancia, paci\u00eancia e atuar solucionando problemas\u201d, diz um dos professores que participou da pesquisa e que n\u00e3o foi identificado. Outro afirmou: \u201cA tecnologia avan\u00e7ou, mas, \u00e0s vezes, o acesso a elas na escola n\u00e3o \u00e9 satisfat\u00f3rio. Internet ruim. O laborat\u00f3rio de inform\u00e1tica \u00e9 um espa\u00e7o restrito. Laborat\u00f3rio m\u00f3vel n\u00e3o tem pacote Office. O uso do celular \u00e9 invi\u00e1vel pois os estudantes n\u00e3o t\u00eam Internet. Agora, at\u00e9 a internet est\u00e1 restrita para os pr\u00f3prios professores na escola\u201d.<\/p>\n<p>Pouco menos da metade dos professores, 45,7%, respondeu que, na escola em que leciona, os professores e alunos t\u00eam acesso \u00e0 tecnologia, como computadores, internet, etc. Outros 7% responderam que ainda n\u00e3o h\u00e1 acesso \u00e0 tecnologia nas unidades de ensino nas quais trabalham.<\/p>\n<p>Os professores relatam ainda que, com a presen\u00e7a de tecnologias, os estudantes est\u00e3o mais dispersos. \u201cA escola n\u00e3o consegue acompanhar o uso das novas tecnologias na velocidade que os estudantes conseguem, o que gera descompasso entre a aula ministrada e a aula que os estudantes querem. O uso desenfreado de redes sociais e a alta exposi\u00e7\u00e3o dos jovens, as redes est\u00e3o prejudicando o contato do professor com o aluno\u201d, diz docente que participou do estudo.<\/p>\n<p><strong>Interesse dos jovens<\/strong><br \/>\nA pesquisa Perfil e Desafios dos Professores da Educa\u00e7\u00e3o B\u00e1sica no Brasil faz parte do 14\u00aa edi\u00e7\u00e3o do Mapa do Ensino Superior no Brasil, que re\u00fane dados oficiais coletados pelo pr\u00f3prio instituto para tra\u00e7ar o cen\u00e1rio atual do setor educacional no pa\u00eds. Esta edi\u00e7\u00e3o tem como foco principal Cursos de Licenciaturas: cen\u00e1rios e perspectivas.<\/p>\n<p>O mapa inclui dados de levantamento feito pelo Semesp sobre quais carreiras os jovens pretendem seguir. Conforme o levantamento, no ensino superior, a \u00e1rea de computa\u00e7\u00e3o e tecnologias da informa\u00e7\u00e3o e comunica\u00e7\u00e3o \u00e9 a mais desejada (30,1%), seguida pela \u00e1rea de sa\u00fade e bem-estar (18,1%). O curso de ci\u00eancia da computa\u00e7\u00e3o aparece no topo do ranking, desejado por 11,5% dos jovens que participaram do levantamento. Administra\u00e7\u00e3o (10,8%), direito (3,8%) e medicina (3,4%) aparecem em seguida.<\/p>\n<p>Para aproximar os estudantes que ainda est\u00e3o no ensino m\u00e9dio do ensino superior, o diretor executivo do Semesp, Rodrigo Capelato, diz que uma proposta \u00e9 que as institui\u00e7\u00f5es possam receber esses alunos em cursos t\u00e9cnicos. Ele defende que isso seja feito no \u00e2mbito do programa P\u00e9-de-Meia.<\/p>\n<p>Segundo o Semesp, o P\u00e9-de-Meia trar\u00e1 impacto no aumento da conclus\u00e3o do ensino m\u00e9dio e, consequentemente, mais estudantes ingressar\u00e3o no ensino superior. Lan\u00e7ado este ano pelo governo federal, o programa \u00e9 uma esp\u00e9cie de poupan\u00e7a voltado para estudantes de baixa renda, com o objetivo de estimular que eles n\u00e3o deixem os estudos por quest\u00f5es financeiras.<\/p>\n<p>\u201cN\u00f3s temos alguns projetos para o ensino privado colaborar com o P\u00e9-de-Meia, oferecendo para os alunos do programa cursos t\u00e9cnicos dentro das institui\u00e7\u00f5es de ensino superior. Isso pode ajudar a diminuir ainda mais a evas\u00e3o. Acho que o P\u00e9-de-Meia vai ser um grande estimulador disso. Mas, junto com o curso t\u00e9cnico, ajuda o estudante a se manter no ensino m\u00e9dio. Tamb\u00e9m o traz para uma realidade do ensino superior, a fim de que conhe\u00e7a o que quer nessa etapa de ensino\u201d, afirma.<\/p>\n","protected":false},"excerpt":{"rendered":"<p>Tr\u00eas em cada quatro professores concordam com o uso da tecnologia e intelig\u00eancia artificial como ferramenta de ensino. Os docentes tamb\u00e9m dizem que a tecnologia impactou a educa\u00e7\u00e3o tanto positivamente, com acesso mais r\u00e1pido \u00e0 informa\u00e7\u00e3o, quanto negativamente, fazendo com que os estudantes fiquem mais dispersos. Os dados s\u00e3o da pesquisa in\u00e9dita Perfil e Desafios [&hellip;]<\/p>\n","protected":false},"author":2,"featured_media":328229,"comment_status":"closed","ping_status":"closed","sticky":false,"template":"","format":"standard","meta":{"_acf_changed":false,"footnotes":""},"categories":[166,167,168,169,165,170,171,172,173,174],"tags":[],"class_list":["post-328228","post","type-post","status-publish","format-standard","has-post-thumbnail","hentry","category-alagoas","category-bahia","category-ceara","category-maranhao","category-nordeste","category-paraiba-nordeste","category-pernambuco-nordeste","category-piaui","category-rio-grande-do-norte","category-sergipe"],"acf":[],"yoast_head":"<!-- This site is optimized with the Yoast SEO plugin v27.5 - https:\/\/yoast.com\/product\/yoast-seo-wordpress\/ -->\n<title>Intelig\u00eancia Artificial pode ser ferramenta para ajudar no ensino - Notibras<\/title>\n<meta name=\"robots\" content=\"index, follow, max-snippet:-1, max-image-preview:large, max-video-preview:-1\" \/>\n<link rel=\"canonical\" href=\"https:\/\/www.notibras.com\/site\/inteligencia-artificial-pode-ser-ferramenta-para-ajudar-no-ensino\/\" \/>\n<meta property=\"og:locale\" content=\"pt_BR\" \/>\n<meta property=\"og:type\" content=\"article\" \/>\n<meta property=\"og:title\" content=\"Intelig\u00eancia Artificial pode ser ferramenta para ajudar no ensino - Notibras\" \/>\n<meta property=\"og:description\" content=\"Tr\u00eas em cada quatro professores concordam com o uso da tecnologia e intelig\u00eancia artificial como ferramenta de ensino. Os docentes tamb\u00e9m dizem que a tecnologia impactou a educa\u00e7\u00e3o tanto positivamente, com acesso mais r\u00e1pido \u00e0 informa\u00e7\u00e3o, quanto negativamente, fazendo com que os estudantes fiquem mais dispersos. Os dados s\u00e3o da pesquisa in\u00e9dita Perfil e Desafios [&hellip;]\" \/>\n<meta property=\"og:url\" content=\"https:\/\/www.notibras.com\/site\/inteligencia-artificial-pode-ser-ferramenta-para-ajudar-no-ensino\/\" \/>\n<meta property=\"og:site_name\" content=\"Notibras\" \/>\n<meta property=\"article:publisher\" content=\"https:\/\/www.facebook.com\/notibras\/\" \/>\n<meta property=\"article:published_time\" content=\"2024-05-08T10:36:25+00:00\" \/>\n<meta property=\"article:modified_time\" content=\"2024-05-08T11:00:49+00:00\" \/>\n<meta property=\"og:image\" content=\"https:\/\/www.notibras.com\/site\/wp-content\/uploads\/2024\/05\/ia.estudo.webp\" \/>\n\t<meta property=\"og:image:width\" content=\"1170\" \/>\n\t<meta property=\"og:image:height\" content=\"700\" \/>\n\t<meta property=\"og:image:type\" content=\"image\/webp\" \/>\n<meta name=\"author\" content=\"Reda\u00e7\u00e3o\" \/>\n<meta name=\"twitter:card\" content=\"summary_large_image\" \/>\n<meta name=\"twitter:creator\" content=\"@Notibras\" \/>\n<meta name=\"twitter:site\" content=\"@Notibras\" \/>\n<meta name=\"twitter:label1\" content=\"Escrito por\" \/>\n\t<meta name=\"twitter:data1\" content=\"Reda\u00e7\u00e3o\" \/>\n\t<meta name=\"twitter:label2\" content=\"Est. tempo de leitura\" \/>\n\t<meta name=\"twitter:data2\" content=\"5 minutos\" \/>\n<script type=\"application\/ld+json\" class=\"yoast-schema-graph\">{\"@context\":\"https:\\\/\\\/schema.org\",\"@graph\":[{\"@type\":\"Article\",\"@id\":\"https:\\\/\\\/www.notibras.com\\\/site\\\/inteligencia-artificial-pode-ser-ferramenta-para-ajudar-no-ensino\\\/#article\",\"isPartOf\":{\"@id\":\"https:\\\/\\\/www.notibras.com\\\/site\\\/inteligencia-artificial-pode-ser-ferramenta-para-ajudar-no-ensino\\\/\"},\"author\":{\"name\":\"Reda\u00e7\u00e3o\",\"@id\":\"https:\\\/\\\/www.notibras.com\\\/site\\\/#\\\/schema\\\/person\\\/36ab0979449956132d3e5b517ea76ac8\"},\"headline\":\"Intelig\u00eancia Artificial pode ser ferramenta para ajudar no ensino\",\"datePublished\":\"2024-05-08T10:36:25+00:00\",\"dateModified\":\"2024-05-08T11:00:49+00:00\",\"mainEntityOfPage\":{\"@id\":\"https:\\\/\\\/www.notibras.com\\\/site\\\/inteligencia-artificial-pode-ser-ferramenta-para-ajudar-no-ensino\\\/\"},\"wordCount\":826,\"publisher\":{\"@id\":\"https:\\\/\\\/www.notibras.com\\\/site\\\/#organization\"},\"image\":{\"@id\":\"https:\\\/\\\/www.notibras.com\\\/site\\\/inteligencia-artificial-pode-ser-ferramenta-para-ajudar-no-ensino\\\/#primaryimage\"},\"thumbnailUrl\":\"https:\\\/\\\/www.notibras.com\\\/site\\\/wp-content\\\/uploads\\\/2024\\\/05\\\/ia.estudo.webp\",\"articleSection\":[\"Alagoas\",\"Bahia\",\"Cear\u00e1\",\"Maranh\u00e3o\",\"Nordeste\",\"Para\u00edba\",\"Pernambuco\",\"Piau\u00ed\",\"Rio Grande do Norte\",\"Sergipe\"],\"inLanguage\":\"pt-BR\"},{\"@type\":\"WebPage\",\"@id\":\"https:\\\/\\\/www.notibras.com\\\/site\\\/inteligencia-artificial-pode-ser-ferramenta-para-ajudar-no-ensino\\\/\",\"url\":\"https:\\\/\\\/www.notibras.com\\\/site\\\/inteligencia-artificial-pode-ser-ferramenta-para-ajudar-no-ensino\\\/\",\"name\":\"Intelig\u00eancia Artificial pode ser ferramenta para ajudar no ensino - Notibras\",\"isPartOf\":{\"@id\":\"https:\\\/\\\/www.notibras.com\\\/site\\\/#website\"},\"primaryImageOfPage\":{\"@id\":\"https:\\\/\\\/www.notibras.com\\\/site\\\/inteligencia-artificial-pode-ser-ferramenta-para-ajudar-no-ensino\\\/#primaryimage\"},\"image\":{\"@id\":\"https:\\\/\\\/www.notibras.com\\\/site\\\/inteligencia-artificial-pode-ser-ferramenta-para-ajudar-no-ensino\\\/#primaryimage\"},\"thumbnailUrl\":\"https:\\\/\\\/www.notibras.com\\\/site\\\/wp-content\\\/uploads\\\/2024\\\/05\\\/ia.estudo.webp\",\"datePublished\":\"2024-05-08T10:36:25+00:00\",\"dateModified\":\"2024-05-08T11:00:49+00:00\",\"breadcrumb\":{\"@id\":\"https:\\\/\\\/www.notibras.com\\\/site\\\/inteligencia-artificial-pode-ser-ferramenta-para-ajudar-no-ensino\\\/#breadcrumb\"},\"inLanguage\":\"pt-BR\",\"potentialAction\":[{\"@type\":\"ReadAction\",\"target\":[\"https:\\\/\\\/www.notibras.com\\\/site\\\/inteligencia-artificial-pode-ser-ferramenta-para-ajudar-no-ensino\\\/\"]}]},{\"@type\":\"ImageObject\",\"inLanguage\":\"pt-BR\",\"@id\":\"https:\\\/\\\/www.notibras.com\\\/site\\\/inteligencia-artificial-pode-ser-ferramenta-para-ajudar-no-ensino\\\/#primaryimage\",\"url\":\"https:\\\/\\\/www.notibras.com\\\/site\\\/wp-content\\\/uploads\\\/2024\\\/05\\\/ia.estudo.webp\",\"contentUrl\":\"https:\\\/\\\/www.notibras.com\\\/site\\\/wp-content\\\/uploads\\\/2024\\\/05\\\/ia.estudo.webp\",\"width\":1170,\"height\":700},{\"@type\":\"BreadcrumbList\",\"@id\":\"https:\\\/\\\/www.notibras.com\\\/site\\\/inteligencia-artificial-pode-ser-ferramenta-para-ajudar-no-ensino\\\/#breadcrumb\",\"itemListElement\":[{\"@type\":\"ListItem\",\"position\":1,\"name\":\"In\u00edcio\",\"item\":\"https:\\\/\\\/www.notibras.com\\\/site\\\/\"},{\"@type\":\"ListItem\",\"position\":2,\"name\":\"Intelig\u00eancia Artificial pode ser ferramenta para ajudar no ensino\"}]},{\"@type\":\"WebSite\",\"@id\":\"https:\\\/\\\/www.notibras.com\\\/site\\\/#website\",\"url\":\"https:\\\/\\\/www.notibras.com\\\/site\\\/\",\"name\":\"Notibras\",\"description\":\"Not\u00edcias de Bras\u00edlia, do Brasil e do Mundo\",\"publisher\":{\"@id\":\"https:\\\/\\\/www.notibras.com\\\/site\\\/#organization\"},\"potentialAction\":[{\"@type\":\"SearchAction\",\"target\":{\"@type\":\"EntryPoint\",\"urlTemplate\":\"https:\\\/\\\/www.notibras.com\\\/site\\\/?s={search_term_string}\"},\"query-input\":{\"@type\":\"PropertyValueSpecification\",\"valueRequired\":true,\"valueName\":\"search_term_string\"}}],\"inLanguage\":\"pt-BR\"},{\"@type\":\"Organization\",\"@id\":\"https:\\\/\\\/www.notibras.com\\\/site\\\/#organization\",\"name\":\"Grupo Notibras de Comunica\u00e7\u00e3o\",\"url\":\"https:\\\/\\\/www.notibras.com\\\/site\\\/\",\"logo\":{\"@type\":\"ImageObject\",\"inLanguage\":\"pt-BR\",\"@id\":\"https:\\\/\\\/www.notibras.com\\\/site\\\/#\\\/schema\\\/logo\\\/image\\\/\",\"url\":\"https:\\\/\\\/www.notibras.com\\\/site\\\/wp-content\\\/uploads\\\/2023\\\/01\\\/notibras23.png\",\"contentUrl\":\"https:\\\/\\\/www.notibras.com\\\/site\\\/wp-content\\\/uploads\\\/2023\\\/01\\\/notibras23.png\",\"width\":350,\"height\":87,\"caption\":\"Grupo Notibras de Comunica\u00e7\u00e3o\"},\"image\":{\"@id\":\"https:\\\/\\\/www.notibras.com\\\/site\\\/#\\\/schema\\\/logo\\\/image\\\/\"},\"sameAs\":[\"https:\\\/\\\/www.facebook.com\\\/notibras\\\/\",\"https:\\\/\\\/x.com\\\/Notibras\",\"https:\\\/\\\/www.instagram.com\\\/notibras\\\/\"]},{\"@type\":\"Person\",\"@id\":\"https:\\\/\\\/www.notibras.com\\\/site\\\/#\\\/schema\\\/person\\\/36ab0979449956132d3e5b517ea76ac8\",\"name\":\"Reda\u00e7\u00e3o\",\"image\":{\"@type\":\"ImageObject\",\"inLanguage\":\"pt-BR\",\"@id\":\"https:\\\/\\\/secure.gravatar.com\\\/avatar\\\/e0a867bdedb85fd243eadf09663511f96fc81e0720a4a42581f334ad4303aa6b?s=96&d=mm&r=g\",\"url\":\"https:\\\/\\\/secure.gravatar.com\\\/avatar\\\/e0a867bdedb85fd243eadf09663511f96fc81e0720a4a42581f334ad4303aa6b?s=96&d=mm&r=g\",\"contentUrl\":\"https:\\\/\\\/secure.gravatar.com\\\/avatar\\\/e0a867bdedb85fd243eadf09663511f96fc81e0720a4a42581f334ad4303aa6b?s=96&d=mm&r=g\",\"caption\":\"Reda\u00e7\u00e3o\"}}]}<\/script>\n<!-- \/ Yoast SEO plugin. -->","yoast_head_json":{"title":"Intelig\u00eancia Artificial pode ser ferramenta para ajudar no ensino - Notibras","robots":{"index":"index","follow":"follow","max-snippet":"max-snippet:-1","max-image-preview":"max-image-preview:large","max-video-preview":"max-video-preview:-1"},"canonical":"https:\/\/www.notibras.com\/site\/inteligencia-artificial-pode-ser-ferramenta-para-ajudar-no-ensino\/","og_locale":"pt_BR","og_type":"article","og_title":"Intelig\u00eancia Artificial pode ser ferramenta para ajudar no ensino - Notibras","og_description":"Tr\u00eas em cada quatro professores concordam com o uso da tecnologia e intelig\u00eancia artificial como ferramenta de ensino. Os docentes tamb\u00e9m dizem que a tecnologia impactou a educa\u00e7\u00e3o tanto positivamente, com acesso mais r\u00e1pido \u00e0 informa\u00e7\u00e3o, quanto negativamente, fazendo com que os estudantes fiquem mais dispersos. Os dados s\u00e3o da pesquisa in\u00e9dita Perfil e Desafios [&hellip;]","og_url":"https:\/\/www.notibras.com\/site\/inteligencia-artificial-pode-ser-ferramenta-para-ajudar-no-ensino\/","og_site_name":"Notibras","article_publisher":"https:\/\/www.facebook.com\/notibras\/","article_published_time":"2024-05-08T10:36:25+00:00","article_modified_time":"2024-05-08T11:00:49+00:00","og_image":[{"width":1170,"height":700,"url":"https:\/\/www.notibras.com\/site\/wp-content\/uploads\/2024\/05\/ia.estudo.webp","type":"image\/webp"}],"author":"Reda\u00e7\u00e3o","twitter_card":"summary_large_image","twitter_creator":"@Notibras","twitter_site":"@Notibras","twitter_misc":{"Escrito por":"Reda\u00e7\u00e3o","Est. tempo de leitura":"5 minutos"},"schema":{"@context":"https:\/\/schema.org","@graph":[{"@type":"Article","@id":"https:\/\/www.notibras.com\/site\/inteligencia-artificial-pode-ser-ferramenta-para-ajudar-no-ensino\/#article","isPartOf":{"@id":"https:\/\/www.notibras.com\/site\/inteligencia-artificial-pode-ser-ferramenta-para-ajudar-no-ensino\/"},"author":{"name":"Reda\u00e7\u00e3o","@id":"https:\/\/www.notibras.com\/site\/#\/schema\/person\/36ab0979449956132d3e5b517ea76ac8"},"headline":"Intelig\u00eancia Artificial pode ser ferramenta para ajudar no ensino","datePublished":"2024-05-08T10:36:25+00:00","dateModified":"2024-05-08T11:00:49+00:00","mainEntityOfPage":{"@id":"https:\/\/www.notibras.com\/site\/inteligencia-artificial-pode-ser-ferramenta-para-ajudar-no-ensino\/"},"wordCount":826,"publisher":{"@id":"https:\/\/www.notibras.com\/site\/#organization"},"image":{"@id":"https:\/\/www.notibras.com\/site\/inteligencia-artificial-pode-ser-ferramenta-para-ajudar-no-ensino\/#primaryimage"},"thumbnailUrl":"https:\/\/www.notibras.com\/site\/wp-content\/uploads\/2024\/05\/ia.estudo.webp","articleSection":["Alagoas","Bahia","Cear\u00e1","Maranh\u00e3o","Nordeste","Para\u00edba","Pernambuco","Piau\u00ed","Rio Grande do Norte","Sergipe"],"inLanguage":"pt-BR"},{"@type":"WebPage","@id":"https:\/\/www.notibras.com\/site\/inteligencia-artificial-pode-ser-ferramenta-para-ajudar-no-ensino\/","url":"https:\/\/www.notibras.com\/site\/inteligencia-artificial-pode-ser-ferramenta-para-ajudar-no-ensino\/","name":"Intelig\u00eancia Artificial pode ser ferramenta para ajudar no ensino - Notibras","isPartOf":{"@id":"https:\/\/www.notibras.com\/site\/#website"},"primaryImageOfPage":{"@id":"https:\/\/www.notibras.com\/site\/inteligencia-artificial-pode-ser-ferramenta-para-ajudar-no-ensino\/#primaryimage"},"image":{"@id":"https:\/\/www.notibras.com\/site\/inteligencia-artificial-pode-ser-ferramenta-para-ajudar-no-ensino\/#primaryimage"},"thumbnailUrl":"https:\/\/www.notibras.com\/site\/wp-content\/uploads\/2024\/05\/ia.estudo.webp","datePublished":"2024-05-08T10:36:25+00:00","dateModified":"2024-05-08T11:00:49+00:00","breadcrumb":{"@id":"https:\/\/www.notibras.com\/site\/inteligencia-artificial-pode-ser-ferramenta-para-ajudar-no-ensino\/#breadcrumb"},"inLanguage":"pt-BR","potentialAction":[{"@type":"ReadAction","target":["https:\/\/www.notibras.com\/site\/inteligencia-artificial-pode-ser-ferramenta-para-ajudar-no-ensino\/"]}]},{"@type":"ImageObject","inLanguage":"pt-BR","@id":"https:\/\/www.notibras.com\/site\/inteligencia-artificial-pode-ser-ferramenta-para-ajudar-no-ensino\/#primaryimage","url":"https:\/\/www.notibras.com\/site\/wp-content\/uploads\/2024\/05\/ia.estudo.webp","contentUrl":"https:\/\/www.notibras.com\/site\/wp-content\/uploads\/2024\/05\/ia.estudo.webp","width":1170,"height":700},{"@type":"BreadcrumbList","@id":"https:\/\/www.notibras.com\/site\/inteligencia-artificial-pode-ser-ferramenta-para-ajudar-no-ensino\/#breadcrumb","itemListElement":[{"@type":"ListItem","position":1,"name":"In\u00edcio","item":"https:\/\/www.notibras.com\/site\/"},{"@type":"ListItem","position":2,"name":"Intelig\u00eancia Artificial pode ser ferramenta para ajudar no ensino"}]},{"@type":"WebSite","@id":"https:\/\/www.notibras.com\/site\/#website","url":"https:\/\/www.notibras.com\/site\/","name":"Notibras","description":"Not\u00edcias de Bras\u00edlia, do Brasil e do Mundo","publisher":{"@id":"https:\/\/www.notibras.com\/site\/#organization"},"potentialAction":[{"@type":"SearchAction","target":{"@type":"EntryPoint","urlTemplate":"https:\/\/www.notibras.com\/site\/?s={search_term_string}"},"query-input":{"@type":"PropertyValueSpecification","valueRequired":true,"valueName":"search_term_string"}}],"inLanguage":"pt-BR"},{"@type":"Organization","@id":"https:\/\/www.notibras.com\/site\/#organization","name":"Grupo Notibras de Comunica\u00e7\u00e3o","url":"https:\/\/www.notibras.com\/site\/","logo":{"@type":"ImageObject","inLanguage":"pt-BR","@id":"https:\/\/www.notibras.com\/site\/#\/schema\/logo\/image\/","url":"https:\/\/www.notibras.com\/site\/wp-content\/uploads\/2023\/01\/notibras23.png","contentUrl":"https:\/\/www.notibras.com\/site\/wp-content\/uploads\/2023\/01\/notibras23.png","width":350,"height":87,"caption":"Grupo Notibras de Comunica\u00e7\u00e3o"},"image":{"@id":"https:\/\/www.notibras.com\/site\/#\/schema\/logo\/image\/"},"sameAs":["https:\/\/www.facebook.com\/notibras\/","https:\/\/x.com\/Notibras","https:\/\/www.instagram.com\/notibras\/"]},{"@type":"Person","@id":"https:\/\/www.notibras.com\/site\/#\/schema\/person\/36ab0979449956132d3e5b517ea76ac8","name":"Reda\u00e7\u00e3o","image":{"@type":"ImageObject","inLanguage":"pt-BR","@id":"https:\/\/secure.gravatar.com\/avatar\/e0a867bdedb85fd243eadf09663511f96fc81e0720a4a42581f334ad4303aa6b?s=96&d=mm&r=g","url":"https:\/\/secure.gravatar.com\/avatar\/e0a867bdedb85fd243eadf09663511f96fc81e0720a4a42581f334ad4303aa6b?s=96&d=mm&r=g","contentUrl":"https:\/\/secure.gravatar.com\/avatar\/e0a867bdedb85fd243eadf09663511f96fc81e0720a4a42581f334ad4303aa6b?s=96&d=mm&r=g","caption":"Reda\u00e7\u00e3o"}}]}},"amp_enabled":true,"_links":{"self":[{"href":"https:\/\/www.notibras.com\/site\/wp-json\/wp\/v2\/posts\/328228","targetHints":{"allow":["GET"]}}],"collection":[{"href":"https:\/\/www.notibras.com\/site\/wp-json\/wp\/v2\/posts"}],"about":[{"href":"https:\/\/www.notibras.com\/site\/wp-json\/wp\/v2\/types\/post"}],"author":[{"embeddable":true,"href":"https:\/\/www.notibras.com\/site\/wp-json\/wp\/v2\/users\/2"}],"replies":[{"embeddable":true,"href":"https:\/\/www.notibras.com\/site\/wp-json\/wp\/v2\/comments?post=328228"}],"version-history":[{"count":1,"href":"https:\/\/www.notibras.com\/site\/wp-json\/wp\/v2\/posts\/328228\/revisions"}],"predecessor-version":[{"id":328230,"href":"https:\/\/www.notibras.com\/site\/wp-json\/wp\/v2\/posts\/328228\/revisions\/328230"}],"wp:featuredmedia":[{"embeddable":true,"href":"https:\/\/www.notibras.com\/site\/wp-json\/wp\/v2\/media\/328229"}],"wp:attachment":[{"href":"https:\/\/www.notibras.com\/site\/wp-json\/wp\/v2\/media?parent=328228"}],"wp:term":[{"taxonomy":"category","embeddable":true,"href":"https:\/\/www.notibras.com\/site\/wp-json\/wp\/v2\/categories?post=328228"},{"taxonomy":"post_tag","embeddable":true,"href":"https:\/\/www.notibras.com\/site\/wp-json\/wp\/v2\/tags?post=328228"}],"curies":[{"name":"wp","href":"https:\/\/api.w.org\/{rel}","templated":true}]}}