{"id":328244,"date":"2024-05-08T08:02:33","date_gmt":"2024-05-08T11:02:33","guid":{"rendered":"https:\/\/www.notibras.com\/site\/?p=328244"},"modified":"2024-05-08T08:59:18","modified_gmt":"2024-05-08T11:59:18","slug":"estagiaria-presa-por-usar-cartoes-de-colegas-de-trabalho","status":"publish","type":"post","link":"https:\/\/www.notibras.com\/site\/estagiaria-presa-por-usar-cartoes-de-colegas-de-trabalho\/","title":{"rendered":"Estagi\u00e1ria presa por usar cart\u00f5es de colegas de trabalho"},"content":{"rendered":"<p>A Policia Civil, por meio da 15\u00aa DP, deflagrou a opera\u00e7\u00e3o a Opera\u00e7\u00e3o Compra Il\u00edcita, e prendeu em flagrante uma mulher de 28 anos de idade pelo crime de estelionato.<\/p>\n<p>Segundo apurado, a mulher, que atua como estagi\u00e1ria em \u00f3rg\u00e3os do Governo Federal, aproveitando-se do descuido de algumas colegas de trabalho, subtraiu ou fotografou os cart\u00f5es de cr\u00e9dito delas e usou indevidamente seus dados para realizar compras em estabelecimentos comerciais situados na Asa Norte e em sites.<\/p>\n<p>Tais fatos tiveram in\u00edcio em fevereiro de 2024, as v\u00edtimas foram quatro mulheres que trabalhavam no mesmo setor. Por tal raz\u00e3o, passaram a desconfiar que haviam sido v\u00edtimas da mesma pessoa, tendo ainda percebido que seus cart\u00f5es de cr\u00e9dito haviam sido utilizados nos mesmos estabelecimentos comerciais, lojas de roupas espec\u00edficas.<\/p>\n<p>Diante de tais suspeitas, as v\u00edtimas passaram a monitorar seus colegas de trabalho, tendo percebido que uma delas estava postando fotos em suas redes sociais usando v\u00e1rias pe\u00e7as de roupas das mesmas marcas.<\/p>\n<p>A mulher passou a ser investigada pela 15\u00aa DP e, durante a investiga\u00e7\u00e3o, fora informado por algumas das lojas os endere\u00e7os de entrega das mercadorias compradas indevidamente, sendo o mesmo endere\u00e7o da investigada, situado em Santa Maria.<\/p>\n<p>Diante da comprova\u00e7\u00e3o da autoria, as v\u00edtimas foram orientadas a informar qualquer nova tentativa de compra il\u00edcita, para que fosse efetuada a pris\u00e3o em flagrante da autora. Assim, durante a madrugada de ter\u00e7a, 7, uma das v\u00edtimas recebeu uma informa\u00e7\u00e3o de tentativa de compra em seu cart\u00e3o de cr\u00e9dito, no site de uma loja de roupa fitness, no valor de R$ 946,14, e imediatamente informou os fatos aos agentes respons\u00e1veis pela investiga\u00e7\u00e3o.<\/p>\n<p>Ap\u00f3s tomarem conhecimento da nova tentativa de compra, os agentes deflagraram a opera\u00e7\u00e3o e conseguiram prender a mulher em seu local de trabalho.<\/p>\n<p>A autora foi conduzida para a 15\u00aa DP e confessou a pr\u00e1tica il\u00edcita. Em seu aparelho de telefone celular foram encontradas fotografias de diversos cart\u00f5es de cr\u00e9dito. A autora ainda colaborou com a investiga\u00e7\u00e3o e autorizou os policiais a ingressarem em sua resid\u00eancia para apreenderem as pe\u00e7as de roupa adquiridas ilicitamente.<\/p>\n<p>Ela foi presa em flagrante pelo crime de estelionato, em sua modalidade tentada, e restou liberada ap\u00f3s o pagamento de fian\u00e7a, estipulada em R$ 1.412,00 (um mil e quatrocentos e doze reais).<\/p>\n<p>Inobstante sua pris\u00e3o, a autora ainda est\u00e1 sendo investigada pelos outros crimes de estelionato perpetrados e, por cada compra il\u00edcita realizada ela est\u00e1 sujeita a pena de 1 a 5 anos de pris\u00e3o.<\/p>\n","protected":false},"excerpt":{"rendered":"<p>A Policia Civil, por meio da 15\u00aa DP, deflagrou a opera\u00e7\u00e3o a Opera\u00e7\u00e3o Compra Il\u00edcita, e prendeu em flagrante uma mulher de 28 anos de idade pelo crime de estelionato. Segundo apurado, a mulher, que atua como estagi\u00e1ria em \u00f3rg\u00e3os do Governo Federal, aproveitando-se do descuido de algumas colegas de trabalho, subtraiu ou fotografou os [&hellip;]<\/p>\n","protected":false},"author":2,"featured_media":328245,"comment_status":"closed","ping_status":"closed","sticky":false,"template":"","format":"standard","meta":{"_acf_changed":false,"footnotes":""},"categories":[161],"tags":[],"class_list":["post-328244","post","type-post","status-publish","format-standard","has-post-thumbnail","hentry","category-quadradinho-em-foco"],"acf":[],"yoast_head":"<!-- This site is optimized with the Yoast SEO plugin v27.5 - https:\/\/yoast.com\/product\/yoast-seo-wordpress\/ -->\n<title>Estagi\u00e1ria presa por usar cart\u00f5es de colegas de trabalho - Notibras<\/title>\n<meta name=\"robots\" content=\"index, follow, max-snippet:-1, max-image-preview:large, max-video-preview:-1\" \/>\n<link rel=\"canonical\" href=\"https:\/\/www.notibras.com\/site\/estagiaria-presa-por-usar-cartoes-de-colegas-de-trabalho\/\" \/>\n<meta property=\"og:locale\" content=\"pt_BR\" \/>\n<meta property=\"og:type\" content=\"article\" \/>\n<meta property=\"og:title\" content=\"Estagi\u00e1ria presa por usar cart\u00f5es de colegas de trabalho - Notibras\" \/>\n<meta property=\"og:description\" content=\"A Policia Civil, por meio da 15\u00aa DP, deflagrou a opera\u00e7\u00e3o a Opera\u00e7\u00e3o Compra Il\u00edcita, e prendeu em flagrante uma mulher de 28 anos de idade pelo crime de estelionato. Segundo apurado, a mulher, que atua como estagi\u00e1ria em \u00f3rg\u00e3os do Governo Federal, aproveitando-se do descuido de algumas colegas de trabalho, subtraiu ou fotografou os [&hellip;]\" \/>\n<meta property=\"og:url\" content=\"https:\/\/www.notibras.com\/site\/estagiaria-presa-por-usar-cartoes-de-colegas-de-trabalho\/\" \/>\n<meta property=\"og:site_name\" content=\"Notibras\" \/>\n<meta property=\"article:publisher\" content=\"https:\/\/www.facebook.com\/notibras\/\" \/>\n<meta property=\"article:published_time\" content=\"2024-05-08T11:02:33+00:00\" \/>\n<meta property=\"article:modified_time\" content=\"2024-05-08T11:59:18+00:00\" \/>\n<meta property=\"og:image\" content=\"https:\/\/www.notibras.com\/site\/wp-content\/uploads\/2024\/05\/9c7c7e33-b23d-4bbb-94ac-579aba371d95.jpeg\" \/>\n\t<meta property=\"og:image:width\" content=\"960\" \/>\n\t<meta property=\"og:image:height\" content=\"1280\" \/>\n\t<meta property=\"og:image:type\" content=\"image\/jpeg\" \/>\n<meta name=\"author\" content=\"Reda\u00e7\u00e3o\" \/>\n<meta name=\"twitter:card\" content=\"summary_large_image\" \/>\n<meta name=\"twitter:creator\" content=\"@Notibras\" \/>\n<meta name=\"twitter:site\" content=\"@Notibras\" \/>\n<meta name=\"twitter:label1\" content=\"Escrito por\" \/>\n\t<meta name=\"twitter:data1\" content=\"Reda\u00e7\u00e3o\" \/>\n\t<meta name=\"twitter:label2\" content=\"Est. tempo de leitura\" \/>\n\t<meta name=\"twitter:data2\" content=\"3 minutos\" \/>\n<script type=\"application\/ld+json\" class=\"yoast-schema-graph\">{\"@context\":\"https:\\\/\\\/schema.org\",\"@graph\":[{\"@type\":\"Article\",\"@id\":\"https:\\\/\\\/www.notibras.com\\\/site\\\/estagiaria-presa-por-usar-cartoes-de-colegas-de-trabalho\\\/#article\",\"isPartOf\":{\"@id\":\"https:\\\/\\\/www.notibras.com\\\/site\\\/estagiaria-presa-por-usar-cartoes-de-colegas-de-trabalho\\\/\"},\"author\":{\"name\":\"Reda\u00e7\u00e3o\",\"@id\":\"https:\\\/\\\/www.notibras.com\\\/site\\\/#\\\/schema\\\/person\\\/36ab0979449956132d3e5b517ea76ac8\"},\"headline\":\"Estagi\u00e1ria presa por usar cart\u00f5es de colegas de trabalho\",\"datePublished\":\"2024-05-08T11:02:33+00:00\",\"dateModified\":\"2024-05-08T11:59:18+00:00\",\"mainEntityOfPage\":{\"@id\":\"https:\\\/\\\/www.notibras.com\\\/site\\\/estagiaria-presa-por-usar-cartoes-de-colegas-de-trabalho\\\/\"},\"wordCount\":454,\"publisher\":{\"@id\":\"https:\\\/\\\/www.notibras.com\\\/site\\\/#organization\"},\"image\":{\"@id\":\"https:\\\/\\\/www.notibras.com\\\/site\\\/estagiaria-presa-por-usar-cartoes-de-colegas-de-trabalho\\\/#primaryimage\"},\"thumbnailUrl\":\"https:\\\/\\\/www.notibras.com\\\/site\\\/wp-content\\\/uploads\\\/2024\\\/05\\\/9c7c7e33-b23d-4bbb-94ac-579aba371d95.jpeg\",\"articleSection\":[\"Quadradinho em Foco\"],\"inLanguage\":\"pt-BR\"},{\"@type\":\"WebPage\",\"@id\":\"https:\\\/\\\/www.notibras.com\\\/site\\\/estagiaria-presa-por-usar-cartoes-de-colegas-de-trabalho\\\/\",\"url\":\"https:\\\/\\\/www.notibras.com\\\/site\\\/estagiaria-presa-por-usar-cartoes-de-colegas-de-trabalho\\\/\",\"name\":\"Estagi\u00e1ria presa por usar cart\u00f5es de colegas de trabalho - Notibras\",\"isPartOf\":{\"@id\":\"https:\\\/\\\/www.notibras.com\\\/site\\\/#website\"},\"primaryImageOfPage\":{\"@id\":\"https:\\\/\\\/www.notibras.com\\\/site\\\/estagiaria-presa-por-usar-cartoes-de-colegas-de-trabalho\\\/#primaryimage\"},\"image\":{\"@id\":\"https:\\\/\\\/www.notibras.com\\\/site\\\/estagiaria-presa-por-usar-cartoes-de-colegas-de-trabalho\\\/#primaryimage\"},\"thumbnailUrl\":\"https:\\\/\\\/www.notibras.com\\\/site\\\/wp-content\\\/uploads\\\/2024\\\/05\\\/9c7c7e33-b23d-4bbb-94ac-579aba371d95.jpeg\",\"datePublished\":\"2024-05-08T11:02:33+00:00\",\"dateModified\":\"2024-05-08T11:59:18+00:00\",\"breadcrumb\":{\"@id\":\"https:\\\/\\\/www.notibras.com\\\/site\\\/estagiaria-presa-por-usar-cartoes-de-colegas-de-trabalho\\\/#breadcrumb\"},\"inLanguage\":\"pt-BR\",\"potentialAction\":[{\"@type\":\"ReadAction\",\"target\":[\"https:\\\/\\\/www.notibras.com\\\/site\\\/estagiaria-presa-por-usar-cartoes-de-colegas-de-trabalho\\\/\"]}]},{\"@type\":\"ImageObject\",\"inLanguage\":\"pt-BR\",\"@id\":\"https:\\\/\\\/www.notibras.com\\\/site\\\/estagiaria-presa-por-usar-cartoes-de-colegas-de-trabalho\\\/#primaryimage\",\"url\":\"https:\\\/\\\/www.notibras.com\\\/site\\\/wp-content\\\/uploads\\\/2024\\\/05\\\/9c7c7e33-b23d-4bbb-94ac-579aba371d95.jpeg\",\"contentUrl\":\"https:\\\/\\\/www.notibras.com\\\/site\\\/wp-content\\\/uploads\\\/2024\\\/05\\\/9c7c7e33-b23d-4bbb-94ac-579aba371d95.jpeg\",\"width\":960,\"height\":1280},{\"@type\":\"BreadcrumbList\",\"@id\":\"https:\\\/\\\/www.notibras.com\\\/site\\\/estagiaria-presa-por-usar-cartoes-de-colegas-de-trabalho\\\/#breadcrumb\",\"itemListElement\":[{\"@type\":\"ListItem\",\"position\":1,\"name\":\"In\u00edcio\",\"item\":\"https:\\\/\\\/www.notibras.com\\\/site\\\/\"},{\"@type\":\"ListItem\",\"position\":2,\"name\":\"Estagi\u00e1ria presa por usar cart\u00f5es de colegas de trabalho\"}]},{\"@type\":\"WebSite\",\"@id\":\"https:\\\/\\\/www.notibras.com\\\/site\\\/#website\",\"url\":\"https:\\\/\\\/www.notibras.com\\\/site\\\/\",\"name\":\"Notibras\",\"description\":\"Not\u00edcias de Bras\u00edlia, do Brasil e do Mundo\",\"publisher\":{\"@id\":\"https:\\\/\\\/www.notibras.com\\\/site\\\/#organization\"},\"potentialAction\":[{\"@type\":\"SearchAction\",\"target\":{\"@type\":\"EntryPoint\",\"urlTemplate\":\"https:\\\/\\\/www.notibras.com\\\/site\\\/?s={search_term_string}\"},\"query-input\":{\"@type\":\"PropertyValueSpecification\",\"valueRequired\":true,\"valueName\":\"search_term_string\"}}],\"inLanguage\":\"pt-BR\"},{\"@type\":\"Organization\",\"@id\":\"https:\\\/\\\/www.notibras.com\\\/site\\\/#organization\",\"name\":\"Grupo Notibras de Comunica\u00e7\u00e3o\",\"url\":\"https:\\\/\\\/www.notibras.com\\\/site\\\/\",\"logo\":{\"@type\":\"ImageObject\",\"inLanguage\":\"pt-BR\",\"@id\":\"https:\\\/\\\/www.notibras.com\\\/site\\\/#\\\/schema\\\/logo\\\/image\\\/\",\"url\":\"https:\\\/\\\/www.notibras.com\\\/site\\\/wp-content\\\/uploads\\\/2023\\\/01\\\/notibras23.png\",\"contentUrl\":\"https:\\\/\\\/www.notibras.com\\\/site\\\/wp-content\\\/uploads\\\/2023\\\/01\\\/notibras23.png\",\"width\":350,\"height\":87,\"caption\":\"Grupo Notibras de Comunica\u00e7\u00e3o\"},\"image\":{\"@id\":\"https:\\\/\\\/www.notibras.com\\\/site\\\/#\\\/schema\\\/logo\\\/image\\\/\"},\"sameAs\":[\"https:\\\/\\\/www.facebook.com\\\/notibras\\\/\",\"https:\\\/\\\/x.com\\\/Notibras\",\"https:\\\/\\\/www.instagram.com\\\/notibras\\\/\"]},{\"@type\":\"Person\",\"@id\":\"https:\\\/\\\/www.notibras.com\\\/site\\\/#\\\/schema\\\/person\\\/36ab0979449956132d3e5b517ea76ac8\",\"name\":\"Reda\u00e7\u00e3o\",\"image\":{\"@type\":\"ImageObject\",\"inLanguage\":\"pt-BR\",\"@id\":\"https:\\\/\\\/secure.gravatar.com\\\/avatar\\\/e0a867bdedb85fd243eadf09663511f96fc81e0720a4a42581f334ad4303aa6b?s=96&d=mm&r=g\",\"url\":\"https:\\\/\\\/secure.gravatar.com\\\/avatar\\\/e0a867bdedb85fd243eadf09663511f96fc81e0720a4a42581f334ad4303aa6b?s=96&d=mm&r=g\",\"contentUrl\":\"https:\\\/\\\/secure.gravatar.com\\\/avatar\\\/e0a867bdedb85fd243eadf09663511f96fc81e0720a4a42581f334ad4303aa6b?s=96&d=mm&r=g\",\"caption\":\"Reda\u00e7\u00e3o\"}}]}<\/script>\n<!-- \/ Yoast SEO plugin. -->","yoast_head_json":{"title":"Estagi\u00e1ria presa por usar cart\u00f5es de colegas de trabalho - Notibras","robots":{"index":"index","follow":"follow","max-snippet":"max-snippet:-1","max-image-preview":"max-image-preview:large","max-video-preview":"max-video-preview:-1"},"canonical":"https:\/\/www.notibras.com\/site\/estagiaria-presa-por-usar-cartoes-de-colegas-de-trabalho\/","og_locale":"pt_BR","og_type":"article","og_title":"Estagi\u00e1ria presa por usar cart\u00f5es de colegas de trabalho - Notibras","og_description":"A Policia Civil, por meio da 15\u00aa DP, deflagrou a opera\u00e7\u00e3o a Opera\u00e7\u00e3o Compra Il\u00edcita, e prendeu em flagrante uma mulher de 28 anos de idade pelo crime de estelionato. Segundo apurado, a mulher, que atua como estagi\u00e1ria em \u00f3rg\u00e3os do Governo Federal, aproveitando-se do descuido de algumas colegas de trabalho, subtraiu ou fotografou os [&hellip;]","og_url":"https:\/\/www.notibras.com\/site\/estagiaria-presa-por-usar-cartoes-de-colegas-de-trabalho\/","og_site_name":"Notibras","article_publisher":"https:\/\/www.facebook.com\/notibras\/","article_published_time":"2024-05-08T11:02:33+00:00","article_modified_time":"2024-05-08T11:59:18+00:00","og_image":[{"width":960,"height":1280,"url":"https:\/\/www.notibras.com\/site\/wp-content\/uploads\/2024\/05\/9c7c7e33-b23d-4bbb-94ac-579aba371d95.jpeg","type":"image\/jpeg"}],"author":"Reda\u00e7\u00e3o","twitter_card":"summary_large_image","twitter_creator":"@Notibras","twitter_site":"@Notibras","twitter_misc":{"Escrito por":"Reda\u00e7\u00e3o","Est. tempo de leitura":"3 minutos"},"schema":{"@context":"https:\/\/schema.org","@graph":[{"@type":"Article","@id":"https:\/\/www.notibras.com\/site\/estagiaria-presa-por-usar-cartoes-de-colegas-de-trabalho\/#article","isPartOf":{"@id":"https:\/\/www.notibras.com\/site\/estagiaria-presa-por-usar-cartoes-de-colegas-de-trabalho\/"},"author":{"name":"Reda\u00e7\u00e3o","@id":"https:\/\/www.notibras.com\/site\/#\/schema\/person\/36ab0979449956132d3e5b517ea76ac8"},"headline":"Estagi\u00e1ria presa por usar cart\u00f5es de colegas de trabalho","datePublished":"2024-05-08T11:02:33+00:00","dateModified":"2024-05-08T11:59:18+00:00","mainEntityOfPage":{"@id":"https:\/\/www.notibras.com\/site\/estagiaria-presa-por-usar-cartoes-de-colegas-de-trabalho\/"},"wordCount":454,"publisher":{"@id":"https:\/\/www.notibras.com\/site\/#organization"},"image":{"@id":"https:\/\/www.notibras.com\/site\/estagiaria-presa-por-usar-cartoes-de-colegas-de-trabalho\/#primaryimage"},"thumbnailUrl":"https:\/\/www.notibras.com\/site\/wp-content\/uploads\/2024\/05\/9c7c7e33-b23d-4bbb-94ac-579aba371d95.jpeg","articleSection":["Quadradinho em Foco"],"inLanguage":"pt-BR"},{"@type":"WebPage","@id":"https:\/\/www.notibras.com\/site\/estagiaria-presa-por-usar-cartoes-de-colegas-de-trabalho\/","url":"https:\/\/www.notibras.com\/site\/estagiaria-presa-por-usar-cartoes-de-colegas-de-trabalho\/","name":"Estagi\u00e1ria presa por usar cart\u00f5es de colegas de trabalho - Notibras","isPartOf":{"@id":"https:\/\/www.notibras.com\/site\/#website"},"primaryImageOfPage":{"@id":"https:\/\/www.notibras.com\/site\/estagiaria-presa-por-usar-cartoes-de-colegas-de-trabalho\/#primaryimage"},"image":{"@id":"https:\/\/www.notibras.com\/site\/estagiaria-presa-por-usar-cartoes-de-colegas-de-trabalho\/#primaryimage"},"thumbnailUrl":"https:\/\/www.notibras.com\/site\/wp-content\/uploads\/2024\/05\/9c7c7e33-b23d-4bbb-94ac-579aba371d95.jpeg","datePublished":"2024-05-08T11:02:33+00:00","dateModified":"2024-05-08T11:59:18+00:00","breadcrumb":{"@id":"https:\/\/www.notibras.com\/site\/estagiaria-presa-por-usar-cartoes-de-colegas-de-trabalho\/#breadcrumb"},"inLanguage":"pt-BR","potentialAction":[{"@type":"ReadAction","target":["https:\/\/www.notibras.com\/site\/estagiaria-presa-por-usar-cartoes-de-colegas-de-trabalho\/"]}]},{"@type":"ImageObject","inLanguage":"pt-BR","@id":"https:\/\/www.notibras.com\/site\/estagiaria-presa-por-usar-cartoes-de-colegas-de-trabalho\/#primaryimage","url":"https:\/\/www.notibras.com\/site\/wp-content\/uploads\/2024\/05\/9c7c7e33-b23d-4bbb-94ac-579aba371d95.jpeg","contentUrl":"https:\/\/www.notibras.com\/site\/wp-content\/uploads\/2024\/05\/9c7c7e33-b23d-4bbb-94ac-579aba371d95.jpeg","width":960,"height":1280},{"@type":"BreadcrumbList","@id":"https:\/\/www.notibras.com\/site\/estagiaria-presa-por-usar-cartoes-de-colegas-de-trabalho\/#breadcrumb","itemListElement":[{"@type":"ListItem","position":1,"name":"In\u00edcio","item":"https:\/\/www.notibras.com\/site\/"},{"@type":"ListItem","position":2,"name":"Estagi\u00e1ria presa por usar cart\u00f5es de colegas de trabalho"}]},{"@type":"WebSite","@id":"https:\/\/www.notibras.com\/site\/#website","url":"https:\/\/www.notibras.com\/site\/","name":"Notibras","description":"Not\u00edcias de Bras\u00edlia, do Brasil e do Mundo","publisher":{"@id":"https:\/\/www.notibras.com\/site\/#organization"},"potentialAction":[{"@type":"SearchAction","target":{"@type":"EntryPoint","urlTemplate":"https:\/\/www.notibras.com\/site\/?s={search_term_string}"},"query-input":{"@type":"PropertyValueSpecification","valueRequired":true,"valueName":"search_term_string"}}],"inLanguage":"pt-BR"},{"@type":"Organization","@id":"https:\/\/www.notibras.com\/site\/#organization","name":"Grupo Notibras de Comunica\u00e7\u00e3o","url":"https:\/\/www.notibras.com\/site\/","logo":{"@type":"ImageObject","inLanguage":"pt-BR","@id":"https:\/\/www.notibras.com\/site\/#\/schema\/logo\/image\/","url":"https:\/\/www.notibras.com\/site\/wp-content\/uploads\/2023\/01\/notibras23.png","contentUrl":"https:\/\/www.notibras.com\/site\/wp-content\/uploads\/2023\/01\/notibras23.png","width":350,"height":87,"caption":"Grupo Notibras de Comunica\u00e7\u00e3o"},"image":{"@id":"https:\/\/www.notibras.com\/site\/#\/schema\/logo\/image\/"},"sameAs":["https:\/\/www.facebook.com\/notibras\/","https:\/\/x.com\/Notibras","https:\/\/www.instagram.com\/notibras\/"]},{"@type":"Person","@id":"https:\/\/www.notibras.com\/site\/#\/schema\/person\/36ab0979449956132d3e5b517ea76ac8","name":"Reda\u00e7\u00e3o","image":{"@type":"ImageObject","inLanguage":"pt-BR","@id":"https:\/\/secure.gravatar.com\/avatar\/e0a867bdedb85fd243eadf09663511f96fc81e0720a4a42581f334ad4303aa6b?s=96&d=mm&r=g","url":"https:\/\/secure.gravatar.com\/avatar\/e0a867bdedb85fd243eadf09663511f96fc81e0720a4a42581f334ad4303aa6b?s=96&d=mm&r=g","contentUrl":"https:\/\/secure.gravatar.com\/avatar\/e0a867bdedb85fd243eadf09663511f96fc81e0720a4a42581f334ad4303aa6b?s=96&d=mm&r=g","caption":"Reda\u00e7\u00e3o"}}]}},"amp_enabled":true,"_links":{"self":[{"href":"https:\/\/www.notibras.com\/site\/wp-json\/wp\/v2\/posts\/328244","targetHints":{"allow":["GET"]}}],"collection":[{"href":"https:\/\/www.notibras.com\/site\/wp-json\/wp\/v2\/posts"}],"about":[{"href":"https:\/\/www.notibras.com\/site\/wp-json\/wp\/v2\/types\/post"}],"author":[{"embeddable":true,"href":"https:\/\/www.notibras.com\/site\/wp-json\/wp\/v2\/users\/2"}],"replies":[{"embeddable":true,"href":"https:\/\/www.notibras.com\/site\/wp-json\/wp\/v2\/comments?post=328244"}],"version-history":[{"count":1,"href":"https:\/\/www.notibras.com\/site\/wp-json\/wp\/v2\/posts\/328244\/revisions"}],"predecessor-version":[{"id":328246,"href":"https:\/\/www.notibras.com\/site\/wp-json\/wp\/v2\/posts\/328244\/revisions\/328246"}],"wp:featuredmedia":[{"embeddable":true,"href":"https:\/\/www.notibras.com\/site\/wp-json\/wp\/v2\/media\/328245"}],"wp:attachment":[{"href":"https:\/\/www.notibras.com\/site\/wp-json\/wp\/v2\/media?parent=328244"}],"wp:term":[{"taxonomy":"category","embeddable":true,"href":"https:\/\/www.notibras.com\/site\/wp-json\/wp\/v2\/categories?post=328244"},{"taxonomy":"post_tag","embeddable":true,"href":"https:\/\/www.notibras.com\/site\/wp-json\/wp\/v2\/tags?post=328244"}],"curies":[{"name":"wp","href":"https:\/\/api.w.org\/{rel}","templated":true}]}}