{"id":328254,"date":"2024-05-08T00:23:44","date_gmt":"2024-05-08T03:23:44","guid":{"rendered":"https:\/\/www.notibras.com\/site\/?p=328254"},"modified":"2024-05-08T09:26:15","modified_gmt":"2024-05-08T12:26:15","slug":"mais-de-2-mil-arvores-foram-plantadas-para-substituir-antigos-pinheiros","status":"publish","type":"post","link":"https:\/\/www.notibras.com\/site\/mais-de-2-mil-arvores-foram-plantadas-para-substituir-antigos-pinheiros\/","title":{"rendered":"Mais de 2 mil \u00e1rvores foram plantadas para substituir antigos pinheiros"},"content":{"rendered":"<p>Uma nova paisagem j\u00e1 est\u00e1 em crescimento no Parque da Cidade Dona Sarah Kubitschek. O lugar, antes ocupado pelos pinheiros retirados por quest\u00f5es de seguran\u00e7a, agora \u00e9 um ber\u00e7\u00e1rio repleto de novas mudas nativas do Cerrado brasiliense. S\u00e3o 2 mil mudas de 65 esp\u00e9cies nativas que mudar\u00e3o a paisagem do local quando crescerem, seguindo o plano original de paisagismo do parque elaborado por Roberto Burle Marx.<\/p>\n<p>O Governo do Distrito Federal (GDF) finalizou o plantio das novas \u00e1rvores em mar\u00e7o. De acordo com o chefe do Departamento de Parques e Jardins da Novacap, Raimundo Oliveira, mesmo que demore alguns anos para que as \u00e1rvores cres\u00e7am e deem sombra, o crescimento das mudas est\u00e1 dentro da expectativa e elas est\u00e3o sendo monitoradas constantemente.<\/p>\n<p>\u201cO crescimento dessas esp\u00e9cies n\u00e3o \u00e9 t\u00e3o acelerado como seria um bosque de pinos, mas estamos fazendo um tratamento diferenciado para que em cinco anos j\u00e1 tenham esp\u00e9cies que promovam um sombreamento e a popula\u00e7\u00e3o consiga usufruir\u201d, destaca o gestor. Ele estipula que a plenitude das \u00e1rvores ser\u00e1 alcan\u00e7ada em torno de dez anos.<\/p>\n<p>Segundo o respons\u00e1vel pelo replantio do bosque, as equipes fazem o acompanhamento de combate de pragas e formigas semanalmente, al\u00e9m da manuten\u00e7\u00e3o da \u00e1rea limpa, controle da vegeta\u00e7\u00e3o, irriga\u00e7\u00e3o, manejo e aduba\u00e7\u00f5es peri\u00f3dicas para que haja um crescimento acelerado.<\/p>\n<p>Durante um passeio de bicicleta pr\u00f3ximo ao Estacionamento 4 do Parque da Cidade, onde \u00e9 poss\u00edvel ver as novas mudas, o programador Guilherme Neves Souza, 29, disse ter boas expectativas sobre a nova paisagem. \u201cEu estou bem animado com o que pode vir a ser, porque aqui \u00e9 um lugar muito t\u00edpico de Bras\u00edlia. Eu acho que \u00e9 importante essa renova\u00e7\u00e3o, porque os pinheiros n\u00e3o eram nativos daqui. Voltar a ter esse espa\u00e7o lembra o que a gente realmente \u00e9 aqui, essa \u00e1rea que \u00e9 o Cerrado mesmo, uma minissavana muito bonita\u201d, acentua.<\/p>\n<p>Dentre as 65 diferentes esp\u00e9cies plantadas est\u00e3o 100 copa\u00edbas, 25 louros pardos, 25 aroeiras vermelhas, 18 mudas de pau- brasil, dez tamarindeiros, seis pequizeiros, 30 pitangueiras, 296 palmeiras e mais de 800 ip\u00eas \u2013 sendo eles roxos, brancos e de diferentes tipos de amarelo.<\/p>\n<p>Os ip\u00eas s\u00e3o as \u00e1rvores favoritas do aposentado Sergio Neves, 73, que diz j\u00e1 ter plantado quatro na regi\u00e3o. Para ele, a espera pelo crescimento das \u00e1rvores faz parte do processo de arboriza\u00e7\u00e3o. \u201cEu estou aguardando a flora\u00e7\u00e3o dos que eu plantei h\u00e1 sete anos j\u00e1, ent\u00e3o essa esfera aqui n\u00e3o me traz nenhuma preocupa\u00e7\u00e3o, \u00e9 assim mesmo\u201d. Sergio, que costuma correr no parque e sempre passa pela \u00e1rea onde as novas mudas foram plantadas, descreve a provid\u00eancia tomada na regi\u00e3o como necess\u00e1ria para a seguran\u00e7a da popula\u00e7\u00e3o.<\/p>\n<p>O bosque j\u00e1 foi 100% replantado, com a retirada dos tocos est\u00e1 em 80%. Raimundo frisa a import\u00e2ncia do trabalho de remo\u00e7\u00e3o dos pinheiros e a troca pelas novas \u00e1rvores plantadas, que podem chegar at\u00e9 tr\u00eas metros e possuem baixos \u00edndices de queda.<\/p>\n<p>\u201cAl\u00e9m da redu\u00e7\u00e3o de risco das quedas de \u00e1rvores que tinham mais de 20 metros de altura, hoje devolvemos para a \u00e1rea esp\u00e9cies adequadas do cerrado com um comportamento ideal para o clima de Bras\u00edlia. Nossa inten\u00e7\u00e3o \u00e9 que o bosque contemple o projeto inicial do parque\u201d, observa o representante da Novacap.<\/p>\n<p>O administrador do Parque da Cidade, Todi Moreno, refor\u00e7a que o parque n\u00e3o receber\u00e1 nenhum evento de grande porte na \u00e1rea renovada at\u00e9 que as mudas tomem corpo, uma decis\u00e3o tomada para n\u00e3o atrapalhar o desenvolvimento da nova vegeta\u00e7\u00e3o. \u201cAgora vamos ter de fato \u00e1rvores nativas que v\u00e3o trazer mais seguran\u00e7a para os nossos frequentadores\u201d, afirma.<\/p>\n","protected":false},"excerpt":{"rendered":"<p>Uma nova paisagem j\u00e1 est\u00e1 em crescimento no Parque da Cidade Dona Sarah Kubitschek. O lugar, antes ocupado pelos pinheiros retirados por quest\u00f5es de seguran\u00e7a, agora \u00e9 um ber\u00e7\u00e1rio repleto de novas mudas nativas do Cerrado brasiliense. S\u00e3o 2 mil mudas de 65 esp\u00e9cies nativas que mudar\u00e3o a paisagem do local quando crescerem, seguindo o [&hellip;]<\/p>\n","protected":false},"author":2,"featured_media":328255,"comment_status":"closed","ping_status":"closed","sticky":false,"template":"","format":"standard","meta":{"_acf_changed":false,"footnotes":""},"categories":[161],"tags":[],"class_list":["post-328254","post","type-post","status-publish","format-standard","has-post-thumbnail","hentry","category-quadradinho-em-foco"],"acf":[],"yoast_head":"<!-- This site is optimized with the Yoast SEO plugin v27.5 - https:\/\/yoast.com\/product\/yoast-seo-wordpress\/ -->\n<title>Mais de 2 mil \u00e1rvores foram plantadas para substituir antigos pinheiros - Notibras<\/title>\n<meta name=\"robots\" content=\"index, follow, max-snippet:-1, max-image-preview:large, max-video-preview:-1\" \/>\n<link rel=\"canonical\" href=\"https:\/\/www.notibras.com\/site\/mais-de-2-mil-arvores-foram-plantadas-para-substituir-antigos-pinheiros\/\" \/>\n<meta property=\"og:locale\" content=\"pt_BR\" \/>\n<meta property=\"og:type\" content=\"article\" \/>\n<meta property=\"og:title\" content=\"Mais de 2 mil \u00e1rvores foram plantadas para substituir antigos pinheiros - Notibras\" \/>\n<meta property=\"og:description\" content=\"Uma nova paisagem j\u00e1 est\u00e1 em crescimento no Parque da Cidade Dona Sarah Kubitschek. O lugar, antes ocupado pelos pinheiros retirados por quest\u00f5es de seguran\u00e7a, agora \u00e9 um ber\u00e7\u00e1rio repleto de novas mudas nativas do Cerrado brasiliense. S\u00e3o 2 mil mudas de 65 esp\u00e9cies nativas que mudar\u00e3o a paisagem do local quando crescerem, seguindo o [&hellip;]\" \/>\n<meta property=\"og:url\" content=\"https:\/\/www.notibras.com\/site\/mais-de-2-mil-arvores-foram-plantadas-para-substituir-antigos-pinheiros\/\" \/>\n<meta property=\"og:site_name\" content=\"Notibras\" \/>\n<meta property=\"article:publisher\" content=\"https:\/\/www.facebook.com\/notibras\/\" \/>\n<meta property=\"article:published_time\" content=\"2024-05-08T03:23:44+00:00\" \/>\n<meta property=\"article:modified_time\" content=\"2024-05-08T12:26:15+00:00\" \/>\n<meta property=\"og:image\" content=\"https:\/\/www.notibras.com\/site\/wp-content\/uploads\/2024\/05\/WhatsApp-Image-2024-05-07-at-19.07.09-1536x1023-1.jpeg\" \/>\n\t<meta property=\"og:image:width\" content=\"1536\" \/>\n\t<meta property=\"og:image:height\" content=\"1023\" \/>\n\t<meta property=\"og:image:type\" content=\"image\/jpeg\" \/>\n<meta name=\"author\" content=\"Reda\u00e7\u00e3o\" \/>\n<meta name=\"twitter:card\" content=\"summary_large_image\" \/>\n<meta name=\"twitter:creator\" content=\"@Notibras\" \/>\n<meta name=\"twitter:site\" content=\"@Notibras\" \/>\n<meta name=\"twitter:label1\" content=\"Escrito por\" \/>\n\t<meta name=\"twitter:data1\" content=\"Reda\u00e7\u00e3o\" \/>\n\t<meta name=\"twitter:label2\" content=\"Est. tempo de leitura\" \/>\n\t<meta name=\"twitter:data2\" content=\"4 minutos\" \/>\n<script type=\"application\/ld+json\" class=\"yoast-schema-graph\">{\"@context\":\"https:\\\/\\\/schema.org\",\"@graph\":[{\"@type\":\"Article\",\"@id\":\"https:\\\/\\\/www.notibras.com\\\/site\\\/mais-de-2-mil-arvores-foram-plantadas-para-substituir-antigos-pinheiros\\\/#article\",\"isPartOf\":{\"@id\":\"https:\\\/\\\/www.notibras.com\\\/site\\\/mais-de-2-mil-arvores-foram-plantadas-para-substituir-antigos-pinheiros\\\/\"},\"author\":{\"name\":\"Reda\u00e7\u00e3o\",\"@id\":\"https:\\\/\\\/www.notibras.com\\\/site\\\/#\\\/schema\\\/person\\\/36ab0979449956132d3e5b517ea76ac8\"},\"headline\":\"Mais de 2 mil \u00e1rvores foram plantadas para substituir antigos pinheiros\",\"datePublished\":\"2024-05-08T03:23:44+00:00\",\"dateModified\":\"2024-05-08T12:26:15+00:00\",\"mainEntityOfPage\":{\"@id\":\"https:\\\/\\\/www.notibras.com\\\/site\\\/mais-de-2-mil-arvores-foram-plantadas-para-substituir-antigos-pinheiros\\\/\"},\"wordCount\":636,\"publisher\":{\"@id\":\"https:\\\/\\\/www.notibras.com\\\/site\\\/#organization\"},\"image\":{\"@id\":\"https:\\\/\\\/www.notibras.com\\\/site\\\/mais-de-2-mil-arvores-foram-plantadas-para-substituir-antigos-pinheiros\\\/#primaryimage\"},\"thumbnailUrl\":\"https:\\\/\\\/www.notibras.com\\\/site\\\/wp-content\\\/uploads\\\/2024\\\/05\\\/WhatsApp-Image-2024-05-07-at-19.07.09-1536x1023-1.jpeg\",\"articleSection\":[\"Quadradinho em Foco\"],\"inLanguage\":\"pt-BR\"},{\"@type\":\"WebPage\",\"@id\":\"https:\\\/\\\/www.notibras.com\\\/site\\\/mais-de-2-mil-arvores-foram-plantadas-para-substituir-antigos-pinheiros\\\/\",\"url\":\"https:\\\/\\\/www.notibras.com\\\/site\\\/mais-de-2-mil-arvores-foram-plantadas-para-substituir-antigos-pinheiros\\\/\",\"name\":\"Mais de 2 mil \u00e1rvores foram plantadas para substituir antigos pinheiros - Notibras\",\"isPartOf\":{\"@id\":\"https:\\\/\\\/www.notibras.com\\\/site\\\/#website\"},\"primaryImageOfPage\":{\"@id\":\"https:\\\/\\\/www.notibras.com\\\/site\\\/mais-de-2-mil-arvores-foram-plantadas-para-substituir-antigos-pinheiros\\\/#primaryimage\"},\"image\":{\"@id\":\"https:\\\/\\\/www.notibras.com\\\/site\\\/mais-de-2-mil-arvores-foram-plantadas-para-substituir-antigos-pinheiros\\\/#primaryimage\"},\"thumbnailUrl\":\"https:\\\/\\\/www.notibras.com\\\/site\\\/wp-content\\\/uploads\\\/2024\\\/05\\\/WhatsApp-Image-2024-05-07-at-19.07.09-1536x1023-1.jpeg\",\"datePublished\":\"2024-05-08T03:23:44+00:00\",\"dateModified\":\"2024-05-08T12:26:15+00:00\",\"breadcrumb\":{\"@id\":\"https:\\\/\\\/www.notibras.com\\\/site\\\/mais-de-2-mil-arvores-foram-plantadas-para-substituir-antigos-pinheiros\\\/#breadcrumb\"},\"inLanguage\":\"pt-BR\",\"potentialAction\":[{\"@type\":\"ReadAction\",\"target\":[\"https:\\\/\\\/www.notibras.com\\\/site\\\/mais-de-2-mil-arvores-foram-plantadas-para-substituir-antigos-pinheiros\\\/\"]}]},{\"@type\":\"ImageObject\",\"inLanguage\":\"pt-BR\",\"@id\":\"https:\\\/\\\/www.notibras.com\\\/site\\\/mais-de-2-mil-arvores-foram-plantadas-para-substituir-antigos-pinheiros\\\/#primaryimage\",\"url\":\"https:\\\/\\\/www.notibras.com\\\/site\\\/wp-content\\\/uploads\\\/2024\\\/05\\\/WhatsApp-Image-2024-05-07-at-19.07.09-1536x1023-1.jpeg\",\"contentUrl\":\"https:\\\/\\\/www.notibras.com\\\/site\\\/wp-content\\\/uploads\\\/2024\\\/05\\\/WhatsApp-Image-2024-05-07-at-19.07.09-1536x1023-1.jpeg\",\"width\":1536,\"height\":1023},{\"@type\":\"BreadcrumbList\",\"@id\":\"https:\\\/\\\/www.notibras.com\\\/site\\\/mais-de-2-mil-arvores-foram-plantadas-para-substituir-antigos-pinheiros\\\/#breadcrumb\",\"itemListElement\":[{\"@type\":\"ListItem\",\"position\":1,\"name\":\"In\u00edcio\",\"item\":\"https:\\\/\\\/www.notibras.com\\\/site\\\/\"},{\"@type\":\"ListItem\",\"position\":2,\"name\":\"Mais de 2 mil \u00e1rvores foram plantadas para substituir antigos pinheiros\"}]},{\"@type\":\"WebSite\",\"@id\":\"https:\\\/\\\/www.notibras.com\\\/site\\\/#website\",\"url\":\"https:\\\/\\\/www.notibras.com\\\/site\\\/\",\"name\":\"Notibras\",\"description\":\"Not\u00edcias de Bras\u00edlia, do Brasil e do Mundo\",\"publisher\":{\"@id\":\"https:\\\/\\\/www.notibras.com\\\/site\\\/#organization\"},\"potentialAction\":[{\"@type\":\"SearchAction\",\"target\":{\"@type\":\"EntryPoint\",\"urlTemplate\":\"https:\\\/\\\/www.notibras.com\\\/site\\\/?s={search_term_string}\"},\"query-input\":{\"@type\":\"PropertyValueSpecification\",\"valueRequired\":true,\"valueName\":\"search_term_string\"}}],\"inLanguage\":\"pt-BR\"},{\"@type\":\"Organization\",\"@id\":\"https:\\\/\\\/www.notibras.com\\\/site\\\/#organization\",\"name\":\"Grupo Notibras de Comunica\u00e7\u00e3o\",\"url\":\"https:\\\/\\\/www.notibras.com\\\/site\\\/\",\"logo\":{\"@type\":\"ImageObject\",\"inLanguage\":\"pt-BR\",\"@id\":\"https:\\\/\\\/www.notibras.com\\\/site\\\/#\\\/schema\\\/logo\\\/image\\\/\",\"url\":\"https:\\\/\\\/www.notibras.com\\\/site\\\/wp-content\\\/uploads\\\/2023\\\/01\\\/notibras23.png\",\"contentUrl\":\"https:\\\/\\\/www.notibras.com\\\/site\\\/wp-content\\\/uploads\\\/2023\\\/01\\\/notibras23.png\",\"width\":350,\"height\":87,\"caption\":\"Grupo Notibras de Comunica\u00e7\u00e3o\"},\"image\":{\"@id\":\"https:\\\/\\\/www.notibras.com\\\/site\\\/#\\\/schema\\\/logo\\\/image\\\/\"},\"sameAs\":[\"https:\\\/\\\/www.facebook.com\\\/notibras\\\/\",\"https:\\\/\\\/x.com\\\/Notibras\",\"https:\\\/\\\/www.instagram.com\\\/notibras\\\/\"]},{\"@type\":\"Person\",\"@id\":\"https:\\\/\\\/www.notibras.com\\\/site\\\/#\\\/schema\\\/person\\\/36ab0979449956132d3e5b517ea76ac8\",\"name\":\"Reda\u00e7\u00e3o\",\"image\":{\"@type\":\"ImageObject\",\"inLanguage\":\"pt-BR\",\"@id\":\"https:\\\/\\\/secure.gravatar.com\\\/avatar\\\/e0a867bdedb85fd243eadf09663511f96fc81e0720a4a42581f334ad4303aa6b?s=96&d=mm&r=g\",\"url\":\"https:\\\/\\\/secure.gravatar.com\\\/avatar\\\/e0a867bdedb85fd243eadf09663511f96fc81e0720a4a42581f334ad4303aa6b?s=96&d=mm&r=g\",\"contentUrl\":\"https:\\\/\\\/secure.gravatar.com\\\/avatar\\\/e0a867bdedb85fd243eadf09663511f96fc81e0720a4a42581f334ad4303aa6b?s=96&d=mm&r=g\",\"caption\":\"Reda\u00e7\u00e3o\"}}]}<\/script>\n<!-- \/ Yoast SEO plugin. -->","yoast_head_json":{"title":"Mais de 2 mil \u00e1rvores foram plantadas para substituir antigos pinheiros - Notibras","robots":{"index":"index","follow":"follow","max-snippet":"max-snippet:-1","max-image-preview":"max-image-preview:large","max-video-preview":"max-video-preview:-1"},"canonical":"https:\/\/www.notibras.com\/site\/mais-de-2-mil-arvores-foram-plantadas-para-substituir-antigos-pinheiros\/","og_locale":"pt_BR","og_type":"article","og_title":"Mais de 2 mil \u00e1rvores foram plantadas para substituir antigos pinheiros - Notibras","og_description":"Uma nova paisagem j\u00e1 est\u00e1 em crescimento no Parque da Cidade Dona Sarah Kubitschek. O lugar, antes ocupado pelos pinheiros retirados por quest\u00f5es de seguran\u00e7a, agora \u00e9 um ber\u00e7\u00e1rio repleto de novas mudas nativas do Cerrado brasiliense. S\u00e3o 2 mil mudas de 65 esp\u00e9cies nativas que mudar\u00e3o a paisagem do local quando crescerem, seguindo o [&hellip;]","og_url":"https:\/\/www.notibras.com\/site\/mais-de-2-mil-arvores-foram-plantadas-para-substituir-antigos-pinheiros\/","og_site_name":"Notibras","article_publisher":"https:\/\/www.facebook.com\/notibras\/","article_published_time":"2024-05-08T03:23:44+00:00","article_modified_time":"2024-05-08T12:26:15+00:00","og_image":[{"width":1536,"height":1023,"url":"https:\/\/www.notibras.com\/site\/wp-content\/uploads\/2024\/05\/WhatsApp-Image-2024-05-07-at-19.07.09-1536x1023-1.jpeg","type":"image\/jpeg"}],"author":"Reda\u00e7\u00e3o","twitter_card":"summary_large_image","twitter_creator":"@Notibras","twitter_site":"@Notibras","twitter_misc":{"Escrito por":"Reda\u00e7\u00e3o","Est. tempo de leitura":"4 minutos"},"schema":{"@context":"https:\/\/schema.org","@graph":[{"@type":"Article","@id":"https:\/\/www.notibras.com\/site\/mais-de-2-mil-arvores-foram-plantadas-para-substituir-antigos-pinheiros\/#article","isPartOf":{"@id":"https:\/\/www.notibras.com\/site\/mais-de-2-mil-arvores-foram-plantadas-para-substituir-antigos-pinheiros\/"},"author":{"name":"Reda\u00e7\u00e3o","@id":"https:\/\/www.notibras.com\/site\/#\/schema\/person\/36ab0979449956132d3e5b517ea76ac8"},"headline":"Mais de 2 mil \u00e1rvores foram plantadas para substituir antigos pinheiros","datePublished":"2024-05-08T03:23:44+00:00","dateModified":"2024-05-08T12:26:15+00:00","mainEntityOfPage":{"@id":"https:\/\/www.notibras.com\/site\/mais-de-2-mil-arvores-foram-plantadas-para-substituir-antigos-pinheiros\/"},"wordCount":636,"publisher":{"@id":"https:\/\/www.notibras.com\/site\/#organization"},"image":{"@id":"https:\/\/www.notibras.com\/site\/mais-de-2-mil-arvores-foram-plantadas-para-substituir-antigos-pinheiros\/#primaryimage"},"thumbnailUrl":"https:\/\/www.notibras.com\/site\/wp-content\/uploads\/2024\/05\/WhatsApp-Image-2024-05-07-at-19.07.09-1536x1023-1.jpeg","articleSection":["Quadradinho em Foco"],"inLanguage":"pt-BR"},{"@type":"WebPage","@id":"https:\/\/www.notibras.com\/site\/mais-de-2-mil-arvores-foram-plantadas-para-substituir-antigos-pinheiros\/","url":"https:\/\/www.notibras.com\/site\/mais-de-2-mil-arvores-foram-plantadas-para-substituir-antigos-pinheiros\/","name":"Mais de 2 mil \u00e1rvores foram plantadas para substituir antigos pinheiros - Notibras","isPartOf":{"@id":"https:\/\/www.notibras.com\/site\/#website"},"primaryImageOfPage":{"@id":"https:\/\/www.notibras.com\/site\/mais-de-2-mil-arvores-foram-plantadas-para-substituir-antigos-pinheiros\/#primaryimage"},"image":{"@id":"https:\/\/www.notibras.com\/site\/mais-de-2-mil-arvores-foram-plantadas-para-substituir-antigos-pinheiros\/#primaryimage"},"thumbnailUrl":"https:\/\/www.notibras.com\/site\/wp-content\/uploads\/2024\/05\/WhatsApp-Image-2024-05-07-at-19.07.09-1536x1023-1.jpeg","datePublished":"2024-05-08T03:23:44+00:00","dateModified":"2024-05-08T12:26:15+00:00","breadcrumb":{"@id":"https:\/\/www.notibras.com\/site\/mais-de-2-mil-arvores-foram-plantadas-para-substituir-antigos-pinheiros\/#breadcrumb"},"inLanguage":"pt-BR","potentialAction":[{"@type":"ReadAction","target":["https:\/\/www.notibras.com\/site\/mais-de-2-mil-arvores-foram-plantadas-para-substituir-antigos-pinheiros\/"]}]},{"@type":"ImageObject","inLanguage":"pt-BR","@id":"https:\/\/www.notibras.com\/site\/mais-de-2-mil-arvores-foram-plantadas-para-substituir-antigos-pinheiros\/#primaryimage","url":"https:\/\/www.notibras.com\/site\/wp-content\/uploads\/2024\/05\/WhatsApp-Image-2024-05-07-at-19.07.09-1536x1023-1.jpeg","contentUrl":"https:\/\/www.notibras.com\/site\/wp-content\/uploads\/2024\/05\/WhatsApp-Image-2024-05-07-at-19.07.09-1536x1023-1.jpeg","width":1536,"height":1023},{"@type":"BreadcrumbList","@id":"https:\/\/www.notibras.com\/site\/mais-de-2-mil-arvores-foram-plantadas-para-substituir-antigos-pinheiros\/#breadcrumb","itemListElement":[{"@type":"ListItem","position":1,"name":"In\u00edcio","item":"https:\/\/www.notibras.com\/site\/"},{"@type":"ListItem","position":2,"name":"Mais de 2 mil \u00e1rvores foram plantadas para substituir antigos pinheiros"}]},{"@type":"WebSite","@id":"https:\/\/www.notibras.com\/site\/#website","url":"https:\/\/www.notibras.com\/site\/","name":"Notibras","description":"Not\u00edcias de Bras\u00edlia, do Brasil e do Mundo","publisher":{"@id":"https:\/\/www.notibras.com\/site\/#organization"},"potentialAction":[{"@type":"SearchAction","target":{"@type":"EntryPoint","urlTemplate":"https:\/\/www.notibras.com\/site\/?s={search_term_string}"},"query-input":{"@type":"PropertyValueSpecification","valueRequired":true,"valueName":"search_term_string"}}],"inLanguage":"pt-BR"},{"@type":"Organization","@id":"https:\/\/www.notibras.com\/site\/#organization","name":"Grupo Notibras de Comunica\u00e7\u00e3o","url":"https:\/\/www.notibras.com\/site\/","logo":{"@type":"ImageObject","inLanguage":"pt-BR","@id":"https:\/\/www.notibras.com\/site\/#\/schema\/logo\/image\/","url":"https:\/\/www.notibras.com\/site\/wp-content\/uploads\/2023\/01\/notibras23.png","contentUrl":"https:\/\/www.notibras.com\/site\/wp-content\/uploads\/2023\/01\/notibras23.png","width":350,"height":87,"caption":"Grupo Notibras de Comunica\u00e7\u00e3o"},"image":{"@id":"https:\/\/www.notibras.com\/site\/#\/schema\/logo\/image\/"},"sameAs":["https:\/\/www.facebook.com\/notibras\/","https:\/\/x.com\/Notibras","https:\/\/www.instagram.com\/notibras\/"]},{"@type":"Person","@id":"https:\/\/www.notibras.com\/site\/#\/schema\/person\/36ab0979449956132d3e5b517ea76ac8","name":"Reda\u00e7\u00e3o","image":{"@type":"ImageObject","inLanguage":"pt-BR","@id":"https:\/\/secure.gravatar.com\/avatar\/e0a867bdedb85fd243eadf09663511f96fc81e0720a4a42581f334ad4303aa6b?s=96&d=mm&r=g","url":"https:\/\/secure.gravatar.com\/avatar\/e0a867bdedb85fd243eadf09663511f96fc81e0720a4a42581f334ad4303aa6b?s=96&d=mm&r=g","contentUrl":"https:\/\/secure.gravatar.com\/avatar\/e0a867bdedb85fd243eadf09663511f96fc81e0720a4a42581f334ad4303aa6b?s=96&d=mm&r=g","caption":"Reda\u00e7\u00e3o"}}]}},"amp_enabled":true,"_links":{"self":[{"href":"https:\/\/www.notibras.com\/site\/wp-json\/wp\/v2\/posts\/328254","targetHints":{"allow":["GET"]}}],"collection":[{"href":"https:\/\/www.notibras.com\/site\/wp-json\/wp\/v2\/posts"}],"about":[{"href":"https:\/\/www.notibras.com\/site\/wp-json\/wp\/v2\/types\/post"}],"author":[{"embeddable":true,"href":"https:\/\/www.notibras.com\/site\/wp-json\/wp\/v2\/users\/2"}],"replies":[{"embeddable":true,"href":"https:\/\/www.notibras.com\/site\/wp-json\/wp\/v2\/comments?post=328254"}],"version-history":[{"count":1,"href":"https:\/\/www.notibras.com\/site\/wp-json\/wp\/v2\/posts\/328254\/revisions"}],"predecessor-version":[{"id":328256,"href":"https:\/\/www.notibras.com\/site\/wp-json\/wp\/v2\/posts\/328254\/revisions\/328256"}],"wp:featuredmedia":[{"embeddable":true,"href":"https:\/\/www.notibras.com\/site\/wp-json\/wp\/v2\/media\/328255"}],"wp:attachment":[{"href":"https:\/\/www.notibras.com\/site\/wp-json\/wp\/v2\/media?parent=328254"}],"wp:term":[{"taxonomy":"category","embeddable":true,"href":"https:\/\/www.notibras.com\/site\/wp-json\/wp\/v2\/categories?post=328254"},{"taxonomy":"post_tag","embeddable":true,"href":"https:\/\/www.notibras.com\/site\/wp-json\/wp\/v2\/tags?post=328254"}],"curies":[{"name":"wp","href":"https:\/\/api.w.org\/{rel}","templated":true}]}}