{"id":328320,"date":"2024-05-09T00:32:21","date_gmt":"2024-05-09T03:32:21","guid":{"rendered":"https:\/\/www.notibras.com\/site\/?p=328320"},"modified":"2024-05-09T06:35:28","modified_gmt":"2024-05-09T09:35:28","slug":"escolas-publicas-vao-ganhar-internet-banda-larga","status":"publish","type":"post","link":"https:\/\/www.notibras.com\/site\/escolas-publicas-vao-ganhar-internet-banda-larga\/","title":{"rendered":"Escolas p\u00fablicas v\u00e3o ganhar banda larga"},"content":{"rendered":"<p>O Banco Nacional de Desenvolvimento Econ\u00f4mico e Social (BNDES) lan\u00e7ou nesta quarta-feira (8), no Minist\u00e9rio das Comunica\u00e7\u00f5es, em Bras\u00edlia, edital para o programa BNDES FUST \u2013 Escolas Conectadas, no valor de R$ 66 milh\u00f5es em recursos n\u00e3o reembols\u00e1veis provenientes do Fundo de Universaliza\u00e7\u00e3o dos Servi\u00e7os de Telecomunica\u00e7\u00f5es (FUST). O projeto atender\u00e1 unidades de ensino das regi\u00f5es Norte e Nordeste.<\/p>\n<p>O objetivo \u00e9 conectar 1.396 escolas p\u00fablicas. Dessas, 341 est\u00e3o na Bahia, no Maranh\u00e3o e na Para\u00edba. A expectativa \u00e9 que, no total, cerca de 500 mil alunos sejam beneficiados.<\/p>\n<p>Ao lan\u00e7ar a chamada p\u00fablica, o presidente do BNDES, Aloizio Mercadante, destacou a import\u00e2ncia da iniciativa para a estrat\u00e9gia de universaliza\u00e7\u00e3o do acesso \u00e0 internet nas escolas e para a inclus\u00e3o e a transforma\u00e7\u00e3o digital no Norte e no Nordeste, regi\u00f5es que t\u00eam os menores \u00edndices de conectividade nas escolas.<\/p>\n<p>&#8220;N\u00e3o tem mais como pensar o mundo da educa\u00e7\u00e3o sem a educa\u00e7\u00e3o digital, sem inclus\u00e3o digital. A pandemia mostrou a import\u00e2ncia da conectividade na vida das pessoas. E n\u00f3s vimos que um ter\u00e7o das crian\u00e7as e dos jovens n\u00e3o tiveram est\u00edmulo educacional durante mais de um ano e perderam um tempo precioso&#8221;, afirmou.<\/p>\n<p>O edital prev\u00ea a contrata\u00e7\u00e3o das propostas divididas nas modalidades de implementa\u00e7\u00e3o &#8211; solu\u00e7\u00e3o completa de infraestrutura de conectividade nas escolas e servi\u00e7o de conex\u00e3o e manuten\u00e7\u00e3o por 24 meses; e de monitoramento, com o desenvolvimento de plataforma para acompanhamento remoto da velocidade e qualidade da conex\u00e3o contratada e do funcionamento da rede interna das escolas, com elabora\u00e7\u00e3o de relat\u00f3rios peri\u00f3dicos para o BNDES.<\/p>\n<p>Os proponentes da modalidade de implementa\u00e7\u00e3o dever\u00e3o ser empresas prestadoras de servi\u00e7os de telecomunica\u00e7\u00f5es que poder\u00e3o concorrer nos tr\u00eas lotes. Esses lotes totalizar\u00e3o contratos no valor de at\u00e9 R$ 63 milh\u00f5es em recursos n\u00e3o reembols\u00e1veis. No caso da modalidade de monitoramento, o valor do contrato previsto no edital \u00e9 de at\u00e9 R$ 3 milh\u00f5es, e entidades sem fins lucrativos dever ser os proponentes.<\/p>\n<p>O crit\u00e9rio de sele\u00e7\u00e3o ser\u00e1 o menor pre\u00e7o e, o prazo de execu\u00e7\u00e3o, 36 meses. O per\u00edodo de inscri\u00e7\u00f5es vai at\u00e9 o dia 31 deste m\u00eas, e o resultado final, passado o per\u00edodo de interposi\u00e7\u00e3o de recursos, ser\u00e1 divulgado no dia 1\u00ba de julho.<\/p>\n","protected":false},"excerpt":{"rendered":"<p>O Banco Nacional de Desenvolvimento Econ\u00f4mico e Social (BNDES) lan\u00e7ou nesta quarta-feira (8), no Minist\u00e9rio das Comunica\u00e7\u00f5es, em Bras\u00edlia, edital para o programa BNDES FUST \u2013 Escolas Conectadas, no valor de R$ 66 milh\u00f5es em recursos n\u00e3o reembols\u00e1veis provenientes do Fundo de Universaliza\u00e7\u00e3o dos Servi\u00e7os de Telecomunica\u00e7\u00f5es (FUST). O projeto atender\u00e1 unidades de ensino das [&hellip;]<\/p>\n","protected":false},"author":2,"featured_media":328321,"comment_status":"closed","ping_status":"closed","sticky":false,"template":"","format":"standard","meta":{"_acf_changed":false,"footnotes":""},"categories":[167,169,165,170],"tags":[],"class_list":["post-328320","post","type-post","status-publish","format-standard","has-post-thumbnail","hentry","category-bahia","category-maranhao","category-nordeste","category-paraiba-nordeste"],"acf":[],"_links":{"self":[{"href":"https:\/\/www.notibras.com\/site\/wp-json\/wp\/v2\/posts\/328320","targetHints":{"allow":["GET"]}}],"collection":[{"href":"https:\/\/www.notibras.com\/site\/wp-json\/wp\/v2\/posts"}],"about":[{"href":"https:\/\/www.notibras.com\/site\/wp-json\/wp\/v2\/types\/post"}],"author":[{"embeddable":true,"href":"https:\/\/www.notibras.com\/site\/wp-json\/wp\/v2\/users\/2"}],"replies":[{"embeddable":true,"href":"https:\/\/www.notibras.com\/site\/wp-json\/wp\/v2\/comments?post=328320"}],"version-history":[{"count":2,"href":"https:\/\/www.notibras.com\/site\/wp-json\/wp\/v2\/posts\/328320\/revisions"}],"predecessor-version":[{"id":328323,"href":"https:\/\/www.notibras.com\/site\/wp-json\/wp\/v2\/posts\/328320\/revisions\/328323"}],"wp:featuredmedia":[{"embeddable":true,"href":"https:\/\/www.notibras.com\/site\/wp-json\/wp\/v2\/media\/328321"}],"wp:attachment":[{"href":"https:\/\/www.notibras.com\/site\/wp-json\/wp\/v2\/media?parent=328320"}],"wp:term":[{"taxonomy":"category","embeddable":true,"href":"https:\/\/www.notibras.com\/site\/wp-json\/wp\/v2\/categories?post=328320"},{"taxonomy":"post_tag","embeddable":true,"href":"https:\/\/www.notibras.com\/site\/wp-json\/wp\/v2\/tags?post=328320"}],"curies":[{"name":"wp","href":"https:\/\/api.w.org\/{rel}","templated":true}]}}